{"id":2080,"date":"2013-06-21T00:00:00","date_gmt":"2013-06-21T00:00:00","guid":{"rendered":"http:\/\/psol50.org.br\/arquivo\/2013\/06\/21\/reducao-da-tarifa-em-sao-paulo-e-em-outras-capitais-e-vitoria-das-ruas\/"},"modified":"2013-06-21T00:00:00","modified_gmt":"2013-06-21T00:00:00","slug":"reducao-da-tarifa-em-sao-paulo-e-em-outras-capitais-e-vitoria-das-ruas","status":"publish","type":"post","link":"https:\/\/psol50.org.br\/reducao-da-tarifa-em-sao-paulo-e-em-outras-capitais-e-vitoria-das-ruas\/","title":{"rendered":"Redu\u00e7\u00e3o da tarifa em S\u00e3o Paulo e em outras capitais \u00e9 vit\u00f3ria das ruas"},"content":{"rendered":"<div style=\"text-align: justify;\">\n\tO pronunciamento conjunto do governador Alckmin e do prefeito Haddad, no final da tarde desta quarta-feira (19), confirmando a revoga\u00e7\u00e3o do reajuste e a redu\u00e7\u00e3o da tarifa dos transportes p\u00fablicos da cidade de S\u00e3o Paulo (\u00f4nibus, trem e metr\u00f4) para o valor de R$ 3,00 representa uma grande e incontest\u00e1vel vit\u00f3ria das manifesta\u00e7\u00f5es populares contra o aumento. Em outras capitais, os governos tamb\u00e9m decidiram abaixar o valor, cedendo \u00e0s press\u00f5es que vieram da popula\u00e7\u00e3o.<br \/>\n\t&nbsp;<br \/>\n\tUma vit\u00f3ria das ruas, dos manifestantes que acreditaram na for\u00e7a de seu protesto e mantiveram-se de p\u00e9 mesmo ap\u00f3s a brutal viol\u00eancia da Pol\u00edcia Militar, e tamb\u00e9m uma vit\u00f3ria do Movimento Passe Livre (MPL), que foi a vanguarda deste lindo processo de lutas. \u201cO povo mobilizado est\u00e1 de parab\u00e9ns.<br \/>\n\tCom isso, foram derrotadas as tentativas de criminalizar e deslegitimar o movimento das ruas, que reivindicava um direito elementar, que \u00e9 o acesso a um sistema de transporte p\u00fablico e de qualidade. Uma reivindica\u00e7\u00e3o que se associa a um debate mais amplo sobre o modelo de cidade que queremos, pois a popula\u00e7\u00e3o n\u00e3o suporta mais um sistema que privilegia o transporte individual\u201d, avalia o presidente do PSOL, deputado Ivan Valente.<br \/>\n\t&nbsp;<br \/>\n\tO deputado afirma, ainda, que o PSOL defende que a revoga\u00e7\u00e3o do reajuste seja efetivada com o corte nos lucros dos empres\u00e1rios do transporte e n\u00e3o de verbas sociais, como sa\u00fade e educa\u00e7\u00e3o, e que se abra definitivamente a caixa-preta das planilhas de custos do transporte p\u00fablico.<br \/>\n\t&nbsp;<br \/>\n\t\u201cfica mais uma vez comprovado que a luta nas ruas \u00e9 o caminho para se obter conquistas para o povo. Pois apesar de toda a ret\u00f3rica inicial do governador e do prefeito de que \u2018n\u00e3o poderiam rever o aumento\u2019, o reajuste foi revogado, gra\u00e7as a for\u00e7a das mobiliza\u00e7\u00f5es\u201d, afirma. Com certeza este resultado servir\u00e1 de aprendizado para os governantes e, o que \u00e9 mais importante, para o povo brasileiro que, esperamos, continue lutando por um transporte p\u00fablico, gratuito e de qualidade.<\/div>\n<p>&nbsp;<\/p>\n","protected":false},"excerpt":{"rendered":"<p>O pronunciamento conjunto do governador Alckmin e do prefeito Haddad, no final da tarde desta quarta-feira (19), confirmando a revoga\u00e7\u00e3o do reajuste e a redu\u00e7\u00e3o da tarifa dos transportes p\u00fablicos da cidade de S\u00e3o Paulo (\u00f4nibus, trem e metr\u00f4) para o valor de R$ 3,00 representa uma grande e incontest\u00e1vel vit\u00f3ria das manifesta\u00e7\u00f5es populares contra [&hellip;]<\/p>\n","protected":false},"author":2,"featured_media":0,"comment_status":"open","ping_status":"open","sticky":false,"template":"","format":"standard","meta":{"_acf_changed":false,"footnotes":""},"categories":[4766],"tags":[],"class_list":{"0":"post-2080","1":"post","2":"type-post","3":"status-publish","4":"format-standard","6":"category-arquivo"},"acf":[],"yoast_head":"<!-- This site is optimized with the Yoast SEO plugin v26.5 - https:\/\/yoast.com\/wordpress\/plugins\/seo\/ -->\n<title>Redu\u00e7\u00e3o da tarifa em S\u00e3o Paulo e em outras capitais \u00e9 vit\u00f3ria das ruas - PSOL 50<\/title>\n<meta name=\"robots\" content=\"index, follow, max-snippet:-1, max-image-preview:large, max-video-preview:-1\" \/>\n<link rel=\"canonical\" href=\"https:\/\/psol50.org.br\/reducao-da-tarifa-em-sao-paulo-e-em-outras-capitais-e-vitoria-das-ruas\/\" \/>\n<meta property=\"og:locale\" content=\"pt_BR\" \/>\n<meta property=\"og:type\" content=\"article\" \/>\n<meta property=\"og:title\" content=\"Redu\u00e7\u00e3o da tarifa em S\u00e3o Paulo e em outras capitais \u00e9 vit\u00f3ria das ruas - PSOL 50\" \/>\n<meta property=\"og:description\" content=\"O pronunciamento conjunto do governador Alckmin e do prefeito Haddad, no final da tarde desta quarta-feira (19), confirmando a revoga\u00e7\u00e3o do reajuste e a redu\u00e7\u00e3o da tarifa dos transportes p\u00fablicos da cidade de S\u00e3o Paulo (\u00f4nibus, trem e metr\u00f4) para o valor de R$ 3,00 representa uma grande e incontest\u00e1vel vit\u00f3ria das manifesta\u00e7\u00f5es populares contra [&hellip;]\" \/>\n<meta property=\"og:url\" content=\"https:\/\/psol50.org.br\/reducao-da-tarifa-em-sao-paulo-e-em-outras-capitais-e-vitoria-das-ruas\/\" \/>\n<meta property=\"og:site_name\" content=\"PSOL 50\" \/>\n<meta property=\"article:publisher\" content=\"https:\/\/www.facebook.com\/psol50\" \/>\n<meta property=\"article:published_time\" content=\"2013-06-21T00:00:00+00:00\" \/>\n<meta property=\"og:image\" content=\"https:\/\/psol50.org.br\/inc\/uploads\/2018\/07\/capa.png\" \/>\n\t<meta property=\"og:image:width\" content=\"1350\" \/>\n\t<meta property=\"og:image:height\" content=\"900\" \/>\n\t<meta property=\"og:image:type\" content=\"image\/png\" \/>\n<meta name=\"author\" content=\"Comunica\u00e7\u00e3o PSOL\" \/>\n<meta name=\"twitter:card\" content=\"summary_large_image\" \/>\n<meta name=\"twitter:creator\" content=\"@psol50\" \/>\n<meta name=\"twitter:site\" content=\"@psol50\" \/>\n<meta name=\"twitter:label1\" content=\"Escrito por\" \/>\n\t<meta name=\"twitter:data1\" content=\"Comunica\u00e7\u00e3o PSOL\" \/>\n\t<meta name=\"twitter:label2\" content=\"Est. tempo de leitura\" \/>\n\t<meta name=\"twitter:data2\" content=\"2 minutos\" \/>\n<script type=\"application\/ld+json\" class=\"yoast-schema-graph\">{\"@context\":\"https:\/\/schema.org\",\"@graph\":[{\"@type\":\"Article\",\"@id\":\"https:\/\/psol50.org.br\/reducao-da-tarifa-em-sao-paulo-e-em-outras-capitais-e-vitoria-das-ruas\/#article\",\"isPartOf\":{\"@id\":\"https:\/\/psol50.org.br\/reducao-da-tarifa-em-sao-paulo-e-em-outras-capitais-e-vitoria-das-ruas\/\"},\"author\":{\"name\":\"Comunica\u00e7\u00e3o PSOL\",\"@id\":\"https:\/\/psol50.org.br\/#\/schema\/person\/475dfa57d0b815993c714c2e96491fcd\"},\"headline\":\"Redu\u00e7\u00e3o da tarifa em S\u00e3o Paulo e em outras capitais \u00e9 vit\u00f3ria das ruas\",\"datePublished\":\"2013-06-21T00:00:00+00:00\",\"mainEntityOfPage\":{\"@id\":\"https:\/\/psol50.org.br\/reducao-da-tarifa-em-sao-paulo-e-em-outras-capitais-e-vitoria-das-ruas\/\"},\"wordCount\":370,\"commentCount\":0,\"publisher\":{\"@id\":\"https:\/\/psol50.org.br\/#organization\"},\"articleSection\":[\"Arquivo\"],\"inLanguage\":\"pt-BR\",\"potentialAction\":[{\"@type\":\"CommentAction\",\"name\":\"Comment\",\"target\":[\"https:\/\/psol50.org.br\/reducao-da-tarifa-em-sao-paulo-e-em-outras-capitais-e-vitoria-das-ruas\/#respond\"]}]},{\"@type\":\"WebPage\",\"@id\":\"https:\/\/psol50.org.br\/reducao-da-tarifa-em-sao-paulo-e-em-outras-capitais-e-vitoria-das-ruas\/\",\"url\":\"https:\/\/psol50.org.br\/reducao-da-tarifa-em-sao-paulo-e-em-outras-capitais-e-vitoria-das-ruas\/\",\"name\":\"Redu\u00e7\u00e3o da tarifa em S\u00e3o Paulo e em outras capitais \u00e9 vit\u00f3ria das ruas - PSOL 50\",\"isPartOf\":{\"@id\":\"https:\/\/psol50.org.br\/#website\"},\"datePublished\":\"2013-06-21T00:00:00+00:00\",\"breadcrumb\":{\"@id\":\"https:\/\/psol50.org.br\/reducao-da-tarifa-em-sao-paulo-e-em-outras-capitais-e-vitoria-das-ruas\/#breadcrumb\"},\"inLanguage\":\"pt-BR\",\"potentialAction\":[{\"@type\":\"ReadAction\",\"target\":[\"https:\/\/psol50.org.br\/reducao-da-tarifa-em-sao-paulo-e-em-outras-capitais-e-vitoria-das-ruas\/\"]}]},{\"@type\":\"BreadcrumbList\",\"@id\":\"https:\/\/psol50.org.br\/reducao-da-tarifa-em-sao-paulo-e-em-outras-capitais-e-vitoria-das-ruas\/#breadcrumb\",\"itemListElement\":[{\"@type\":\"ListItem\",\"position\":1,\"name\":\"In\u00edcio\",\"item\":\"https:\/\/psol50.org.br\/\"},{\"@type\":\"ListItem\",\"position\":2,\"name\":\"Redu\u00e7\u00e3o da tarifa em S\u00e3o Paulo e em outras capitais \u00e9 vit\u00f3ria das ruas\"}]},{\"@type\":\"WebSite\",\"@id\":\"https:\/\/psol50.org.br\/#website\",\"url\":\"https:\/\/psol50.org.br\/\",\"name\":\"PSOL 50\",\"description\":\"Site oficial do Partido Socialismo e Liberdade\",\"publisher\":{\"@id\":\"https:\/\/psol50.org.br\/#organization\"},\"alternateName\":\"PSOL50\",\"potentialAction\":[{\"@type\":\"SearchAction\",\"target\":{\"@type\":\"EntryPoint\",\"urlTemplate\":\"https:\/\/psol50.org.br\/?s={search_term_string}\"},\"query-input\":{\"@type\":\"PropertyValueSpecification\",\"valueRequired\":true,\"valueName\":\"search_term_string\"}}],\"inLanguage\":\"pt-BR\"},{\"@type\":\"Organization\",\"@id\":\"https:\/\/psol50.org.br\/#organization\",\"name\":\"PSOL 50\",\"alternateName\":\"PSOL 50\",\"url\":\"https:\/\/psol50.org.br\/\",\"logo\":{\"@type\":\"ImageObject\",\"inLanguage\":\"pt-BR\",\"@id\":\"https:\/\/psol50.org.br\/#\/schema\/logo\/image\/\",\"url\":\"https:\/\/psol50.org.br\/inc\/uploads\/2018\/07\/capa.png\",\"contentUrl\":\"https:\/\/psol50.org.br\/inc\/uploads\/2018\/07\/capa.png\",\"width\":1350,\"height\":900,\"caption\":\"PSOL 50\"},\"image\":{\"@id\":\"https:\/\/psol50.org.br\/#\/schema\/logo\/image\/\"},\"sameAs\":[\"https:\/\/www.facebook.com\/psol50\",\"https:\/\/x.com\/psol50\",\"https:\/\/www.instagram.com\/psol50\/\",\"https:\/\/www.youtube.com\/channel\/UC7SnJS5o1os7a6CaiNabzcg\"]},{\"@type\":\"Person\",\"@id\":\"https:\/\/psol50.org.br\/#\/schema\/person\/475dfa57d0b815993c714c2e96491fcd\",\"name\":\"Comunica\u00e7\u00e3o PSOL\",\"image\":{\"@type\":\"ImageObject\",\"inLanguage\":\"pt-BR\",\"@id\":\"https:\/\/psol50.org.br\/#\/schema\/person\/image\/\",\"url\":\"https:\/\/secure.gravatar.com\/avatar\/b34fc4f4e468a4e51785917065a3db57b841f5c95dba6ad8c73aaf8f66f8f9bf?s=96&d=mm&r=g\",\"contentUrl\":\"https:\/\/secure.gravatar.com\/avatar\/b34fc4f4e468a4e51785917065a3db57b841f5c95dba6ad8c73aaf8f66f8f9bf?s=96&d=mm&r=g\",\"caption\":\"Comunica\u00e7\u00e3o PSOL\"}}]}<\/script>\n<!-- \/ Yoast SEO plugin. -->","yoast_head_json":{"title":"Redu\u00e7\u00e3o da tarifa em S\u00e3o Paulo e em outras capitais \u00e9 vit\u00f3ria das ruas - PSOL 50","robots":{"index":"index","follow":"follow","max-snippet":"max-snippet:-1","max-image-preview":"max-image-preview:large","max-video-preview":"max-video-preview:-1"},"canonical":"https:\/\/psol50.org.br\/reducao-da-tarifa-em-sao-paulo-e-em-outras-capitais-e-vitoria-das-ruas\/","og_locale":"pt_BR","og_type":"article","og_title":"Redu\u00e7\u00e3o da tarifa em S\u00e3o Paulo e em outras capitais \u00e9 vit\u00f3ria das ruas - PSOL 50","og_description":"O pronunciamento conjunto do governador Alckmin e do prefeito Haddad, no final da tarde desta quarta-feira (19), confirmando a revoga\u00e7\u00e3o do reajuste e a redu\u00e7\u00e3o da tarifa dos transportes p\u00fablicos da cidade de S\u00e3o Paulo (\u00f4nibus, trem e metr\u00f4) para o valor de R$ 3,00 representa uma grande e incontest\u00e1vel vit\u00f3ria das manifesta\u00e7\u00f5es populares contra [&hellip;]","og_url":"https:\/\/psol50.org.br\/reducao-da-tarifa-em-sao-paulo-e-em-outras-capitais-e-vitoria-das-ruas\/","og_site_name":"PSOL 50","article_publisher":"https:\/\/www.facebook.com\/psol50","article_published_time":"2013-06-21T00:00:00+00:00","og_image":[{"width":1350,"height":900,"url":"https:\/\/psol50.org.br\/inc\/uploads\/2018\/07\/capa.png","type":"image\/png"}],"author":"Comunica\u00e7\u00e3o PSOL","twitter_card":"summary_large_image","twitter_creator":"@psol50","twitter_site":"@psol50","twitter_misc":{"Escrito por":"Comunica\u00e7\u00e3o PSOL","Est. tempo de leitura":"2 minutos"},"schema":{"@context":"https:\/\/schema.org","@graph":[{"@type":"Article","@id":"https:\/\/psol50.org.br\/reducao-da-tarifa-em-sao-paulo-e-em-outras-capitais-e-vitoria-das-ruas\/#article","isPartOf":{"@id":"https:\/\/psol50.org.br\/reducao-da-tarifa-em-sao-paulo-e-em-outras-capitais-e-vitoria-das-ruas\/"},"author":{"name":"Comunica\u00e7\u00e3o PSOL","@id":"https:\/\/psol50.org.br\/#\/schema\/person\/475dfa57d0b815993c714c2e96491fcd"},"headline":"Redu\u00e7\u00e3o da tarifa em S\u00e3o Paulo e em outras capitais \u00e9 vit\u00f3ria das ruas","datePublished":"2013-06-21T00:00:00+00:00","mainEntityOfPage":{"@id":"https:\/\/psol50.org.br\/reducao-da-tarifa-em-sao-paulo-e-em-outras-capitais-e-vitoria-das-ruas\/"},"wordCount":370,"commentCount":0,"publisher":{"@id":"https:\/\/psol50.org.br\/#organization"},"articleSection":["Arquivo"],"inLanguage":"pt-BR","potentialAction":[{"@type":"CommentAction","name":"Comment","target":["https:\/\/psol50.org.br\/reducao-da-tarifa-em-sao-paulo-e-em-outras-capitais-e-vitoria-das-ruas\/#respond"]}]},{"@type":"WebPage","@id":"https:\/\/psol50.org.br\/reducao-da-tarifa-em-sao-paulo-e-em-outras-capitais-e-vitoria-das-ruas\/","url":"https:\/\/psol50.org.br\/reducao-da-tarifa-em-sao-paulo-e-em-outras-capitais-e-vitoria-das-ruas\/","name":"Redu\u00e7\u00e3o da tarifa em S\u00e3o Paulo e em outras capitais \u00e9 vit\u00f3ria das ruas - PSOL 50","isPartOf":{"@id":"https:\/\/psol50.org.br\/#website"},"datePublished":"2013-06-21T00:00:00+00:00","breadcrumb":{"@id":"https:\/\/psol50.org.br\/reducao-da-tarifa-em-sao-paulo-e-em-outras-capitais-e-vitoria-das-ruas\/#breadcrumb"},"inLanguage":"pt-BR","potentialAction":[{"@type":"ReadAction","target":["https:\/\/psol50.org.br\/reducao-da-tarifa-em-sao-paulo-e-em-outras-capitais-e-vitoria-das-ruas\/"]}]},{"@type":"BreadcrumbList","@id":"https:\/\/psol50.org.br\/reducao-da-tarifa-em-sao-paulo-e-em-outras-capitais-e-vitoria-das-ruas\/#breadcrumb","itemListElement":[{"@type":"ListItem","position":1,"name":"In\u00edcio","item":"https:\/\/psol50.org.br\/"},{"@type":"ListItem","position":2,"name":"Redu\u00e7\u00e3o da tarifa em S\u00e3o Paulo e em outras capitais \u00e9 vit\u00f3ria das ruas"}]},{"@type":"WebSite","@id":"https:\/\/psol50.org.br\/#website","url":"https:\/\/psol50.org.br\/","name":"PSOL 50","description":"Site oficial do Partido Socialismo e Liberdade","publisher":{"@id":"https:\/\/psol50.org.br\/#organization"},"alternateName":"PSOL50","potentialAction":[{"@type":"SearchAction","target":{"@type":"EntryPoint","urlTemplate":"https:\/\/psol50.org.br\/?s={search_term_string}"},"query-input":{"@type":"PropertyValueSpecification","valueRequired":true,"valueName":"search_term_string"}}],"inLanguage":"pt-BR"},{"@type":"Organization","@id":"https:\/\/psol50.org.br\/#organization","name":"PSOL 50","alternateName":"PSOL 50","url":"https:\/\/psol50.org.br\/","logo":{"@type":"ImageObject","inLanguage":"pt-BR","@id":"https:\/\/psol50.org.br\/#\/schema\/logo\/image\/","url":"https:\/\/psol50.org.br\/inc\/uploads\/2018\/07\/capa.png","contentUrl":"https:\/\/psol50.org.br\/inc\/uploads\/2018\/07\/capa.png","width":1350,"height":900,"caption":"PSOL 50"},"image":{"@id":"https:\/\/psol50.org.br\/#\/schema\/logo\/image\/"},"sameAs":["https:\/\/www.facebook.com\/psol50","https:\/\/x.com\/psol50","https:\/\/www.instagram.com\/psol50\/","https:\/\/www.youtube.com\/channel\/UC7SnJS5o1os7a6CaiNabzcg"]},{"@type":"Person","@id":"https:\/\/psol50.org.br\/#\/schema\/person\/475dfa57d0b815993c714c2e96491fcd","name":"Comunica\u00e7\u00e3o PSOL","image":{"@type":"ImageObject","inLanguage":"pt-BR","@id":"https:\/\/psol50.org.br\/#\/schema\/person\/image\/","url":"https:\/\/secure.gravatar.com\/avatar\/b34fc4f4e468a4e51785917065a3db57b841f5c95dba6ad8c73aaf8f66f8f9bf?s=96&d=mm&r=g","contentUrl":"https:\/\/secure.gravatar.com\/avatar\/b34fc4f4e468a4e51785917065a3db57b841f5c95dba6ad8c73aaf8f66f8f9bf?s=96&d=mm&r=g","caption":"Comunica\u00e7\u00e3o PSOL"}}]}},"_links":{"self":[{"href":"https:\/\/psol50.org.br\/rest\/wp\/v2\/posts\/2080","targetHints":{"allow":["GET"]}}],"collection":[{"href":"https:\/\/psol50.org.br\/rest\/wp\/v2\/posts"}],"about":[{"href":"https:\/\/psol50.org.br\/rest\/wp\/v2\/types\/post"}],"author":[{"embeddable":true,"href":"https:\/\/psol50.org.br\/rest\/wp\/v2\/users\/2"}],"replies":[{"embeddable":true,"href":"https:\/\/psol50.org.br\/rest\/wp\/v2\/comments?post=2080"}],"version-history":[{"count":0,"href":"https:\/\/psol50.org.br\/rest\/wp\/v2\/posts\/2080\/revisions"}],"wp:attachment":[{"href":"https:\/\/psol50.org.br\/rest\/wp\/v2\/media?parent=2080"}],"wp:term":[{"taxonomy":"category","embeddable":true,"href":"https:\/\/psol50.org.br\/rest\/wp\/v2\/categories?post=2080"},{"taxonomy":"post_tag","embeddable":true,"href":"https:\/\/psol50.org.br\/rest\/wp\/v2\/tags?post=2080"}],"curies":[{"name":"wp","href":"https:\/\/api.w.org\/{rel}","templated":true}]}}