{"id":20820,"date":"2018-05-23T13:09:47","date_gmt":"2018-05-23T16:09:47","guid":{"rendered":"http:\/\/www.psol50.org.br\/?p=20820"},"modified":"2018-05-23T13:09:47","modified_gmt":"2018-05-23T16:09:47","slug":"projeto-do-psol-na-alesp-proibe-descarte-de-residuos-toxicos-na-natureza","status":"publish","type":"post","link":"https:\/\/psol50.org.br\/projeto-do-psol-na-alesp-proibe-descarte-de-residuos-toxicos-na-natureza\/","title":{"rendered":"Projeto do PSOL na Alesp pro\u00edbe descarte de res\u00edduos t\u00f3xicos na natureza"},"content":{"rendered":"<p>A bancada do PSOL na Assembleia Legislativa de S\u00e3o Paulo (Alesp), composta por Carlos Giannazi, Jo\u00e3o Paulo Rillo e Raul Marcelo, apresentou nesta quarta-feira (23) projeto de lei que pro\u00edbe o descarte de res\u00edduos t\u00f3xicos na natureza em territ\u00f3rio do Estado de S\u00e3o Paulo.<\/p>\n<p>A ideia da elabora\u00e7\u00e3o desta proposta de lei partiu de um dos encaminhamentos da audi\u00eancia p\u00fablica, organizada por Raul Marcelo e realizada no \u00faltimo dia 15 de maio, que tratou sobre os danos ambientais e sociais da Cava Subaqu\u00e1tica (foto) entre as cidades de Cubat\u00e3o e Santos, na Baixada Santista.<\/p>\n<p>Conforme explicam especialistas e comunidade local que estiveram na audi\u00eancia, trata-se de uma \u00e1rea que pode facilmente ser chamada de lix\u00e3o t\u00f3xico subaqu\u00e1tico. \u00c9 um buraco do tamanho do est\u00e1dio do Maracan\u00e3, que est\u00e1 sendo cavado no Canal de Pia\u00e7aguera, pr\u00f3ximo \u00e0 Vila dos Pescadores, onde \u00e9 realizada a pesca artesanal pelos moradores da comunidade.<\/p>\n<p>\u201cOs interesses econ\u00f4micos sobrepostos a interesses ambientais e sociais for\u00e7aram a n\u00e3o ado\u00e7\u00e3o das melhores t\u00e9cnicas e pr\u00e1ticas ambientais dispon\u00edveis e assim optou-se pela implanta\u00e7\u00e3o de Cavas Subaqu\u00e1ticas, que, por sua vez, n\u00e3o permitem o monitoramento preventivo, o que termina por impor a amplia\u00e7\u00e3o da polui\u00e7\u00e3o em caso de acidentes e vazamentos\u201d, relata Raul Marcelo.<\/p>\n<p>Por conta dessa falta de monitoramento, recentemente, houve um choque entre navios desgovernados nas laterais do canal de navega\u00e7\u00e3o do porto de Santos. Em maio deste ano, colidiu-se com a margem esquerda do canal, quando adentrava o porto, avariando tr\u00eas balsas estacionadas no Guaruj\u00e1. De acordo com a comunidade local, essas colis\u00f5es quase atingiram a Cava, com risco de vazar material t\u00f3xico.<\/p>\n<p>\u201cEsses compostos t\u00f3xicos, agressivos \u00e0 fauna, \u00e0 flora e aos seres humanos, jamais poderiam ser confinados em cavas subaqu\u00e1ticas, pois cria um passivo t\u00f3xico que sem qualquer tratamento ficar\u00e1 sujeito \u00e0s mar\u00e9s e a\u00e7\u00f5es clim\u00e1ticas, e \u00e0s frequentes colis\u00f5es de navios, podendo romper a cava subaqu\u00e1tica\u201d, comenta o t\u00e9cnico qu\u00edmico Marcio Antonio Mariano da Silva, que esteve na audi\u00eancia p\u00fablica na Alesp.<\/p>\n<p>Segundo uma a\u00e7\u00e3o cautelar ajuizada em outubro do ano passado pelo Minist\u00e9rio P\u00fablico Federal e o Minist\u00e9rio P\u00fablico do Estado de S\u00e3o Paulo, a licen\u00e7a de opera\u00e7\u00e3o para o dep\u00f3sito submerso foi concedida em junho de 2017, quase sete anos ap\u00f3s o vencimento em 2010 da licen\u00e7a pr\u00e9via para todo o empreendimento, expedida em agosto de 2005, com validade de cinco anos, concedida pela Cetesb (Companhia Ambiental do Estado de S\u00e3o Paulo), que \u00e9 vinculada \u00e0 Secretaria do Meio Ambiente do governo estadual (SMA).<\/p>\n","protected":false},"excerpt":{"rendered":"<p>A bancada do PSOL na Assembleia Legislativa de S\u00e3o Paulo (Alesp), composta por Carlos Giannazi, Jo\u00e3o Paulo Rillo e Raul Marcelo, apresentou nesta quarta-feira (23) projeto de lei que pro\u00edbe o descarte de res\u00edduos t\u00f3xicos na natureza em territ\u00f3rio do Estado de S\u00e3o Paulo. A ideia da elabora\u00e7\u00e3o desta proposta de lei partiu de um [&hellip;]<\/p>\n","protected":false},"author":2,"featured_media":20821,"comment_status":"open","ping_status":"open","sticky":false,"template":"","format":"standard","meta":{"_acf_changed":false,"footnotes":""},"categories":[654,6],"tags":[141,1589,2526,2527,2372,2085,1712,22,2528,2529],"class_list":{"0":"post-20820","1":"post","2":"type-post","3":"status-publish","4":"format-standard","5":"has-post-thumbnail","7":"category-estados","8":"category-noticias","9":"tag-alesp","10":"tag-carlos-giannazi","11":"tag-cava-subaquatica","12":"tag-deputados-estaduais","13":"tag-joao-paulo-rillo","14":"tag-natureza","15":"tag-projeto-de-lei","16":"tag-psol","17":"tag-raul-marcelo","18":"tag-residuos-toxicos"},"acf":[],"yoast_head":"<!-- This site is optimized with the Yoast SEO plugin v26.5 - https:\/\/yoast.com\/wordpress\/plugins\/seo\/ -->\n<title>Projeto do PSOL na Alesp pro\u00edbe descarte de res\u00edduos t\u00f3xicos na natureza - PSOL 50<\/title>\n<meta name=\"robots\" content=\"index, follow, max-snippet:-1, max-image-preview:large, max-video-preview:-1\" \/>\n<link rel=\"canonical\" href=\"https:\/\/psol50.org.br\/projeto-do-psol-na-alesp-proibe-descarte-de-residuos-toxicos-na-natureza\/\" \/>\n<meta property=\"og:locale\" content=\"pt_BR\" \/>\n<meta property=\"og:type\" content=\"article\" \/>\n<meta property=\"og:title\" content=\"Projeto do PSOL na Alesp pro\u00edbe descarte de res\u00edduos t\u00f3xicos na natureza - PSOL 50\" \/>\n<meta property=\"og:description\" content=\"A bancada do PSOL na Assembleia Legislativa de S\u00e3o Paulo (Alesp), composta por Carlos Giannazi, Jo\u00e3o Paulo Rillo e Raul Marcelo, apresentou nesta quarta-feira (23) projeto de lei que pro\u00edbe o descarte de res\u00edduos t\u00f3xicos na natureza em territ\u00f3rio do Estado de S\u00e3o Paulo. A ideia da elabora\u00e7\u00e3o desta proposta de lei partiu de um [&hellip;]\" \/>\n<meta property=\"og:url\" content=\"https:\/\/psol50.org.br\/projeto-do-psol-na-alesp-proibe-descarte-de-residuos-toxicos-na-natureza\/\" \/>\n<meta property=\"og:site_name\" content=\"PSOL 50\" \/>\n<meta property=\"article:publisher\" content=\"https:\/\/www.facebook.com\/psol50\" \/>\n<meta property=\"article:published_time\" content=\"2018-05-23T16:09:47+00:00\" \/>\n<meta property=\"og:image\" content=\"https:\/\/psol50.org.br\/inc\/uploads\/2018\/05\/Cava_Subaquatica_Cubtao_Reproducao.jpg\" \/>\n\t<meta property=\"og:image:width\" content=\"1350\" \/>\n\t<meta property=\"og:image:height\" content=\"707\" \/>\n\t<meta property=\"og:image:type\" content=\"image\/jpeg\" \/>\n<meta name=\"author\" content=\"Comunica\u00e7\u00e3o PSOL\" \/>\n<meta name=\"twitter:card\" content=\"summary_large_image\" \/>\n<meta name=\"twitter:creator\" content=\"@psol50\" \/>\n<meta name=\"twitter:site\" content=\"@psol50\" \/>\n<meta name=\"twitter:label1\" content=\"Escrito por\" \/>\n\t<meta name=\"twitter:data1\" content=\"Comunica\u00e7\u00e3o PSOL\" \/>\n\t<meta name=\"twitter:label2\" content=\"Est. tempo de leitura\" \/>\n\t<meta name=\"twitter:data2\" content=\"2 minutos\" \/>\n<script type=\"application\/ld+json\" class=\"yoast-schema-graph\">{\"@context\":\"https:\/\/schema.org\",\"@graph\":[{\"@type\":\"Article\",\"@id\":\"https:\/\/psol50.org.br\/projeto-do-psol-na-alesp-proibe-descarte-de-residuos-toxicos-na-natureza\/#article\",\"isPartOf\":{\"@id\":\"https:\/\/psol50.org.br\/projeto-do-psol-na-alesp-proibe-descarte-de-residuos-toxicos-na-natureza\/\"},\"author\":{\"name\":\"Comunica\u00e7\u00e3o PSOL\",\"@id\":\"https:\/\/psol50.org.br\/#\/schema\/person\/475dfa57d0b815993c714c2e96491fcd\"},\"headline\":\"Projeto do PSOL na Alesp pro\u00edbe descarte de res\u00edduos t\u00f3xicos na natureza\",\"datePublished\":\"2018-05-23T16:09:47+00:00\",\"mainEntityOfPage\":{\"@id\":\"https:\/\/psol50.org.br\/projeto-do-psol-na-alesp-proibe-descarte-de-residuos-toxicos-na-natureza\/\"},\"wordCount\":475,\"commentCount\":0,\"publisher\":{\"@id\":\"https:\/\/psol50.org.br\/#organization\"},\"image\":{\"@id\":\"https:\/\/psol50.org.br\/projeto-do-psol-na-alesp-proibe-descarte-de-residuos-toxicos-na-natureza\/#primaryimage\"},\"thumbnailUrl\":\"https:\/\/psol50.org.br\/inc\/uploads\/2018\/05\/Cava_Subaquatica_Cubtao_Reproducao.jpg\",\"keywords\":[\"alesp\",\"Carlos Giannazi\",\"Cava Subaqu\u00e1tica\",\"deputados estaduais\",\"Jo\u00e3o Paulo Rillo\",\"natureza\",\"projeto de lei\",\"PSOL\",\"Raul Marcelo\",\"res\u00edduos t\u00f3xicos\"],\"articleSection\":[\"Estados\",\"Not\u00edcias\"],\"inLanguage\":\"pt-BR\",\"potentialAction\":[{\"@type\":\"CommentAction\",\"name\":\"Comment\",\"target\":[\"https:\/\/psol50.org.br\/projeto-do-psol-na-alesp-proibe-descarte-de-residuos-toxicos-na-natureza\/#respond\"]}]},{\"@type\":\"WebPage\",\"@id\":\"https:\/\/psol50.org.br\/projeto-do-psol-na-alesp-proibe-descarte-de-residuos-toxicos-na-natureza\/\",\"url\":\"https:\/\/psol50.org.br\/projeto-do-psol-na-alesp-proibe-descarte-de-residuos-toxicos-na-natureza\/\",\"name\":\"Projeto do PSOL na Alesp pro\u00edbe descarte de res\u00edduos t\u00f3xicos na natureza - PSOL 50\",\"isPartOf\":{\"@id\":\"https:\/\/psol50.org.br\/#website\"},\"primaryImageOfPage\":{\"@id\":\"https:\/\/psol50.org.br\/projeto-do-psol-na-alesp-proibe-descarte-de-residuos-toxicos-na-natureza\/#primaryimage\"},\"image\":{\"@id\":\"https:\/\/psol50.org.br\/projeto-do-psol-na-alesp-proibe-descarte-de-residuos-toxicos-na-natureza\/#primaryimage\"},\"thumbnailUrl\":\"https:\/\/psol50.org.br\/inc\/uploads\/2018\/05\/Cava_Subaquatica_Cubtao_Reproducao.jpg\",\"datePublished\":\"2018-05-23T16:09:47+00:00\",\"breadcrumb\":{\"@id\":\"https:\/\/psol50.org.br\/projeto-do-psol-na-alesp-proibe-descarte-de-residuos-toxicos-na-natureza\/#breadcrumb\"},\"inLanguage\":\"pt-BR\",\"potentialAction\":[{\"@type\":\"ReadAction\",\"target\":[\"https:\/\/psol50.org.br\/projeto-do-psol-na-alesp-proibe-descarte-de-residuos-toxicos-na-natureza\/\"]}]},{\"@type\":\"ImageObject\",\"inLanguage\":\"pt-BR\",\"@id\":\"https:\/\/psol50.org.br\/projeto-do-psol-na-alesp-proibe-descarte-de-residuos-toxicos-na-natureza\/#primaryimage\",\"url\":\"https:\/\/psol50.org.br\/inc\/uploads\/2018\/05\/Cava_Subaquatica_Cubtao_Reproducao.jpg\",\"contentUrl\":\"https:\/\/psol50.org.br\/inc\/uploads\/2018\/05\/Cava_Subaquatica_Cubtao_Reproducao.jpg\",\"width\":1350,\"height\":707},{\"@type\":\"BreadcrumbList\",\"@id\":\"https:\/\/psol50.org.br\/projeto-do-psol-na-alesp-proibe-descarte-de-residuos-toxicos-na-natureza\/#breadcrumb\",\"itemListElement\":[{\"@type\":\"ListItem\",\"position\":1,\"name\":\"In\u00edcio\",\"item\":\"https:\/\/psol50.org.br\/\"},{\"@type\":\"ListItem\",\"position\":2,\"name\":\"Projeto do PSOL na Alesp pro\u00edbe descarte de res\u00edduos t\u00f3xicos na natureza\"}]},{\"@type\":\"WebSite\",\"@id\":\"https:\/\/psol50.org.br\/#website\",\"url\":\"https:\/\/psol50.org.br\/\",\"name\":\"PSOL 50\",\"description\":\"Site oficial do Partido Socialismo e Liberdade\",\"publisher\":{\"@id\":\"https:\/\/psol50.org.br\/#organization\"},\"alternateName\":\"PSOL50\",\"potentialAction\":[{\"@type\":\"SearchAction\",\"target\":{\"@type\":\"EntryPoint\",\"urlTemplate\":\"https:\/\/psol50.org.br\/?s={search_term_string}\"},\"query-input\":{\"@type\":\"PropertyValueSpecification\",\"valueRequired\":true,\"valueName\":\"search_term_string\"}}],\"inLanguage\":\"pt-BR\"},{\"@type\":\"Organization\",\"@id\":\"https:\/\/psol50.org.br\/#organization\",\"name\":\"PSOL 50\",\"alternateName\":\"PSOL 50\",\"url\":\"https:\/\/psol50.org.br\/\",\"logo\":{\"@type\":\"ImageObject\",\"inLanguage\":\"pt-BR\",\"@id\":\"https:\/\/psol50.org.br\/#\/schema\/logo\/image\/\",\"url\":\"https:\/\/psol50.org.br\/inc\/uploads\/2018\/07\/capa.png\",\"contentUrl\":\"https:\/\/psol50.org.br\/inc\/uploads\/2018\/07\/capa.png\",\"width\":1350,\"height\":900,\"caption\":\"PSOL 50\"},\"image\":{\"@id\":\"https:\/\/psol50.org.br\/#\/schema\/logo\/image\/\"},\"sameAs\":[\"https:\/\/www.facebook.com\/psol50\",\"https:\/\/x.com\/psol50\",\"https:\/\/www.instagram.com\/psol50\/\",\"https:\/\/www.youtube.com\/channel\/UC7SnJS5o1os7a6CaiNabzcg\"]},{\"@type\":\"Person\",\"@id\":\"https:\/\/psol50.org.br\/#\/schema\/person\/475dfa57d0b815993c714c2e96491fcd\",\"name\":\"Comunica\u00e7\u00e3o PSOL\",\"image\":{\"@type\":\"ImageObject\",\"inLanguage\":\"pt-BR\",\"@id\":\"https:\/\/psol50.org.br\/#\/schema\/person\/image\/\",\"url\":\"https:\/\/secure.gravatar.com\/avatar\/b34fc4f4e468a4e51785917065a3db57b841f5c95dba6ad8c73aaf8f66f8f9bf?s=96&d=mm&r=g\",\"contentUrl\":\"https:\/\/secure.gravatar.com\/avatar\/b34fc4f4e468a4e51785917065a3db57b841f5c95dba6ad8c73aaf8f66f8f9bf?s=96&d=mm&r=g\",\"caption\":\"Comunica\u00e7\u00e3o PSOL\"}}]}<\/script>\n<!-- \/ Yoast SEO plugin. -->","yoast_head_json":{"title":"Projeto do PSOL na Alesp pro\u00edbe descarte de res\u00edduos t\u00f3xicos na natureza - PSOL 50","robots":{"index":"index","follow":"follow","max-snippet":"max-snippet:-1","max-image-preview":"max-image-preview:large","max-video-preview":"max-video-preview:-1"},"canonical":"https:\/\/psol50.org.br\/projeto-do-psol-na-alesp-proibe-descarte-de-residuos-toxicos-na-natureza\/","og_locale":"pt_BR","og_type":"article","og_title":"Projeto do PSOL na Alesp pro\u00edbe descarte de res\u00edduos t\u00f3xicos na natureza - PSOL 50","og_description":"A bancada do PSOL na Assembleia Legislativa de S\u00e3o Paulo (Alesp), composta por Carlos Giannazi, Jo\u00e3o Paulo Rillo e Raul Marcelo, apresentou nesta quarta-feira (23) projeto de lei que pro\u00edbe o descarte de res\u00edduos t\u00f3xicos na natureza em territ\u00f3rio do Estado de S\u00e3o Paulo. A ideia da elabora\u00e7\u00e3o desta proposta de lei partiu de um [&hellip;]","og_url":"https:\/\/psol50.org.br\/projeto-do-psol-na-alesp-proibe-descarte-de-residuos-toxicos-na-natureza\/","og_site_name":"PSOL 50","article_publisher":"https:\/\/www.facebook.com\/psol50","article_published_time":"2018-05-23T16:09:47+00:00","og_image":[{"width":1350,"height":707,"url":"https:\/\/psol50.org.br\/inc\/uploads\/2018\/05\/Cava_Subaquatica_Cubtao_Reproducao.jpg","type":"image\/jpeg"}],"author":"Comunica\u00e7\u00e3o PSOL","twitter_card":"summary_large_image","twitter_creator":"@psol50","twitter_site":"@psol50","twitter_misc":{"Escrito por":"Comunica\u00e7\u00e3o PSOL","Est. tempo de leitura":"2 minutos"},"schema":{"@context":"https:\/\/schema.org","@graph":[{"@type":"Article","@id":"https:\/\/psol50.org.br\/projeto-do-psol-na-alesp-proibe-descarte-de-residuos-toxicos-na-natureza\/#article","isPartOf":{"@id":"https:\/\/psol50.org.br\/projeto-do-psol-na-alesp-proibe-descarte-de-residuos-toxicos-na-natureza\/"},"author":{"name":"Comunica\u00e7\u00e3o PSOL","@id":"https:\/\/psol50.org.br\/#\/schema\/person\/475dfa57d0b815993c714c2e96491fcd"},"headline":"Projeto do PSOL na Alesp pro\u00edbe descarte de res\u00edduos t\u00f3xicos na natureza","datePublished":"2018-05-23T16:09:47+00:00","mainEntityOfPage":{"@id":"https:\/\/psol50.org.br\/projeto-do-psol-na-alesp-proibe-descarte-de-residuos-toxicos-na-natureza\/"},"wordCount":475,"commentCount":0,"publisher":{"@id":"https:\/\/psol50.org.br\/#organization"},"image":{"@id":"https:\/\/psol50.org.br\/projeto-do-psol-na-alesp-proibe-descarte-de-residuos-toxicos-na-natureza\/#primaryimage"},"thumbnailUrl":"https:\/\/psol50.org.br\/inc\/uploads\/2018\/05\/Cava_Subaquatica_Cubtao_Reproducao.jpg","keywords":["alesp","Carlos Giannazi","Cava Subaqu\u00e1tica","deputados estaduais","Jo\u00e3o Paulo Rillo","natureza","projeto de lei","PSOL","Raul Marcelo","res\u00edduos t\u00f3xicos"],"articleSection":["Estados","Not\u00edcias"],"inLanguage":"pt-BR","potentialAction":[{"@type":"CommentAction","name":"Comment","target":["https:\/\/psol50.org.br\/projeto-do-psol-na-alesp-proibe-descarte-de-residuos-toxicos-na-natureza\/#respond"]}]},{"@type":"WebPage","@id":"https:\/\/psol50.org.br\/projeto-do-psol-na-alesp-proibe-descarte-de-residuos-toxicos-na-natureza\/","url":"https:\/\/psol50.org.br\/projeto-do-psol-na-alesp-proibe-descarte-de-residuos-toxicos-na-natureza\/","name":"Projeto do PSOL na Alesp pro\u00edbe descarte de res\u00edduos t\u00f3xicos na natureza - PSOL 50","isPartOf":{"@id":"https:\/\/psol50.org.br\/#website"},"primaryImageOfPage":{"@id":"https:\/\/psol50.org.br\/projeto-do-psol-na-alesp-proibe-descarte-de-residuos-toxicos-na-natureza\/#primaryimage"},"image":{"@id":"https:\/\/psol50.org.br\/projeto-do-psol-na-alesp-proibe-descarte-de-residuos-toxicos-na-natureza\/#primaryimage"},"thumbnailUrl":"https:\/\/psol50.org.br\/inc\/uploads\/2018\/05\/Cava_Subaquatica_Cubtao_Reproducao.jpg","datePublished":"2018-05-23T16:09:47+00:00","breadcrumb":{"@id":"https:\/\/psol50.org.br\/projeto-do-psol-na-alesp-proibe-descarte-de-residuos-toxicos-na-natureza\/#breadcrumb"},"inLanguage":"pt-BR","potentialAction":[{"@type":"ReadAction","target":["https:\/\/psol50.org.br\/projeto-do-psol-na-alesp-proibe-descarte-de-residuos-toxicos-na-natureza\/"]}]},{"@type":"ImageObject","inLanguage":"pt-BR","@id":"https:\/\/psol50.org.br\/projeto-do-psol-na-alesp-proibe-descarte-de-residuos-toxicos-na-natureza\/#primaryimage","url":"https:\/\/psol50.org.br\/inc\/uploads\/2018\/05\/Cava_Subaquatica_Cubtao_Reproducao.jpg","contentUrl":"https:\/\/psol50.org.br\/inc\/uploads\/2018\/05\/Cava_Subaquatica_Cubtao_Reproducao.jpg","width":1350,"height":707},{"@type":"BreadcrumbList","@id":"https:\/\/psol50.org.br\/projeto-do-psol-na-alesp-proibe-descarte-de-residuos-toxicos-na-natureza\/#breadcrumb","itemListElement":[{"@type":"ListItem","position":1,"name":"In\u00edcio","item":"https:\/\/psol50.org.br\/"},{"@type":"ListItem","position":2,"name":"Projeto do PSOL na Alesp pro\u00edbe descarte de res\u00edduos t\u00f3xicos na natureza"}]},{"@type":"WebSite","@id":"https:\/\/psol50.org.br\/#website","url":"https:\/\/psol50.org.br\/","name":"PSOL 50","description":"Site oficial do Partido Socialismo e Liberdade","publisher":{"@id":"https:\/\/psol50.org.br\/#organization"},"alternateName":"PSOL50","potentialAction":[{"@type":"SearchAction","target":{"@type":"EntryPoint","urlTemplate":"https:\/\/psol50.org.br\/?s={search_term_string}"},"query-input":{"@type":"PropertyValueSpecification","valueRequired":true,"valueName":"search_term_string"}}],"inLanguage":"pt-BR"},{"@type":"Organization","@id":"https:\/\/psol50.org.br\/#organization","name":"PSOL 50","alternateName":"PSOL 50","url":"https:\/\/psol50.org.br\/","logo":{"@type":"ImageObject","inLanguage":"pt-BR","@id":"https:\/\/psol50.org.br\/#\/schema\/logo\/image\/","url":"https:\/\/psol50.org.br\/inc\/uploads\/2018\/07\/capa.png","contentUrl":"https:\/\/psol50.org.br\/inc\/uploads\/2018\/07\/capa.png","width":1350,"height":900,"caption":"PSOL 50"},"image":{"@id":"https:\/\/psol50.org.br\/#\/schema\/logo\/image\/"},"sameAs":["https:\/\/www.facebook.com\/psol50","https:\/\/x.com\/psol50","https:\/\/www.instagram.com\/psol50\/","https:\/\/www.youtube.com\/channel\/UC7SnJS5o1os7a6CaiNabzcg"]},{"@type":"Person","@id":"https:\/\/psol50.org.br\/#\/schema\/person\/475dfa57d0b815993c714c2e96491fcd","name":"Comunica\u00e7\u00e3o PSOL","image":{"@type":"ImageObject","inLanguage":"pt-BR","@id":"https:\/\/psol50.org.br\/#\/schema\/person\/image\/","url":"https:\/\/secure.gravatar.com\/avatar\/b34fc4f4e468a4e51785917065a3db57b841f5c95dba6ad8c73aaf8f66f8f9bf?s=96&d=mm&r=g","contentUrl":"https:\/\/secure.gravatar.com\/avatar\/b34fc4f4e468a4e51785917065a3db57b841f5c95dba6ad8c73aaf8f66f8f9bf?s=96&d=mm&r=g","caption":"Comunica\u00e7\u00e3o PSOL"}}]}},"_links":{"self":[{"href":"https:\/\/psol50.org.br\/rest\/wp\/v2\/posts\/20820","targetHints":{"allow":["GET"]}}],"collection":[{"href":"https:\/\/psol50.org.br\/rest\/wp\/v2\/posts"}],"about":[{"href":"https:\/\/psol50.org.br\/rest\/wp\/v2\/types\/post"}],"author":[{"embeddable":true,"href":"https:\/\/psol50.org.br\/rest\/wp\/v2\/users\/2"}],"replies":[{"embeddable":true,"href":"https:\/\/psol50.org.br\/rest\/wp\/v2\/comments?post=20820"}],"version-history":[{"count":0,"href":"https:\/\/psol50.org.br\/rest\/wp\/v2\/posts\/20820\/revisions"}],"wp:featuredmedia":[{"embeddable":true,"href":"https:\/\/psol50.org.br\/rest\/wp\/v2\/media\/20821"}],"wp:attachment":[{"href":"https:\/\/psol50.org.br\/rest\/wp\/v2\/media?parent=20820"}],"wp:term":[{"taxonomy":"category","embeddable":true,"href":"https:\/\/psol50.org.br\/rest\/wp\/v2\/categories?post=20820"},{"taxonomy":"post_tag","embeddable":true,"href":"https:\/\/psol50.org.br\/rest\/wp\/v2\/tags?post=20820"}],"curies":[{"name":"wp","href":"https:\/\/api.w.org\/{rel}","templated":true}]}}