{"id":20840,"date":"2018-05-24T17:57:31","date_gmt":"2018-05-24T20:57:31","guid":{"rendered":"http:\/\/www.psol50.org.br\/?p=20840"},"modified":"2018-05-24T17:57:31","modified_gmt":"2018-05-24T20:57:31","slug":"nota-do-psol-sobre-a-disparada-do-preco-dos-combustiveis","status":"publish","type":"post","link":"https:\/\/psol50.org.br\/nota-do-psol-sobre-a-disparada-do-preco-dos-combustiveis\/","title":{"rendered":"Nota do PSOL sobre a disparada do pre\u00e7o dos combust\u00edveis\u00a0"},"content":{"rendered":"<p>Desde que a dire\u00e7\u00e3o da Petrobr\u00e1s, sob a condu\u00e7\u00e3o de Pedro Parente, adotou a atual pol\u00edtica de pre\u00e7os, em julho de 2017, a gasolina vendida nas refinarias j\u00e1 sofreu 50,04% de aumento, o diesel 52,15%, enquanto o g\u00e1s de cozinha encareceu 67,8% somente no ano de 2017, obrigando mais de um milh\u00e3o de domic\u00edlios a adotarem a lenha ou o carv\u00e3o para cozinhar.<\/p>\n<p>O governo Temer n\u00e3o se cansa de golpear o povo brasileiro atrav\u00e9s de uma pol\u00edtica econ\u00f4mica recessiva que reduz sal\u00e1rios, reformas que retiram direitos trabalhistas e congelam investimentos em pol\u00edticas sociais e entrega do patrim\u00f4nio p\u00fablico \u00e0s multinacionais e ao mercado financeiro. S\u00e3o 13,7 milh\u00f5es de desempregados segundo o IBGE, acompanhados de uma queda na renda m\u00e9dia das fam\u00edlias e na piora do acesso ao atendimento dos servi\u00e7os p\u00fablicos.<\/p>\n<p>Essa pol\u00edtica est\u00e1 perfeitamente alinhada com os planos de Michel Temer de submeter as estatais ao controle privado e avan\u00e7ar na desnacionaliza\u00e7\u00e3o da economia. Pedro Parente, na condu\u00e7\u00e3o da Petrobr\u00e1s, est\u00e1 aplicando um programa que pretende entregar US$ 21 bilh\u00f5es de patrim\u00f4nio ao capital privado somente entre 2018 e 2021. O an\u00fancio da venda de quatro refinarias e 12 terminais, feito no \u00faltimo m\u00eas de abril, \u00e9 parte deste programa. Outra parte \u00e9 a entrega de fatias cada vez maiores do mercado de abastecimento de combust\u00edveis \u00e0s importadoras, atrav\u00e9s da subutiliza\u00e7\u00e3o de suas refinarias e do aumento do pre\u00e7o para compensar a perda de mercado.<\/p>\n<p>Em um pa\u00eds completamente dependente do transporte rodovi\u00e1rio para a circula\u00e7\u00e3o da produ\u00e7\u00e3o agr\u00edcola, industrial, das importa\u00e7\u00f5es e da circula\u00e7\u00e3o de bens de consumo, o aumento dr\u00e1stico dos combust\u00edveis impacta diretamente os setores mais pobres da popula\u00e7\u00e3o, a classe trabalhadora e os setores m\u00e9dios. Isso se d\u00e1 atrav\u00e9s do aumento do pre\u00e7o dos alimentos, das passagens de \u00f4nibus, e tamb\u00e9m do custo do transporte individual, infelizmente estimulado pela car\u00eancia de transporte p\u00fablico de qualidade nas m\u00e9dias e grandes cidades do pa\u00eds.<\/p>\n<p>O aumento quase di\u00e1rio do pre\u00e7o do diesel foi estopim para a deflagra\u00e7\u00e3o da greve nacional dos caminhoneiros, que cresce desde a \u00faltima segunda-feira (21) e j\u00e1 provoca grandes impactos com a paralisa\u00e7\u00e3o de estradas, portos, e j\u00e1 come\u00e7a a afetar a circula\u00e7\u00e3o de bens de consumo, a capacidade de abastecimento e o escoamento da produ\u00e7\u00e3o dos mais diversos segmentos.<\/p>\n<p>O PSOL reconhece a legitimadade da reivindica\u00e7\u00e3o dos caminhoneiros pela redu\u00e7\u00e3o do pre\u00e7o dos combust\u00edveis e anula\u00e7\u00e3o dos aumentos praticados sob a pol\u00edtica de pre\u00e7os livres. A defesa da democracia, da soberania nacional e o fortalecimento das organiza\u00e7\u00f5es da classe trabalhadora devem estar associados ao rep\u00fadio da atual pol\u00edtica de aumento de pre\u00e7o dos combust\u00edveis, levada adiante por Pedro Parente e sua pol\u00edtica entreguista.<\/p>\n<p>De outro lado, a isen\u00e7\u00e3o de impostos para a redu\u00e7\u00e3o do pre\u00e7o da gasolina e do diesel beneficia capitalistas e grandes empres\u00e1rios do setor de petr\u00f3leo. Por isso, defendemos o fortalecimento da Petrobr\u00e1s e a retomada do controle estatal da produ\u00e7\u00e3o, refino e distribui\u00e7\u00e3o de petr\u00f3leo, para reverter a pol\u00edtica de pre\u00e7os de Temer. A reestatiza\u00e7\u00e3o plena da companhia \u00e9 a \u00fanica forma de reverter a atual situa\u00e7\u00e3o e dar respostas \u00e0 popula\u00e7\u00e3o de conjunto.<\/p>\n<p>Por tudo isso, s\u00e3o fundamentais iniciativas para unificar a luta dos caminhoneiros com a movimenta\u00e7\u00e3o dos trabalhadores da Petrobr\u00e1s, que est\u00e3o organizando para os pr\u00f3ximos dias uma greve nacional contra a atual pol\u00edtica de pre\u00e7os e o desmonte da estatal. Os trabalhadores da Eletrobr\u00e1s tamb\u00e9m est\u00e3o organizando uma greve contra a tentativa de privatiza\u00e7\u00e3o da empresa, que certamente tamb\u00e9m resultaria em fortes aumentos no pre\u00e7o da energia el\u00e9trica, e devem unificar as suas a\u00e7\u00f5es com os petroleiros. Os Correios tamb\u00e9m s\u00e3o alvo de Temer, que acaba de anunciar a inten\u00e7\u00e3o de fechar mais de 500 ag\u00eancias e demitir mais de 5.300 fucion\u00e1rios.<\/p>\n<p>As Centrais Sindicais, a Frente Povo Sem Medo e a Frente Brasil Popular devem unificar as lutas contra o desmonte do estado brasileiro e a desnacionaliza\u00e7\u00e3o de nossa economia. \u00c9 fundamental a unidade das mobiliza\u00e7\u00f5es dos trabalhadores num grande dia de lutas contra os planos entreguistas do governo Temer, reunindo entidades de classe, partidos e frentes e incentivando as iniciativas dos trabalhadores.<\/p>\n<p><strong>Executiva Nacional do PSOL<\/strong><\/p>\n<p><strong>24 de maio de 2018<\/strong><\/p>\n","protected":false},"excerpt":{"rendered":"<p>Desde que a dire\u00e7\u00e3o da Petrobr\u00e1s, sob a condu\u00e7\u00e3o de Pedro Parente, adotou a atual pol\u00edtica de pre\u00e7os, em julho de 2017, a gasolina vendida nas refinarias j\u00e1 sofreu 50,04% de aumento, o diesel 52,15%, enquanto o g\u00e1s de cozinha encareceu 67,8% somente no ano de 2017, obrigando mais de um milh\u00e3o de domic\u00edlios a [&hellip;]<\/p>\n","protected":false},"author":2,"featured_media":21539,"comment_status":"open","ping_status":"open","sticky":false,"template":"","format":"standard","meta":{"_acf_changed":false,"footnotes":""},"categories":[1882,6,14,72],"tags":[2532,242,2169,1878,1748,243],"class_list":{"0":"post-20840","1":"post","2":"type-post","3":"status-publish","4":"format-standard","5":"has-post-thumbnail","7":"category-brasil","8":"category-noticias","9":"category-partido","10":"category-resolucoes","11":"tag-combustiveis","12":"tag-executiva-nacional-do-psol","13":"tag-fora-temer","14":"tag-frente-povo-sem-medo","15":"tag-michel-temer","16":"tag-nota-do-psol"},"acf":[],"yoast_head":"<!-- This site is optimized with the Yoast SEO plugin v26.5 - https:\/\/yoast.com\/wordpress\/plugins\/seo\/ -->\n<title>Nota do PSOL sobre a disparada do pre\u00e7o dos combust\u00edveis\u00a0 - PSOL 50<\/title>\n<meta name=\"robots\" content=\"index, follow, max-snippet:-1, max-image-preview:large, max-video-preview:-1\" \/>\n<link rel=\"canonical\" href=\"https:\/\/psol50.org.br\/nota-do-psol-sobre-a-disparada-do-preco-dos-combustiveis\/\" \/>\n<meta property=\"og:locale\" content=\"pt_BR\" \/>\n<meta property=\"og:type\" content=\"article\" \/>\n<meta property=\"og:title\" content=\"Nota do PSOL sobre a disparada do pre\u00e7o dos combust\u00edveis\u00a0 - PSOL 50\" \/>\n<meta property=\"og:description\" content=\"Desde que a dire\u00e7\u00e3o da Petrobr\u00e1s, sob a condu\u00e7\u00e3o de Pedro Parente, adotou a atual pol\u00edtica de pre\u00e7os, em julho de 2017, a gasolina vendida nas refinarias j\u00e1 sofreu 50,04% de aumento, o diesel 52,15%, enquanto o g\u00e1s de cozinha encareceu 67,8% somente no ano de 2017, obrigando mais de um milh\u00e3o de domic\u00edlios a [&hellip;]\" \/>\n<meta property=\"og:url\" content=\"https:\/\/psol50.org.br\/nota-do-psol-sobre-a-disparada-do-preco-dos-combustiveis\/\" \/>\n<meta property=\"og:site_name\" content=\"PSOL 50\" \/>\n<meta property=\"article:publisher\" content=\"https:\/\/www.facebook.com\/psol50\" \/>\n<meta property=\"article:published_time\" content=\"2018-05-24T20:57:31+00:00\" \/>\n<meta property=\"og:image\" content=\"https:\/\/psol50.org.br\/inc\/uploads\/2018\/09\/capa-546x365-1.png\" \/>\n\t<meta property=\"og:image:width\" content=\"546\" \/>\n\t<meta property=\"og:image:height\" content=\"365\" \/>\n\t<meta property=\"og:image:type\" content=\"image\/png\" \/>\n<meta name=\"author\" content=\"Comunica\u00e7\u00e3o PSOL\" \/>\n<meta name=\"twitter:card\" content=\"summary_large_image\" \/>\n<meta name=\"twitter:creator\" content=\"@psol50\" \/>\n<meta name=\"twitter:site\" content=\"@psol50\" \/>\n<meta name=\"twitter:label1\" content=\"Escrito por\" \/>\n\t<meta name=\"twitter:data1\" content=\"Comunica\u00e7\u00e3o PSOL\" \/>\n\t<meta name=\"twitter:label2\" content=\"Est. tempo de leitura\" \/>\n\t<meta name=\"twitter:data2\" content=\"4 minutos\" \/>\n<script type=\"application\/ld+json\" class=\"yoast-schema-graph\">{\"@context\":\"https:\/\/schema.org\",\"@graph\":[{\"@type\":\"Article\",\"@id\":\"https:\/\/psol50.org.br\/nota-do-psol-sobre-a-disparada-do-preco-dos-combustiveis\/#article\",\"isPartOf\":{\"@id\":\"https:\/\/psol50.org.br\/nota-do-psol-sobre-a-disparada-do-preco-dos-combustiveis\/\"},\"author\":{\"name\":\"Comunica\u00e7\u00e3o PSOL\",\"@id\":\"https:\/\/psol50.org.br\/#\/schema\/person\/475dfa57d0b815993c714c2e96491fcd\"},\"headline\":\"Nota do PSOL sobre a disparada do pre\u00e7o dos combust\u00edveis\u00a0\",\"datePublished\":\"2018-05-24T20:57:31+00:00\",\"mainEntityOfPage\":{\"@id\":\"https:\/\/psol50.org.br\/nota-do-psol-sobre-a-disparada-do-preco-dos-combustiveis\/\"},\"wordCount\":792,\"commentCount\":0,\"publisher\":{\"@id\":\"https:\/\/psol50.org.br\/#organization\"},\"image\":{\"@id\":\"https:\/\/psol50.org.br\/nota-do-psol-sobre-a-disparada-do-preco-dos-combustiveis\/#primaryimage\"},\"thumbnailUrl\":\"https:\/\/psol50.org.br\/inc\/uploads\/2018\/09\/capa-546x365-1.png\",\"keywords\":[\"Combust\u00edveis\",\"Executiva Nacional do PSOL\",\"Fora Temer\",\"Frente Povo Sem Medo\",\"Michel Temer\",\"Nota do PSOL\"],\"articleSection\":[\"Brasil\",\"Not\u00edcias\",\"Partido\",\"Resolu\u00e7\u00f5es\"],\"inLanguage\":\"pt-BR\",\"potentialAction\":[{\"@type\":\"CommentAction\",\"name\":\"Comment\",\"target\":[\"https:\/\/psol50.org.br\/nota-do-psol-sobre-a-disparada-do-preco-dos-combustiveis\/#respond\"]}]},{\"@type\":\"WebPage\",\"@id\":\"https:\/\/psol50.org.br\/nota-do-psol-sobre-a-disparada-do-preco-dos-combustiveis\/\",\"url\":\"https:\/\/psol50.org.br\/nota-do-psol-sobre-a-disparada-do-preco-dos-combustiveis\/\",\"name\":\"Nota do PSOL sobre a disparada do pre\u00e7o dos combust\u00edveis\u00a0 - PSOL 50\",\"isPartOf\":{\"@id\":\"https:\/\/psol50.org.br\/#website\"},\"primaryImageOfPage\":{\"@id\":\"https:\/\/psol50.org.br\/nota-do-psol-sobre-a-disparada-do-preco-dos-combustiveis\/#primaryimage\"},\"image\":{\"@id\":\"https:\/\/psol50.org.br\/nota-do-psol-sobre-a-disparada-do-preco-dos-combustiveis\/#primaryimage\"},\"thumbnailUrl\":\"https:\/\/psol50.org.br\/inc\/uploads\/2018\/09\/capa-546x365-1.png\",\"datePublished\":\"2018-05-24T20:57:31+00:00\",\"breadcrumb\":{\"@id\":\"https:\/\/psol50.org.br\/nota-do-psol-sobre-a-disparada-do-preco-dos-combustiveis\/#breadcrumb\"},\"inLanguage\":\"pt-BR\",\"potentialAction\":[{\"@type\":\"ReadAction\",\"target\":[\"https:\/\/psol50.org.br\/nota-do-psol-sobre-a-disparada-do-preco-dos-combustiveis\/\"]}]},{\"@type\":\"ImageObject\",\"inLanguage\":\"pt-BR\",\"@id\":\"https:\/\/psol50.org.br\/nota-do-psol-sobre-a-disparada-do-preco-dos-combustiveis\/#primaryimage\",\"url\":\"https:\/\/psol50.org.br\/inc\/uploads\/2018\/09\/capa-546x365-1.png\",\"contentUrl\":\"https:\/\/psol50.org.br\/inc\/uploads\/2018\/09\/capa-546x365-1.png\",\"width\":546,\"height\":365},{\"@type\":\"BreadcrumbList\",\"@id\":\"https:\/\/psol50.org.br\/nota-do-psol-sobre-a-disparada-do-preco-dos-combustiveis\/#breadcrumb\",\"itemListElement\":[{\"@type\":\"ListItem\",\"position\":1,\"name\":\"In\u00edcio\",\"item\":\"https:\/\/psol50.org.br\/\"},{\"@type\":\"ListItem\",\"position\":2,\"name\":\"Nota do PSOL sobre a disparada do pre\u00e7o dos combust\u00edveis\u00a0\"}]},{\"@type\":\"WebSite\",\"@id\":\"https:\/\/psol50.org.br\/#website\",\"url\":\"https:\/\/psol50.org.br\/\",\"name\":\"PSOL 50\",\"description\":\"Site oficial do Partido Socialismo e Liberdade\",\"publisher\":{\"@id\":\"https:\/\/psol50.org.br\/#organization\"},\"alternateName\":\"PSOL50\",\"potentialAction\":[{\"@type\":\"SearchAction\",\"target\":{\"@type\":\"EntryPoint\",\"urlTemplate\":\"https:\/\/psol50.org.br\/?s={search_term_string}\"},\"query-input\":{\"@type\":\"PropertyValueSpecification\",\"valueRequired\":true,\"valueName\":\"search_term_string\"}}],\"inLanguage\":\"pt-BR\"},{\"@type\":\"Organization\",\"@id\":\"https:\/\/psol50.org.br\/#organization\",\"name\":\"PSOL 50\",\"alternateName\":\"PSOL 50\",\"url\":\"https:\/\/psol50.org.br\/\",\"logo\":{\"@type\":\"ImageObject\",\"inLanguage\":\"pt-BR\",\"@id\":\"https:\/\/psol50.org.br\/#\/schema\/logo\/image\/\",\"url\":\"https:\/\/psol50.org.br\/inc\/uploads\/2018\/07\/capa.png\",\"contentUrl\":\"https:\/\/psol50.org.br\/inc\/uploads\/2018\/07\/capa.png\",\"width\":1350,\"height\":900,\"caption\":\"PSOL 50\"},\"image\":{\"@id\":\"https:\/\/psol50.org.br\/#\/schema\/logo\/image\/\"},\"sameAs\":[\"https:\/\/www.facebook.com\/psol50\",\"https:\/\/x.com\/psol50\",\"https:\/\/www.instagram.com\/psol50\/\",\"https:\/\/www.youtube.com\/channel\/UC7SnJS5o1os7a6CaiNabzcg\"]},{\"@type\":\"Person\",\"@id\":\"https:\/\/psol50.org.br\/#\/schema\/person\/475dfa57d0b815993c714c2e96491fcd\",\"name\":\"Comunica\u00e7\u00e3o PSOL\",\"image\":{\"@type\":\"ImageObject\",\"inLanguage\":\"pt-BR\",\"@id\":\"https:\/\/psol50.org.br\/#\/schema\/person\/image\/\",\"url\":\"https:\/\/secure.gravatar.com\/avatar\/b34fc4f4e468a4e51785917065a3db57b841f5c95dba6ad8c73aaf8f66f8f9bf?s=96&d=mm&r=g\",\"contentUrl\":\"https:\/\/secure.gravatar.com\/avatar\/b34fc4f4e468a4e51785917065a3db57b841f5c95dba6ad8c73aaf8f66f8f9bf?s=96&d=mm&r=g\",\"caption\":\"Comunica\u00e7\u00e3o PSOL\"}}]}<\/script>\n<!-- \/ Yoast SEO plugin. -->","yoast_head_json":{"title":"Nota do PSOL sobre a disparada do pre\u00e7o dos combust\u00edveis\u00a0 - PSOL 50","robots":{"index":"index","follow":"follow","max-snippet":"max-snippet:-1","max-image-preview":"max-image-preview:large","max-video-preview":"max-video-preview:-1"},"canonical":"https:\/\/psol50.org.br\/nota-do-psol-sobre-a-disparada-do-preco-dos-combustiveis\/","og_locale":"pt_BR","og_type":"article","og_title":"Nota do PSOL sobre a disparada do pre\u00e7o dos combust\u00edveis\u00a0 - PSOL 50","og_description":"Desde que a dire\u00e7\u00e3o da Petrobr\u00e1s, sob a condu\u00e7\u00e3o de Pedro Parente, adotou a atual pol\u00edtica de pre\u00e7os, em julho de 2017, a gasolina vendida nas refinarias j\u00e1 sofreu 50,04% de aumento, o diesel 52,15%, enquanto o g\u00e1s de cozinha encareceu 67,8% somente no ano de 2017, obrigando mais de um milh\u00e3o de domic\u00edlios a [&hellip;]","og_url":"https:\/\/psol50.org.br\/nota-do-psol-sobre-a-disparada-do-preco-dos-combustiveis\/","og_site_name":"PSOL 50","article_publisher":"https:\/\/www.facebook.com\/psol50","article_published_time":"2018-05-24T20:57:31+00:00","og_image":[{"width":546,"height":365,"url":"https:\/\/psol50.org.br\/inc\/uploads\/2018\/09\/capa-546x365-1.png","type":"image\/png"}],"author":"Comunica\u00e7\u00e3o PSOL","twitter_card":"summary_large_image","twitter_creator":"@psol50","twitter_site":"@psol50","twitter_misc":{"Escrito por":"Comunica\u00e7\u00e3o PSOL","Est. tempo de leitura":"4 minutos"},"schema":{"@context":"https:\/\/schema.org","@graph":[{"@type":"Article","@id":"https:\/\/psol50.org.br\/nota-do-psol-sobre-a-disparada-do-preco-dos-combustiveis\/#article","isPartOf":{"@id":"https:\/\/psol50.org.br\/nota-do-psol-sobre-a-disparada-do-preco-dos-combustiveis\/"},"author":{"name":"Comunica\u00e7\u00e3o PSOL","@id":"https:\/\/psol50.org.br\/#\/schema\/person\/475dfa57d0b815993c714c2e96491fcd"},"headline":"Nota do PSOL sobre a disparada do pre\u00e7o dos combust\u00edveis\u00a0","datePublished":"2018-05-24T20:57:31+00:00","mainEntityOfPage":{"@id":"https:\/\/psol50.org.br\/nota-do-psol-sobre-a-disparada-do-preco-dos-combustiveis\/"},"wordCount":792,"commentCount":0,"publisher":{"@id":"https:\/\/psol50.org.br\/#organization"},"image":{"@id":"https:\/\/psol50.org.br\/nota-do-psol-sobre-a-disparada-do-preco-dos-combustiveis\/#primaryimage"},"thumbnailUrl":"https:\/\/psol50.org.br\/inc\/uploads\/2018\/09\/capa-546x365-1.png","keywords":["Combust\u00edveis","Executiva Nacional do PSOL","Fora Temer","Frente Povo Sem Medo","Michel Temer","Nota do PSOL"],"articleSection":["Brasil","Not\u00edcias","Partido","Resolu\u00e7\u00f5es"],"inLanguage":"pt-BR","potentialAction":[{"@type":"CommentAction","name":"Comment","target":["https:\/\/psol50.org.br\/nota-do-psol-sobre-a-disparada-do-preco-dos-combustiveis\/#respond"]}]},{"@type":"WebPage","@id":"https:\/\/psol50.org.br\/nota-do-psol-sobre-a-disparada-do-preco-dos-combustiveis\/","url":"https:\/\/psol50.org.br\/nota-do-psol-sobre-a-disparada-do-preco-dos-combustiveis\/","name":"Nota do PSOL sobre a disparada do pre\u00e7o dos combust\u00edveis\u00a0 - PSOL 50","isPartOf":{"@id":"https:\/\/psol50.org.br\/#website"},"primaryImageOfPage":{"@id":"https:\/\/psol50.org.br\/nota-do-psol-sobre-a-disparada-do-preco-dos-combustiveis\/#primaryimage"},"image":{"@id":"https:\/\/psol50.org.br\/nota-do-psol-sobre-a-disparada-do-preco-dos-combustiveis\/#primaryimage"},"thumbnailUrl":"https:\/\/psol50.org.br\/inc\/uploads\/2018\/09\/capa-546x365-1.png","datePublished":"2018-05-24T20:57:31+00:00","breadcrumb":{"@id":"https:\/\/psol50.org.br\/nota-do-psol-sobre-a-disparada-do-preco-dos-combustiveis\/#breadcrumb"},"inLanguage":"pt-BR","potentialAction":[{"@type":"ReadAction","target":["https:\/\/psol50.org.br\/nota-do-psol-sobre-a-disparada-do-preco-dos-combustiveis\/"]}]},{"@type":"ImageObject","inLanguage":"pt-BR","@id":"https:\/\/psol50.org.br\/nota-do-psol-sobre-a-disparada-do-preco-dos-combustiveis\/#primaryimage","url":"https:\/\/psol50.org.br\/inc\/uploads\/2018\/09\/capa-546x365-1.png","contentUrl":"https:\/\/psol50.org.br\/inc\/uploads\/2018\/09\/capa-546x365-1.png","width":546,"height":365},{"@type":"BreadcrumbList","@id":"https:\/\/psol50.org.br\/nota-do-psol-sobre-a-disparada-do-preco-dos-combustiveis\/#breadcrumb","itemListElement":[{"@type":"ListItem","position":1,"name":"In\u00edcio","item":"https:\/\/psol50.org.br\/"},{"@type":"ListItem","position":2,"name":"Nota do PSOL sobre a disparada do pre\u00e7o dos combust\u00edveis\u00a0"}]},{"@type":"WebSite","@id":"https:\/\/psol50.org.br\/#website","url":"https:\/\/psol50.org.br\/","name":"PSOL 50","description":"Site oficial do Partido Socialismo e Liberdade","publisher":{"@id":"https:\/\/psol50.org.br\/#organization"},"alternateName":"PSOL50","potentialAction":[{"@type":"SearchAction","target":{"@type":"EntryPoint","urlTemplate":"https:\/\/psol50.org.br\/?s={search_term_string}"},"query-input":{"@type":"PropertyValueSpecification","valueRequired":true,"valueName":"search_term_string"}}],"inLanguage":"pt-BR"},{"@type":"Organization","@id":"https:\/\/psol50.org.br\/#organization","name":"PSOL 50","alternateName":"PSOL 50","url":"https:\/\/psol50.org.br\/","logo":{"@type":"ImageObject","inLanguage":"pt-BR","@id":"https:\/\/psol50.org.br\/#\/schema\/logo\/image\/","url":"https:\/\/psol50.org.br\/inc\/uploads\/2018\/07\/capa.png","contentUrl":"https:\/\/psol50.org.br\/inc\/uploads\/2018\/07\/capa.png","width":1350,"height":900,"caption":"PSOL 50"},"image":{"@id":"https:\/\/psol50.org.br\/#\/schema\/logo\/image\/"},"sameAs":["https:\/\/www.facebook.com\/psol50","https:\/\/x.com\/psol50","https:\/\/www.instagram.com\/psol50\/","https:\/\/www.youtube.com\/channel\/UC7SnJS5o1os7a6CaiNabzcg"]},{"@type":"Person","@id":"https:\/\/psol50.org.br\/#\/schema\/person\/475dfa57d0b815993c714c2e96491fcd","name":"Comunica\u00e7\u00e3o PSOL","image":{"@type":"ImageObject","inLanguage":"pt-BR","@id":"https:\/\/psol50.org.br\/#\/schema\/person\/image\/","url":"https:\/\/secure.gravatar.com\/avatar\/b34fc4f4e468a4e51785917065a3db57b841f5c95dba6ad8c73aaf8f66f8f9bf?s=96&d=mm&r=g","contentUrl":"https:\/\/secure.gravatar.com\/avatar\/b34fc4f4e468a4e51785917065a3db57b841f5c95dba6ad8c73aaf8f66f8f9bf?s=96&d=mm&r=g","caption":"Comunica\u00e7\u00e3o PSOL"}}]}},"_links":{"self":[{"href":"https:\/\/psol50.org.br\/rest\/wp\/v2\/posts\/20840","targetHints":{"allow":["GET"]}}],"collection":[{"href":"https:\/\/psol50.org.br\/rest\/wp\/v2\/posts"}],"about":[{"href":"https:\/\/psol50.org.br\/rest\/wp\/v2\/types\/post"}],"author":[{"embeddable":true,"href":"https:\/\/psol50.org.br\/rest\/wp\/v2\/users\/2"}],"replies":[{"embeddable":true,"href":"https:\/\/psol50.org.br\/rest\/wp\/v2\/comments?post=20840"}],"version-history":[{"count":0,"href":"https:\/\/psol50.org.br\/rest\/wp\/v2\/posts\/20840\/revisions"}],"wp:featuredmedia":[{"embeddable":true,"href":"https:\/\/psol50.org.br\/rest\/wp\/v2\/media\/21539"}],"wp:attachment":[{"href":"https:\/\/psol50.org.br\/rest\/wp\/v2\/media?parent=20840"}],"wp:term":[{"taxonomy":"category","embeddable":true,"href":"https:\/\/psol50.org.br\/rest\/wp\/v2\/categories?post=20840"},{"taxonomy":"post_tag","embeddable":true,"href":"https:\/\/psol50.org.br\/rest\/wp\/v2\/tags?post=20840"}],"curies":[{"name":"wp","href":"https:\/\/api.w.org\/{rel}","templated":true}]}}