{"id":2085,"date":"2013-06-25T00:00:00","date_gmt":"2013-06-25T00:00:00","guid":{"rendered":"http:\/\/psol50.org.br\/arquivo\/2013\/06\/25\/em-coletiva-psol-comenta-manifestacoes-em-todo-o-pais-e-afirma-que-e-preciso-dar-respostas-concretas-ao-clamor-nas-ruas\/"},"modified":"2013-06-25T00:00:00","modified_gmt":"2013-06-25T00:00:00","slug":"em-coletiva-psol-comenta-manifestacoes-em-todo-o-pais-e-afirma-que-e-preciso-dar-respostas-concretas-ao-clamor-nas-ruas","status":"publish","type":"post","link":"https:\/\/psol50.org.br\/em-coletiva-psol-comenta-manifestacoes-em-todo-o-pais-e-afirma-que-e-preciso-dar-respostas-concretas-ao-clamor-nas-ruas\/","title":{"rendered":"Em coletiva, PSOL comenta manifesta\u00e7\u00f5es em todo o pa\u00eds e afirma que \u00e9 preciso dar respostas concretas ao clamor nas ruas"},"content":{"rendered":"<div style=\"text-align: justify;\">\n\tOs parlamentares do PSOL concederam na tarde desta ter\u00e7a-feira (25) coletiva \u00e0 imprensa, no sal\u00e3o verde da C\u00e2mara. Os deputados Ivan Valente e Chico Alencar, o senador Randolfe Rodrigues, o vereador de Salvador Hilton Coelho e os ex-deputados federais Jo\u00e3o Batista Bab\u00e1 e Luciana Genro apresentaram aos jornalistas o posicionamento do partido em rela\u00e7\u00e3o \u00e0s manifesta\u00e7\u00f5es que v\u00eam ocorrendo em todo o pa\u00eds nas \u00faltimas semanas e tamb\u00e9m comentaram o pronunciamento feito pela presidente Dilma Rousseff nesta segunda-feira (24). Na oportunidade tamb\u00e9m divulgaram uma nota, em que ressaltam o apoio \u00e0 continuidade da luta nas ruas por direitos.<br \/>\n\t&nbsp;<br \/>\n\tSegundo o texto, \u201ca mobiliza\u00e7\u00e3o j\u00e1 trouxe pelo menos tr\u00eas resultados que devem ser comemorados. O primeiro foi a redu\u00e7\u00e3o das tarifas de transporte coletivo nas principais cidades, que os governos afirmavam dias atr\u00e1s ser imposs\u00edvel. A segunda foi ter colocado na pauta dos governos e da sociedade a necessidade de se repensar a forma de fazer pol\u00edtica e os principais problemas sociais do pais. E a terceira vit\u00f3ria foi colocar em movimento milh\u00f5es de brasileiros que, nas ruas e nas pra\u00e7as, exigem ser ouvidos e exercitam a verdadeira democracia, que deveria ser o governo do povo\u201d. A nota afirma, no entanto, que \u00e9 necess\u00e1rio dar respostas concretas ao clamor do povo nas ruas.<br \/>\n\t&nbsp;<br \/>\n\tEm rela\u00e7\u00e3o ao pronunciamento feito pela presidente Dilma, o PSOL ressalta que \u00e9 preciso rejeitar a manuten\u00e7\u00e3o do pacto com os credores, apresentado sob o eufemismo de pacto de responsabilidade fiscal. \u201cPropomos o imediato remanejamento de 181,8 bilh\u00f5es, previstos para pagamento da d\u00edvida p\u00fablica, para refor\u00e7o dos or\u00e7amentos p\u00fablicos federal, estadual e municipal de educa\u00e7\u00e3o, sa\u00fade, seguran\u00e7a e para viabilizar a redu\u00e7\u00e3o do pre\u00e7o das tarifas dos transportes p\u00fablicos. Estes recursos s\u00e3o calculados sobre gastos de 2012, sendo 88,5 bilh\u00f5es do super\u00e1vit prim\u00e1rio, 60,3 bilh\u00f5es de pagamento de d\u00edvidas pelos estados e munic\u00edpios e 33 bilh\u00f5es de remunera\u00e7\u00e3o da conta \u00fanica do tesouro nacional\u201d, enfatiza o texto.<br \/>\n\t&nbsp;<br \/>\n\tConfira abaixo o inteiro conte\u00fado da nota, divulgada nesta ter\u00e7a-feira, durante a coletiva \u00e0 imprensa.<br \/>\n\t&nbsp;<br \/>\n\t<strong>\u00c9 necess\u00e1rio dar respostas concretas ao clamor das ruas<\/strong><br \/>\n\tNosso pa\u00eds vem sendo sacudido com uma impressionante mobiliza\u00e7\u00e3o popular. Os jovens que ocupam as ruas do pa\u00eds expressam descontentamento com os limites da democracia representativa, com a falta de transpar\u00eancia, com os constantes esc\u00e2ndalos de corrup\u00e7\u00e3o, com os gastos exorbitantes com a Copa do Mundo. A \u201cvoz direta das ruas\u201d exige das autoridades respostas concretas e imediatas aos grandes problemas nacionais, especialmente nas \u00e1reas de sa\u00fade, educa\u00e7\u00e3o, transporte e seguran\u00e7a.<br \/>\n\t&nbsp;<br \/>\n\tA mobiliza\u00e7\u00e3o j\u00e1 trouxe pelo menos tr\u00eas resultados que devem ser comemorados. O primeiro foi a redu\u00e7\u00e3o das tarifas de transporte coletivo nas principais cidades, que os governos afirmavam dias atr\u00e1s ser imposs\u00edvel. A segunda foi ter colocado na pauta dos governos e da sociedade a necessidade de se repensar a forma de fazer pol\u00edtica e os principais problemas sociais do pais. E a terceira vit\u00f3ria foi colocar em movimento milh\u00f5es de brasileiros que, nas ruas e nas pra\u00e7as, exigem ser ouvidos e exercitam a verdadeira democracia, que deveria ser o governo do povo.<br \/>\n\t&nbsp;<br \/>\n\tPor tudo isso, o PSOL apoia a continuidade da luta nas ruas por direitos. Apoiamos as manifesta\u00e7\u00f5es agendadas para o dia 30 de Junho, quando o povo questionar\u00e1 nas ruas o esquema corrupto do Governo com a Fifa por ocasi\u00e3o do jogo final da Copa das Confedera\u00e7\u00f5es a ser realizado no Maracan\u00e3.<br \/>\n\t&nbsp;<br \/>\n\tCom enorme atraso, a presidenta Dilma se manifestou em rede nacional na \u00faltima sexta-feira e ontem, em reuni\u00e3o com governadores e prefeitos, anunciou cinco &#8220;pactos&#8221;, medidas que, a seu ju\u00edzo, responderiam de maneira afirmativa aos reclamos populares.<br \/>\n\t&nbsp;<br \/>\n\tO PSOL considera totalmente insuficiente a resposta dada. A voz direta das ruas exigia dos governos a revalida\u00e7\u00e3o do pacto com o povo que lhes depositou suas esperan\u00e7as. Ao contr\u00e1rio deste caminho, o conte\u00fado do discurso presidencial expressa que a op\u00e7\u00e3o foi a manuten\u00e7\u00e3o do pacto com os credores da d\u00edvida p\u00fablica e a continuidade de uma pol\u00edtica econ\u00f4mica que priva a maioria do povo dos servi\u00e7os p\u00fablicos de qualidade. A alian\u00e7a do governo continua sendo com o agroneg\u00f3cio, que ataca direitos ind\u00edgenas, e com o modelo de desenvolvimento que agride o meio ambiente em Belo Monte, por exemplo. N\u00e3o houve nenhum gesto de abandonar a alian\u00e7a com as grandes empreiteitas e com o capital financeiro, inclusive nas rela\u00e7\u00f5es pol\u00edtico-partid\u00e1rias.<br \/>\n\t&nbsp;<br \/>\n\tA presidenta Dilma e a maioria dos governantes estaduais e municipais n\u00e3o conseguiram compreender a exata linguagem do povo nas ruas: a paci\u00eancia com medidas paliativas, com faz-de-conta-que-acontece, est\u00e1 esgotada!<br \/>\n\t&nbsp;<br \/>\n\tO PSOL, que faz uma oposi\u00e7\u00e3o program\u00e1tica e de esquerda ao governo federal e, ao mesmo tempo, combate a oposi\u00e7\u00e3o conservadora, coerente com sua postura em todas as vota\u00e7\u00f5es no Parlamento e com o trabalho dos seus militantes no movimento social, apresenta aos milh\u00f5es de brasileiros insatisfeitos o caminho que Dilma n\u00e3o teve coragem de seguir.<br \/>\n\t&nbsp;<br \/>\n\t1\u00ba. Devemos rejeitar a manuten\u00e7\u00e3o do pacto com os credores, apresentado sob o eufemismo de pacto de responsabilidade fiscal. Propomos o imediato remanejamento de 181,8 bilh\u00f5es, previstos para pagamento da d\u00edvida p\u00fablica, para refor\u00e7o dos or\u00e7amentos p\u00fablicos federal, estadual e municipal de educa\u00e7\u00e3o, sa\u00fade, seguran\u00e7a e para viabilizar a redu\u00e7\u00e3o do pre\u00e7o das tarifas dos transportes p\u00fablicos. Estes recursos s\u00e3o calculados sobre gastos de 2012, sendo 88,5 bilh\u00f5es do super\u00e1vit prim\u00e1rio, 60,3 bilh\u00f5es de pagamento de d\u00edvidas pelos estados e munic\u00edpios e 33 bilh\u00f5es de remunera\u00e7\u00e3o da conta \u00fanica do tesouro nacional.<br \/>\n\t&nbsp;<br \/>\n\tN\u00e3o \u00e9 poss\u00edvel servir a dois senhores!<br \/>\n\t&nbsp;<br \/>\n\tAl\u00e9m disso, como demonstra\u00e7\u00e3o de responsabilidade com o bom uso dos recursos p\u00fablicos, queremos que todos os acordos firmados entre o Brasil e a FIFA, assim como todas as licita\u00e7\u00f5es e contratos, sejam imediatamente auditados e, caso comprovadas as irregularidades, os respons\u00e1veis sejam exemplarmente punidos, doa em que doer.<br \/>\n\t&nbsp;<br \/>\n\t2\u00ba.&nbsp; Consideramos que o povo brasileiro j\u00e1 demonstrou que quer reformula\u00e7\u00e3o completa da pol\u00edtica brasileira, o que \u00e9 muito mais do que reforma eleitoral. Uma constituinte exclusiva, face \u00e0 in\u00e9rcia conservadora do atual Congresso Nacional, merece ser discutida. Mas, com as regras atuais, inclusive com financiamento privado de campanha, seria in\u00f3cua. O PSOL j\u00e1 apresentou projetos com medidas concretas a serem submetidas ao crivo popular, dentre elas o voto aberto para todas as decis\u00f5es, revogabilidade dos mandatos de quem n\u00e3o cumprir o que promete, fim de todos os privil\u00e9gios financeiros e jur\u00eddicos dos pol\u00edticos, acabando com o foro privilegiado para autoridades, e financiamento p\u00fablico, exclusivo e austero das campanhas. O PSOL est\u00e1 engajado na coleta de assinaturas de proposta de iniciativa popular que estabelece uma profunda Reforma Pol\u00edtica no pa\u00eds, eliminando a influ\u00eancia do poder econ\u00f4mico e incrementando os mecanismos de controle e participa\u00e7\u00e3o popular. Para ouvir a voz direta das ruas o Congresso deve rapidamente acolher tal iniciativa.<br \/>\n\t&nbsp;<br \/>\n\tO Congresso Nacional, para demonstrar sincera disposi\u00e7\u00e3o de mudar de conduta, deveria viabilizar agora destitui\u00e7\u00e3o do senhor Renan Calheiros da presid\u00eancia do Senado e do deputado Feliciano da presid\u00eancia da Comiss\u00e3o de Direitos Humanos da C\u00e2mara. E mais, ainda esta semana mandar para a lata do lixo a PEC-37, garantindo tamb\u00e9m a puni\u00e7\u00e3o dos mensaleiros.<br \/>\n\t&nbsp;<br \/>\n\t3\u00ba. Nosso partido considera muito importante que todo brasileiro tenha efetivamente direito \u00e0 sa\u00fade p\u00fablica, inclusive com a presen\u00e7a de m\u00e9dicos nos munic\u00edpios mais distantes. Por\u00e9m, tal medida emergencial n\u00e3o pode ser apregoada como solu\u00e7\u00e3o final ao caos da sa\u00fade, provocado pela falta de investimentos e pela privatiza\u00e7\u00e3o dos servi\u00e7os p\u00fablicos.<br \/>\n\t&nbsp;<br \/>\n\tAssim, al\u00e9m da destina\u00e7\u00e3o de parte dos recursos do super\u00e1vit prim\u00e1rio para esta \u00e1rea, consideramos imprescind\u00edvel a revoga\u00e7\u00e3o de todos os processos de privatiza\u00e7\u00e3o de servi\u00e7os p\u00fablicos de sa\u00fade que ocorreram nos \u00faltimos tempos.<\/p>\n<p>\t4\u00ba. A revolta come\u00e7ou com a precariedade e pre\u00e7os altos dos transportes p\u00fablicos. O pacto apresentado pelo governo \u00e9 mais do mesmo. \u00c9 positivo o governo ter descoberto que pode aplicar 50 bilh\u00f5es no financiamento da amplia\u00e7\u00e3o e moderniza\u00e7\u00e3o dos servi\u00e7os, mas isso somente ocorreu devido \u00e0 press\u00e3o dos \u00faltimos dias. Por\u00e9m, faz-se necess\u00e1rio forte interven\u00e7\u00e3o da Uni\u00e3o para viabilizar aporte de recursos p\u00fablicos que permitam redu\u00e7\u00e3o mais significativa das tarifas. N\u00e3o cabe \u00e0 Uni\u00e3o empurrar o problema para os munic\u00edpios e penalizar o cidad\u00e3o. N\u00e3o cabem tamb\u00e9m mais benef\u00edcios para os empres\u00e1rios do transporte sem que antes se abram as planilhas de custo das empresas de transporte, e que todas as concess\u00f5es sejam submetidas a rigorosa auditoria.<br \/>\n\t&nbsp;<br \/>\n\tO PSOL considera que alcan\u00e7amos um outro patamar do debate sobre a quest\u00e3o, pois cada vez mais a mobilidade urbana se torna um direito p\u00fablico compar\u00e1vel \u00e0 educa\u00e7\u00e3o e sa\u00fade, deixando de ser vista como simples concess\u00e3o para explora\u00e7\u00e3o privada. Este novo quadro torna priorit\u00e1ria a aprova\u00e7\u00e3o de iniciativas legislativas que consolidem tal conceito no arcabou\u00e7o jur\u00eddico nacional.<br \/>\n\t&nbsp;<br \/>\n\tE mais, precisamos retomar os investimentos federais via BNDES para a constitui\u00e7\u00e3o e fortalecimento de empresas p\u00fablicas municipais.<br \/>\n\t&nbsp;<br \/>\n\t5\u00ba. A educa\u00e7\u00e3o, uma das demandas mais recorrentes nos cartazes que inundam nossas ruas, aparece de forma torta e insuficiente. A proposta do governo inscrita no PL 5500\/2013 \u00e9 enganosa: 100% dos royalties dos futuros contratos de concess\u00e3o e apenas 50% dos dividendos da aplica\u00e7\u00e3o no Fundo Social dos royalties do pr\u00e9-sal. Ou seja, n\u00e3o resolve nada de imediato.<br \/>\n\t&nbsp;<br \/>\n\tGoverno e Parlamento t\u00eam responsabilidades na solu\u00e7\u00e3o. Propomos a imediata vota\u00e7\u00e3o do Plano Nacional de Educa\u00e7\u00e3o, que patina nesta Casa desde dezembro de 2010. E que seja mantida a proposta de 10% do PIB para a educa\u00e7\u00e3o p\u00fablica, sem as manobras governamentais para diminuir o investimento que foram aprovadas na CAE do Senado.<br \/>\n\t&nbsp;<br \/>\n\t\u00c9 necess\u00e1rio que se inscreva no Projeto qual ser\u00e1 a responsabilidade de cada ente federado e a quantitativo de recurso a serem alocados para cumprir as metas.<br \/>\n\t&nbsp;<br \/>\n\tA exemplo do PNE, h\u00e1 iniciativas legislativas em todas as \u00e1reas cr\u00edticas, inclusive de combate \u00e0 corrup\u00e7\u00e3o e \u00e0 impunidade, que necessitam apenas de vontade pol\u00edtica no Congresso Nacional para serem aprovados com a celeridade que o clamor popular requer. Nossa bancada tem clamado por estas vota\u00e7\u00f5es \u00e0 exaust\u00e3o.<br \/>\n\t&nbsp;<br \/>\n\tNosso Partido, e o povo que est\u00e1 nas ruas,&nbsp; sabemos que h\u00e1 mais problemas que precisam de imediata solu\u00e7\u00e3o, inclusive o da Seguran\u00e7a, agravado por Pol\u00edcias Militares que t\u00eam demonstrado total despreparo para enfrentar manifesta\u00e7\u00f5es democr\u00e1ticas, tratando o povo como criminoso e v\u00e2ndalo. Acreditamos que esta pauta m\u00ednima seria um gesto efetivo de que o povo foi ouvido e que a esperan\u00e7a depositada nos governantes e em todas inst\u00e2ncias p\u00fablicas ainda pode ser recuperada.<br \/>\n\t&nbsp;<br \/>\n\tBras\u00edlia, 25 de junho de 2013.<br \/>\n\t&nbsp;<br \/>\n\tExecutiva Nacional do PSOL<br \/>\n\t&nbsp;<br \/>\n\tDeputado Ivan Valente<br \/>\n\tDeputado Jean Wyllys<br \/>\n\tDeputado Chico Alencar<br \/>\n\tSenador Randolfe Rodrigues<br \/>\n\tBancada de deputados estaduais<br \/>\n\tBancada de vereadores<\/div>\n","protected":false},"excerpt":{"rendered":"<p>Os parlamentares do PSOL concederam na tarde desta ter\u00e7a-feira (25) coletiva \u00e0 imprensa, no sal\u00e3o verde da C\u00e2mara. Os deputados Ivan Valente e Chico Alencar, o senador Randolfe Rodrigues, o vereador de Salvador Hilton Coelho e os ex-deputados federais Jo\u00e3o Batista Bab\u00e1 e Luciana Genro apresentaram aos jornalistas o posicionamento do partido em rela\u00e7\u00e3o \u00e0s [&hellip;]<\/p>\n","protected":false},"author":2,"featured_media":0,"comment_status":"open","ping_status":"open","sticky":false,"template":"","format":"standard","meta":{"_acf_changed":false,"footnotes":""},"categories":[4766],"tags":[22],"class_list":{"0":"post-2085","1":"post","2":"type-post","3":"status-publish","4":"format-standard","6":"category-arquivo","7":"tag-psol"},"acf":[],"yoast_head":"<!-- This site is optimized with the Yoast SEO plugin v26.5 - https:\/\/yoast.com\/wordpress\/plugins\/seo\/ -->\n<title>Em coletiva, PSOL comenta manifesta\u00e7\u00f5es em todo o pa\u00eds e afirma que \u00e9 preciso dar respostas concretas ao clamor nas ruas - PSOL 50<\/title>\n<meta name=\"robots\" content=\"index, follow, max-snippet:-1, max-image-preview:large, max-video-preview:-1\" \/>\n<link rel=\"canonical\" href=\"https:\/\/psol50.org.br\/em-coletiva-psol-comenta-manifestacoes-em-todo-o-pais-e-afirma-que-e-preciso-dar-respostas-concretas-ao-clamor-nas-ruas\/\" \/>\n<meta property=\"og:locale\" content=\"pt_BR\" \/>\n<meta property=\"og:type\" content=\"article\" \/>\n<meta property=\"og:title\" content=\"Em coletiva, PSOL comenta manifesta\u00e7\u00f5es em todo o pa\u00eds e afirma que \u00e9 preciso dar respostas concretas ao clamor nas ruas - PSOL 50\" \/>\n<meta property=\"og:description\" content=\"Os parlamentares do PSOL concederam na tarde desta ter\u00e7a-feira (25) coletiva \u00e0 imprensa, no sal\u00e3o verde da C\u00e2mara. Os deputados Ivan Valente e Chico Alencar, o senador Randolfe Rodrigues, o vereador de Salvador Hilton Coelho e os ex-deputados federais Jo\u00e3o Batista Bab\u00e1 e Luciana Genro apresentaram aos jornalistas o posicionamento do partido em rela\u00e7\u00e3o \u00e0s [&hellip;]\" \/>\n<meta property=\"og:url\" content=\"https:\/\/psol50.org.br\/em-coletiva-psol-comenta-manifestacoes-em-todo-o-pais-e-afirma-que-e-preciso-dar-respostas-concretas-ao-clamor-nas-ruas\/\" \/>\n<meta property=\"og:site_name\" content=\"PSOL 50\" \/>\n<meta property=\"article:publisher\" content=\"https:\/\/www.facebook.com\/psol50\" \/>\n<meta property=\"article:published_time\" content=\"2013-06-25T00:00:00+00:00\" \/>\n<meta property=\"og:image\" content=\"https:\/\/psol50.org.br\/inc\/uploads\/2018\/07\/capa.png\" \/>\n\t<meta property=\"og:image:width\" content=\"1350\" \/>\n\t<meta property=\"og:image:height\" content=\"900\" \/>\n\t<meta property=\"og:image:type\" content=\"image\/png\" \/>\n<meta name=\"author\" content=\"Comunica\u00e7\u00e3o PSOL\" \/>\n<meta name=\"twitter:card\" content=\"summary_large_image\" \/>\n<meta name=\"twitter:creator\" content=\"@psol50\" \/>\n<meta name=\"twitter:site\" content=\"@psol50\" \/>\n<meta name=\"twitter:label1\" content=\"Escrito por\" \/>\n\t<meta name=\"twitter:data1\" content=\"Comunica\u00e7\u00e3o PSOL\" \/>\n\t<meta name=\"twitter:label2\" content=\"Est. tempo de leitura\" \/>\n\t<meta name=\"twitter:data2\" content=\"10 minutos\" \/>\n<script type=\"application\/ld+json\" class=\"yoast-schema-graph\">{\"@context\":\"https:\/\/schema.org\",\"@graph\":[{\"@type\":\"Article\",\"@id\":\"https:\/\/psol50.org.br\/em-coletiva-psol-comenta-manifestacoes-em-todo-o-pais-e-afirma-que-e-preciso-dar-respostas-concretas-ao-clamor-nas-ruas\/#article\",\"isPartOf\":{\"@id\":\"https:\/\/psol50.org.br\/em-coletiva-psol-comenta-manifestacoes-em-todo-o-pais-e-afirma-que-e-preciso-dar-respostas-concretas-ao-clamor-nas-ruas\/\"},\"author\":{\"name\":\"Comunica\u00e7\u00e3o PSOL\",\"@id\":\"https:\/\/psol50.org.br\/#\/schema\/person\/475dfa57d0b815993c714c2e96491fcd\"},\"headline\":\"Em coletiva, PSOL comenta manifesta\u00e7\u00f5es em todo o pa\u00eds e afirma que \u00e9 preciso dar respostas concretas ao clamor nas ruas\",\"datePublished\":\"2013-06-25T00:00:00+00:00\",\"mainEntityOfPage\":{\"@id\":\"https:\/\/psol50.org.br\/em-coletiva-psol-comenta-manifestacoes-em-todo-o-pais-e-afirma-que-e-preciso-dar-respostas-concretas-ao-clamor-nas-ruas\/\"},\"wordCount\":1977,\"commentCount\":0,\"publisher\":{\"@id\":\"https:\/\/psol50.org.br\/#organization\"},\"keywords\":[\"PSOL\"],\"articleSection\":[\"Arquivo\"],\"inLanguage\":\"pt-BR\",\"potentialAction\":[{\"@type\":\"CommentAction\",\"name\":\"Comment\",\"target\":[\"https:\/\/psol50.org.br\/em-coletiva-psol-comenta-manifestacoes-em-todo-o-pais-e-afirma-que-e-preciso-dar-respostas-concretas-ao-clamor-nas-ruas\/#respond\"]}]},{\"@type\":\"WebPage\",\"@id\":\"https:\/\/psol50.org.br\/em-coletiva-psol-comenta-manifestacoes-em-todo-o-pais-e-afirma-que-e-preciso-dar-respostas-concretas-ao-clamor-nas-ruas\/\",\"url\":\"https:\/\/psol50.org.br\/em-coletiva-psol-comenta-manifestacoes-em-todo-o-pais-e-afirma-que-e-preciso-dar-respostas-concretas-ao-clamor-nas-ruas\/\",\"name\":\"Em coletiva, PSOL comenta manifesta\u00e7\u00f5es em todo o pa\u00eds e afirma que \u00e9 preciso dar respostas concretas ao clamor nas ruas - PSOL 50\",\"isPartOf\":{\"@id\":\"https:\/\/psol50.org.br\/#website\"},\"datePublished\":\"2013-06-25T00:00:00+00:00\",\"breadcrumb\":{\"@id\":\"https:\/\/psol50.org.br\/em-coletiva-psol-comenta-manifestacoes-em-todo-o-pais-e-afirma-que-e-preciso-dar-respostas-concretas-ao-clamor-nas-ruas\/#breadcrumb\"},\"inLanguage\":\"pt-BR\",\"potentialAction\":[{\"@type\":\"ReadAction\",\"target\":[\"https:\/\/psol50.org.br\/em-coletiva-psol-comenta-manifestacoes-em-todo-o-pais-e-afirma-que-e-preciso-dar-respostas-concretas-ao-clamor-nas-ruas\/\"]}]},{\"@type\":\"BreadcrumbList\",\"@id\":\"https:\/\/psol50.org.br\/em-coletiva-psol-comenta-manifestacoes-em-todo-o-pais-e-afirma-que-e-preciso-dar-respostas-concretas-ao-clamor-nas-ruas\/#breadcrumb\",\"itemListElement\":[{\"@type\":\"ListItem\",\"position\":1,\"name\":\"In\u00edcio\",\"item\":\"https:\/\/psol50.org.br\/\"},{\"@type\":\"ListItem\",\"position\":2,\"name\":\"Em coletiva, PSOL comenta manifesta\u00e7\u00f5es em todo o pa\u00eds e afirma que \u00e9 preciso dar respostas concretas ao clamor nas ruas\"}]},{\"@type\":\"WebSite\",\"@id\":\"https:\/\/psol50.org.br\/#website\",\"url\":\"https:\/\/psol50.org.br\/\",\"name\":\"PSOL 50\",\"description\":\"Site oficial do Partido Socialismo e Liberdade\",\"publisher\":{\"@id\":\"https:\/\/psol50.org.br\/#organization\"},\"alternateName\":\"PSOL50\",\"potentialAction\":[{\"@type\":\"SearchAction\",\"target\":{\"@type\":\"EntryPoint\",\"urlTemplate\":\"https:\/\/psol50.org.br\/?s={search_term_string}\"},\"query-input\":{\"@type\":\"PropertyValueSpecification\",\"valueRequired\":true,\"valueName\":\"search_term_string\"}}],\"inLanguage\":\"pt-BR\"},{\"@type\":\"Organization\",\"@id\":\"https:\/\/psol50.org.br\/#organization\",\"name\":\"PSOL 50\",\"alternateName\":\"PSOL 50\",\"url\":\"https:\/\/psol50.org.br\/\",\"logo\":{\"@type\":\"ImageObject\",\"inLanguage\":\"pt-BR\",\"@id\":\"https:\/\/psol50.org.br\/#\/schema\/logo\/image\/\",\"url\":\"https:\/\/psol50.org.br\/inc\/uploads\/2018\/07\/capa.png\",\"contentUrl\":\"https:\/\/psol50.org.br\/inc\/uploads\/2018\/07\/capa.png\",\"width\":1350,\"height\":900,\"caption\":\"PSOL 50\"},\"image\":{\"@id\":\"https:\/\/psol50.org.br\/#\/schema\/logo\/image\/\"},\"sameAs\":[\"https:\/\/www.facebook.com\/psol50\",\"https:\/\/x.com\/psol50\",\"https:\/\/www.instagram.com\/psol50\/\",\"https:\/\/www.youtube.com\/channel\/UC7SnJS5o1os7a6CaiNabzcg\"]},{\"@type\":\"Person\",\"@id\":\"https:\/\/psol50.org.br\/#\/schema\/person\/475dfa57d0b815993c714c2e96491fcd\",\"name\":\"Comunica\u00e7\u00e3o PSOL\",\"image\":{\"@type\":\"ImageObject\",\"inLanguage\":\"pt-BR\",\"@id\":\"https:\/\/psol50.org.br\/#\/schema\/person\/image\/\",\"url\":\"https:\/\/secure.gravatar.com\/avatar\/b34fc4f4e468a4e51785917065a3db57b841f5c95dba6ad8c73aaf8f66f8f9bf?s=96&d=mm&r=g\",\"contentUrl\":\"https:\/\/secure.gravatar.com\/avatar\/b34fc4f4e468a4e51785917065a3db57b841f5c95dba6ad8c73aaf8f66f8f9bf?s=96&d=mm&r=g\",\"caption\":\"Comunica\u00e7\u00e3o PSOL\"}}]}<\/script>\n<!-- \/ Yoast SEO plugin. -->","yoast_head_json":{"title":"Em coletiva, PSOL comenta manifesta\u00e7\u00f5es em todo o pa\u00eds e afirma que \u00e9 preciso dar respostas concretas ao clamor nas ruas - PSOL 50","robots":{"index":"index","follow":"follow","max-snippet":"max-snippet:-1","max-image-preview":"max-image-preview:large","max-video-preview":"max-video-preview:-1"},"canonical":"https:\/\/psol50.org.br\/em-coletiva-psol-comenta-manifestacoes-em-todo-o-pais-e-afirma-que-e-preciso-dar-respostas-concretas-ao-clamor-nas-ruas\/","og_locale":"pt_BR","og_type":"article","og_title":"Em coletiva, PSOL comenta manifesta\u00e7\u00f5es em todo o pa\u00eds e afirma que \u00e9 preciso dar respostas concretas ao clamor nas ruas - PSOL 50","og_description":"Os parlamentares do PSOL concederam na tarde desta ter\u00e7a-feira (25) coletiva \u00e0 imprensa, no sal\u00e3o verde da C\u00e2mara. Os deputados Ivan Valente e Chico Alencar, o senador Randolfe Rodrigues, o vereador de Salvador Hilton Coelho e os ex-deputados federais Jo\u00e3o Batista Bab\u00e1 e Luciana Genro apresentaram aos jornalistas o posicionamento do partido em rela\u00e7\u00e3o \u00e0s [&hellip;]","og_url":"https:\/\/psol50.org.br\/em-coletiva-psol-comenta-manifestacoes-em-todo-o-pais-e-afirma-que-e-preciso-dar-respostas-concretas-ao-clamor-nas-ruas\/","og_site_name":"PSOL 50","article_publisher":"https:\/\/www.facebook.com\/psol50","article_published_time":"2013-06-25T00:00:00+00:00","og_image":[{"width":1350,"height":900,"url":"https:\/\/psol50.org.br\/inc\/uploads\/2018\/07\/capa.png","type":"image\/png"}],"author":"Comunica\u00e7\u00e3o PSOL","twitter_card":"summary_large_image","twitter_creator":"@psol50","twitter_site":"@psol50","twitter_misc":{"Escrito por":"Comunica\u00e7\u00e3o PSOL","Est. tempo de leitura":"10 minutos"},"schema":{"@context":"https:\/\/schema.org","@graph":[{"@type":"Article","@id":"https:\/\/psol50.org.br\/em-coletiva-psol-comenta-manifestacoes-em-todo-o-pais-e-afirma-que-e-preciso-dar-respostas-concretas-ao-clamor-nas-ruas\/#article","isPartOf":{"@id":"https:\/\/psol50.org.br\/em-coletiva-psol-comenta-manifestacoes-em-todo-o-pais-e-afirma-que-e-preciso-dar-respostas-concretas-ao-clamor-nas-ruas\/"},"author":{"name":"Comunica\u00e7\u00e3o PSOL","@id":"https:\/\/psol50.org.br\/#\/schema\/person\/475dfa57d0b815993c714c2e96491fcd"},"headline":"Em coletiva, PSOL comenta manifesta\u00e7\u00f5es em todo o pa\u00eds e afirma que \u00e9 preciso dar respostas concretas ao clamor nas ruas","datePublished":"2013-06-25T00:00:00+00:00","mainEntityOfPage":{"@id":"https:\/\/psol50.org.br\/em-coletiva-psol-comenta-manifestacoes-em-todo-o-pais-e-afirma-que-e-preciso-dar-respostas-concretas-ao-clamor-nas-ruas\/"},"wordCount":1977,"commentCount":0,"publisher":{"@id":"https:\/\/psol50.org.br\/#organization"},"keywords":["PSOL"],"articleSection":["Arquivo"],"inLanguage":"pt-BR","potentialAction":[{"@type":"CommentAction","name":"Comment","target":["https:\/\/psol50.org.br\/em-coletiva-psol-comenta-manifestacoes-em-todo-o-pais-e-afirma-que-e-preciso-dar-respostas-concretas-ao-clamor-nas-ruas\/#respond"]}]},{"@type":"WebPage","@id":"https:\/\/psol50.org.br\/em-coletiva-psol-comenta-manifestacoes-em-todo-o-pais-e-afirma-que-e-preciso-dar-respostas-concretas-ao-clamor-nas-ruas\/","url":"https:\/\/psol50.org.br\/em-coletiva-psol-comenta-manifestacoes-em-todo-o-pais-e-afirma-que-e-preciso-dar-respostas-concretas-ao-clamor-nas-ruas\/","name":"Em coletiva, PSOL comenta manifesta\u00e7\u00f5es em todo o pa\u00eds e afirma que \u00e9 preciso dar respostas concretas ao clamor nas ruas - PSOL 50","isPartOf":{"@id":"https:\/\/psol50.org.br\/#website"},"datePublished":"2013-06-25T00:00:00+00:00","breadcrumb":{"@id":"https:\/\/psol50.org.br\/em-coletiva-psol-comenta-manifestacoes-em-todo-o-pais-e-afirma-que-e-preciso-dar-respostas-concretas-ao-clamor-nas-ruas\/#breadcrumb"},"inLanguage":"pt-BR","potentialAction":[{"@type":"ReadAction","target":["https:\/\/psol50.org.br\/em-coletiva-psol-comenta-manifestacoes-em-todo-o-pais-e-afirma-que-e-preciso-dar-respostas-concretas-ao-clamor-nas-ruas\/"]}]},{"@type":"BreadcrumbList","@id":"https:\/\/psol50.org.br\/em-coletiva-psol-comenta-manifestacoes-em-todo-o-pais-e-afirma-que-e-preciso-dar-respostas-concretas-ao-clamor-nas-ruas\/#breadcrumb","itemListElement":[{"@type":"ListItem","position":1,"name":"In\u00edcio","item":"https:\/\/psol50.org.br\/"},{"@type":"ListItem","position":2,"name":"Em coletiva, PSOL comenta manifesta\u00e7\u00f5es em todo o pa\u00eds e afirma que \u00e9 preciso dar respostas concretas ao clamor nas ruas"}]},{"@type":"WebSite","@id":"https:\/\/psol50.org.br\/#website","url":"https:\/\/psol50.org.br\/","name":"PSOL 50","description":"Site oficial do Partido Socialismo e Liberdade","publisher":{"@id":"https:\/\/psol50.org.br\/#organization"},"alternateName":"PSOL50","potentialAction":[{"@type":"SearchAction","target":{"@type":"EntryPoint","urlTemplate":"https:\/\/psol50.org.br\/?s={search_term_string}"},"query-input":{"@type":"PropertyValueSpecification","valueRequired":true,"valueName":"search_term_string"}}],"inLanguage":"pt-BR"},{"@type":"Organization","@id":"https:\/\/psol50.org.br\/#organization","name":"PSOL 50","alternateName":"PSOL 50","url":"https:\/\/psol50.org.br\/","logo":{"@type":"ImageObject","inLanguage":"pt-BR","@id":"https:\/\/psol50.org.br\/#\/schema\/logo\/image\/","url":"https:\/\/psol50.org.br\/inc\/uploads\/2018\/07\/capa.png","contentUrl":"https:\/\/psol50.org.br\/inc\/uploads\/2018\/07\/capa.png","width":1350,"height":900,"caption":"PSOL 50"},"image":{"@id":"https:\/\/psol50.org.br\/#\/schema\/logo\/image\/"},"sameAs":["https:\/\/www.facebook.com\/psol50","https:\/\/x.com\/psol50","https:\/\/www.instagram.com\/psol50\/","https:\/\/www.youtube.com\/channel\/UC7SnJS5o1os7a6CaiNabzcg"]},{"@type":"Person","@id":"https:\/\/psol50.org.br\/#\/schema\/person\/475dfa57d0b815993c714c2e96491fcd","name":"Comunica\u00e7\u00e3o PSOL","image":{"@type":"ImageObject","inLanguage":"pt-BR","@id":"https:\/\/psol50.org.br\/#\/schema\/person\/image\/","url":"https:\/\/secure.gravatar.com\/avatar\/b34fc4f4e468a4e51785917065a3db57b841f5c95dba6ad8c73aaf8f66f8f9bf?s=96&d=mm&r=g","contentUrl":"https:\/\/secure.gravatar.com\/avatar\/b34fc4f4e468a4e51785917065a3db57b841f5c95dba6ad8c73aaf8f66f8f9bf?s=96&d=mm&r=g","caption":"Comunica\u00e7\u00e3o PSOL"}}]}},"_links":{"self":[{"href":"https:\/\/psol50.org.br\/rest\/wp\/v2\/posts\/2085","targetHints":{"allow":["GET"]}}],"collection":[{"href":"https:\/\/psol50.org.br\/rest\/wp\/v2\/posts"}],"about":[{"href":"https:\/\/psol50.org.br\/rest\/wp\/v2\/types\/post"}],"author":[{"embeddable":true,"href":"https:\/\/psol50.org.br\/rest\/wp\/v2\/users\/2"}],"replies":[{"embeddable":true,"href":"https:\/\/psol50.org.br\/rest\/wp\/v2\/comments?post=2085"}],"version-history":[{"count":0,"href":"https:\/\/psol50.org.br\/rest\/wp\/v2\/posts\/2085\/revisions"}],"wp:attachment":[{"href":"https:\/\/psol50.org.br\/rest\/wp\/v2\/media?parent=2085"}],"wp:term":[{"taxonomy":"category","embeddable":true,"href":"https:\/\/psol50.org.br\/rest\/wp\/v2\/categories?post=2085"},{"taxonomy":"post_tag","embeddable":true,"href":"https:\/\/psol50.org.br\/rest\/wp\/v2\/tags?post=2085"}],"curies":[{"name":"wp","href":"https:\/\/api.w.org\/{rel}","templated":true}]}}