{"id":2086,"date":"2013-06-26T00:00:00","date_gmt":"2013-06-26T00:00:00","guid":{"rendered":"http:\/\/psol50.org.br\/arquivo\/2013\/06\/26\/nota-do-senador-randolfe-sobre-pronunciamento-de-aecio-neves-o-psdb-nao-nos-representa\/"},"modified":"2013-06-26T00:00:00","modified_gmt":"2013-06-26T00:00:00","slug":"nota-do-senador-randolfe-sobre-pronunciamento-de-aecio-neves-o-psdb-nao-nos-representa","status":"publish","type":"post","link":"https:\/\/psol50.org.br\/nota-do-senador-randolfe-sobre-pronunciamento-de-aecio-neves-o-psdb-nao-nos-representa\/","title":{"rendered":"Nota do senador Randolfe sobre pronunciamento de A\u00e9cio Neves: O PSDB n\u00e3o nos representa!"},"content":{"rendered":"<h2 class=\"western\" style=\"margin-bottom: 0cm; line-height: 100%;\">\n\t&nbsp;<\/h2>\n<div class=\"western\" style=\"margin-bottom: 0cm;\">\n<p class=\"western\" style=\"margin-bottom: 0cm; text-align: justify;\">\n\t\t<span style=\"font-size: 12px; line-height: 100%;\">Leia abaixo a nota do senador Randolfe Rodrigues, l\u00edder do PSOL no Senado, sobre o pronunciamento do senador A\u00e9cio Neves (PSDB-MG), nesta ter\u00e7a-feira (25), em que ele se intitula como l\u00edder das oposi\u00e7\u00f5es. Na nota, Randolfe afirma que o \u201cPSDB n\u00e3o nos representa\u201d e considera que a pauta apresentada pelo senador mineiro n\u00e3o \u00e9 a pauta dos que fazem oposi\u00e7\u00e3o program\u00e1tica e de esquerda ao governo federal. Segundo Randolfe, os itens apresentados por A\u00e9cio nada mudam as estruturas da pol\u00edtica brasileira e, portanto, \u201cn\u00e3o dialogam com as vozes que ecoam das ruas\u201d.<\/p>\n<p>\t\tConfira abaixo.<\/p>\n<p>\t\tO PSDB n\u00e3o nos representa!<\/span><\/p>\n<p>\t\t<span style=\"font-size: 12px; line-height: 100%;\">O Senado assistiu nesta tarde a fala do senador A\u00e9cio Neves que foi al\u00e7ado como \u201cl\u00edder das oposi\u00e7\u00f5es\u201d na qual elencou uma s\u00e9rie de propostas que foram noticiadas como sendo de todas as oposi\u00e7\u00f5es. Sobre isso, temos a dizer:<\/span><\/p>\n<p>\t\t<span style=\"font-size: 12px; line-height: 100%;\">1.A pauta apresentada pelo senador A\u00e9cio Neves, n\u00e3o \u00e9 a pauta dos que fazem oposi\u00e7\u00e3o program\u00e1tica e de esquerda ao Governo Federal e, portanto, n\u00e3o \u00e9 a nossa!<\/span><\/p>\n<p>\t\t<span style=\"font-size: 12px; line-height: 100%;\">2.Os itens apresentados pelo senador nada mudam as estruturas da pol\u00edtica brasileira e, portanto, n\u00e3o dialogam com as vozes que ecoam das ruas.<\/span><\/p>\n<p>\t\t<span style=\"font-size: 12px; line-height: 100%;\">3.O PSOL apresentou hoje (ontem, 25) uma pauta que, no nosso entendimento, \u00e9 o caminho para superar os impasses, avan\u00e7ar na mudan\u00e7a radical das estruturas pol\u00edticas do pa\u00eds e ampliar a qualidade e o financiamento dos servi\u00e7os p\u00fablicos brasileiros, dentre ela destacamos:<\/span><\/p>\n<p>\t\t<span style=\"font-size: 12px; line-height: 100%;\">a) Auditoria da D\u00edvida p\u00fablica brasileira que consome aproximadamente 50% dos recursos do or\u00e7amento federal e imediata suspens\u00e3o do pagamento para redirecionamento aos servi\u00e7os p\u00fablicos;<\/span><br \/>\n\t\t<span style=\"line-height: 100%; font-size: 12px;\">b) 10% do PIB para Educa\u00e7\u00e3o P\u00fablica;<\/span><br \/>\n\t\t<span style=\"line-height: 100%; font-size: 12px;\">c) 10% da receita bruta para Sa\u00fade e fortalecimento do SUS;<\/span><br \/>\n\t\t<span style=\"line-height: 100%; font-size: 12px;\">d) Plebiscito popular para Reforma Pol\u00edtica;<\/span><br \/>\n\t\t<span style=\"line-height: 100%; font-size: 12px;\">e) Auditoria dos contratos das obras da COPA;<\/span><br \/>\n\t\t<span style=\"line-height: 100%; font-size: 12px;\">f) Puni\u00e7\u00e3o aos corruptos e corruptores e aprova\u00e7\u00e3o de lei tornando corrup\u00e7\u00e3o em crime hediondo;<\/span><br \/>\n\t\t<span style=\"line-height: 100%; font-size: 12px;\">g) Desmilitariza\u00e7\u00e3o das pol\u00edcias;<\/span><br \/>\n\t\t<span style=\"line-height: 100%; font-size: 12px;\">h) Aprova\u00e7\u00e3o da PEC 90\/2011 que estabelece o transporte p\u00fablico como direito social;<\/span><br \/>\n\t\t<span style=\"line-height: 100%; font-size: 12px;\">i) Financiamento do governo federal para subsidiar o transporte p\u00fablico e gratuito nas cidades.<\/span><\/p>\n<p>\t\t<span style=\"font-size: 12px; line-height: 100%;\">Para o PSOL \u00e9 o conjunto dessas medidas, e n\u00e3o medidas burocr\u00e1ticas e demarcat\u00f3rias, que poder\u00e3o fazer avan\u00e7ar a vontade popular em nosso Pa\u00eds.<\/span><\/p>\n<p>\t\t<span style=\"font-size: 12px; line-height: 100%;\">Bras\u00edlia, 25 de Junho de 2013.<\/p>\n<p>\t\tSenador Randolfe Rodrigues<\/p>\n<p>\t\tL\u00edder do PSOL no Senado Federal<\/span><\/p>\n<\/div>\n<p><\/p>\n","protected":false},"excerpt":{"rendered":"<p>&nbsp; Leia abaixo a nota do senador Randolfe Rodrigues, l\u00edder do PSOL no Senado, sobre o pronunciamento do senador A\u00e9cio Neves (PSDB-MG), nesta ter\u00e7a-feira (25), em que ele se intitula como l\u00edder das oposi\u00e7\u00f5es. Na nota, Randolfe afirma que o \u201cPSDB n\u00e3o nos representa\u201d e considera que a pauta apresentada pelo senador mineiro n\u00e3o \u00e9 [&hellip;]<\/p>\n","protected":false},"author":2,"featured_media":0,"comment_status":"open","ping_status":"open","sticky":false,"template":"","format":"standard","meta":{"_acf_changed":false,"footnotes":""},"categories":[4766],"tags":[],"class_list":{"0":"post-2086","1":"post","2":"type-post","3":"status-publish","4":"format-standard","6":"category-arquivo"},"acf":[],"yoast_head":"<!-- This site is optimized with the Yoast SEO plugin v26.5 - https:\/\/yoast.com\/wordpress\/plugins\/seo\/ -->\n<title>Nota do senador Randolfe sobre pronunciamento de A\u00e9cio Neves: O PSDB n\u00e3o nos representa! - PSOL 50<\/title>\n<meta name=\"robots\" content=\"index, follow, max-snippet:-1, max-image-preview:large, max-video-preview:-1\" \/>\n<link rel=\"canonical\" href=\"https:\/\/psol50.org.br\/nota-do-senador-randolfe-sobre-pronunciamento-de-aecio-neves-o-psdb-nao-nos-representa\/\" \/>\n<meta property=\"og:locale\" content=\"pt_BR\" \/>\n<meta property=\"og:type\" content=\"article\" \/>\n<meta property=\"og:title\" content=\"Nota do senador Randolfe sobre pronunciamento de A\u00e9cio Neves: O PSDB n\u00e3o nos representa! - PSOL 50\" \/>\n<meta property=\"og:description\" content=\"&nbsp; Leia abaixo a nota do senador Randolfe Rodrigues, l\u00edder do PSOL no Senado, sobre o pronunciamento do senador A\u00e9cio Neves (PSDB-MG), nesta ter\u00e7a-feira (25), em que ele se intitula como l\u00edder das oposi\u00e7\u00f5es. Na nota, Randolfe afirma que o \u201cPSDB n\u00e3o nos representa\u201d e considera que a pauta apresentada pelo senador mineiro n\u00e3o \u00e9 [&hellip;]\" \/>\n<meta property=\"og:url\" content=\"https:\/\/psol50.org.br\/nota-do-senador-randolfe-sobre-pronunciamento-de-aecio-neves-o-psdb-nao-nos-representa\/\" \/>\n<meta property=\"og:site_name\" content=\"PSOL 50\" \/>\n<meta property=\"article:publisher\" content=\"https:\/\/www.facebook.com\/psol50\" \/>\n<meta property=\"article:published_time\" content=\"2013-06-26T00:00:00+00:00\" \/>\n<meta property=\"og:image\" content=\"https:\/\/psol50.org.br\/inc\/uploads\/2018\/07\/capa.png\" \/>\n\t<meta property=\"og:image:width\" content=\"1350\" \/>\n\t<meta property=\"og:image:height\" content=\"900\" \/>\n\t<meta property=\"og:image:type\" content=\"image\/png\" \/>\n<meta name=\"author\" content=\"Comunica\u00e7\u00e3o PSOL\" \/>\n<meta name=\"twitter:card\" content=\"summary_large_image\" \/>\n<meta name=\"twitter:creator\" content=\"@psol50\" \/>\n<meta name=\"twitter:site\" content=\"@psol50\" \/>\n<meta name=\"twitter:label1\" content=\"Escrito por\" \/>\n\t<meta name=\"twitter:data1\" content=\"Comunica\u00e7\u00e3o PSOL\" \/>\n\t<meta name=\"twitter:label2\" content=\"Est. tempo de leitura\" \/>\n\t<meta name=\"twitter:data2\" content=\"2 minutos\" \/>\n<script type=\"application\/ld+json\" class=\"yoast-schema-graph\">{\"@context\":\"https:\/\/schema.org\",\"@graph\":[{\"@type\":\"Article\",\"@id\":\"https:\/\/psol50.org.br\/nota-do-senador-randolfe-sobre-pronunciamento-de-aecio-neves-o-psdb-nao-nos-representa\/#article\",\"isPartOf\":{\"@id\":\"https:\/\/psol50.org.br\/nota-do-senador-randolfe-sobre-pronunciamento-de-aecio-neves-o-psdb-nao-nos-representa\/\"},\"author\":{\"name\":\"Comunica\u00e7\u00e3o PSOL\",\"@id\":\"https:\/\/psol50.org.br\/#\/schema\/person\/475dfa57d0b815993c714c2e96491fcd\"},\"headline\":\"Nota do senador Randolfe sobre pronunciamento de A\u00e9cio Neves: O PSDB n\u00e3o nos representa!\",\"datePublished\":\"2013-06-26T00:00:00+00:00\",\"mainEntityOfPage\":{\"@id\":\"https:\/\/psol50.org.br\/nota-do-senador-randolfe-sobre-pronunciamento-de-aecio-neves-o-psdb-nao-nos-representa\/\"},\"wordCount\":435,\"commentCount\":0,\"publisher\":{\"@id\":\"https:\/\/psol50.org.br\/#organization\"},\"articleSection\":[\"Arquivo\"],\"inLanguage\":\"pt-BR\",\"potentialAction\":[{\"@type\":\"CommentAction\",\"name\":\"Comment\",\"target\":[\"https:\/\/psol50.org.br\/nota-do-senador-randolfe-sobre-pronunciamento-de-aecio-neves-o-psdb-nao-nos-representa\/#respond\"]}]},{\"@type\":\"WebPage\",\"@id\":\"https:\/\/psol50.org.br\/nota-do-senador-randolfe-sobre-pronunciamento-de-aecio-neves-o-psdb-nao-nos-representa\/\",\"url\":\"https:\/\/psol50.org.br\/nota-do-senador-randolfe-sobre-pronunciamento-de-aecio-neves-o-psdb-nao-nos-representa\/\",\"name\":\"Nota do senador Randolfe sobre pronunciamento de A\u00e9cio Neves: O PSDB n\u00e3o nos representa! - PSOL 50\",\"isPartOf\":{\"@id\":\"https:\/\/psol50.org.br\/#website\"},\"datePublished\":\"2013-06-26T00:00:00+00:00\",\"breadcrumb\":{\"@id\":\"https:\/\/psol50.org.br\/nota-do-senador-randolfe-sobre-pronunciamento-de-aecio-neves-o-psdb-nao-nos-representa\/#breadcrumb\"},\"inLanguage\":\"pt-BR\",\"potentialAction\":[{\"@type\":\"ReadAction\",\"target\":[\"https:\/\/psol50.org.br\/nota-do-senador-randolfe-sobre-pronunciamento-de-aecio-neves-o-psdb-nao-nos-representa\/\"]}]},{\"@type\":\"BreadcrumbList\",\"@id\":\"https:\/\/psol50.org.br\/nota-do-senador-randolfe-sobre-pronunciamento-de-aecio-neves-o-psdb-nao-nos-representa\/#breadcrumb\",\"itemListElement\":[{\"@type\":\"ListItem\",\"position\":1,\"name\":\"In\u00edcio\",\"item\":\"https:\/\/psol50.org.br\/\"},{\"@type\":\"ListItem\",\"position\":2,\"name\":\"Nota do senador Randolfe sobre pronunciamento de A\u00e9cio Neves: O PSDB n\u00e3o nos representa!\"}]},{\"@type\":\"WebSite\",\"@id\":\"https:\/\/psol50.org.br\/#website\",\"url\":\"https:\/\/psol50.org.br\/\",\"name\":\"PSOL 50\",\"description\":\"Site oficial do Partido Socialismo e Liberdade\",\"publisher\":{\"@id\":\"https:\/\/psol50.org.br\/#organization\"},\"alternateName\":\"PSOL50\",\"potentialAction\":[{\"@type\":\"SearchAction\",\"target\":{\"@type\":\"EntryPoint\",\"urlTemplate\":\"https:\/\/psol50.org.br\/?s={search_term_string}\"},\"query-input\":{\"@type\":\"PropertyValueSpecification\",\"valueRequired\":true,\"valueName\":\"search_term_string\"}}],\"inLanguage\":\"pt-BR\"},{\"@type\":\"Organization\",\"@id\":\"https:\/\/psol50.org.br\/#organization\",\"name\":\"PSOL 50\",\"alternateName\":\"PSOL 50\",\"url\":\"https:\/\/psol50.org.br\/\",\"logo\":{\"@type\":\"ImageObject\",\"inLanguage\":\"pt-BR\",\"@id\":\"https:\/\/psol50.org.br\/#\/schema\/logo\/image\/\",\"url\":\"https:\/\/psol50.org.br\/inc\/uploads\/2018\/07\/capa.png\",\"contentUrl\":\"https:\/\/psol50.org.br\/inc\/uploads\/2018\/07\/capa.png\",\"width\":1350,\"height\":900,\"caption\":\"PSOL 50\"},\"image\":{\"@id\":\"https:\/\/psol50.org.br\/#\/schema\/logo\/image\/\"},\"sameAs\":[\"https:\/\/www.facebook.com\/psol50\",\"https:\/\/x.com\/psol50\",\"https:\/\/www.instagram.com\/psol50\/\",\"https:\/\/www.youtube.com\/channel\/UC7SnJS5o1os7a6CaiNabzcg\"]},{\"@type\":\"Person\",\"@id\":\"https:\/\/psol50.org.br\/#\/schema\/person\/475dfa57d0b815993c714c2e96491fcd\",\"name\":\"Comunica\u00e7\u00e3o PSOL\",\"image\":{\"@type\":\"ImageObject\",\"inLanguage\":\"pt-BR\",\"@id\":\"https:\/\/psol50.org.br\/#\/schema\/person\/image\/\",\"url\":\"https:\/\/secure.gravatar.com\/avatar\/b34fc4f4e468a4e51785917065a3db57b841f5c95dba6ad8c73aaf8f66f8f9bf?s=96&d=mm&r=g\",\"contentUrl\":\"https:\/\/secure.gravatar.com\/avatar\/b34fc4f4e468a4e51785917065a3db57b841f5c95dba6ad8c73aaf8f66f8f9bf?s=96&d=mm&r=g\",\"caption\":\"Comunica\u00e7\u00e3o PSOL\"}}]}<\/script>\n<!-- \/ Yoast SEO plugin. -->","yoast_head_json":{"title":"Nota do senador Randolfe sobre pronunciamento de A\u00e9cio Neves: O PSDB n\u00e3o nos representa! - PSOL 50","robots":{"index":"index","follow":"follow","max-snippet":"max-snippet:-1","max-image-preview":"max-image-preview:large","max-video-preview":"max-video-preview:-1"},"canonical":"https:\/\/psol50.org.br\/nota-do-senador-randolfe-sobre-pronunciamento-de-aecio-neves-o-psdb-nao-nos-representa\/","og_locale":"pt_BR","og_type":"article","og_title":"Nota do senador Randolfe sobre pronunciamento de A\u00e9cio Neves: O PSDB n\u00e3o nos representa! - PSOL 50","og_description":"&nbsp; Leia abaixo a nota do senador Randolfe Rodrigues, l\u00edder do PSOL no Senado, sobre o pronunciamento do senador A\u00e9cio Neves (PSDB-MG), nesta ter\u00e7a-feira (25), em que ele se intitula como l\u00edder das oposi\u00e7\u00f5es. Na nota, Randolfe afirma que o \u201cPSDB n\u00e3o nos representa\u201d e considera que a pauta apresentada pelo senador mineiro n\u00e3o \u00e9 [&hellip;]","og_url":"https:\/\/psol50.org.br\/nota-do-senador-randolfe-sobre-pronunciamento-de-aecio-neves-o-psdb-nao-nos-representa\/","og_site_name":"PSOL 50","article_publisher":"https:\/\/www.facebook.com\/psol50","article_published_time":"2013-06-26T00:00:00+00:00","og_image":[{"width":1350,"height":900,"url":"https:\/\/psol50.org.br\/inc\/uploads\/2018\/07\/capa.png","type":"image\/png"}],"author":"Comunica\u00e7\u00e3o PSOL","twitter_card":"summary_large_image","twitter_creator":"@psol50","twitter_site":"@psol50","twitter_misc":{"Escrito por":"Comunica\u00e7\u00e3o PSOL","Est. tempo de leitura":"2 minutos"},"schema":{"@context":"https:\/\/schema.org","@graph":[{"@type":"Article","@id":"https:\/\/psol50.org.br\/nota-do-senador-randolfe-sobre-pronunciamento-de-aecio-neves-o-psdb-nao-nos-representa\/#article","isPartOf":{"@id":"https:\/\/psol50.org.br\/nota-do-senador-randolfe-sobre-pronunciamento-de-aecio-neves-o-psdb-nao-nos-representa\/"},"author":{"name":"Comunica\u00e7\u00e3o PSOL","@id":"https:\/\/psol50.org.br\/#\/schema\/person\/475dfa57d0b815993c714c2e96491fcd"},"headline":"Nota do senador Randolfe sobre pronunciamento de A\u00e9cio Neves: O PSDB n\u00e3o nos representa!","datePublished":"2013-06-26T00:00:00+00:00","mainEntityOfPage":{"@id":"https:\/\/psol50.org.br\/nota-do-senador-randolfe-sobre-pronunciamento-de-aecio-neves-o-psdb-nao-nos-representa\/"},"wordCount":435,"commentCount":0,"publisher":{"@id":"https:\/\/psol50.org.br\/#organization"},"articleSection":["Arquivo"],"inLanguage":"pt-BR","potentialAction":[{"@type":"CommentAction","name":"Comment","target":["https:\/\/psol50.org.br\/nota-do-senador-randolfe-sobre-pronunciamento-de-aecio-neves-o-psdb-nao-nos-representa\/#respond"]}]},{"@type":"WebPage","@id":"https:\/\/psol50.org.br\/nota-do-senador-randolfe-sobre-pronunciamento-de-aecio-neves-o-psdb-nao-nos-representa\/","url":"https:\/\/psol50.org.br\/nota-do-senador-randolfe-sobre-pronunciamento-de-aecio-neves-o-psdb-nao-nos-representa\/","name":"Nota do senador Randolfe sobre pronunciamento de A\u00e9cio Neves: O PSDB n\u00e3o nos representa! - PSOL 50","isPartOf":{"@id":"https:\/\/psol50.org.br\/#website"},"datePublished":"2013-06-26T00:00:00+00:00","breadcrumb":{"@id":"https:\/\/psol50.org.br\/nota-do-senador-randolfe-sobre-pronunciamento-de-aecio-neves-o-psdb-nao-nos-representa\/#breadcrumb"},"inLanguage":"pt-BR","potentialAction":[{"@type":"ReadAction","target":["https:\/\/psol50.org.br\/nota-do-senador-randolfe-sobre-pronunciamento-de-aecio-neves-o-psdb-nao-nos-representa\/"]}]},{"@type":"BreadcrumbList","@id":"https:\/\/psol50.org.br\/nota-do-senador-randolfe-sobre-pronunciamento-de-aecio-neves-o-psdb-nao-nos-representa\/#breadcrumb","itemListElement":[{"@type":"ListItem","position":1,"name":"In\u00edcio","item":"https:\/\/psol50.org.br\/"},{"@type":"ListItem","position":2,"name":"Nota do senador Randolfe sobre pronunciamento de A\u00e9cio Neves: O PSDB n\u00e3o nos representa!"}]},{"@type":"WebSite","@id":"https:\/\/psol50.org.br\/#website","url":"https:\/\/psol50.org.br\/","name":"PSOL 50","description":"Site oficial do Partido Socialismo e Liberdade","publisher":{"@id":"https:\/\/psol50.org.br\/#organization"},"alternateName":"PSOL50","potentialAction":[{"@type":"SearchAction","target":{"@type":"EntryPoint","urlTemplate":"https:\/\/psol50.org.br\/?s={search_term_string}"},"query-input":{"@type":"PropertyValueSpecification","valueRequired":true,"valueName":"search_term_string"}}],"inLanguage":"pt-BR"},{"@type":"Organization","@id":"https:\/\/psol50.org.br\/#organization","name":"PSOL 50","alternateName":"PSOL 50","url":"https:\/\/psol50.org.br\/","logo":{"@type":"ImageObject","inLanguage":"pt-BR","@id":"https:\/\/psol50.org.br\/#\/schema\/logo\/image\/","url":"https:\/\/psol50.org.br\/inc\/uploads\/2018\/07\/capa.png","contentUrl":"https:\/\/psol50.org.br\/inc\/uploads\/2018\/07\/capa.png","width":1350,"height":900,"caption":"PSOL 50"},"image":{"@id":"https:\/\/psol50.org.br\/#\/schema\/logo\/image\/"},"sameAs":["https:\/\/www.facebook.com\/psol50","https:\/\/x.com\/psol50","https:\/\/www.instagram.com\/psol50\/","https:\/\/www.youtube.com\/channel\/UC7SnJS5o1os7a6CaiNabzcg"]},{"@type":"Person","@id":"https:\/\/psol50.org.br\/#\/schema\/person\/475dfa57d0b815993c714c2e96491fcd","name":"Comunica\u00e7\u00e3o PSOL","image":{"@type":"ImageObject","inLanguage":"pt-BR","@id":"https:\/\/psol50.org.br\/#\/schema\/person\/image\/","url":"https:\/\/secure.gravatar.com\/avatar\/b34fc4f4e468a4e51785917065a3db57b841f5c95dba6ad8c73aaf8f66f8f9bf?s=96&d=mm&r=g","contentUrl":"https:\/\/secure.gravatar.com\/avatar\/b34fc4f4e468a4e51785917065a3db57b841f5c95dba6ad8c73aaf8f66f8f9bf?s=96&d=mm&r=g","caption":"Comunica\u00e7\u00e3o PSOL"}}]}},"_links":{"self":[{"href":"https:\/\/psol50.org.br\/rest\/wp\/v2\/posts\/2086","targetHints":{"allow":["GET"]}}],"collection":[{"href":"https:\/\/psol50.org.br\/rest\/wp\/v2\/posts"}],"about":[{"href":"https:\/\/psol50.org.br\/rest\/wp\/v2\/types\/post"}],"author":[{"embeddable":true,"href":"https:\/\/psol50.org.br\/rest\/wp\/v2\/users\/2"}],"replies":[{"embeddable":true,"href":"https:\/\/psol50.org.br\/rest\/wp\/v2\/comments?post=2086"}],"version-history":[{"count":0,"href":"https:\/\/psol50.org.br\/rest\/wp\/v2\/posts\/2086\/revisions"}],"wp:attachment":[{"href":"https:\/\/psol50.org.br\/rest\/wp\/v2\/media?parent=2086"}],"wp:term":[{"taxonomy":"category","embeddable":true,"href":"https:\/\/psol50.org.br\/rest\/wp\/v2\/categories?post=2086"},{"taxonomy":"post_tag","embeddable":true,"href":"https:\/\/psol50.org.br\/rest\/wp\/v2\/tags?post=2086"}],"curies":[{"name":"wp","href":"https:\/\/api.w.org\/{rel}","templated":true}]}}