{"id":20861,"date":"2018-05-29T14:57:28","date_gmt":"2018-05-29T17:57:28","guid":{"rendered":"http:\/\/www.psol50.org.br\/?p=20861"},"modified":"2018-05-29T14:57:28","modified_gmt":"2018-05-29T17:57:28","slug":"nota-a-militancia-do-psol","status":"publish","type":"post","link":"https:\/\/psol50.org.br\/nota-a-militancia-do-psol\/","title":{"rendered":"Nota \u00e0 milit\u00e2ncia do PSOL"},"content":{"rendered":"<p>Diante da manuten\u00e7\u00e3o da grav\u00edssima crise nacional a partir da continuidade da greve dos caminhoneiros e da crise de abastecimento que n\u00e3o se resolve, do crescente desgaste do governo Temer, que perdeu toda a credibilidade para estabilizar o pa\u00eds, e da possibilidade de que a entrada em cena de petroleiros e outras categorias organizadas permitam que as pautas e reivindica\u00e7\u00f5es progressistas disputem a popula\u00e7\u00e3o contra o crescente e inaceit\u00e1vel apelo \u00e0 interven\u00e7\u00e3o militar, a Executiva Nacional prop\u00f5e as seguintes medidas:<\/p>\n<p>1. Total apoio e engajamento na greve dos petroleiros;<\/p>\n<p>2- Manuten\u00e7\u00e3o do nosso apoio \u00e0 greve dos caminhoneiros. Contra pol\u00edtica de desonera\u00e7\u00f5es que favorece os interesses das grandes empresas de transporte<\/p>\n<p>3. Participa\u00e7\u00e3o massiva da milit\u00e2ncia do PSOL nos atos convocados para amanh\u00e3 pela Frente Povo Sem Medo e Frente Brasil Popular nesta quarta (30);<\/p>\n<p>4. Realiza\u00e7\u00e3o de plen\u00e1rias com a milit\u00e2ncia do PSOL em conjunto com nossos aliados em todo o Brasil para manter a mobiliza\u00e7\u00e3o contra as sa\u00eddas reacion\u00e1rias para a crise;<\/p>\n<p>5. Denunciar publicamente as propostas de interven\u00e7\u00e3o militar! Reafirmar a campanha pelo Fora Temer! e pela Garantia de elei\u00e7\u00f5es democr\u00e1ticas e livres;<\/p>\n<p>6. Contra a pol\u00edtica de pre\u00e7os. Fora Parente da Petrobras!<\/p>\n<p><strong>Executiva Nacional do PSOL<\/strong><br \/>\n<strong>29 de maio de 2018<\/strong><\/p>\n","protected":false},"excerpt":{"rendered":"<p>Diante da manuten\u00e7\u00e3o da grav\u00edssima crise nacional a partir da continuidade da greve dos caminhoneiros e da crise de abastecimento que n\u00e3o se resolve, do crescente desgaste do governo Temer, que perdeu toda a credibilidade para estabilizar o pa\u00eds, e da possibilidade de que a entrada em cena de petroleiros e outras categorias organizadas permitam [&hellip;]<\/p>\n","protected":false},"author":2,"featured_media":20395,"comment_status":"open","ping_status":"open","sticky":false,"template":"","format":"standard","meta":{"_acf_changed":false,"footnotes":""},"categories":[1882,6,14],"tags":[242,2169,2538,243,202],"class_list":{"0":"post-20861","1":"post","2":"type-post","3":"status-publish","4":"format-standard","5":"has-post-thumbnail","7":"category-brasil","8":"category-noticias","9":"category-partido","10":"tag-executiva-nacional-do-psol","11":"tag-fora-temer","12":"tag-greve-dos-caminhoneiros","13":"tag-nota-do-psol","14":"tag-petrobras"},"acf":[],"yoast_head":"<!-- This site is optimized with the Yoast SEO plugin v26.5 - https:\/\/yoast.com\/wordpress\/plugins\/seo\/ -->\n<title>Nota \u00e0 milit\u00e2ncia do PSOL - PSOL 50<\/title>\n<meta name=\"robots\" content=\"index, follow, max-snippet:-1, max-image-preview:large, max-video-preview:-1\" \/>\n<link rel=\"canonical\" href=\"https:\/\/psol50.org.br\/nota-a-militancia-do-psol\/\" \/>\n<meta property=\"og:locale\" content=\"pt_BR\" \/>\n<meta property=\"og:type\" content=\"article\" \/>\n<meta property=\"og:title\" content=\"Nota \u00e0 milit\u00e2ncia do PSOL\" \/>\n<meta property=\"og:description\" content=\"Posicionamento da Executiva Nacional do PSOL frente \u00e0 continuidade da greve dos caminhoneiros e da crise de abastecimento.\" \/>\n<meta property=\"og:url\" content=\"https:\/\/psol50.org.br\/nota-a-militancia-do-psol\/\" \/>\n<meta property=\"og:site_name\" content=\"PSOL 50\" \/>\n<meta property=\"article:publisher\" content=\"https:\/\/www.facebook.com\/psol50\" \/>\n<meta property=\"article:published_time\" content=\"2018-05-29T17:57:28+00:00\" \/>\n<meta property=\"og:image\" content=\"https:\/\/psol50.org.br\/inc\/uploads\/2018\/03\/NotadoPSOL.Branca.jpg\" \/>\n\t<meta property=\"og:image:width\" content=\"1350\" \/>\n\t<meta property=\"og:image:height\" content=\"900\" \/>\n\t<meta property=\"og:image:type\" content=\"image\/jpeg\" \/>\n<meta name=\"author\" content=\"Comunica\u00e7\u00e3o PSOL\" \/>\n<meta name=\"twitter:card\" content=\"summary_large_image\" \/>\n<meta name=\"twitter:title\" content=\"Nota \u00e0 milit\u00e2ncia do PSOL\" \/>\n<meta name=\"twitter:description\" content=\"Posicionamento da Executiva Nacional do PSOL frente \u00e0 continuidade da greve dos caminhoneiros e da crise de abastecimento.\" \/>\n<meta name=\"twitter:creator\" content=\"@psol50\" \/>\n<meta name=\"twitter:site\" content=\"@psol50\" \/>\n<meta name=\"twitter:label1\" content=\"Escrito por\" \/>\n\t<meta name=\"twitter:data1\" content=\"Comunica\u00e7\u00e3o PSOL\" \/>\n\t<meta name=\"twitter:label2\" content=\"Est. tempo de leitura\" \/>\n\t<meta name=\"twitter:data2\" content=\"1 minuto\" \/>\n<script type=\"application\/ld+json\" class=\"yoast-schema-graph\">{\"@context\":\"https:\/\/schema.org\",\"@graph\":[{\"@type\":\"Article\",\"@id\":\"https:\/\/psol50.org.br\/nota-a-militancia-do-psol\/#article\",\"isPartOf\":{\"@id\":\"https:\/\/psol50.org.br\/nota-a-militancia-do-psol\/\"},\"author\":{\"name\":\"Comunica\u00e7\u00e3o PSOL\",\"@id\":\"https:\/\/psol50.org.br\/#\/schema\/person\/475dfa57d0b815993c714c2e96491fcd\"},\"headline\":\"Nota \u00e0 milit\u00e2ncia do PSOL\",\"datePublished\":\"2018-05-29T17:57:28+00:00\",\"mainEntityOfPage\":{\"@id\":\"https:\/\/psol50.org.br\/nota-a-militancia-do-psol\/\"},\"wordCount\":225,\"commentCount\":0,\"publisher\":{\"@id\":\"https:\/\/psol50.org.br\/#organization\"},\"image\":{\"@id\":\"https:\/\/psol50.org.br\/nota-a-militancia-do-psol\/#primaryimage\"},\"thumbnailUrl\":\"https:\/\/psol50.org.br\/inc\/uploads\/2018\/03\/NotadoPSOL.Branca.jpg\",\"keywords\":[\"Executiva Nacional do PSOL\",\"Fora Temer\",\"greve dos caminhoneiros\",\"Nota do PSOL\",\"Petrobras\"],\"articleSection\":[\"Brasil\",\"Not\u00edcias\",\"Partido\"],\"inLanguage\":\"pt-BR\",\"potentialAction\":[{\"@type\":\"CommentAction\",\"name\":\"Comment\",\"target\":[\"https:\/\/psol50.org.br\/nota-a-militancia-do-psol\/#respond\"]}]},{\"@type\":\"WebPage\",\"@id\":\"https:\/\/psol50.org.br\/nota-a-militancia-do-psol\/\",\"url\":\"https:\/\/psol50.org.br\/nota-a-militancia-do-psol\/\",\"name\":\"Nota \u00e0 milit\u00e2ncia do PSOL - PSOL 50\",\"isPartOf\":{\"@id\":\"https:\/\/psol50.org.br\/#website\"},\"primaryImageOfPage\":{\"@id\":\"https:\/\/psol50.org.br\/nota-a-militancia-do-psol\/#primaryimage\"},\"image\":{\"@id\":\"https:\/\/psol50.org.br\/nota-a-militancia-do-psol\/#primaryimage\"},\"thumbnailUrl\":\"https:\/\/psol50.org.br\/inc\/uploads\/2018\/03\/NotadoPSOL.Branca.jpg\",\"datePublished\":\"2018-05-29T17:57:28+00:00\",\"breadcrumb\":{\"@id\":\"https:\/\/psol50.org.br\/nota-a-militancia-do-psol\/#breadcrumb\"},\"inLanguage\":\"pt-BR\",\"potentialAction\":[{\"@type\":\"ReadAction\",\"target\":[\"https:\/\/psol50.org.br\/nota-a-militancia-do-psol\/\"]}]},{\"@type\":\"ImageObject\",\"inLanguage\":\"pt-BR\",\"@id\":\"https:\/\/psol50.org.br\/nota-a-militancia-do-psol\/#primaryimage\",\"url\":\"https:\/\/psol50.org.br\/inc\/uploads\/2018\/03\/NotadoPSOL.Branca.jpg\",\"contentUrl\":\"https:\/\/psol50.org.br\/inc\/uploads\/2018\/03\/NotadoPSOL.Branca.jpg\",\"width\":1350,\"height\":900},{\"@type\":\"BreadcrumbList\",\"@id\":\"https:\/\/psol50.org.br\/nota-a-militancia-do-psol\/#breadcrumb\",\"itemListElement\":[{\"@type\":\"ListItem\",\"position\":1,\"name\":\"In\u00edcio\",\"item\":\"https:\/\/psol50.org.br\/\"},{\"@type\":\"ListItem\",\"position\":2,\"name\":\"Nota \u00e0 milit\u00e2ncia do PSOL\"}]},{\"@type\":\"WebSite\",\"@id\":\"https:\/\/psol50.org.br\/#website\",\"url\":\"https:\/\/psol50.org.br\/\",\"name\":\"PSOL 50\",\"description\":\"Site oficial do Partido Socialismo e Liberdade\",\"publisher\":{\"@id\":\"https:\/\/psol50.org.br\/#organization\"},\"alternateName\":\"PSOL50\",\"potentialAction\":[{\"@type\":\"SearchAction\",\"target\":{\"@type\":\"EntryPoint\",\"urlTemplate\":\"https:\/\/psol50.org.br\/?s={search_term_string}\"},\"query-input\":{\"@type\":\"PropertyValueSpecification\",\"valueRequired\":true,\"valueName\":\"search_term_string\"}}],\"inLanguage\":\"pt-BR\"},{\"@type\":\"Organization\",\"@id\":\"https:\/\/psol50.org.br\/#organization\",\"name\":\"PSOL 50\",\"alternateName\":\"PSOL 50\",\"url\":\"https:\/\/psol50.org.br\/\",\"logo\":{\"@type\":\"ImageObject\",\"inLanguage\":\"pt-BR\",\"@id\":\"https:\/\/psol50.org.br\/#\/schema\/logo\/image\/\",\"url\":\"https:\/\/psol50.org.br\/inc\/uploads\/2018\/07\/capa.png\",\"contentUrl\":\"https:\/\/psol50.org.br\/inc\/uploads\/2018\/07\/capa.png\",\"width\":1350,\"height\":900,\"caption\":\"PSOL 50\"},\"image\":{\"@id\":\"https:\/\/psol50.org.br\/#\/schema\/logo\/image\/\"},\"sameAs\":[\"https:\/\/www.facebook.com\/psol50\",\"https:\/\/x.com\/psol50\",\"https:\/\/www.instagram.com\/psol50\/\",\"https:\/\/www.youtube.com\/channel\/UC7SnJS5o1os7a6CaiNabzcg\"]},{\"@type\":\"Person\",\"@id\":\"https:\/\/psol50.org.br\/#\/schema\/person\/475dfa57d0b815993c714c2e96491fcd\",\"name\":\"Comunica\u00e7\u00e3o PSOL\",\"image\":{\"@type\":\"ImageObject\",\"inLanguage\":\"pt-BR\",\"@id\":\"https:\/\/psol50.org.br\/#\/schema\/person\/image\/\",\"url\":\"https:\/\/secure.gravatar.com\/avatar\/b34fc4f4e468a4e51785917065a3db57b841f5c95dba6ad8c73aaf8f66f8f9bf?s=96&d=mm&r=g\",\"contentUrl\":\"https:\/\/secure.gravatar.com\/avatar\/b34fc4f4e468a4e51785917065a3db57b841f5c95dba6ad8c73aaf8f66f8f9bf?s=96&d=mm&r=g\",\"caption\":\"Comunica\u00e7\u00e3o PSOL\"}}]}<\/script>\n<!-- \/ Yoast SEO plugin. -->","yoast_head_json":{"title":"Nota \u00e0 milit\u00e2ncia do PSOL - PSOL 50","robots":{"index":"index","follow":"follow","max-snippet":"max-snippet:-1","max-image-preview":"max-image-preview:large","max-video-preview":"max-video-preview:-1"},"canonical":"https:\/\/psol50.org.br\/nota-a-militancia-do-psol\/","og_locale":"pt_BR","og_type":"article","og_title":"Nota \u00e0 milit\u00e2ncia do PSOL","og_description":"Posicionamento da Executiva Nacional do PSOL frente \u00e0 continuidade da greve dos caminhoneiros e da crise de abastecimento.","og_url":"https:\/\/psol50.org.br\/nota-a-militancia-do-psol\/","og_site_name":"PSOL 50","article_publisher":"https:\/\/www.facebook.com\/psol50","article_published_time":"2018-05-29T17:57:28+00:00","og_image":[{"width":1350,"height":900,"url":"https:\/\/psol50.org.br\/inc\/uploads\/2018\/03\/NotadoPSOL.Branca.jpg","type":"image\/jpeg"}],"author":"Comunica\u00e7\u00e3o PSOL","twitter_card":"summary_large_image","twitter_title":"Nota \u00e0 milit\u00e2ncia do PSOL","twitter_description":"Posicionamento da Executiva Nacional do PSOL frente \u00e0 continuidade da greve dos caminhoneiros e da crise de abastecimento.","twitter_creator":"@psol50","twitter_site":"@psol50","twitter_misc":{"Escrito por":"Comunica\u00e7\u00e3o PSOL","Est. tempo de leitura":"1 minuto"},"schema":{"@context":"https:\/\/schema.org","@graph":[{"@type":"Article","@id":"https:\/\/psol50.org.br\/nota-a-militancia-do-psol\/#article","isPartOf":{"@id":"https:\/\/psol50.org.br\/nota-a-militancia-do-psol\/"},"author":{"name":"Comunica\u00e7\u00e3o PSOL","@id":"https:\/\/psol50.org.br\/#\/schema\/person\/475dfa57d0b815993c714c2e96491fcd"},"headline":"Nota \u00e0 milit\u00e2ncia do PSOL","datePublished":"2018-05-29T17:57:28+00:00","mainEntityOfPage":{"@id":"https:\/\/psol50.org.br\/nota-a-militancia-do-psol\/"},"wordCount":225,"commentCount":0,"publisher":{"@id":"https:\/\/psol50.org.br\/#organization"},"image":{"@id":"https:\/\/psol50.org.br\/nota-a-militancia-do-psol\/#primaryimage"},"thumbnailUrl":"https:\/\/psol50.org.br\/inc\/uploads\/2018\/03\/NotadoPSOL.Branca.jpg","keywords":["Executiva Nacional do PSOL","Fora Temer","greve dos caminhoneiros","Nota do PSOL","Petrobras"],"articleSection":["Brasil","Not\u00edcias","Partido"],"inLanguage":"pt-BR","potentialAction":[{"@type":"CommentAction","name":"Comment","target":["https:\/\/psol50.org.br\/nota-a-militancia-do-psol\/#respond"]}]},{"@type":"WebPage","@id":"https:\/\/psol50.org.br\/nota-a-militancia-do-psol\/","url":"https:\/\/psol50.org.br\/nota-a-militancia-do-psol\/","name":"Nota \u00e0 milit\u00e2ncia do PSOL - PSOL 50","isPartOf":{"@id":"https:\/\/psol50.org.br\/#website"},"primaryImageOfPage":{"@id":"https:\/\/psol50.org.br\/nota-a-militancia-do-psol\/#primaryimage"},"image":{"@id":"https:\/\/psol50.org.br\/nota-a-militancia-do-psol\/#primaryimage"},"thumbnailUrl":"https:\/\/psol50.org.br\/inc\/uploads\/2018\/03\/NotadoPSOL.Branca.jpg","datePublished":"2018-05-29T17:57:28+00:00","breadcrumb":{"@id":"https:\/\/psol50.org.br\/nota-a-militancia-do-psol\/#breadcrumb"},"inLanguage":"pt-BR","potentialAction":[{"@type":"ReadAction","target":["https:\/\/psol50.org.br\/nota-a-militancia-do-psol\/"]}]},{"@type":"ImageObject","inLanguage":"pt-BR","@id":"https:\/\/psol50.org.br\/nota-a-militancia-do-psol\/#primaryimage","url":"https:\/\/psol50.org.br\/inc\/uploads\/2018\/03\/NotadoPSOL.Branca.jpg","contentUrl":"https:\/\/psol50.org.br\/inc\/uploads\/2018\/03\/NotadoPSOL.Branca.jpg","width":1350,"height":900},{"@type":"BreadcrumbList","@id":"https:\/\/psol50.org.br\/nota-a-militancia-do-psol\/#breadcrumb","itemListElement":[{"@type":"ListItem","position":1,"name":"In\u00edcio","item":"https:\/\/psol50.org.br\/"},{"@type":"ListItem","position":2,"name":"Nota \u00e0 milit\u00e2ncia do PSOL"}]},{"@type":"WebSite","@id":"https:\/\/psol50.org.br\/#website","url":"https:\/\/psol50.org.br\/","name":"PSOL 50","description":"Site oficial do Partido Socialismo e Liberdade","publisher":{"@id":"https:\/\/psol50.org.br\/#organization"},"alternateName":"PSOL50","potentialAction":[{"@type":"SearchAction","target":{"@type":"EntryPoint","urlTemplate":"https:\/\/psol50.org.br\/?s={search_term_string}"},"query-input":{"@type":"PropertyValueSpecification","valueRequired":true,"valueName":"search_term_string"}}],"inLanguage":"pt-BR"},{"@type":"Organization","@id":"https:\/\/psol50.org.br\/#organization","name":"PSOL 50","alternateName":"PSOL 50","url":"https:\/\/psol50.org.br\/","logo":{"@type":"ImageObject","inLanguage":"pt-BR","@id":"https:\/\/psol50.org.br\/#\/schema\/logo\/image\/","url":"https:\/\/psol50.org.br\/inc\/uploads\/2018\/07\/capa.png","contentUrl":"https:\/\/psol50.org.br\/inc\/uploads\/2018\/07\/capa.png","width":1350,"height":900,"caption":"PSOL 50"},"image":{"@id":"https:\/\/psol50.org.br\/#\/schema\/logo\/image\/"},"sameAs":["https:\/\/www.facebook.com\/psol50","https:\/\/x.com\/psol50","https:\/\/www.instagram.com\/psol50\/","https:\/\/www.youtube.com\/channel\/UC7SnJS5o1os7a6CaiNabzcg"]},{"@type":"Person","@id":"https:\/\/psol50.org.br\/#\/schema\/person\/475dfa57d0b815993c714c2e96491fcd","name":"Comunica\u00e7\u00e3o PSOL","image":{"@type":"ImageObject","inLanguage":"pt-BR","@id":"https:\/\/psol50.org.br\/#\/schema\/person\/image\/","url":"https:\/\/secure.gravatar.com\/avatar\/b34fc4f4e468a4e51785917065a3db57b841f5c95dba6ad8c73aaf8f66f8f9bf?s=96&d=mm&r=g","contentUrl":"https:\/\/secure.gravatar.com\/avatar\/b34fc4f4e468a4e51785917065a3db57b841f5c95dba6ad8c73aaf8f66f8f9bf?s=96&d=mm&r=g","caption":"Comunica\u00e7\u00e3o PSOL"}}]}},"_links":{"self":[{"href":"https:\/\/psol50.org.br\/rest\/wp\/v2\/posts\/20861","targetHints":{"allow":["GET"]}}],"collection":[{"href":"https:\/\/psol50.org.br\/rest\/wp\/v2\/posts"}],"about":[{"href":"https:\/\/psol50.org.br\/rest\/wp\/v2\/types\/post"}],"author":[{"embeddable":true,"href":"https:\/\/psol50.org.br\/rest\/wp\/v2\/users\/2"}],"replies":[{"embeddable":true,"href":"https:\/\/psol50.org.br\/rest\/wp\/v2\/comments?post=20861"}],"version-history":[{"count":0,"href":"https:\/\/psol50.org.br\/rest\/wp\/v2\/posts\/20861\/revisions"}],"wp:featuredmedia":[{"embeddable":true,"href":"https:\/\/psol50.org.br\/rest\/wp\/v2\/media\/20395"}],"wp:attachment":[{"href":"https:\/\/psol50.org.br\/rest\/wp\/v2\/media?parent=20861"}],"wp:term":[{"taxonomy":"category","embeddable":true,"href":"https:\/\/psol50.org.br\/rest\/wp\/v2\/categories?post=20861"},{"taxonomy":"post_tag","embeddable":true,"href":"https:\/\/psol50.org.br\/rest\/wp\/v2\/tags?post=20861"}],"curies":[{"name":"wp","href":"https:\/\/api.w.org\/{rel}","templated":true}]}}