{"id":20863,"date":"2018-05-30T10:32:51","date_gmt":"2018-05-30T13:32:51","guid":{"rendered":"http:\/\/www.psol50.org.br\/?p=20863"},"modified":"2018-05-30T10:32:51","modified_gmt":"2018-05-30T13:32:51","slug":"guilherme-boulos-precisamos-falar-de-justica-tributaria","status":"publish","type":"post","link":"https:\/\/psol50.org.br\/guilherme-boulos-precisamos-falar-de-justica-tributaria\/","title":{"rendered":"Guilherme Boulos | Precisamos falar de justi\u00e7a tribut\u00e1ria"},"content":{"rendered":"<p><span style=\"font-size: 14px;\"><em>Artigo publicado originalmente no site do <a href=\"http:\/\/iree.org.br\/precisamos-falar-de-justica-tributaria\/\" target=\"_blank\" rel=\"noopener\"><strong><span style=\"color: #0000ff;\">IREE<\/span><\/strong><\/a><\/em><\/span><\/p>\n<p>Vivemos um momento de encruzilhada. Acredito que n\u00e3o podemos mais fugir ou empurrar nossos problemas pra frente. A pol\u00edtica de ajuste de Temer \u00e9 a mesma que fracassa a olhos nus e se refugia no \u201csocorro\u201d do FMI na Argentina de Macri. \u00c9 preciso apontar os problemas estruturais do Estado brasileiro e n\u00e3o apenas como den\u00fancia, mas tamb\u00e9m com alternativas exequ\u00edveis e previstas constitucionalmente.<\/p>\n<p>Os principais problemas sociais do pa\u00eds n\u00e3o s\u00e3o pontuais. Resultam, sobretudo, da vexat\u00f3ria distribui\u00e7\u00e3o da riqueza em nosso pa\u00eds, n\u00e3o somente da renda mas tamb\u00e9m do patrim\u00f4nio. Esse verdadeiro abismo, em que seis bilion\u00e1rios concentram a mesma riqueza que metade da popula\u00e7\u00e3o brasileira, \u00e9 gerado por uma estrutura econ\u00f4mica que para uns parece uma Disneyl\u00e2ndia e para outros um matadouro<\/p>\n<p>N\u00e3o \u00e9 dif\u00edcil entender: enquanto ostentamos uma multid\u00e3o de treze milh\u00f5es de desempregados e a renda m\u00e9dia per capita do brasileiro que trabalha n\u00e3o chega a R$1.300, o lucro l\u00edquido trimestral do banco Ita\u00fa passou dos R$ 6 bilh\u00f5es, batendo sucessivos recordes em meio a crise. Essa simples compara\u00e7\u00e3o revela quem est\u00e1 na Disney e quem est\u00e1 na forca no Brasil dos contrastes.<\/p>\n<p>\u00c9 necess\u00e1rio colocar o dedo na ferida. E uma ferida aberta, que reproduz as desigualdades brasileiras, \u00e9 a estrutura tribut\u00e1ria de nosso Estado. Para al\u00e9m da necessidade de simplifica\u00e7\u00e3o, a quest\u00e3o chave \u00e9 que temos uma estrutura injusta e regressiva na forma de financiamento do Estado brasileiro. Quem tem mais paga menos, quem tem menos paga mais. Os dados falam por si: entre os 10% mais ricos, a incid\u00eancia m\u00e9dia de impostos sobre a renda \u00e9 de 20%, j\u00e1 entre os 10% mais pobres \u00e9 de 53%. A raz\u00e3o desta distor\u00e7\u00e3o \u00e9 uma hipertributa\u00e7\u00e3o do consumo (51% da carga) e uma subtributa\u00e7\u00e3o da renda, patrim\u00f4nio e opera\u00e7\u00f5es financeiras. Os mais pobres gastam toda sua renda em consumo para sobreviv\u00eancia, enquanto os mais ricos poupam e aplicam.<\/p>\n<p>Tratando do IRPF (Imposto de Renda de Pessoa F\u00edsica), uma fam\u00edlia de classe m\u00e9dia sofre a mesma tributa\u00e7\u00e3o que um banqueiro (27,5% de al\u00edquota m\u00e1xima). Aumentar a al\u00edquota para algumas faixas de renda e diminuir para outras \u00e9 uma das medidas que precisam urgentemente ser tomadas, como parte de uma profunda reforma tribut\u00e1ria. Exemplos n\u00e3o faltam, inclusive em pa\u00edses insuspeitos de comunismo: Jap\u00e3o e Dinamarca apresentam al\u00edquota de cerca de 50%. Tamb\u00e9m n\u00e3o precisa ser \u201cdesenvolvido\u201d: Col\u00f4mbia e Chile chegam a cerca de 40%. Trata-se de justi\u00e7a: quem tem mais deve pagar mais, quem tem menos deve pagar menos. Dessa forma seria poss\u00edvel, inclusive, diminuir a carga tribut\u00e1ria para o andar de baixo.<\/p>\n<p>Dados do Ipea revelam que apenas em distor\u00e7\u00f5es de nossa estrutura tribut\u00e1ria do IR (pejotiza\u00e7\u00e3o de pessoas f\u00edsicas, isen\u00e7\u00f5es indevidas, etc.), deixa-se de arrecadar quase R$180 bilh\u00f5es por ano. Mais que o \u201cmonstruoso\u201d d\u00e9ficit prim\u00e1rio.<\/p>\n<p>E n\u00e3o \u00e9 apenas na tributa\u00e7\u00e3o da renda que precisamos de mudan\u00e7as. Os grandes herdeiros do pa\u00eds quase n\u00e3o pagam imposto, m\u00e1ximo perto de 8%, enquanto em pa\u00edses como a Inglaterra, essa al\u00edquota chega a 40%. Isso sem nenhum bolivariano entre os lords. J\u00e1 o ITR, imposto sobre propriedade rural, \u00e9 insignificante do ponto de vista da arrecada\u00e7\u00e3o para o Brasil. Sua arrecada\u00e7\u00e3o anual \u00e9 equivalente a tr\u00eas meses de IPTU da cidade de S\u00e3o Paulo. Falta fiscaliza\u00e7\u00e3o e crit\u00e9rio e sobra Refis e sonega\u00e7\u00e3o.<\/p>\n<p>Al\u00e9m desses exemplos, temos um outro elemento que \u00e9 determinante para uma das maiores injusti\u00e7as tribut\u00e1rias do mundo. Acionistas que recebem dividendos e lucros de suas empresas n\u00e3o s\u00e3o tributados, desde o governo de FHC. Estudos apontam que se cobr\u00e1ssemos impostos sobre os dividendos, ter\u00edamos um upgrade na arrecada\u00e7\u00e3o de cerca de R$ 60 bilh\u00f5es.<\/p>\n<p>Recentemente fui abordado quanto ao \u201cperigo\u201d da nossa proposta de reforma tribut\u00e1ria. Atentaram-me para a possibilidade de \u201cfuga de capitais\u201d em um cen\u00e1rio de aumento de carga tribut\u00e1ria para os mais ricos. Ora, at\u00e9 mesmo economistas conservadores sabem que para se mudar de um pa\u00eds, uma empresa gasta muito mais e tem muito menos garantias do que \u201cse arriscar\u201d a ficar e pagar mais impostos. Al\u00e9m disso, o Brasil n\u00e3o pode ser para\u00edso fiscal e se render a chantagens de fundos financeiros. Na reforma tribut\u00e1ria que defendemos, quem produz e quem consome deve pagar menos e quem n\u00e3o produz riqueza e lucra com especula\u00e7\u00e3o deve pagar mais. Vale mais o \u201crisco\u201d do que a submiss\u00e3o \u00e0 chantagens.<\/p>\n<p>Uma reforma tribut\u00e1ria progressiva deve tamb\u00e9m atentar para a subtributa\u00e7\u00e3o do sistema financeiro. Al\u00e9m dos escorchantes juros cobrados, os bancos pagam menos impostos do que empresas produtivas e muito menos, somando seus impostos pagos, do que a classe m\u00e9dia paga em IR.<\/p>\n<p>Precisamos tocar em quest\u00f5es centrais do conflito distributivo brasileiro. Taxar grandes fortunas, heran\u00e7as, lucros e dividendos e atividades financeiras ajuda a resolver o problema cr\u00f4nico da desigualdade em nosso pa\u00eds, que hoje prefere a\u00e7oitar o assalariado ao inv\u00e9s de enfrentar privil\u00e9gios. Al\u00e9m disso, \u00e9 preciso \u201cdesligar\u201d outro divertido brinquedo da Disneylandia brasileira: a sonega\u00e7\u00e3o fiscal. Somente em 2017, o Brasil deixou de arrecadar cerca de R$ 500 bilh\u00f5es. Isso pra n\u00e3o falar da astron\u00f4mica d\u00edvida das grandes empresas \u2013 com a previd\u00eancia, por exemplo \u2013 que, se cobradas, cobririam com facilidade o chamado \u201crombo\u201d das contas p\u00fablicas.<\/p>\n<p>De acordo com a maioria das pesquisas de opini\u00e3o, o brasileiro ou brasileira comum aponta como principais problemas nacionais a sa\u00fade, a educa\u00e7\u00e3o e a seguran\u00e7a, al\u00e9m da corrup\u00e7\u00e3o. Entretanto, quando o assunto s\u00e3o as solu\u00e7\u00f5es, geralmente ficamos amarrados e limitados pelo argumento da falta de recursos p\u00fablicos. Penso que est\u00e1 a\u00ed, na mudan\u00e7a de nossa estrutura tribut\u00e1ria, um importante instrumento para levar nosso pa\u00eds para o rumo do desenvolvimento social, no qual as maiorias sociais tenham possibilidade de viver com dignidade, alavancando o crescimento econ\u00f4mico a partir da distribui\u00e7\u00e3o da riqueza.<\/p>\n","protected":false},"excerpt":{"rendered":"<p>Artigo publicado originalmente no site do IREE Vivemos um momento de encruzilhada. Acredito que n\u00e3o podemos mais fugir ou empurrar nossos problemas pra frente. A pol\u00edtica de ajuste de Temer \u00e9 a mesma que fracassa a olhos nus e se refugia no \u201csocorro\u201d do FMI na Argentina de Macri. \u00c9 preciso apontar os problemas estruturais [&hellip;]<\/p>\n","protected":false},"author":2,"featured_media":20864,"comment_status":"open","ping_status":"open","sticky":false,"template":"","format":"standard","meta":{"_acf_changed":false,"footnotes":""},"categories":[3,1882],"tags":[1432,2540,2060,977,2541,1748,1814],"class_list":{"0":"post-20863","1":"post","2":"type-post","3":"status-publish","4":"format-standard","5":"has-post-thumbnail","7":"category-artigos-e-entrevistas","8":"category-brasil","9":"tag-ajuste-fiscal","10":"tag-fhc","11":"tag-fmi","12":"tag-guilherme-boulos","13":"tag-justica-tributaria","14":"tag-michel-temer","15":"tag-reforma-tributaria"},"acf":[],"yoast_head":"<!-- This site is optimized with the Yoast SEO plugin v26.5 - https:\/\/yoast.com\/wordpress\/plugins\/seo\/ -->\n<title>Guilherme Boulos | Precisamos falar de justi\u00e7a tribut\u00e1ria - PSOL 50<\/title>\n<meta name=\"robots\" content=\"index, follow, max-snippet:-1, max-image-preview:large, max-video-preview:-1\" \/>\n<link rel=\"canonical\" href=\"https:\/\/psol50.org.br\/guilherme-boulos-precisamos-falar-de-justica-tributaria\/\" \/>\n<meta property=\"og:locale\" content=\"pt_BR\" \/>\n<meta property=\"og:type\" content=\"article\" \/>\n<meta property=\"og:title\" content=\"Precisamos falar de justi\u00e7a tribut\u00e1ria\" \/>\n<meta property=\"og:description\" content=\"Guilherme Boulos defende profunda reforma tribut\u00e1ria, para que os mais ricos passem a pagar mais.\" \/>\n<meta property=\"og:url\" content=\"https:\/\/psol50.org.br\/guilherme-boulos-precisamos-falar-de-justica-tributaria\/\" \/>\n<meta property=\"og:site_name\" content=\"PSOL 50\" \/>\n<meta property=\"article:publisher\" content=\"https:\/\/www.facebook.com\/psol50\" \/>\n<meta property=\"article:published_time\" content=\"2018-05-30T13:32:51+00:00\" \/>\n<meta property=\"og:image\" content=\"https:\/\/psol50.org.br\/inc\/uploads\/2018\/05\/Reforma_Tributaria_Reproducao.jpg\" \/>\n\t<meta property=\"og:image:width\" content=\"1350\" \/>\n\t<meta property=\"og:image:height\" content=\"900\" \/>\n\t<meta property=\"og:image:type\" content=\"image\/jpeg\" \/>\n<meta name=\"author\" content=\"Comunica\u00e7\u00e3o PSOL\" \/>\n<meta name=\"twitter:card\" content=\"summary_large_image\" \/>\n<meta name=\"twitter:title\" content=\"Precisamos falar de justi\u00e7a tribut\u00e1ria\" \/>\n<meta name=\"twitter:description\" content=\"Guilherme Boulos defende profunda reforma tribut\u00e1ria, para que os mais ricos passem a pagar mais.\" \/>\n<meta name=\"twitter:creator\" content=\"@psol50\" \/>\n<meta name=\"twitter:site\" content=\"@psol50\" \/>\n<meta name=\"twitter:label1\" content=\"Escrito por\" \/>\n\t<meta name=\"twitter:data1\" content=\"Comunica\u00e7\u00e3o PSOL\" \/>\n\t<meta name=\"twitter:label2\" content=\"Est. tempo de leitura\" \/>\n\t<meta name=\"twitter:data2\" content=\"5 minutos\" \/>\n<script type=\"application\/ld+json\" class=\"yoast-schema-graph\">{\"@context\":\"https:\/\/schema.org\",\"@graph\":[{\"@type\":\"Article\",\"@id\":\"https:\/\/psol50.org.br\/guilherme-boulos-precisamos-falar-de-justica-tributaria\/#article\",\"isPartOf\":{\"@id\":\"https:\/\/psol50.org.br\/guilherme-boulos-precisamos-falar-de-justica-tributaria\/\"},\"author\":{\"name\":\"Comunica\u00e7\u00e3o PSOL\",\"@id\":\"https:\/\/psol50.org.br\/#\/schema\/person\/475dfa57d0b815993c714c2e96491fcd\"},\"headline\":\"Guilherme Boulos | Precisamos falar de justi\u00e7a tribut\u00e1ria\",\"datePublished\":\"2018-05-30T13:32:51+00:00\",\"mainEntityOfPage\":{\"@id\":\"https:\/\/psol50.org.br\/guilherme-boulos-precisamos-falar-de-justica-tributaria\/\"},\"wordCount\":1069,\"commentCount\":0,\"publisher\":{\"@id\":\"https:\/\/psol50.org.br\/#organization\"},\"image\":{\"@id\":\"https:\/\/psol50.org.br\/guilherme-boulos-precisamos-falar-de-justica-tributaria\/#primaryimage\"},\"thumbnailUrl\":\"https:\/\/psol50.org.br\/inc\/uploads\/2018\/05\/Reforma_Tributaria_Reproducao.jpg\",\"keywords\":[\"Ajuste Fiscal\",\"FHC\",\"FMI\",\"Guilherme Boulos\",\"justi\u00e7a tribut\u00e1ria\",\"Michel Temer\",\"Reforma Tribut\u00e1ria\"],\"articleSection\":[\"Artigos\",\"Brasil\"],\"inLanguage\":\"pt-BR\",\"potentialAction\":[{\"@type\":\"CommentAction\",\"name\":\"Comment\",\"target\":[\"https:\/\/psol50.org.br\/guilherme-boulos-precisamos-falar-de-justica-tributaria\/#respond\"]}]},{\"@type\":\"WebPage\",\"@id\":\"https:\/\/psol50.org.br\/guilherme-boulos-precisamos-falar-de-justica-tributaria\/\",\"url\":\"https:\/\/psol50.org.br\/guilherme-boulos-precisamos-falar-de-justica-tributaria\/\",\"name\":\"Guilherme Boulos | Precisamos falar de justi\u00e7a tribut\u00e1ria - PSOL 50\",\"isPartOf\":{\"@id\":\"https:\/\/psol50.org.br\/#website\"},\"primaryImageOfPage\":{\"@id\":\"https:\/\/psol50.org.br\/guilherme-boulos-precisamos-falar-de-justica-tributaria\/#primaryimage\"},\"image\":{\"@id\":\"https:\/\/psol50.org.br\/guilherme-boulos-precisamos-falar-de-justica-tributaria\/#primaryimage\"},\"thumbnailUrl\":\"https:\/\/psol50.org.br\/inc\/uploads\/2018\/05\/Reforma_Tributaria_Reproducao.jpg\",\"datePublished\":\"2018-05-30T13:32:51+00:00\",\"breadcrumb\":{\"@id\":\"https:\/\/psol50.org.br\/guilherme-boulos-precisamos-falar-de-justica-tributaria\/#breadcrumb\"},\"inLanguage\":\"pt-BR\",\"potentialAction\":[{\"@type\":\"ReadAction\",\"target\":[\"https:\/\/psol50.org.br\/guilherme-boulos-precisamos-falar-de-justica-tributaria\/\"]}]},{\"@type\":\"ImageObject\",\"inLanguage\":\"pt-BR\",\"@id\":\"https:\/\/psol50.org.br\/guilherme-boulos-precisamos-falar-de-justica-tributaria\/#primaryimage\",\"url\":\"https:\/\/psol50.org.br\/inc\/uploads\/2018\/05\/Reforma_Tributaria_Reproducao.jpg\",\"contentUrl\":\"https:\/\/psol50.org.br\/inc\/uploads\/2018\/05\/Reforma_Tributaria_Reproducao.jpg\",\"width\":1350,\"height\":900},{\"@type\":\"BreadcrumbList\",\"@id\":\"https:\/\/psol50.org.br\/guilherme-boulos-precisamos-falar-de-justica-tributaria\/#breadcrumb\",\"itemListElement\":[{\"@type\":\"ListItem\",\"position\":1,\"name\":\"In\u00edcio\",\"item\":\"https:\/\/psol50.org.br\/\"},{\"@type\":\"ListItem\",\"position\":2,\"name\":\"Guilherme Boulos | Precisamos falar de justi\u00e7a tribut\u00e1ria\"}]},{\"@type\":\"WebSite\",\"@id\":\"https:\/\/psol50.org.br\/#website\",\"url\":\"https:\/\/psol50.org.br\/\",\"name\":\"PSOL 50\",\"description\":\"Site oficial do Partido Socialismo e Liberdade\",\"publisher\":{\"@id\":\"https:\/\/psol50.org.br\/#organization\"},\"alternateName\":\"PSOL50\",\"potentialAction\":[{\"@type\":\"SearchAction\",\"target\":{\"@type\":\"EntryPoint\",\"urlTemplate\":\"https:\/\/psol50.org.br\/?s={search_term_string}\"},\"query-input\":{\"@type\":\"PropertyValueSpecification\",\"valueRequired\":true,\"valueName\":\"search_term_string\"}}],\"inLanguage\":\"pt-BR\"},{\"@type\":\"Organization\",\"@id\":\"https:\/\/psol50.org.br\/#organization\",\"name\":\"PSOL 50\",\"alternateName\":\"PSOL 50\",\"url\":\"https:\/\/psol50.org.br\/\",\"logo\":{\"@type\":\"ImageObject\",\"inLanguage\":\"pt-BR\",\"@id\":\"https:\/\/psol50.org.br\/#\/schema\/logo\/image\/\",\"url\":\"https:\/\/psol50.org.br\/inc\/uploads\/2018\/07\/capa.png\",\"contentUrl\":\"https:\/\/psol50.org.br\/inc\/uploads\/2018\/07\/capa.png\",\"width\":1350,\"height\":900,\"caption\":\"PSOL 50\"},\"image\":{\"@id\":\"https:\/\/psol50.org.br\/#\/schema\/logo\/image\/\"},\"sameAs\":[\"https:\/\/www.facebook.com\/psol50\",\"https:\/\/x.com\/psol50\",\"https:\/\/www.instagram.com\/psol50\/\",\"https:\/\/www.youtube.com\/channel\/UC7SnJS5o1os7a6CaiNabzcg\"]},{\"@type\":\"Person\",\"@id\":\"https:\/\/psol50.org.br\/#\/schema\/person\/475dfa57d0b815993c714c2e96491fcd\",\"name\":\"Comunica\u00e7\u00e3o PSOL\",\"image\":{\"@type\":\"ImageObject\",\"inLanguage\":\"pt-BR\",\"@id\":\"https:\/\/psol50.org.br\/#\/schema\/person\/image\/\",\"url\":\"https:\/\/secure.gravatar.com\/avatar\/b34fc4f4e468a4e51785917065a3db57b841f5c95dba6ad8c73aaf8f66f8f9bf?s=96&d=mm&r=g\",\"contentUrl\":\"https:\/\/secure.gravatar.com\/avatar\/b34fc4f4e468a4e51785917065a3db57b841f5c95dba6ad8c73aaf8f66f8f9bf?s=96&d=mm&r=g\",\"caption\":\"Comunica\u00e7\u00e3o PSOL\"}}]}<\/script>\n<!-- \/ Yoast SEO plugin. -->","yoast_head_json":{"title":"Guilherme Boulos | Precisamos falar de justi\u00e7a tribut\u00e1ria - PSOL 50","robots":{"index":"index","follow":"follow","max-snippet":"max-snippet:-1","max-image-preview":"max-image-preview:large","max-video-preview":"max-video-preview:-1"},"canonical":"https:\/\/psol50.org.br\/guilherme-boulos-precisamos-falar-de-justica-tributaria\/","og_locale":"pt_BR","og_type":"article","og_title":"Precisamos falar de justi\u00e7a tribut\u00e1ria","og_description":"Guilherme Boulos defende profunda reforma tribut\u00e1ria, para que os mais ricos passem a pagar mais.","og_url":"https:\/\/psol50.org.br\/guilherme-boulos-precisamos-falar-de-justica-tributaria\/","og_site_name":"PSOL 50","article_publisher":"https:\/\/www.facebook.com\/psol50","article_published_time":"2018-05-30T13:32:51+00:00","og_image":[{"width":1350,"height":900,"url":"https:\/\/psol50.org.br\/inc\/uploads\/2018\/05\/Reforma_Tributaria_Reproducao.jpg","type":"image\/jpeg"}],"author":"Comunica\u00e7\u00e3o PSOL","twitter_card":"summary_large_image","twitter_title":"Precisamos falar de justi\u00e7a tribut\u00e1ria","twitter_description":"Guilherme Boulos defende profunda reforma tribut\u00e1ria, para que os mais ricos passem a pagar mais.","twitter_creator":"@psol50","twitter_site":"@psol50","twitter_misc":{"Escrito por":"Comunica\u00e7\u00e3o PSOL","Est. tempo de leitura":"5 minutos"},"schema":{"@context":"https:\/\/schema.org","@graph":[{"@type":"Article","@id":"https:\/\/psol50.org.br\/guilherme-boulos-precisamos-falar-de-justica-tributaria\/#article","isPartOf":{"@id":"https:\/\/psol50.org.br\/guilherme-boulos-precisamos-falar-de-justica-tributaria\/"},"author":{"name":"Comunica\u00e7\u00e3o PSOL","@id":"https:\/\/psol50.org.br\/#\/schema\/person\/475dfa57d0b815993c714c2e96491fcd"},"headline":"Guilherme Boulos | Precisamos falar de justi\u00e7a tribut\u00e1ria","datePublished":"2018-05-30T13:32:51+00:00","mainEntityOfPage":{"@id":"https:\/\/psol50.org.br\/guilherme-boulos-precisamos-falar-de-justica-tributaria\/"},"wordCount":1069,"commentCount":0,"publisher":{"@id":"https:\/\/psol50.org.br\/#organization"},"image":{"@id":"https:\/\/psol50.org.br\/guilherme-boulos-precisamos-falar-de-justica-tributaria\/#primaryimage"},"thumbnailUrl":"https:\/\/psol50.org.br\/inc\/uploads\/2018\/05\/Reforma_Tributaria_Reproducao.jpg","keywords":["Ajuste Fiscal","FHC","FMI","Guilherme Boulos","justi\u00e7a tribut\u00e1ria","Michel Temer","Reforma Tribut\u00e1ria"],"articleSection":["Artigos","Brasil"],"inLanguage":"pt-BR","potentialAction":[{"@type":"CommentAction","name":"Comment","target":["https:\/\/psol50.org.br\/guilherme-boulos-precisamos-falar-de-justica-tributaria\/#respond"]}]},{"@type":"WebPage","@id":"https:\/\/psol50.org.br\/guilherme-boulos-precisamos-falar-de-justica-tributaria\/","url":"https:\/\/psol50.org.br\/guilherme-boulos-precisamos-falar-de-justica-tributaria\/","name":"Guilherme Boulos | Precisamos falar de justi\u00e7a tribut\u00e1ria - PSOL 50","isPartOf":{"@id":"https:\/\/psol50.org.br\/#website"},"primaryImageOfPage":{"@id":"https:\/\/psol50.org.br\/guilherme-boulos-precisamos-falar-de-justica-tributaria\/#primaryimage"},"image":{"@id":"https:\/\/psol50.org.br\/guilherme-boulos-precisamos-falar-de-justica-tributaria\/#primaryimage"},"thumbnailUrl":"https:\/\/psol50.org.br\/inc\/uploads\/2018\/05\/Reforma_Tributaria_Reproducao.jpg","datePublished":"2018-05-30T13:32:51+00:00","breadcrumb":{"@id":"https:\/\/psol50.org.br\/guilherme-boulos-precisamos-falar-de-justica-tributaria\/#breadcrumb"},"inLanguage":"pt-BR","potentialAction":[{"@type":"ReadAction","target":["https:\/\/psol50.org.br\/guilherme-boulos-precisamos-falar-de-justica-tributaria\/"]}]},{"@type":"ImageObject","inLanguage":"pt-BR","@id":"https:\/\/psol50.org.br\/guilherme-boulos-precisamos-falar-de-justica-tributaria\/#primaryimage","url":"https:\/\/psol50.org.br\/inc\/uploads\/2018\/05\/Reforma_Tributaria_Reproducao.jpg","contentUrl":"https:\/\/psol50.org.br\/inc\/uploads\/2018\/05\/Reforma_Tributaria_Reproducao.jpg","width":1350,"height":900},{"@type":"BreadcrumbList","@id":"https:\/\/psol50.org.br\/guilherme-boulos-precisamos-falar-de-justica-tributaria\/#breadcrumb","itemListElement":[{"@type":"ListItem","position":1,"name":"In\u00edcio","item":"https:\/\/psol50.org.br\/"},{"@type":"ListItem","position":2,"name":"Guilherme Boulos | Precisamos falar de justi\u00e7a tribut\u00e1ria"}]},{"@type":"WebSite","@id":"https:\/\/psol50.org.br\/#website","url":"https:\/\/psol50.org.br\/","name":"PSOL 50","description":"Site oficial do Partido Socialismo e Liberdade","publisher":{"@id":"https:\/\/psol50.org.br\/#organization"},"alternateName":"PSOL50","potentialAction":[{"@type":"SearchAction","target":{"@type":"EntryPoint","urlTemplate":"https:\/\/psol50.org.br\/?s={search_term_string}"},"query-input":{"@type":"PropertyValueSpecification","valueRequired":true,"valueName":"search_term_string"}}],"inLanguage":"pt-BR"},{"@type":"Organization","@id":"https:\/\/psol50.org.br\/#organization","name":"PSOL 50","alternateName":"PSOL 50","url":"https:\/\/psol50.org.br\/","logo":{"@type":"ImageObject","inLanguage":"pt-BR","@id":"https:\/\/psol50.org.br\/#\/schema\/logo\/image\/","url":"https:\/\/psol50.org.br\/inc\/uploads\/2018\/07\/capa.png","contentUrl":"https:\/\/psol50.org.br\/inc\/uploads\/2018\/07\/capa.png","width":1350,"height":900,"caption":"PSOL 50"},"image":{"@id":"https:\/\/psol50.org.br\/#\/schema\/logo\/image\/"},"sameAs":["https:\/\/www.facebook.com\/psol50","https:\/\/x.com\/psol50","https:\/\/www.instagram.com\/psol50\/","https:\/\/www.youtube.com\/channel\/UC7SnJS5o1os7a6CaiNabzcg"]},{"@type":"Person","@id":"https:\/\/psol50.org.br\/#\/schema\/person\/475dfa57d0b815993c714c2e96491fcd","name":"Comunica\u00e7\u00e3o PSOL","image":{"@type":"ImageObject","inLanguage":"pt-BR","@id":"https:\/\/psol50.org.br\/#\/schema\/person\/image\/","url":"https:\/\/secure.gravatar.com\/avatar\/b34fc4f4e468a4e51785917065a3db57b841f5c95dba6ad8c73aaf8f66f8f9bf?s=96&d=mm&r=g","contentUrl":"https:\/\/secure.gravatar.com\/avatar\/b34fc4f4e468a4e51785917065a3db57b841f5c95dba6ad8c73aaf8f66f8f9bf?s=96&d=mm&r=g","caption":"Comunica\u00e7\u00e3o PSOL"}}]}},"_links":{"self":[{"href":"https:\/\/psol50.org.br\/rest\/wp\/v2\/posts\/20863","targetHints":{"allow":["GET"]}}],"collection":[{"href":"https:\/\/psol50.org.br\/rest\/wp\/v2\/posts"}],"about":[{"href":"https:\/\/psol50.org.br\/rest\/wp\/v2\/types\/post"}],"author":[{"embeddable":true,"href":"https:\/\/psol50.org.br\/rest\/wp\/v2\/users\/2"}],"replies":[{"embeddable":true,"href":"https:\/\/psol50.org.br\/rest\/wp\/v2\/comments?post=20863"}],"version-history":[{"count":0,"href":"https:\/\/psol50.org.br\/rest\/wp\/v2\/posts\/20863\/revisions"}],"wp:featuredmedia":[{"embeddable":true,"href":"https:\/\/psol50.org.br\/rest\/wp\/v2\/media\/20864"}],"wp:attachment":[{"href":"https:\/\/psol50.org.br\/rest\/wp\/v2\/media?parent=20863"}],"wp:term":[{"taxonomy":"category","embeddable":true,"href":"https:\/\/psol50.org.br\/rest\/wp\/v2\/categories?post=20863"},{"taxonomy":"post_tag","embeddable":true,"href":"https:\/\/psol50.org.br\/rest\/wp\/v2\/tags?post=20863"}],"curies":[{"name":"wp","href":"https:\/\/api.w.org\/{rel}","templated":true}]}}