{"id":2089,"date":"2013-06-26T00:00:00","date_gmt":"2013-06-26T00:00:00","guid":{"rendered":"http:\/\/psol50.org.br\/arquivo\/2013\/06\/26\/centrais-sindicais-de-portugal-apostam-numa-forte-greve-geral-nesta-quinta-feira\/"},"modified":"2013-06-26T00:00:00","modified_gmt":"2013-06-26T00:00:00","slug":"centrais-sindicais-de-portugal-apostam-numa-forte-greve-geral-nesta-quinta-feira","status":"publish","type":"post","link":"https:\/\/psol50.org.br\/centrais-sindicais-de-portugal-apostam-numa-forte-greve-geral-nesta-quinta-feira\/","title":{"rendered":"Centrais sindicais de Portugal apostam numa forte greve geral nesta quinta-feira"},"content":{"rendered":"<div align=\"JUSTIFY\" class=\"western\" style=\"margin-top: 0cm; margin-bottom: 0cm; font-weight: normal;\">\n\t<span style=\"font-size:12px;\"><span style=\"font-family: arial, helvetica, sans-serif;\"><span style=\"color: rgb(51, 51, 51);\">As duas maiores centrais sindicais de Portugal (CGTP e CGT) apostam na unidade para fazer uma paralisa\u00e7\u00e3o nacional nesta quinta-feira (27), que signifique uma demonstra\u00e7\u00e3o de total rep\u00fadio pelas pol\u00edticas do governo de Pedro Passos Coelho e de Paulo Portas.<\/span><\/p>\n<p>\t<span style=\"color: rgb(51, 51, 51);\">Arm\u00e9nio Carlos, da CGTP, acredita numa grande ades\u00e3o \u00e0 greve que resultar\u00e1 numa \u201cenorme derrota para o governo\u201d. J\u00e1 Carlos Silva, da UGT, prev\u00ea que a greve geral ser\u00e1 \u201cum grito de insubmiss\u00e3o \u00e0s pol\u00edticas de austeridade\u201d.<\/span><\/p>\n<p>\t<strong style=\"font-size: 12px;\"><font color=\"#333333\">Quatro greves gerais<\/font><\/strong><br \/>\n\t<span style=\"color: rgb(51, 51, 51);\">Nunca um primeiro-ministro enfrentou tantas greves gerais desde o dia 25 de Abril. As centrais lembram que a desta quinta-feira \u00e9 a quarta contra Passos Coelho, a segunda convocada pelas duas centrais sindicais.<\/span><\/p>\n<p>\t<font color=\"#333333\" style=\"font-size: 12px;\">A primeira foi no dia <\/font><strong style=\"font-size: 12px;\"><font color=\"#333333\"><span style=\"font-weight: normal;\">24 de novembro de 2011<\/span><\/font><\/strong><font color=\"#333333\" style=\"font-size: 12px;\">, contra o an\u00fancio do governo de que iria suspender o pagamento dos subs\u00eddios de f\u00e9rias e de Natal a funcion\u00e1rios e pensionistas e contra o aumento de meia hora por dia no hor\u00e1rio do setor privado. Esta \u00faltima medida acabou caindo meses depois.<\/font><\/p>\n<p>\t<font color=\"#333333\" style=\"font-size: 12px;\">Em <\/font><strong style=\"font-size: 12px;\"><font color=\"#333333\"><span style=\"font-weight: normal;\">22 de mar\u00e7o de 2012 <\/span><\/font><\/strong><font color=\"#333333\" style=\"font-size: 12px;\">realizou-se a segunda greve geral contra o atual governo, convocada pela CGTP.<\/font><\/p>\n<p>\t<span style=\"color: rgb(51, 51, 51);\">A terceira foi no dia 14 de novembro de 2012, num momento em que o governo j\u00e1 tinha deixado cair a pol\u00eamica redu\u00e7\u00e3o da Taxa Social \u00danica (TSU) e contestou o aumento de impostos, a subida do desemprego e o novo C\u00f3digo do Trabalho.<\/span><\/p>\n<p>\t<strong style=\"font-size: 12px;\"><font color=\"#333333\">Arm\u00e9nio Carlos prev\u00ea muito apoio<\/font><\/strong><br \/>\n\t<span style=\"color: rgb(51, 51, 51);\">O secret\u00e1rio-geral da CGTP, Arm\u00e9nio Carlos, prev\u00ea &#8220;uma grande ades\u00e3o&#8221; \u00e0 greve geral, que representar\u00e1 uma grande derrota para o governo, que pretende ver derrubado para conquistar um novo rumo pol\u00edtico em Portugal.<\/span><\/p>\n<p>\t<span style=\"color: rgb(51, 51, 51);\">&#8220;Uma grande ades\u00e3o dos trabalhadores \u00e0 pr\u00f3xima greve geral corresponde a uma grande derrota do Governo e a uma fragiliza\u00e7\u00e3o da sua base social de apoio&#8221;, disse, em entrevista \u00e0 Ag\u00eancia Lusa. O sindicalista entende que as perspetivas apontam para &#8220;uma greve geral muito boa&#8221; porque &#8220;h\u00e1 um grande descontentamento e indigna\u00e7\u00e3o contra a pol\u00edtica do governo&#8221; e sublinha que nos plen\u00e1rios que a CGTP tem feito, muitos t\u00eam sido os trabalhadores que votaram no PSD (Partido Social Democrata) que manifestam a sua frustra\u00e7\u00e3o e disponibilidade para participar na greve geral.<\/span><\/p>\n<p>\t<span style=\"color: rgb(51, 51, 51);\">&#8220;Esta ofensiva \u00e9 contra todos, independentemente das op\u00e7\u00f5es pol\u00edticas ou sindicais&#8221;, afirmou Arm\u00e9nio Carlos que deixou, no entanto, um alerta contra qualquer manifesta\u00e7\u00e3o de viol\u00eancia e defendeu o direito \u00e0 resist\u00eancia.<\/span><\/p>\n<p>\t<strong style=\"font-size: 12px;\"><font color=\"#333333\">Toler\u00e2ncia zero<\/font><\/strong><br \/>\n\t<span style=\"color: rgb(51, 51, 51);\">O secret\u00e1rio-geral da UGT, Carlos Silva, v\u00ea a greve geral como um &#8220;grito de insubmiss\u00e3o&#8221; diante das pol\u00edticas de austeridade impostas, numa altura de &#8220;toler\u00e2ncia zero&#8221; para com o governo.<\/span><\/p>\n<p>\t<span style=\"color: rgb(51, 51, 51);\">&#8220;O que a UGT tem vindo a fazer enquanto parceiro social \u00e9, gradualmente, percorrer os degraus que nos levam a um determinado patamar e, com a greve geral, esse patamar \u00e9 atingido. Toler\u00e2ncia para a negocia\u00e7\u00e3o h\u00e1 sempre, mas a toler\u00e2ncia em rela\u00e7\u00e3o a estas pol\u00edticas de austeridade \u00e9 zero&#8221;, disse Carlos Silva tamb\u00e9m \u00e0 Ag\u00eancia Lusa.<\/span><\/p>\n<p>\t<span style=\"color: rgb(51, 51, 51);\">O secret\u00e1rio-geral da UGT afirmou que &#8220;o dia 27 \u00e9 o dia de um grito de insubmiss\u00e3o \u00e0s pol\u00edticas de austeridade&#8221;, mas tamb\u00e9m &#8220;o \u00faltimo momento que o movimento sindical tem para dizer basta a quem nos governa&#8221;.<\/span><\/p>\n<p>\t<span style=\"color: rgb(51, 51, 51);\">&#8220;\u00c9 o \u00faltimo recurso para dizer: meus senhores, chegou o momento de refletir e de perceber que o povo n\u00e3o aceita isto. A partir da\u00ed veremos qual ser\u00e1 o grau de abertura do Governo em entender o clamor que se levantar\u00e1 no pa\u00eds e a partir da\u00ed tomaremos as nossas decis\u00f5es e saberemos qual \u00e9 o nosso rumo&#8221;, refor\u00e7ou.<\/span><\/p>\n<p>\t<span style=\"color: rgb(51, 51, 51);\">Carlos Silva diz que &#8220;um governo que se confronta claramente com todos os parceiros sociais, da forma como o est\u00e1 a fazer, significa que \u00e9 o dono da verdade absoluta e isso n\u00e3o existe em democracia, mas em regimes de ditadura e totalit\u00e1rios&#8221;.<\/span><\/p>\n<p>\t<span style=\"color: rgb(51, 51, 51);\">&#8220;Esta pol\u00edtica implementada nos \u00faltimos dois anos falhou, n\u00e3o foi bem-sucedida. O pa\u00eds continua a empobrecer, o desemprego aumenta, a economia n\u00e3o cresce, os empres\u00e1rios n\u00e3o investem. Basta de pol\u00edticas de austeridade que castigam o pa\u00eds, violentam as pessoas, penalizam os trabalhadores, os reformados e os pensionistas&#8221;, disse Carlos Silva.<\/span><\/span><\/span><\/div>\n<p align=\"JUSTIFY\" class=\"western\" style=\"margin-bottom: 0cm\">\n\t&nbsp;<\/p>\n","protected":false},"excerpt":{"rendered":"<p>As duas maiores centrais sindicais de Portugal (CGTP e CGT) apostam na unidade para fazer uma paralisa\u00e7\u00e3o nacional nesta quinta-feira (27), que signifique uma demonstra\u00e7\u00e3o de total rep\u00fadio pelas pol\u00edticas do governo de Pedro Passos Coelho e de Paulo Portas. Arm\u00e9nio Carlos, da CGTP, acredita numa grande ades\u00e3o \u00e0 greve que resultar\u00e1 numa \u201cenorme derrota [&hellip;]<\/p>\n","protected":false},"author":2,"featured_media":0,"comment_status":"open","ping_status":"open","sticky":false,"template":"","format":"standard","meta":{"_acf_changed":false,"footnotes":""},"categories":[4766,4956],"tags":[515,1216,491],"class_list":{"0":"post-2089","1":"post","2":"type-post","3":"status-publish","4":"format-standard","6":"category-arquivo","7":"category-portugal","8":"tag-bloco-de-esquerda","9":"tag-internacional","10":"tag-portugal"},"acf":[],"yoast_head":"<!-- This site is optimized with the Yoast SEO plugin v26.5 - https:\/\/yoast.com\/wordpress\/plugins\/seo\/ -->\n<title>Centrais sindicais de Portugal apostam numa forte greve geral nesta quinta-feira - PSOL 50<\/title>\n<meta name=\"robots\" content=\"index, follow, max-snippet:-1, max-image-preview:large, max-video-preview:-1\" \/>\n<link rel=\"canonical\" href=\"https:\/\/psol50.org.br\/centrais-sindicais-de-portugal-apostam-numa-forte-greve-geral-nesta-quinta-feira\/\" \/>\n<meta property=\"og:locale\" content=\"pt_BR\" \/>\n<meta property=\"og:type\" content=\"article\" \/>\n<meta property=\"og:title\" content=\"Centrais sindicais de Portugal apostam numa forte greve geral nesta quinta-feira - PSOL 50\" \/>\n<meta property=\"og:description\" content=\"As duas maiores centrais sindicais de Portugal (CGTP e CGT) apostam na unidade para fazer uma paralisa\u00e7\u00e3o nacional nesta quinta-feira (27), que signifique uma demonstra\u00e7\u00e3o de total rep\u00fadio pelas pol\u00edticas do governo de Pedro Passos Coelho e de Paulo Portas. Arm\u00e9nio Carlos, da CGTP, acredita numa grande ades\u00e3o \u00e0 greve que resultar\u00e1 numa \u201cenorme derrota [&hellip;]\" \/>\n<meta property=\"og:url\" content=\"https:\/\/psol50.org.br\/centrais-sindicais-de-portugal-apostam-numa-forte-greve-geral-nesta-quinta-feira\/\" \/>\n<meta property=\"og:site_name\" content=\"PSOL 50\" \/>\n<meta property=\"article:publisher\" content=\"https:\/\/www.facebook.com\/psol50\" \/>\n<meta property=\"article:published_time\" content=\"2013-06-26T00:00:00+00:00\" \/>\n<meta property=\"og:image\" content=\"https:\/\/psol50.org.br\/inc\/uploads\/2018\/07\/capa.png\" \/>\n\t<meta property=\"og:image:width\" content=\"1350\" \/>\n\t<meta property=\"og:image:height\" content=\"900\" \/>\n\t<meta property=\"og:image:type\" content=\"image\/png\" \/>\n<meta name=\"author\" content=\"Comunica\u00e7\u00e3o PSOL\" \/>\n<meta name=\"twitter:card\" content=\"summary_large_image\" \/>\n<meta name=\"twitter:creator\" content=\"@psol50\" \/>\n<meta name=\"twitter:site\" content=\"@psol50\" \/>\n<meta name=\"twitter:label1\" content=\"Escrito por\" \/>\n\t<meta name=\"twitter:data1\" content=\"Comunica\u00e7\u00e3o PSOL\" \/>\n\t<meta name=\"twitter:label2\" content=\"Est. tempo de leitura\" \/>\n\t<meta name=\"twitter:data2\" content=\"4 minutos\" \/>\n<script type=\"application\/ld+json\" class=\"yoast-schema-graph\">{\"@context\":\"https:\/\/schema.org\",\"@graph\":[{\"@type\":\"Article\",\"@id\":\"https:\/\/psol50.org.br\/centrais-sindicais-de-portugal-apostam-numa-forte-greve-geral-nesta-quinta-feira\/#article\",\"isPartOf\":{\"@id\":\"https:\/\/psol50.org.br\/centrais-sindicais-de-portugal-apostam-numa-forte-greve-geral-nesta-quinta-feira\/\"},\"author\":{\"name\":\"Comunica\u00e7\u00e3o PSOL\",\"@id\":\"https:\/\/psol50.org.br\/#\/schema\/person\/475dfa57d0b815993c714c2e96491fcd\"},\"headline\":\"Centrais sindicais de Portugal apostam numa forte greve geral nesta quinta-feira\",\"datePublished\":\"2013-06-26T00:00:00+00:00\",\"mainEntityOfPage\":{\"@id\":\"https:\/\/psol50.org.br\/centrais-sindicais-de-portugal-apostam-numa-forte-greve-geral-nesta-quinta-feira\/\"},\"wordCount\":722,\"commentCount\":0,\"publisher\":{\"@id\":\"https:\/\/psol50.org.br\/#organization\"},\"keywords\":[\"Bloco de Esquerda\",\"Internacional\",\"Portugal\"],\"articleSection\":[\"Arquivo\",\"Portugal\"],\"inLanguage\":\"pt-BR\",\"potentialAction\":[{\"@type\":\"CommentAction\",\"name\":\"Comment\",\"target\":[\"https:\/\/psol50.org.br\/centrais-sindicais-de-portugal-apostam-numa-forte-greve-geral-nesta-quinta-feira\/#respond\"]}]},{\"@type\":\"WebPage\",\"@id\":\"https:\/\/psol50.org.br\/centrais-sindicais-de-portugal-apostam-numa-forte-greve-geral-nesta-quinta-feira\/\",\"url\":\"https:\/\/psol50.org.br\/centrais-sindicais-de-portugal-apostam-numa-forte-greve-geral-nesta-quinta-feira\/\",\"name\":\"Centrais sindicais de Portugal apostam numa forte greve geral nesta quinta-feira - PSOL 50\",\"isPartOf\":{\"@id\":\"https:\/\/psol50.org.br\/#website\"},\"datePublished\":\"2013-06-26T00:00:00+00:00\",\"breadcrumb\":{\"@id\":\"https:\/\/psol50.org.br\/centrais-sindicais-de-portugal-apostam-numa-forte-greve-geral-nesta-quinta-feira\/#breadcrumb\"},\"inLanguage\":\"pt-BR\",\"potentialAction\":[{\"@type\":\"ReadAction\",\"target\":[\"https:\/\/psol50.org.br\/centrais-sindicais-de-portugal-apostam-numa-forte-greve-geral-nesta-quinta-feira\/\"]}]},{\"@type\":\"BreadcrumbList\",\"@id\":\"https:\/\/psol50.org.br\/centrais-sindicais-de-portugal-apostam-numa-forte-greve-geral-nesta-quinta-feira\/#breadcrumb\",\"itemListElement\":[{\"@type\":\"ListItem\",\"position\":1,\"name\":\"In\u00edcio\",\"item\":\"https:\/\/psol50.org.br\/\"},{\"@type\":\"ListItem\",\"position\":2,\"name\":\"Centrais sindicais de Portugal apostam numa forte greve geral nesta quinta-feira\"}]},{\"@type\":\"WebSite\",\"@id\":\"https:\/\/psol50.org.br\/#website\",\"url\":\"https:\/\/psol50.org.br\/\",\"name\":\"PSOL 50\",\"description\":\"Site oficial do Partido Socialismo e Liberdade\",\"publisher\":{\"@id\":\"https:\/\/psol50.org.br\/#organization\"},\"alternateName\":\"PSOL50\",\"potentialAction\":[{\"@type\":\"SearchAction\",\"target\":{\"@type\":\"EntryPoint\",\"urlTemplate\":\"https:\/\/psol50.org.br\/?s={search_term_string}\"},\"query-input\":{\"@type\":\"PropertyValueSpecification\",\"valueRequired\":true,\"valueName\":\"search_term_string\"}}],\"inLanguage\":\"pt-BR\"},{\"@type\":\"Organization\",\"@id\":\"https:\/\/psol50.org.br\/#organization\",\"name\":\"PSOL 50\",\"alternateName\":\"PSOL 50\",\"url\":\"https:\/\/psol50.org.br\/\",\"logo\":{\"@type\":\"ImageObject\",\"inLanguage\":\"pt-BR\",\"@id\":\"https:\/\/psol50.org.br\/#\/schema\/logo\/image\/\",\"url\":\"https:\/\/psol50.org.br\/inc\/uploads\/2018\/07\/capa.png\",\"contentUrl\":\"https:\/\/psol50.org.br\/inc\/uploads\/2018\/07\/capa.png\",\"width\":1350,\"height\":900,\"caption\":\"PSOL 50\"},\"image\":{\"@id\":\"https:\/\/psol50.org.br\/#\/schema\/logo\/image\/\"},\"sameAs\":[\"https:\/\/www.facebook.com\/psol50\",\"https:\/\/x.com\/psol50\",\"https:\/\/www.instagram.com\/psol50\/\",\"https:\/\/www.youtube.com\/channel\/UC7SnJS5o1os7a6CaiNabzcg\"]},{\"@type\":\"Person\",\"@id\":\"https:\/\/psol50.org.br\/#\/schema\/person\/475dfa57d0b815993c714c2e96491fcd\",\"name\":\"Comunica\u00e7\u00e3o PSOL\",\"image\":{\"@type\":\"ImageObject\",\"inLanguage\":\"pt-BR\",\"@id\":\"https:\/\/psol50.org.br\/#\/schema\/person\/image\/\",\"url\":\"https:\/\/secure.gravatar.com\/avatar\/b34fc4f4e468a4e51785917065a3db57b841f5c95dba6ad8c73aaf8f66f8f9bf?s=96&d=mm&r=g\",\"contentUrl\":\"https:\/\/secure.gravatar.com\/avatar\/b34fc4f4e468a4e51785917065a3db57b841f5c95dba6ad8c73aaf8f66f8f9bf?s=96&d=mm&r=g\",\"caption\":\"Comunica\u00e7\u00e3o PSOL\"}}]}<\/script>\n<!-- \/ Yoast SEO plugin. -->","yoast_head_json":{"title":"Centrais sindicais de Portugal apostam numa forte greve geral nesta quinta-feira - PSOL 50","robots":{"index":"index","follow":"follow","max-snippet":"max-snippet:-1","max-image-preview":"max-image-preview:large","max-video-preview":"max-video-preview:-1"},"canonical":"https:\/\/psol50.org.br\/centrais-sindicais-de-portugal-apostam-numa-forte-greve-geral-nesta-quinta-feira\/","og_locale":"pt_BR","og_type":"article","og_title":"Centrais sindicais de Portugal apostam numa forte greve geral nesta quinta-feira - PSOL 50","og_description":"As duas maiores centrais sindicais de Portugal (CGTP e CGT) apostam na unidade para fazer uma paralisa\u00e7\u00e3o nacional nesta quinta-feira (27), que signifique uma demonstra\u00e7\u00e3o de total rep\u00fadio pelas pol\u00edticas do governo de Pedro Passos Coelho e de Paulo Portas. Arm\u00e9nio Carlos, da CGTP, acredita numa grande ades\u00e3o \u00e0 greve que resultar\u00e1 numa \u201cenorme derrota [&hellip;]","og_url":"https:\/\/psol50.org.br\/centrais-sindicais-de-portugal-apostam-numa-forte-greve-geral-nesta-quinta-feira\/","og_site_name":"PSOL 50","article_publisher":"https:\/\/www.facebook.com\/psol50","article_published_time":"2013-06-26T00:00:00+00:00","og_image":[{"width":1350,"height":900,"url":"https:\/\/psol50.org.br\/inc\/uploads\/2018\/07\/capa.png","type":"image\/png"}],"author":"Comunica\u00e7\u00e3o PSOL","twitter_card":"summary_large_image","twitter_creator":"@psol50","twitter_site":"@psol50","twitter_misc":{"Escrito por":"Comunica\u00e7\u00e3o PSOL","Est. tempo de leitura":"4 minutos"},"schema":{"@context":"https:\/\/schema.org","@graph":[{"@type":"Article","@id":"https:\/\/psol50.org.br\/centrais-sindicais-de-portugal-apostam-numa-forte-greve-geral-nesta-quinta-feira\/#article","isPartOf":{"@id":"https:\/\/psol50.org.br\/centrais-sindicais-de-portugal-apostam-numa-forte-greve-geral-nesta-quinta-feira\/"},"author":{"name":"Comunica\u00e7\u00e3o PSOL","@id":"https:\/\/psol50.org.br\/#\/schema\/person\/475dfa57d0b815993c714c2e96491fcd"},"headline":"Centrais sindicais de Portugal apostam numa forte greve geral nesta quinta-feira","datePublished":"2013-06-26T00:00:00+00:00","mainEntityOfPage":{"@id":"https:\/\/psol50.org.br\/centrais-sindicais-de-portugal-apostam-numa-forte-greve-geral-nesta-quinta-feira\/"},"wordCount":722,"commentCount":0,"publisher":{"@id":"https:\/\/psol50.org.br\/#organization"},"keywords":["Bloco de Esquerda","Internacional","Portugal"],"articleSection":["Arquivo","Portugal"],"inLanguage":"pt-BR","potentialAction":[{"@type":"CommentAction","name":"Comment","target":["https:\/\/psol50.org.br\/centrais-sindicais-de-portugal-apostam-numa-forte-greve-geral-nesta-quinta-feira\/#respond"]}]},{"@type":"WebPage","@id":"https:\/\/psol50.org.br\/centrais-sindicais-de-portugal-apostam-numa-forte-greve-geral-nesta-quinta-feira\/","url":"https:\/\/psol50.org.br\/centrais-sindicais-de-portugal-apostam-numa-forte-greve-geral-nesta-quinta-feira\/","name":"Centrais sindicais de Portugal apostam numa forte greve geral nesta quinta-feira - PSOL 50","isPartOf":{"@id":"https:\/\/psol50.org.br\/#website"},"datePublished":"2013-06-26T00:00:00+00:00","breadcrumb":{"@id":"https:\/\/psol50.org.br\/centrais-sindicais-de-portugal-apostam-numa-forte-greve-geral-nesta-quinta-feira\/#breadcrumb"},"inLanguage":"pt-BR","potentialAction":[{"@type":"ReadAction","target":["https:\/\/psol50.org.br\/centrais-sindicais-de-portugal-apostam-numa-forte-greve-geral-nesta-quinta-feira\/"]}]},{"@type":"BreadcrumbList","@id":"https:\/\/psol50.org.br\/centrais-sindicais-de-portugal-apostam-numa-forte-greve-geral-nesta-quinta-feira\/#breadcrumb","itemListElement":[{"@type":"ListItem","position":1,"name":"In\u00edcio","item":"https:\/\/psol50.org.br\/"},{"@type":"ListItem","position":2,"name":"Centrais sindicais de Portugal apostam numa forte greve geral nesta quinta-feira"}]},{"@type":"WebSite","@id":"https:\/\/psol50.org.br\/#website","url":"https:\/\/psol50.org.br\/","name":"PSOL 50","description":"Site oficial do Partido Socialismo e Liberdade","publisher":{"@id":"https:\/\/psol50.org.br\/#organization"},"alternateName":"PSOL50","potentialAction":[{"@type":"SearchAction","target":{"@type":"EntryPoint","urlTemplate":"https:\/\/psol50.org.br\/?s={search_term_string}"},"query-input":{"@type":"PropertyValueSpecification","valueRequired":true,"valueName":"search_term_string"}}],"inLanguage":"pt-BR"},{"@type":"Organization","@id":"https:\/\/psol50.org.br\/#organization","name":"PSOL 50","alternateName":"PSOL 50","url":"https:\/\/psol50.org.br\/","logo":{"@type":"ImageObject","inLanguage":"pt-BR","@id":"https:\/\/psol50.org.br\/#\/schema\/logo\/image\/","url":"https:\/\/psol50.org.br\/inc\/uploads\/2018\/07\/capa.png","contentUrl":"https:\/\/psol50.org.br\/inc\/uploads\/2018\/07\/capa.png","width":1350,"height":900,"caption":"PSOL 50"},"image":{"@id":"https:\/\/psol50.org.br\/#\/schema\/logo\/image\/"},"sameAs":["https:\/\/www.facebook.com\/psol50","https:\/\/x.com\/psol50","https:\/\/www.instagram.com\/psol50\/","https:\/\/www.youtube.com\/channel\/UC7SnJS5o1os7a6CaiNabzcg"]},{"@type":"Person","@id":"https:\/\/psol50.org.br\/#\/schema\/person\/475dfa57d0b815993c714c2e96491fcd","name":"Comunica\u00e7\u00e3o PSOL","image":{"@type":"ImageObject","inLanguage":"pt-BR","@id":"https:\/\/psol50.org.br\/#\/schema\/person\/image\/","url":"https:\/\/secure.gravatar.com\/avatar\/b34fc4f4e468a4e51785917065a3db57b841f5c95dba6ad8c73aaf8f66f8f9bf?s=96&d=mm&r=g","contentUrl":"https:\/\/secure.gravatar.com\/avatar\/b34fc4f4e468a4e51785917065a3db57b841f5c95dba6ad8c73aaf8f66f8f9bf?s=96&d=mm&r=g","caption":"Comunica\u00e7\u00e3o PSOL"}}]}},"_links":{"self":[{"href":"https:\/\/psol50.org.br\/rest\/wp\/v2\/posts\/2089","targetHints":{"allow":["GET"]}}],"collection":[{"href":"https:\/\/psol50.org.br\/rest\/wp\/v2\/posts"}],"about":[{"href":"https:\/\/psol50.org.br\/rest\/wp\/v2\/types\/post"}],"author":[{"embeddable":true,"href":"https:\/\/psol50.org.br\/rest\/wp\/v2\/users\/2"}],"replies":[{"embeddable":true,"href":"https:\/\/psol50.org.br\/rest\/wp\/v2\/comments?post=2089"}],"version-history":[{"count":0,"href":"https:\/\/psol50.org.br\/rest\/wp\/v2\/posts\/2089\/revisions"}],"wp:attachment":[{"href":"https:\/\/psol50.org.br\/rest\/wp\/v2\/media?parent=2089"}],"wp:term":[{"taxonomy":"category","embeddable":true,"href":"https:\/\/psol50.org.br\/rest\/wp\/v2\/categories?post=2089"},{"taxonomy":"post_tag","embeddable":true,"href":"https:\/\/psol50.org.br\/rest\/wp\/v2\/tags?post=2089"}],"curies":[{"name":"wp","href":"https:\/\/api.w.org\/{rel}","templated":true}]}}