{"id":20908,"date":"2018-06-06T12:42:12","date_gmt":"2018-06-06T15:42:12","guid":{"rendered":"https:\/\/www.psol50.org.br\/?p=20908"},"modified":"2018-06-06T12:42:12","modified_gmt":"2018-06-06T15:42:12","slug":"juliano-medeiros-convocacao-de-boulos-pela-pf-e-um-duplo-absurdo","status":"publish","type":"post","link":"https:\/\/psol50.org.br\/juliano-medeiros-convocacao-de-boulos-pela-pf-e-um-duplo-absurdo\/","title":{"rendered":"Juliano Medeiros: Convoca\u00e7\u00e3o de Boulos pela PF \u00e9 um duplo absurdo"},"content":{"rendered":"<p>O presidente nacional do PSOL, <a href=\"https:\/\/www.facebook.com\/medeirosjuliano\/\" target=\"_blank\" rel=\"noopener\"><strong><span style=\"color: #0000ff;\">Juliano Medeiros<\/span><\/strong><\/a>, classificou como absurda e intimidat\u00f3ria a convoca\u00e7\u00e3o do pr\u00e9-candidato \u00e0 Presid\u00eancia da Rep\u00fablica, <a href=\"https:\/\/www.facebook.com\/guilhermeboulos.oficial\" target=\"_blank\" rel=\"noopener\"><strong><span style=\"color: #0000ff;\">Guilherme Boulos<\/span><\/strong><\/a>, pela Pol\u00edcia Federal, para prestar depoimento nesta quinta-feira (07). O motivo foi a ocupa\u00e7\u00e3o realizada por militantes do MTST (Movimento dos Trabalhadores Sem Teto), em protesto \u00e0 pris\u00e3o do ex-presidente Lula, no apartamento tr\u00edplex, localizado no Guaruj\u00e1, litoral paulista.<\/p>\n<p>Para Medeiros, a intima\u00e7\u00e3o \u00e9 um duplo absurdo. \u201cPrimeiro, porque Guilherme Boulos n\u00e3o estava na ocupa\u00e7\u00e3o; e, segundo, porque, mais uma vez, a Pol\u00edcia Federal busca criminalizar a pol\u00edtica e os movimentos sociais\u201d.<\/p>\n<p>O presidente do PSOL disse que estar\u00e1 ao lado de Boulos durante a sua ida \u00e0 PF. \u201cVamos apoiar nosso candidato diante dessa tentativa de intimida\u00e7\u00e3o\u201d.<\/p>\n<p>Al\u00e9m dele, tamb\u00e9m acompanhar\u00e3o o pr\u00e9-candidato at\u00e9 a Pol\u00edcia Federal a deputada federal Luiza Erundina (SP), o deputado federal Ivan Valente (SP) e os deputados estaduais de S\u00e3o Paulo Carlos Giannazi, Raul Marcelo e Jo\u00e3o Rillo.<\/p>\n<p>&nbsp;<\/p>\n","protected":false},"excerpt":{"rendered":"<p>O presidente nacional do PSOL, Juliano Medeiros, classificou como absurda e intimidat\u00f3ria a convoca\u00e7\u00e3o do pr\u00e9-candidato \u00e0 Presid\u00eancia da Rep\u00fablica, Guilherme Boulos, pela Pol\u00edcia Federal, para prestar depoimento nesta quinta-feira (07). O motivo foi a ocupa\u00e7\u00e3o realizada por militantes do MTST (Movimento dos Trabalhadores Sem Teto), em protesto \u00e0 pris\u00e3o do ex-presidente Lula, no apartamento [&hellip;]<\/p>\n","protected":false},"author":2,"featured_media":19453,"comment_status":"open","ping_status":"open","sticky":false,"template":"","format":"standard","meta":{"_acf_changed":false,"footnotes":""},"categories":[1882,6],"tags":[977,2546,259,1763,101,457,2547],"class_list":{"0":"post-20908","1":"post","2":"type-post","3":"status-publish","4":"format-standard","5":"has-post-thumbnail","7":"category-brasil","8":"category-noticias","9":"tag-guilherme-boulos","10":"tag-intimacao","11":"tag-juliano-medeiros","12":"tag-lula","13":"tag-mtst","14":"tag-policia-federal","15":"tag-triplex-do-guaruja"},"acf":[],"yoast_head":"<!-- This site is optimized with the Yoast SEO plugin v26.5 - https:\/\/yoast.com\/wordpress\/plugins\/seo\/ -->\n<title>Juliano Medeiros: Convoca\u00e7\u00e3o de Boulos pela PF \u00e9 um duplo absurdo - PSOL 50<\/title>\n<meta name=\"robots\" content=\"index, follow, max-snippet:-1, max-image-preview:large, max-video-preview:-1\" \/>\n<link rel=\"canonical\" href=\"https:\/\/psol50.org.br\/juliano-medeiros-convocacao-de-boulos-pela-pf-e-um-duplo-absurdo\/\" \/>\n<meta property=\"og:locale\" content=\"pt_BR\" \/>\n<meta property=\"og:type\" content=\"article\" \/>\n<meta property=\"og:title\" content=\"Convoca\u00e7\u00e3o de Boulos pela PF \u00e9 um duplo absurdo\" \/>\n<meta property=\"og:description\" content=\"Juliano Medeiros classificou como absurda e intimidat\u00f3ria a convoca\u00e7\u00e3o do pr\u00e9-candidato do PSOL \u00e0 Presid\u00eancia da Rep\u00fablica, pela Pol\u00edcia Federal\" \/>\n<meta property=\"og:url\" content=\"https:\/\/psol50.org.br\/juliano-medeiros-convocacao-de-boulos-pela-pf-e-um-duplo-absurdo\/\" \/>\n<meta property=\"og:site_name\" content=\"PSOL 50\" \/>\n<meta property=\"article:publisher\" content=\"https:\/\/www.facebook.com\/psol50\" \/>\n<meta property=\"article:published_time\" content=\"2018-06-06T15:42:12+00:00\" \/>\n<meta property=\"og:image\" content=\"https:\/\/psol50.org.br\/inc\/uploads\/2018\/07\/capa.png\" \/>\n\t<meta property=\"og:image:width\" content=\"1350\" \/>\n\t<meta property=\"og:image:height\" content=\"900\" \/>\n\t<meta property=\"og:image:type\" content=\"image\/png\" \/>\n<meta name=\"author\" content=\"Comunica\u00e7\u00e3o PSOL\" \/>\n<meta name=\"twitter:card\" content=\"summary_large_image\" \/>\n<meta name=\"twitter:image\" content=\"https:\/\/www.psol50.org.br\/inc\/uploads\/2018\/01\/ExecutivaPSOL-3646.jpg\" \/>\n<meta name=\"twitter:creator\" content=\"@psol50\" \/>\n<meta name=\"twitter:site\" content=\"@psol50\" \/>\n<meta name=\"twitter:label1\" content=\"Escrito por\" \/>\n\t<meta name=\"twitter:data1\" content=\"Comunica\u00e7\u00e3o PSOL\" \/>\n\t<meta name=\"twitter:label2\" content=\"Est. tempo de leitura\" \/>\n\t<meta name=\"twitter:data2\" content=\"1 minuto\" \/>\n<script type=\"application\/ld+json\" class=\"yoast-schema-graph\">{\"@context\":\"https:\/\/schema.org\",\"@graph\":[{\"@type\":\"Article\",\"@id\":\"https:\/\/psol50.org.br\/juliano-medeiros-convocacao-de-boulos-pela-pf-e-um-duplo-absurdo\/#article\",\"isPartOf\":{\"@id\":\"https:\/\/psol50.org.br\/juliano-medeiros-convocacao-de-boulos-pela-pf-e-um-duplo-absurdo\/\"},\"author\":{\"name\":\"Comunica\u00e7\u00e3o PSOL\",\"@id\":\"https:\/\/psol50.org.br\/#\/schema\/person\/475dfa57d0b815993c714c2e96491fcd\"},\"headline\":\"Juliano Medeiros: Convoca\u00e7\u00e3o de Boulos pela PF \u00e9 um duplo absurdo\",\"datePublished\":\"2018-06-06T15:42:12+00:00\",\"mainEntityOfPage\":{\"@id\":\"https:\/\/psol50.org.br\/juliano-medeiros-convocacao-de-boulos-pela-pf-e-um-duplo-absurdo\/\"},\"wordCount\":185,\"commentCount\":0,\"publisher\":{\"@id\":\"https:\/\/psol50.org.br\/#organization\"},\"image\":{\"@id\":\"https:\/\/psol50.org.br\/juliano-medeiros-convocacao-de-boulos-pela-pf-e-um-duplo-absurdo\/#primaryimage\"},\"thumbnailUrl\":\"https:\/\/psol50.org.br\/inc\/uploads\/2018\/01\/ExecutivaPSOL-3646.jpg\",\"keywords\":[\"Guilherme Boulos\",\"intima\u00e7\u00e3o\",\"Juliano Medeiros\",\"Lula\",\"MTST\",\"Pol\u00edcia Federal\",\"tr\u00edplex do Guaruj\u00e1\"],\"articleSection\":[\"Brasil\",\"Not\u00edcias\"],\"inLanguage\":\"pt-BR\",\"potentialAction\":[{\"@type\":\"CommentAction\",\"name\":\"Comment\",\"target\":[\"https:\/\/psol50.org.br\/juliano-medeiros-convocacao-de-boulos-pela-pf-e-um-duplo-absurdo\/#respond\"]}]},{\"@type\":\"WebPage\",\"@id\":\"https:\/\/psol50.org.br\/juliano-medeiros-convocacao-de-boulos-pela-pf-e-um-duplo-absurdo\/\",\"url\":\"https:\/\/psol50.org.br\/juliano-medeiros-convocacao-de-boulos-pela-pf-e-um-duplo-absurdo\/\",\"name\":\"Juliano Medeiros: Convoca\u00e7\u00e3o de Boulos pela PF \u00e9 um duplo absurdo - PSOL 50\",\"isPartOf\":{\"@id\":\"https:\/\/psol50.org.br\/#website\"},\"primaryImageOfPage\":{\"@id\":\"https:\/\/psol50.org.br\/juliano-medeiros-convocacao-de-boulos-pela-pf-e-um-duplo-absurdo\/#primaryimage\"},\"image\":{\"@id\":\"https:\/\/psol50.org.br\/juliano-medeiros-convocacao-de-boulos-pela-pf-e-um-duplo-absurdo\/#primaryimage\"},\"thumbnailUrl\":\"https:\/\/psol50.org.br\/inc\/uploads\/2018\/01\/ExecutivaPSOL-3646.jpg\",\"datePublished\":\"2018-06-06T15:42:12+00:00\",\"breadcrumb\":{\"@id\":\"https:\/\/psol50.org.br\/juliano-medeiros-convocacao-de-boulos-pela-pf-e-um-duplo-absurdo\/#breadcrumb\"},\"inLanguage\":\"pt-BR\",\"potentialAction\":[{\"@type\":\"ReadAction\",\"target\":[\"https:\/\/psol50.org.br\/juliano-medeiros-convocacao-de-boulos-pela-pf-e-um-duplo-absurdo\/\"]}]},{\"@type\":\"ImageObject\",\"inLanguage\":\"pt-BR\",\"@id\":\"https:\/\/psol50.org.br\/juliano-medeiros-convocacao-de-boulos-pela-pf-e-um-duplo-absurdo\/#primaryimage\",\"url\":\"https:\/\/psol50.org.br\/inc\/uploads\/2018\/01\/ExecutivaPSOL-3646.jpg\",\"contentUrl\":\"https:\/\/psol50.org.br\/inc\/uploads\/2018\/01\/ExecutivaPSOL-3646.jpg\",\"width\":1800,\"height\":1200},{\"@type\":\"BreadcrumbList\",\"@id\":\"https:\/\/psol50.org.br\/juliano-medeiros-convocacao-de-boulos-pela-pf-e-um-duplo-absurdo\/#breadcrumb\",\"itemListElement\":[{\"@type\":\"ListItem\",\"position\":1,\"name\":\"In\u00edcio\",\"item\":\"https:\/\/psol50.org.br\/\"},{\"@type\":\"ListItem\",\"position\":2,\"name\":\"Juliano Medeiros: Convoca\u00e7\u00e3o de Boulos pela PF \u00e9 um duplo absurdo\"}]},{\"@type\":\"WebSite\",\"@id\":\"https:\/\/psol50.org.br\/#website\",\"url\":\"https:\/\/psol50.org.br\/\",\"name\":\"PSOL 50\",\"description\":\"Site oficial do Partido Socialismo e Liberdade\",\"publisher\":{\"@id\":\"https:\/\/psol50.org.br\/#organization\"},\"alternateName\":\"PSOL50\",\"potentialAction\":[{\"@type\":\"SearchAction\",\"target\":{\"@type\":\"EntryPoint\",\"urlTemplate\":\"https:\/\/psol50.org.br\/?s={search_term_string}\"},\"query-input\":{\"@type\":\"PropertyValueSpecification\",\"valueRequired\":true,\"valueName\":\"search_term_string\"}}],\"inLanguage\":\"pt-BR\"},{\"@type\":\"Organization\",\"@id\":\"https:\/\/psol50.org.br\/#organization\",\"name\":\"PSOL 50\",\"alternateName\":\"PSOL 50\",\"url\":\"https:\/\/psol50.org.br\/\",\"logo\":{\"@type\":\"ImageObject\",\"inLanguage\":\"pt-BR\",\"@id\":\"https:\/\/psol50.org.br\/#\/schema\/logo\/image\/\",\"url\":\"https:\/\/psol50.org.br\/inc\/uploads\/2018\/07\/capa.png\",\"contentUrl\":\"https:\/\/psol50.org.br\/inc\/uploads\/2018\/07\/capa.png\",\"width\":1350,\"height\":900,\"caption\":\"PSOL 50\"},\"image\":{\"@id\":\"https:\/\/psol50.org.br\/#\/schema\/logo\/image\/\"},\"sameAs\":[\"https:\/\/www.facebook.com\/psol50\",\"https:\/\/x.com\/psol50\",\"https:\/\/www.instagram.com\/psol50\/\",\"https:\/\/www.youtube.com\/channel\/UC7SnJS5o1os7a6CaiNabzcg\"]},{\"@type\":\"Person\",\"@id\":\"https:\/\/psol50.org.br\/#\/schema\/person\/475dfa57d0b815993c714c2e96491fcd\",\"name\":\"Comunica\u00e7\u00e3o PSOL\",\"image\":{\"@type\":\"ImageObject\",\"inLanguage\":\"pt-BR\",\"@id\":\"https:\/\/psol50.org.br\/#\/schema\/person\/image\/\",\"url\":\"https:\/\/secure.gravatar.com\/avatar\/b34fc4f4e468a4e51785917065a3db57b841f5c95dba6ad8c73aaf8f66f8f9bf?s=96&d=mm&r=g\",\"contentUrl\":\"https:\/\/secure.gravatar.com\/avatar\/b34fc4f4e468a4e51785917065a3db57b841f5c95dba6ad8c73aaf8f66f8f9bf?s=96&d=mm&r=g\",\"caption\":\"Comunica\u00e7\u00e3o PSOL\"}}]}<\/script>\n<!-- \/ Yoast SEO plugin. -->","yoast_head_json":{"title":"Juliano Medeiros: Convoca\u00e7\u00e3o de Boulos pela PF \u00e9 um duplo absurdo - PSOL 50","robots":{"index":"index","follow":"follow","max-snippet":"max-snippet:-1","max-image-preview":"max-image-preview:large","max-video-preview":"max-video-preview:-1"},"canonical":"https:\/\/psol50.org.br\/juliano-medeiros-convocacao-de-boulos-pela-pf-e-um-duplo-absurdo\/","og_locale":"pt_BR","og_type":"article","og_title":"Convoca\u00e7\u00e3o de Boulos pela PF \u00e9 um duplo absurdo","og_description":"Juliano Medeiros classificou como absurda e intimidat\u00f3ria a convoca\u00e7\u00e3o do pr\u00e9-candidato do PSOL \u00e0 Presid\u00eancia da Rep\u00fablica, pela Pol\u00edcia Federal","og_url":"https:\/\/psol50.org.br\/juliano-medeiros-convocacao-de-boulos-pela-pf-e-um-duplo-absurdo\/","og_site_name":"PSOL 50","article_publisher":"https:\/\/www.facebook.com\/psol50","article_published_time":"2018-06-06T15:42:12+00:00","og_image":[{"width":1350,"height":900,"url":"https:\/\/psol50.org.br\/inc\/uploads\/2018\/07\/capa.png","type":"image\/png"}],"author":"Comunica\u00e7\u00e3o PSOL","twitter_card":"summary_large_image","twitter_image":"https:\/\/www.psol50.org.br\/inc\/uploads\/2018\/01\/ExecutivaPSOL-3646.jpg","twitter_creator":"@psol50","twitter_site":"@psol50","twitter_misc":{"Escrito por":"Comunica\u00e7\u00e3o PSOL","Est. tempo de leitura":"1 minuto"},"schema":{"@context":"https:\/\/schema.org","@graph":[{"@type":"Article","@id":"https:\/\/psol50.org.br\/juliano-medeiros-convocacao-de-boulos-pela-pf-e-um-duplo-absurdo\/#article","isPartOf":{"@id":"https:\/\/psol50.org.br\/juliano-medeiros-convocacao-de-boulos-pela-pf-e-um-duplo-absurdo\/"},"author":{"name":"Comunica\u00e7\u00e3o PSOL","@id":"https:\/\/psol50.org.br\/#\/schema\/person\/475dfa57d0b815993c714c2e96491fcd"},"headline":"Juliano Medeiros: Convoca\u00e7\u00e3o de Boulos pela PF \u00e9 um duplo absurdo","datePublished":"2018-06-06T15:42:12+00:00","mainEntityOfPage":{"@id":"https:\/\/psol50.org.br\/juliano-medeiros-convocacao-de-boulos-pela-pf-e-um-duplo-absurdo\/"},"wordCount":185,"commentCount":0,"publisher":{"@id":"https:\/\/psol50.org.br\/#organization"},"image":{"@id":"https:\/\/psol50.org.br\/juliano-medeiros-convocacao-de-boulos-pela-pf-e-um-duplo-absurdo\/#primaryimage"},"thumbnailUrl":"https:\/\/psol50.org.br\/inc\/uploads\/2018\/01\/ExecutivaPSOL-3646.jpg","keywords":["Guilherme Boulos","intima\u00e7\u00e3o","Juliano Medeiros","Lula","MTST","Pol\u00edcia Federal","tr\u00edplex do Guaruj\u00e1"],"articleSection":["Brasil","Not\u00edcias"],"inLanguage":"pt-BR","potentialAction":[{"@type":"CommentAction","name":"Comment","target":["https:\/\/psol50.org.br\/juliano-medeiros-convocacao-de-boulos-pela-pf-e-um-duplo-absurdo\/#respond"]}]},{"@type":"WebPage","@id":"https:\/\/psol50.org.br\/juliano-medeiros-convocacao-de-boulos-pela-pf-e-um-duplo-absurdo\/","url":"https:\/\/psol50.org.br\/juliano-medeiros-convocacao-de-boulos-pela-pf-e-um-duplo-absurdo\/","name":"Juliano Medeiros: Convoca\u00e7\u00e3o de Boulos pela PF \u00e9 um duplo absurdo - PSOL 50","isPartOf":{"@id":"https:\/\/psol50.org.br\/#website"},"primaryImageOfPage":{"@id":"https:\/\/psol50.org.br\/juliano-medeiros-convocacao-de-boulos-pela-pf-e-um-duplo-absurdo\/#primaryimage"},"image":{"@id":"https:\/\/psol50.org.br\/juliano-medeiros-convocacao-de-boulos-pela-pf-e-um-duplo-absurdo\/#primaryimage"},"thumbnailUrl":"https:\/\/psol50.org.br\/inc\/uploads\/2018\/01\/ExecutivaPSOL-3646.jpg","datePublished":"2018-06-06T15:42:12+00:00","breadcrumb":{"@id":"https:\/\/psol50.org.br\/juliano-medeiros-convocacao-de-boulos-pela-pf-e-um-duplo-absurdo\/#breadcrumb"},"inLanguage":"pt-BR","potentialAction":[{"@type":"ReadAction","target":["https:\/\/psol50.org.br\/juliano-medeiros-convocacao-de-boulos-pela-pf-e-um-duplo-absurdo\/"]}]},{"@type":"ImageObject","inLanguage":"pt-BR","@id":"https:\/\/psol50.org.br\/juliano-medeiros-convocacao-de-boulos-pela-pf-e-um-duplo-absurdo\/#primaryimage","url":"https:\/\/psol50.org.br\/inc\/uploads\/2018\/01\/ExecutivaPSOL-3646.jpg","contentUrl":"https:\/\/psol50.org.br\/inc\/uploads\/2018\/01\/ExecutivaPSOL-3646.jpg","width":1800,"height":1200},{"@type":"BreadcrumbList","@id":"https:\/\/psol50.org.br\/juliano-medeiros-convocacao-de-boulos-pela-pf-e-um-duplo-absurdo\/#breadcrumb","itemListElement":[{"@type":"ListItem","position":1,"name":"In\u00edcio","item":"https:\/\/psol50.org.br\/"},{"@type":"ListItem","position":2,"name":"Juliano Medeiros: Convoca\u00e7\u00e3o de Boulos pela PF \u00e9 um duplo absurdo"}]},{"@type":"WebSite","@id":"https:\/\/psol50.org.br\/#website","url":"https:\/\/psol50.org.br\/","name":"PSOL 50","description":"Site oficial do Partido Socialismo e Liberdade","publisher":{"@id":"https:\/\/psol50.org.br\/#organization"},"alternateName":"PSOL50","potentialAction":[{"@type":"SearchAction","target":{"@type":"EntryPoint","urlTemplate":"https:\/\/psol50.org.br\/?s={search_term_string}"},"query-input":{"@type":"PropertyValueSpecification","valueRequired":true,"valueName":"search_term_string"}}],"inLanguage":"pt-BR"},{"@type":"Organization","@id":"https:\/\/psol50.org.br\/#organization","name":"PSOL 50","alternateName":"PSOL 50","url":"https:\/\/psol50.org.br\/","logo":{"@type":"ImageObject","inLanguage":"pt-BR","@id":"https:\/\/psol50.org.br\/#\/schema\/logo\/image\/","url":"https:\/\/psol50.org.br\/inc\/uploads\/2018\/07\/capa.png","contentUrl":"https:\/\/psol50.org.br\/inc\/uploads\/2018\/07\/capa.png","width":1350,"height":900,"caption":"PSOL 50"},"image":{"@id":"https:\/\/psol50.org.br\/#\/schema\/logo\/image\/"},"sameAs":["https:\/\/www.facebook.com\/psol50","https:\/\/x.com\/psol50","https:\/\/www.instagram.com\/psol50\/","https:\/\/www.youtube.com\/channel\/UC7SnJS5o1os7a6CaiNabzcg"]},{"@type":"Person","@id":"https:\/\/psol50.org.br\/#\/schema\/person\/475dfa57d0b815993c714c2e96491fcd","name":"Comunica\u00e7\u00e3o PSOL","image":{"@type":"ImageObject","inLanguage":"pt-BR","@id":"https:\/\/psol50.org.br\/#\/schema\/person\/image\/","url":"https:\/\/secure.gravatar.com\/avatar\/b34fc4f4e468a4e51785917065a3db57b841f5c95dba6ad8c73aaf8f66f8f9bf?s=96&d=mm&r=g","contentUrl":"https:\/\/secure.gravatar.com\/avatar\/b34fc4f4e468a4e51785917065a3db57b841f5c95dba6ad8c73aaf8f66f8f9bf?s=96&d=mm&r=g","caption":"Comunica\u00e7\u00e3o PSOL"}}]}},"_links":{"self":[{"href":"https:\/\/psol50.org.br\/rest\/wp\/v2\/posts\/20908","targetHints":{"allow":["GET"]}}],"collection":[{"href":"https:\/\/psol50.org.br\/rest\/wp\/v2\/posts"}],"about":[{"href":"https:\/\/psol50.org.br\/rest\/wp\/v2\/types\/post"}],"author":[{"embeddable":true,"href":"https:\/\/psol50.org.br\/rest\/wp\/v2\/users\/2"}],"replies":[{"embeddable":true,"href":"https:\/\/psol50.org.br\/rest\/wp\/v2\/comments?post=20908"}],"version-history":[{"count":0,"href":"https:\/\/psol50.org.br\/rest\/wp\/v2\/posts\/20908\/revisions"}],"wp:featuredmedia":[{"embeddable":true,"href":"https:\/\/psol50.org.br\/rest\/wp\/v2\/media\/19453"}],"wp:attachment":[{"href":"https:\/\/psol50.org.br\/rest\/wp\/v2\/media?parent=20908"}],"wp:term":[{"taxonomy":"category","embeddable":true,"href":"https:\/\/psol50.org.br\/rest\/wp\/v2\/categories?post=20908"},{"taxonomy":"post_tag","embeddable":true,"href":"https:\/\/psol50.org.br\/rest\/wp\/v2\/tags?post=20908"}],"curies":[{"name":"wp","href":"https:\/\/api.w.org\/{rel}","templated":true}]}}