{"id":20917,"date":"2018-06-07T10:13:59","date_gmt":"2018-06-07T13:13:59","guid":{"rendered":"https:\/\/www.psol50.org.br\/?p=20917"},"modified":"2018-06-07T10:13:59","modified_gmt":"2018-06-07T13:13:59","slug":"jose-carlos-miranda-paquistao-urgente-lider-socialista-ameacado-pelo-taliba","status":"publish","type":"post","link":"https:\/\/psol50.org.br\/jose-carlos-miranda-paquistao-urgente-lider-socialista-ameacado-pelo-taliba\/","title":{"rendered":"Jos\u00e9 Carlos Miranda | Paquist\u00e3o Urgente: L\u00edder Socialista amea\u00e7ado pelo Talib\u00e3"},"content":{"rendered":"<p>No domingo passado, o l\u00edder do Pastun Tahafuz Movement &#8211; PTM\u00b9 Ali Wazir, a caminho de sua casa em Wana, Wazirst\u00e3o do Sul\u00b2, para receber uma multid\u00e3o que o visitaria. Neste momento ativistas do grupo denominado \u201cbons talib\u00e3s\u201d e o chamado comit\u00ea pelo estabelecimento da paz atacaram sua casa e um posto de gasolina vizinho.<\/p>\n<p>De acordo com Manzoor Pashteen\u00b3, tamb\u00e9m lideran\u00e7a do PTM, a multid\u00e3o reagiu atacando pedras contra os talib\u00e3s armados. Eles voltaram mais tarde com guerreiros do talib\u00e3, soldados e seguran\u00e7as das fronteiras e abriram fogo indiscriminadamente contra a multid\u00e3o deixando dezenas de feridos e 8 mortos.<\/p>\n<p>Ap\u00f3s esta chacina o ex\u00e9rcito imp\u00f4s toque de recolher na regi\u00e3o. Uma \u201cJirca\u201d local (Nota do editor: Jirca \u00e9 uma reuni\u00e3o tradicional da regi\u00e3o de organiza\u00e7\u00e3o tribal de anci\u00f5es ou conselho de anci\u00f5es da sociedade que \u00e9 uma institui\u00e7\u00e3o muito respeitada) para discutir a situa\u00e7\u00e3o. A Jirca decidiu que nenhum membro do Comit\u00ea de Paz entraria na cidade agora. O Talib\u00e3 rejeitou a decis\u00e3o e come\u00e7ou a se agrupar fora da casa de Ali com armados com armas autom\u00e1ticas de \u00faltima gera\u00e7\u00e3o. Eles amea\u00e7am Ali para que pare seu apoio ao PTM.<\/p>\n<p>Centenas de pessoas est\u00e3o na casa de Ali, protegendo-o do Talib\u00e3 e das for\u00e7as de seguran\u00e7a.<\/p>\n<p><strong>Quem \u00e9 Ali Wazir?<br \/>\n<\/strong>(ver mais neste link em ingl\u00eas: <a href=\"https:\/\/thediplomat.com\/2018\/04\/what-does-the-pashtun-tahafuz-movement-want\/\">https:\/\/thediplomat.com\/2018\/04\/what-does-the-pashtun-tahafuz-movement-want\/<\/a>)<\/p>\n<p>Ali \u00e9 um ativista pol\u00edtico de esquerda de Wana, Wazirst\u00e3o do Sul e obteve 8.750 votos nas \u00faltimas elei\u00e7\u00f5es gerais, perdeu para o candidato de direita apoiado pelo governo PML-N por apenas 150 votos. A juventude e as pessoas comuns da regi\u00e3o acreditam firmemente que ele s\u00f3 \u201cperdeu\u201d a elei\u00e7\u00e3o devido a sua ideologia socialista.<\/p>\n<p>Neste momento denunciamos esta situa\u00e7\u00e3o de barb\u00e1rie contra os mais elementares direitos humanos. Exigimos que o governo corte imediatamente seu apoio ao talib\u00e3, denunciamos o uso de terroristas contra o camarada Ali Wazir. Exigimos o fim imediato do cerco a casa de Ali Wazir.<\/p>\n<p>#SaveAliWazir<\/p>\n<p>#HandsOffAliWazir<\/p>\n<p><span class=\"Apple-converted-space\">\u00a0<\/span><b>Notas:<\/b><\/p>\n<p>1 O PTM (Pashtoon Tahafuz Movement \u2013 Movimento de Prote\u00e7\u00e3o Pachtun) \u00e9 um movimento social pelos direitos humanos Pachtun, com base nas Areas Tribais Federalmente Administradas\u00a0(FATA), KPK\u00a0e Baluquist\u00e3o, Paquist\u00e3o.\u00a0O movimento come\u00e7ou originalmente em 2014 como uma iniciativa para remover minas terrestres no Wazirist\u00e3o, afetadas pelas guerras no noroeste do Paquist\u00e3o. E ganhou notoriedade em janeiro de 2018\u00a0quando iniciou um movimento de justi\u00e7a para Naqeebullah Mehsud\u00a0, que foi morto durante uma \u201cbatida\u201d policial em Karachi no\u00a0mesmo m\u00eas. O PTM tem ganhado apoio em todo territ\u00f3rio do Paquist\u00e3o reunindo dezenas milhares em seus com\u00edcios.<\/p>\n<p>2 Wana, Wazirst\u00e3o do Sul \u00e9 uma regi\u00e3o montanhosa do noroeste do Paquist\u00e3o na fronteira com o Afeganist\u00e3o. Faz parte da FATA, Territ\u00f3rio Federal das \u00c1reas Tribais, regi\u00e3o considerada como fora das quatro prov\u00edncias pa\u00eds.<\/p>\n<p>3 Manzoor Pashteen \u00e9 o principal l\u00edder do PTM com proemin\u00eancia internacional<span class=\"Apple-converted-space\"><\/p>\n<p><\/span><\/p>\n","protected":false},"excerpt":{"rendered":"<p>No domingo passado, o l\u00edder do Pastun Tahafuz Movement &#8211; PTM\u00b9 Ali Wazir, a caminho de sua casa em Wana, Wazirst\u00e3o do Sul\u00b2, para receber uma multid\u00e3o que o visitaria. Neste momento ativistas do grupo denominado \u201cbons talib\u00e3s\u201d e o chamado comit\u00ea pelo estabelecimento da paz atacaram sua casa e um posto de gasolina vizinho. [&hellip;]<\/p>\n","protected":false},"author":2,"featured_media":20919,"comment_status":"open","ping_status":"open","sticky":false,"template":"","format":"standard","meta":{"_acf_changed":false,"footnotes":""},"categories":[3],"tags":[1842,2548,2549,1844,2550,2551],"class_list":{"0":"post-20917","1":"post","2":"type-post","3":"status-publish","4":"format-standard","5":"has-post-thumbnail","7":"category-artigos-e-entrevistas","8":"tag-ali-wazir","9":"tag-jose-carlos-miranda","10":"tag-lider-socialista","11":"tag-paquistao","12":"tag-pastun-tahafuz-movement","13":"tag-taliba"},"acf":[],"yoast_head":"<!-- This site is optimized with the Yoast SEO plugin v26.5 - https:\/\/yoast.com\/wordpress\/plugins\/seo\/ -->\n<title>Jos\u00e9 Carlos Miranda | Paquist\u00e3o Urgente: L\u00edder Socialista amea\u00e7ado pelo Talib\u00e3 - PSOL 50<\/title>\n<meta name=\"robots\" content=\"index, follow, max-snippet:-1, max-image-preview:large, max-video-preview:-1\" \/>\n<link rel=\"canonical\" href=\"https:\/\/psol50.org.br\/jose-carlos-miranda-paquistao-urgente-lider-socialista-ameacado-pelo-taliba\/\" \/>\n<meta property=\"og:locale\" content=\"pt_BR\" \/>\n<meta property=\"og:type\" content=\"article\" \/>\n<meta property=\"og:title\" content=\"Jos\u00e9 Carlos Miranda | Paquist\u00e3o Urgente: L\u00edder Socialista amea\u00e7ado pelo Talib\u00e3 - PSOL 50\" \/>\n<meta property=\"og:description\" content=\"No domingo passado, o l\u00edder do Pastun Tahafuz Movement &#8211; PTM\u00b9 Ali Wazir, a caminho de sua casa em Wana, Wazirst\u00e3o do Sul\u00b2, para receber uma multid\u00e3o que o visitaria. Neste momento ativistas do grupo denominado \u201cbons talib\u00e3s\u201d e o chamado comit\u00ea pelo estabelecimento da paz atacaram sua casa e um posto de gasolina vizinho. [&hellip;]\" \/>\n<meta property=\"og:url\" content=\"https:\/\/psol50.org.br\/jose-carlos-miranda-paquistao-urgente-lider-socialista-ameacado-pelo-taliba\/\" \/>\n<meta property=\"og:site_name\" content=\"PSOL 50\" \/>\n<meta property=\"article:publisher\" content=\"https:\/\/www.facebook.com\/psol50\" \/>\n<meta property=\"article:published_time\" content=\"2018-06-07T13:13:59+00:00\" \/>\n<meta property=\"og:image\" content=\"https:\/\/psol50.org.br\/inc\/uploads\/2018\/06\/taliba.jpg\" \/>\n\t<meta property=\"og:image:width\" content=\"1350\" \/>\n\t<meta property=\"og:image:height\" content=\"775\" \/>\n\t<meta property=\"og:image:type\" content=\"image\/jpeg\" \/>\n<meta name=\"author\" content=\"Comunica\u00e7\u00e3o PSOL\" \/>\n<meta name=\"twitter:card\" content=\"summary_large_image\" \/>\n<meta name=\"twitter:creator\" content=\"@psol50\" \/>\n<meta name=\"twitter:site\" content=\"@psol50\" \/>\n<meta name=\"twitter:label1\" content=\"Escrito por\" \/>\n\t<meta name=\"twitter:data1\" content=\"Comunica\u00e7\u00e3o PSOL\" \/>\n\t<meta name=\"twitter:label2\" content=\"Est. tempo de leitura\" \/>\n\t<meta name=\"twitter:data2\" content=\"3 minutos\" \/>\n<script type=\"application\/ld+json\" class=\"yoast-schema-graph\">{\"@context\":\"https:\/\/schema.org\",\"@graph\":[{\"@type\":\"Article\",\"@id\":\"https:\/\/psol50.org.br\/jose-carlos-miranda-paquistao-urgente-lider-socialista-ameacado-pelo-taliba\/#article\",\"isPartOf\":{\"@id\":\"https:\/\/psol50.org.br\/jose-carlos-miranda-paquistao-urgente-lider-socialista-ameacado-pelo-taliba\/\"},\"author\":{\"name\":\"Comunica\u00e7\u00e3o PSOL\",\"@id\":\"https:\/\/psol50.org.br\/#\/schema\/person\/475dfa57d0b815993c714c2e96491fcd\"},\"headline\":\"Jos\u00e9 Carlos Miranda | Paquist\u00e3o Urgente: L\u00edder Socialista amea\u00e7ado pelo Talib\u00e3\",\"datePublished\":\"2018-06-07T13:13:59+00:00\",\"mainEntityOfPage\":{\"@id\":\"https:\/\/psol50.org.br\/jose-carlos-miranda-paquistao-urgente-lider-socialista-ameacado-pelo-taliba\/\"},\"wordCount\":523,\"commentCount\":0,\"publisher\":{\"@id\":\"https:\/\/psol50.org.br\/#organization\"},\"image\":{\"@id\":\"https:\/\/psol50.org.br\/jose-carlos-miranda-paquistao-urgente-lider-socialista-ameacado-pelo-taliba\/#primaryimage\"},\"thumbnailUrl\":\"https:\/\/psol50.org.br\/inc\/uploads\/2018\/06\/taliba.jpg\",\"keywords\":[\"Ali Wazir\",\"Jos\u00e9 Carlos Miranda\",\"l\u00edder socialista\",\"Paquist\u00e3o\",\"Pastun Tahafuz Movement\",\"Talib\u00e3\"],\"articleSection\":[\"Artigos\"],\"inLanguage\":\"pt-BR\",\"potentialAction\":[{\"@type\":\"CommentAction\",\"name\":\"Comment\",\"target\":[\"https:\/\/psol50.org.br\/jose-carlos-miranda-paquistao-urgente-lider-socialista-ameacado-pelo-taliba\/#respond\"]}]},{\"@type\":\"WebPage\",\"@id\":\"https:\/\/psol50.org.br\/jose-carlos-miranda-paquistao-urgente-lider-socialista-ameacado-pelo-taliba\/\",\"url\":\"https:\/\/psol50.org.br\/jose-carlos-miranda-paquistao-urgente-lider-socialista-ameacado-pelo-taliba\/\",\"name\":\"Jos\u00e9 Carlos Miranda | Paquist\u00e3o Urgente: L\u00edder Socialista amea\u00e7ado pelo Talib\u00e3 - PSOL 50\",\"isPartOf\":{\"@id\":\"https:\/\/psol50.org.br\/#website\"},\"primaryImageOfPage\":{\"@id\":\"https:\/\/psol50.org.br\/jose-carlos-miranda-paquistao-urgente-lider-socialista-ameacado-pelo-taliba\/#primaryimage\"},\"image\":{\"@id\":\"https:\/\/psol50.org.br\/jose-carlos-miranda-paquistao-urgente-lider-socialista-ameacado-pelo-taliba\/#primaryimage\"},\"thumbnailUrl\":\"https:\/\/psol50.org.br\/inc\/uploads\/2018\/06\/taliba.jpg\",\"datePublished\":\"2018-06-07T13:13:59+00:00\",\"breadcrumb\":{\"@id\":\"https:\/\/psol50.org.br\/jose-carlos-miranda-paquistao-urgente-lider-socialista-ameacado-pelo-taliba\/#breadcrumb\"},\"inLanguage\":\"pt-BR\",\"potentialAction\":[{\"@type\":\"ReadAction\",\"target\":[\"https:\/\/psol50.org.br\/jose-carlos-miranda-paquistao-urgente-lider-socialista-ameacado-pelo-taliba\/\"]}]},{\"@type\":\"ImageObject\",\"inLanguage\":\"pt-BR\",\"@id\":\"https:\/\/psol50.org.br\/jose-carlos-miranda-paquistao-urgente-lider-socialista-ameacado-pelo-taliba\/#primaryimage\",\"url\":\"https:\/\/psol50.org.br\/inc\/uploads\/2018\/06\/taliba.jpg\",\"contentUrl\":\"https:\/\/psol50.org.br\/inc\/uploads\/2018\/06\/taliba.jpg\",\"width\":1350,\"height\":775},{\"@type\":\"BreadcrumbList\",\"@id\":\"https:\/\/psol50.org.br\/jose-carlos-miranda-paquistao-urgente-lider-socialista-ameacado-pelo-taliba\/#breadcrumb\",\"itemListElement\":[{\"@type\":\"ListItem\",\"position\":1,\"name\":\"In\u00edcio\",\"item\":\"https:\/\/psol50.org.br\/\"},{\"@type\":\"ListItem\",\"position\":2,\"name\":\"Jos\u00e9 Carlos Miranda | Paquist\u00e3o Urgente: L\u00edder Socialista amea\u00e7ado pelo Talib\u00e3\"}]},{\"@type\":\"WebSite\",\"@id\":\"https:\/\/psol50.org.br\/#website\",\"url\":\"https:\/\/psol50.org.br\/\",\"name\":\"PSOL 50\",\"description\":\"Site oficial do Partido Socialismo e Liberdade\",\"publisher\":{\"@id\":\"https:\/\/psol50.org.br\/#organization\"},\"alternateName\":\"PSOL50\",\"potentialAction\":[{\"@type\":\"SearchAction\",\"target\":{\"@type\":\"EntryPoint\",\"urlTemplate\":\"https:\/\/psol50.org.br\/?s={search_term_string}\"},\"query-input\":{\"@type\":\"PropertyValueSpecification\",\"valueRequired\":true,\"valueName\":\"search_term_string\"}}],\"inLanguage\":\"pt-BR\"},{\"@type\":\"Organization\",\"@id\":\"https:\/\/psol50.org.br\/#organization\",\"name\":\"PSOL 50\",\"alternateName\":\"PSOL 50\",\"url\":\"https:\/\/psol50.org.br\/\",\"logo\":{\"@type\":\"ImageObject\",\"inLanguage\":\"pt-BR\",\"@id\":\"https:\/\/psol50.org.br\/#\/schema\/logo\/image\/\",\"url\":\"https:\/\/psol50.org.br\/inc\/uploads\/2018\/07\/capa.png\",\"contentUrl\":\"https:\/\/psol50.org.br\/inc\/uploads\/2018\/07\/capa.png\",\"width\":1350,\"height\":900,\"caption\":\"PSOL 50\"},\"image\":{\"@id\":\"https:\/\/psol50.org.br\/#\/schema\/logo\/image\/\"},\"sameAs\":[\"https:\/\/www.facebook.com\/psol50\",\"https:\/\/x.com\/psol50\",\"https:\/\/www.instagram.com\/psol50\/\",\"https:\/\/www.youtube.com\/channel\/UC7SnJS5o1os7a6CaiNabzcg\"]},{\"@type\":\"Person\",\"@id\":\"https:\/\/psol50.org.br\/#\/schema\/person\/475dfa57d0b815993c714c2e96491fcd\",\"name\":\"Comunica\u00e7\u00e3o PSOL\",\"image\":{\"@type\":\"ImageObject\",\"inLanguage\":\"pt-BR\",\"@id\":\"https:\/\/psol50.org.br\/#\/schema\/person\/image\/\",\"url\":\"https:\/\/secure.gravatar.com\/avatar\/b34fc4f4e468a4e51785917065a3db57b841f5c95dba6ad8c73aaf8f66f8f9bf?s=96&d=mm&r=g\",\"contentUrl\":\"https:\/\/secure.gravatar.com\/avatar\/b34fc4f4e468a4e51785917065a3db57b841f5c95dba6ad8c73aaf8f66f8f9bf?s=96&d=mm&r=g\",\"caption\":\"Comunica\u00e7\u00e3o PSOL\"}}]}<\/script>\n<!-- \/ Yoast SEO plugin. -->","yoast_head_json":{"title":"Jos\u00e9 Carlos Miranda | Paquist\u00e3o Urgente: L\u00edder Socialista amea\u00e7ado pelo Talib\u00e3 - PSOL 50","robots":{"index":"index","follow":"follow","max-snippet":"max-snippet:-1","max-image-preview":"max-image-preview:large","max-video-preview":"max-video-preview:-1"},"canonical":"https:\/\/psol50.org.br\/jose-carlos-miranda-paquistao-urgente-lider-socialista-ameacado-pelo-taliba\/","og_locale":"pt_BR","og_type":"article","og_title":"Jos\u00e9 Carlos Miranda | Paquist\u00e3o Urgente: L\u00edder Socialista amea\u00e7ado pelo Talib\u00e3 - PSOL 50","og_description":"No domingo passado, o l\u00edder do Pastun Tahafuz Movement &#8211; PTM\u00b9 Ali Wazir, a caminho de sua casa em Wana, Wazirst\u00e3o do Sul\u00b2, para receber uma multid\u00e3o que o visitaria. Neste momento ativistas do grupo denominado \u201cbons talib\u00e3s\u201d e o chamado comit\u00ea pelo estabelecimento da paz atacaram sua casa e um posto de gasolina vizinho. [&hellip;]","og_url":"https:\/\/psol50.org.br\/jose-carlos-miranda-paquistao-urgente-lider-socialista-ameacado-pelo-taliba\/","og_site_name":"PSOL 50","article_publisher":"https:\/\/www.facebook.com\/psol50","article_published_time":"2018-06-07T13:13:59+00:00","og_image":[{"width":1350,"height":775,"url":"https:\/\/psol50.org.br\/inc\/uploads\/2018\/06\/taliba.jpg","type":"image\/jpeg"}],"author":"Comunica\u00e7\u00e3o PSOL","twitter_card":"summary_large_image","twitter_creator":"@psol50","twitter_site":"@psol50","twitter_misc":{"Escrito por":"Comunica\u00e7\u00e3o PSOL","Est. tempo de leitura":"3 minutos"},"schema":{"@context":"https:\/\/schema.org","@graph":[{"@type":"Article","@id":"https:\/\/psol50.org.br\/jose-carlos-miranda-paquistao-urgente-lider-socialista-ameacado-pelo-taliba\/#article","isPartOf":{"@id":"https:\/\/psol50.org.br\/jose-carlos-miranda-paquistao-urgente-lider-socialista-ameacado-pelo-taliba\/"},"author":{"name":"Comunica\u00e7\u00e3o PSOL","@id":"https:\/\/psol50.org.br\/#\/schema\/person\/475dfa57d0b815993c714c2e96491fcd"},"headline":"Jos\u00e9 Carlos Miranda | Paquist\u00e3o Urgente: L\u00edder Socialista amea\u00e7ado pelo Talib\u00e3","datePublished":"2018-06-07T13:13:59+00:00","mainEntityOfPage":{"@id":"https:\/\/psol50.org.br\/jose-carlos-miranda-paquistao-urgente-lider-socialista-ameacado-pelo-taliba\/"},"wordCount":523,"commentCount":0,"publisher":{"@id":"https:\/\/psol50.org.br\/#organization"},"image":{"@id":"https:\/\/psol50.org.br\/jose-carlos-miranda-paquistao-urgente-lider-socialista-ameacado-pelo-taliba\/#primaryimage"},"thumbnailUrl":"https:\/\/psol50.org.br\/inc\/uploads\/2018\/06\/taliba.jpg","keywords":["Ali Wazir","Jos\u00e9 Carlos Miranda","l\u00edder socialista","Paquist\u00e3o","Pastun Tahafuz Movement","Talib\u00e3"],"articleSection":["Artigos"],"inLanguage":"pt-BR","potentialAction":[{"@type":"CommentAction","name":"Comment","target":["https:\/\/psol50.org.br\/jose-carlos-miranda-paquistao-urgente-lider-socialista-ameacado-pelo-taliba\/#respond"]}]},{"@type":"WebPage","@id":"https:\/\/psol50.org.br\/jose-carlos-miranda-paquistao-urgente-lider-socialista-ameacado-pelo-taliba\/","url":"https:\/\/psol50.org.br\/jose-carlos-miranda-paquistao-urgente-lider-socialista-ameacado-pelo-taliba\/","name":"Jos\u00e9 Carlos Miranda | Paquist\u00e3o Urgente: L\u00edder Socialista amea\u00e7ado pelo Talib\u00e3 - PSOL 50","isPartOf":{"@id":"https:\/\/psol50.org.br\/#website"},"primaryImageOfPage":{"@id":"https:\/\/psol50.org.br\/jose-carlos-miranda-paquistao-urgente-lider-socialista-ameacado-pelo-taliba\/#primaryimage"},"image":{"@id":"https:\/\/psol50.org.br\/jose-carlos-miranda-paquistao-urgente-lider-socialista-ameacado-pelo-taliba\/#primaryimage"},"thumbnailUrl":"https:\/\/psol50.org.br\/inc\/uploads\/2018\/06\/taliba.jpg","datePublished":"2018-06-07T13:13:59+00:00","breadcrumb":{"@id":"https:\/\/psol50.org.br\/jose-carlos-miranda-paquistao-urgente-lider-socialista-ameacado-pelo-taliba\/#breadcrumb"},"inLanguage":"pt-BR","potentialAction":[{"@type":"ReadAction","target":["https:\/\/psol50.org.br\/jose-carlos-miranda-paquistao-urgente-lider-socialista-ameacado-pelo-taliba\/"]}]},{"@type":"ImageObject","inLanguage":"pt-BR","@id":"https:\/\/psol50.org.br\/jose-carlos-miranda-paquistao-urgente-lider-socialista-ameacado-pelo-taliba\/#primaryimage","url":"https:\/\/psol50.org.br\/inc\/uploads\/2018\/06\/taliba.jpg","contentUrl":"https:\/\/psol50.org.br\/inc\/uploads\/2018\/06\/taliba.jpg","width":1350,"height":775},{"@type":"BreadcrumbList","@id":"https:\/\/psol50.org.br\/jose-carlos-miranda-paquistao-urgente-lider-socialista-ameacado-pelo-taliba\/#breadcrumb","itemListElement":[{"@type":"ListItem","position":1,"name":"In\u00edcio","item":"https:\/\/psol50.org.br\/"},{"@type":"ListItem","position":2,"name":"Jos\u00e9 Carlos Miranda | Paquist\u00e3o Urgente: L\u00edder Socialista amea\u00e7ado pelo Talib\u00e3"}]},{"@type":"WebSite","@id":"https:\/\/psol50.org.br\/#website","url":"https:\/\/psol50.org.br\/","name":"PSOL 50","description":"Site oficial do Partido Socialismo e Liberdade","publisher":{"@id":"https:\/\/psol50.org.br\/#organization"},"alternateName":"PSOL50","potentialAction":[{"@type":"SearchAction","target":{"@type":"EntryPoint","urlTemplate":"https:\/\/psol50.org.br\/?s={search_term_string}"},"query-input":{"@type":"PropertyValueSpecification","valueRequired":true,"valueName":"search_term_string"}}],"inLanguage":"pt-BR"},{"@type":"Organization","@id":"https:\/\/psol50.org.br\/#organization","name":"PSOL 50","alternateName":"PSOL 50","url":"https:\/\/psol50.org.br\/","logo":{"@type":"ImageObject","inLanguage":"pt-BR","@id":"https:\/\/psol50.org.br\/#\/schema\/logo\/image\/","url":"https:\/\/psol50.org.br\/inc\/uploads\/2018\/07\/capa.png","contentUrl":"https:\/\/psol50.org.br\/inc\/uploads\/2018\/07\/capa.png","width":1350,"height":900,"caption":"PSOL 50"},"image":{"@id":"https:\/\/psol50.org.br\/#\/schema\/logo\/image\/"},"sameAs":["https:\/\/www.facebook.com\/psol50","https:\/\/x.com\/psol50","https:\/\/www.instagram.com\/psol50\/","https:\/\/www.youtube.com\/channel\/UC7SnJS5o1os7a6CaiNabzcg"]},{"@type":"Person","@id":"https:\/\/psol50.org.br\/#\/schema\/person\/475dfa57d0b815993c714c2e96491fcd","name":"Comunica\u00e7\u00e3o PSOL","image":{"@type":"ImageObject","inLanguage":"pt-BR","@id":"https:\/\/psol50.org.br\/#\/schema\/person\/image\/","url":"https:\/\/secure.gravatar.com\/avatar\/b34fc4f4e468a4e51785917065a3db57b841f5c95dba6ad8c73aaf8f66f8f9bf?s=96&d=mm&r=g","contentUrl":"https:\/\/secure.gravatar.com\/avatar\/b34fc4f4e468a4e51785917065a3db57b841f5c95dba6ad8c73aaf8f66f8f9bf?s=96&d=mm&r=g","caption":"Comunica\u00e7\u00e3o PSOL"}}]}},"_links":{"self":[{"href":"https:\/\/psol50.org.br\/rest\/wp\/v2\/posts\/20917","targetHints":{"allow":["GET"]}}],"collection":[{"href":"https:\/\/psol50.org.br\/rest\/wp\/v2\/posts"}],"about":[{"href":"https:\/\/psol50.org.br\/rest\/wp\/v2\/types\/post"}],"author":[{"embeddable":true,"href":"https:\/\/psol50.org.br\/rest\/wp\/v2\/users\/2"}],"replies":[{"embeddable":true,"href":"https:\/\/psol50.org.br\/rest\/wp\/v2\/comments?post=20917"}],"version-history":[{"count":0,"href":"https:\/\/psol50.org.br\/rest\/wp\/v2\/posts\/20917\/revisions"}],"wp:featuredmedia":[{"embeddable":true,"href":"https:\/\/psol50.org.br\/rest\/wp\/v2\/media\/20919"}],"wp:attachment":[{"href":"https:\/\/psol50.org.br\/rest\/wp\/v2\/media?parent=20917"}],"wp:term":[{"taxonomy":"category","embeddable":true,"href":"https:\/\/psol50.org.br\/rest\/wp\/v2\/categories?post=20917"},{"taxonomy":"post_tag","embeddable":true,"href":"https:\/\/psol50.org.br\/rest\/wp\/v2\/tags?post=20917"}],"curies":[{"name":"wp","href":"https:\/\/api.w.org\/{rel}","templated":true}]}}