{"id":20921,"date":"2018-06-07T10:28:11","date_gmt":"2018-06-07T13:28:11","guid":{"rendered":"https:\/\/www.psol50.org.br\/?p=20921"},"modified":"2018-06-07T10:28:11","modified_gmt":"2018-06-07T13:28:11","slug":"israel-dutra-amistoso-cancelado-em-jerusalem-um-gol-de-placa-antes-da-copa","status":"publish","type":"post","link":"https:\/\/psol50.org.br\/israel-dutra-amistoso-cancelado-em-jerusalem-um-gol-de-placa-antes-da-copa\/","title":{"rendered":"Israel Dutra | Amistoso cancelado em Jerusal\u00e9m: Um gol de placa antes da copa!"},"content":{"rendered":"<p>Dias antes de come\u00e7ar a Copa do Mundo na R\u00fassia, um dos mais bonitos e simb\u00f3licos lances foi registrado. Podemos chamar de gol de placa a decis\u00e3o que a sele\u00e7\u00e3o argentina de futebol, encabe\u00e7ada por Lionel Messi, de cancelar a partida marcada contra Israel, em 09 de junho, em Jerusal\u00e9m.<\/p>\n<p>Depois de duas semanas de controv\u00e9rsias, o titular da Associa\u00e7\u00e3o de Futebol Argentino, Claudio Tapia, anunciou em confer\u00eancia de imprensa que a sele\u00e7\u00e3o n\u00e3o iria mais viajar e gostaria que tal decis\u00e3o fosse tomada como \u201cum aporte a paz mundial\u201d e que o \u201cfutebol \u00e9 uma mensagem universal que transcende fronteiras e nada tem a ver com a viol\u00eancia\u201d. O pr\u00f3prio Benjamim Netanyahu recorreu a Macri para buscar uma sa\u00edda diante da crise que se montou. Era tarde demais. O triunfo democr\u00e1tico da press\u00e3o da opini\u00e3o p\u00fablica mundial se materializou no cancelamento da partida.<\/p>\n<p>O jogo estava marcado para o est\u00e1dio Teddy Kollek &#8211; sede do clube Beitar Trump Jerusal\u00e9m &#8211; que se levantou onde era uma antiga aldeia palestina.<\/p>\n<p>A campanha \u201c#ArgentinaNoVayas\u201d ganhou as redes sociais do mundo. Em Barcelona, onde est\u00e1 concentrada e treinando a sele\u00e7\u00e3o portenha, os protestos foram di\u00e1rios durante a \u00faltima semana. A manifesta\u00e7\u00e3o levou a frente camisetas da sele\u00e7\u00e3o argentina machadas de sangue. O chamado mundial por rep\u00fadio foi encabe\u00e7ado pela Associa\u00e7\u00e3o de Futebol Palestino, ecoado pela campanha internacional BDS. Uma carta escrita por 70 crian\u00e7as \u2013 muitas delas descendentes de palestinos que viveram na aldeia que foi destru\u00edda, foi entregue a Messi, diretamente, destacando sua responsabilidade como embaixador da Unicef. Foi uma campanha r\u00e1pida, mas que contou com intensa mobiliza\u00e7\u00e3o e simpatia mundial. A tomada de decis\u00e3o da equipe, vocalizada pela AFA, teve como protagonistas jogadores como Mascherano, Higuain e o pr\u00f3prio Messi.<\/p>\n<p>Desde o dia 30 de mar\u00e7o (dia da Terra) existe uma nova situa\u00e7\u00e3o em Gaza. Os protestos se multiplicam e existe uma real disputa de narrativa sobre os 70 anos da Nakba &#8211; a cat\u00e1strofe palestina. O que se v\u00ea desde ent\u00e3o \u00e9 um fortalecimento da repress\u00e3o, com centenas de mortos e milhares de feridos, num estado permanente de guerra. Apenas num \u00fanico dia, na data da inaugura\u00e7\u00e3o da nova embaixada americana, 14 de Maio, os atiradores de elite israelenses mataram 55 palestinos. A temporada de mortes segue. A lista de assassinatos cresce, incluindo esportistas, ativistas culturais, jornalistas e at\u00e9 mesmo uma enfermeira volunt\u00e1ria, Razan Al-Najar, reconhecida como respons\u00e1vel por salvar a vida de centenas de civis.<\/p>\n<p><strong>Uma provoca\u00e7\u00e3o nada \u201camistosa\u201d<\/strong><br \/>\nA partida organizada entre o governo israelense e o argentino era uma provoca\u00e7\u00e3o montada. A diferen\u00e7a de outros jogos, a sele\u00e7\u00e3o de Israel n\u00e3o jogaria nos tradicionais est\u00e1dios de Haifa ou Tel Aviv. O jogo, marcada para Jerusal\u00e9m, era parte fundamental de uma opera\u00e7\u00e3o pol\u00edtica que envolvia legitimar a pol\u00edtica de Trump e de Israel para colonizar a parte leste de Jerusal\u00e9m. Uma opera\u00e7\u00e3o que envolve gastos pesados por parte do Estado de Israel e uma linha diplom\u00e1tica onde Trump busca aliados. O acirramento da linha de tens\u00e3o isola mais no campo internacional a postura mais agressiva. O nome da equipe que seria anfitri\u00e3 leva agora o nome de Trump, em homenagem ao presidente americano. Parte da estrat\u00e9gia era levar os craques argentinos, muito populares no mundo \u00e1rabe, para visitar o muro das lamenta\u00e7\u00f5es e outras agendas oficiais.<\/p>\n<p>Macri, outro aliado do direita sionista, chegou a cogitar ir a Jerusal\u00e9m participar oficialmente da cerim\u00f4nia. As rela\u00e7\u00f5es de seu governo com a pol\u00edtica de Netanyahu s\u00e3o conhecidas. Sua ministra de seguran\u00e7a nacional, Patricia Bullrich, firmou contratos e conv\u00eanios para aperfei\u00e7oar a vigil\u00e2ncia contra os movimentos sociais, visitando regularmente o governo do Likud. Com crise interna crescente, caiu muito mal a linha de Macri ao ver desmontada sua articula\u00e7\u00e3o. A busca por um eixo da \u201cnova direita mundial\u201d sofreu um rev\u00e9s com o cancelamento da viagem dos argentinos.<\/p>\n<p>Netanyahu e a idealizadora do amistoso, ministra Miri Regev, pressionaram at\u00e9 o final. Regev, da ala militarista do Likud, da pasta de Cultura e Esporte, \u00e9 a vanguarda da linha expansionista. No \u00e2mbito da cultura, ela tem exercido um rigoroso controle da produ\u00e7\u00e3o art\u00edstica para selecionar as obras mais afinadas com a pol\u00edtica expansionista, cancelando contratos com grupos com posturas mais independentes, como a companhia de teatro infantil de Hayfa, onde atuam crian\u00e7as judias e palestinas. Chegou a chamar artistas de seu pa\u00eds de \u201cpresun\u00e7osos e ingratos\u201d.<\/p>\n<p>H\u00e1 uma batalha internacional, no terreno cultural e da informa\u00e7\u00e3o, para legitimar a atual pol\u00edtica de ocupa\u00e7\u00e3o sobre as terras palestinas. Com a direita mais agressiva no poder, em que pese as crises internas do governo, a busca por uma linha expansiva internacional se torna estrat\u00e9gica. No Brasil, isso acontece com a entrada com mais for\u00e7a junto as igrejas neopentecostais por um lado; e afirmando a linha do sionismo para a defesa das pautas civis, por outro.<\/p>\n<p><strong>A esquerda tem lado<\/strong><br \/>\nA decis\u00e3o da sele\u00e7\u00e3o argentina foi um grande triunfo. Deve ser tomado como li\u00e7\u00e3o para a esquerda em todo o mundo. Foi a persist\u00eancia da articula\u00e7\u00e3o internacional em prol da causa palestina que levou Messi e seus companheiros a voltar atr\u00e1s e recusarem ser parte dessa opera\u00e7\u00e3o. H\u00e1 duas semanas, Gilberto Gil tamb\u00e9m cancelou um show em Tel Aviv, gesto pol\u00edtico irrepreens\u00edvel.<\/p>\n<p>\u00c9 necess\u00e1rio articular com a esquerda judaica, que tem ganho for\u00e7a em nomes como Illan Pape. Nos ativistas que deixam o Ex\u00e9rcito de Israel, os chamados refusenik, para lutar a favor de uma paz justa e contra os massacres. \u00c9 importante o di\u00e1logo com esses setores.<\/p>\n<p>A esquerda brasileira n\u00e3o pode hesitar. A recente delega\u00e7\u00e3o do PSOL que foi a Cisjord\u00e2nia &#8211; contando com Guilherme Boulos, Juliano Medeiros e Fred Henriques &#8211; deu um belo exemplo. A manifesta\u00e7\u00e3o dos palestinos na parada LGBT de S\u00e3o Paulo contra a presen\u00e7a do governo israelense, como forma de dissimular os crimes recentes na suposta \u201cdefesa dos direitos individuais\u201d, foi outro ponto importante, ainda que com alcance sobre a vanguarda.<\/p>\n<p>O gola\u00e7o de Messi faz lembrar a Argentina de 1986, quando Maradona mostrou ao mundo a verdadeira \u201cM\u00e3o de deus\u201d, na eletrizante partida contra Inglaterra, vingando a a\u00e7\u00e3o imperialista brit\u00e2nica na ent\u00e3o recente Guerra das Malvinas. O futebol \u00e9 uma paix\u00e3o incr\u00edvel. E fonte de esperan\u00e7a aos oprimidos do mundo, especialmente os que resistem nas \u00e1rduas condi\u00e7\u00f5es de sobreviv\u00eancia em Gaza.<\/p>\n","protected":false},"excerpt":{"rendered":"<p>Dias antes de come\u00e7ar a Copa do Mundo na R\u00fassia, um dos mais bonitos e simb\u00f3licos lances foi registrado. Podemos chamar de gol de placa a decis\u00e3o que a sele\u00e7\u00e3o argentina de futebol, encabe\u00e7ada por Lionel Messi, de cancelar a partida marcada contra Israel, em 09 de junho, em Jerusal\u00e9m. Depois de duas semanas de [&hellip;]<\/p>\n","protected":false},"author":2,"featured_media":20922,"comment_status":"open","ping_status":"open","sticky":false,"template":"","format":"standard","meta":{"_acf_changed":false,"footnotes":""},"categories":[707],"tags":[2552,2553,653,188,1454,2554,2555,2230,2556],"class_list":{"0":"post-20921","1":"post","2":"type-post","3":"status-publish","4":"format-standard","5":"has-post-thumbnail","7":"category-secr-ri","8":"tag-amistoso","9":"tag-benjamim-netanyahu","10":"tag-copa-do-mundo","11":"tag-israel","12":"tag-israel-dutra","13":"tag-jerusalem","14":"tag-lionel-messi","15":"tag-russia","16":"tag-selecao-argentina"},"acf":[],"yoast_head":"<!-- This site is optimized with the Yoast SEO plugin v26.5 - https:\/\/yoast.com\/wordpress\/plugins\/seo\/ -->\n<title>Israel Dutra | Amistoso cancelado em Jerusal\u00e9m: Um gol de placa antes da copa! - PSOL 50<\/title>\n<meta name=\"robots\" content=\"index, follow, max-snippet:-1, max-image-preview:large, max-video-preview:-1\" \/>\n<link rel=\"canonical\" href=\"https:\/\/psol50.org.br\/israel-dutra-amistoso-cancelado-em-jerusalem-um-gol-de-placa-antes-da-copa\/\" \/>\n<meta property=\"og:locale\" content=\"pt_BR\" \/>\n<meta property=\"og:type\" content=\"article\" \/>\n<meta property=\"og:title\" content=\"Israel Dutra | Amistoso cancelado em Jerusal\u00e9m: Um gol de placa antes da copa! - PSOL 50\" \/>\n<meta property=\"og:description\" content=\"Dias antes de come\u00e7ar a Copa do Mundo na R\u00fassia, um dos mais bonitos e simb\u00f3licos lances foi registrado. Podemos chamar de gol de placa a decis\u00e3o que a sele\u00e7\u00e3o argentina de futebol, encabe\u00e7ada por Lionel Messi, de cancelar a partida marcada contra Israel, em 09 de junho, em Jerusal\u00e9m. Depois de duas semanas de [&hellip;]\" \/>\n<meta property=\"og:url\" content=\"https:\/\/psol50.org.br\/israel-dutra-amistoso-cancelado-em-jerusalem-um-gol-de-placa-antes-da-copa\/\" \/>\n<meta property=\"og:site_name\" content=\"PSOL 50\" \/>\n<meta property=\"article:publisher\" content=\"https:\/\/www.facebook.com\/psol50\" \/>\n<meta property=\"article:published_time\" content=\"2018-06-07T13:28:11+00:00\" \/>\n<meta property=\"og:image\" content=\"https:\/\/psol50.org.br\/inc\/uploads\/2018\/06\/Messi_AndreBorges_ComCopa_FotosPublicas.jpeg\" \/>\n\t<meta property=\"og:image:width\" content=\"1350\" \/>\n\t<meta property=\"og:image:height\" content=\"848\" \/>\n\t<meta property=\"og:image:type\" content=\"image\/jpeg\" \/>\n<meta name=\"author\" content=\"Comunica\u00e7\u00e3o PSOL\" \/>\n<meta name=\"twitter:card\" content=\"summary_large_image\" \/>\n<meta name=\"twitter:creator\" content=\"@psol50\" \/>\n<meta name=\"twitter:site\" content=\"@psol50\" \/>\n<meta name=\"twitter:label1\" content=\"Escrito por\" \/>\n\t<meta name=\"twitter:data1\" content=\"Comunica\u00e7\u00e3o PSOL\" \/>\n\t<meta name=\"twitter:label2\" content=\"Est. tempo de leitura\" \/>\n\t<meta name=\"twitter:data2\" content=\"6 minutos\" \/>\n<script type=\"application\/ld+json\" class=\"yoast-schema-graph\">{\"@context\":\"https:\/\/schema.org\",\"@graph\":[{\"@type\":\"Article\",\"@id\":\"https:\/\/psol50.org.br\/israel-dutra-amistoso-cancelado-em-jerusalem-um-gol-de-placa-antes-da-copa\/#article\",\"isPartOf\":{\"@id\":\"https:\/\/psol50.org.br\/israel-dutra-amistoso-cancelado-em-jerusalem-um-gol-de-placa-antes-da-copa\/\"},\"author\":{\"name\":\"Comunica\u00e7\u00e3o PSOL\",\"@id\":\"https:\/\/psol50.org.br\/#\/schema\/person\/475dfa57d0b815993c714c2e96491fcd\"},\"headline\":\"Israel Dutra | Amistoso cancelado em Jerusal\u00e9m: Um gol de placa antes da copa!\",\"datePublished\":\"2018-06-07T13:28:11+00:00\",\"mainEntityOfPage\":{\"@id\":\"https:\/\/psol50.org.br\/israel-dutra-amistoso-cancelado-em-jerusalem-um-gol-de-placa-antes-da-copa\/\"},\"wordCount\":1155,\"commentCount\":0,\"publisher\":{\"@id\":\"https:\/\/psol50.org.br\/#organization\"},\"image\":{\"@id\":\"https:\/\/psol50.org.br\/israel-dutra-amistoso-cancelado-em-jerusalem-um-gol-de-placa-antes-da-copa\/#primaryimage\"},\"thumbnailUrl\":\"https:\/\/psol50.org.br\/inc\/uploads\/2018\/06\/Messi_AndreBorges_ComCopa_FotosPublicas.jpeg\",\"keywords\":[\"amistoso\",\"Benjamim Netanyahu\",\"Copa do Mundo\",\"Israel\",\"Israel Dutra\",\"Jerusal\u00e9m\",\"Lionel Messi\",\"R\u00fassia\",\"sele\u00e7\u00e3o argentina\"],\"articleSection\":[\"Secr. de RI\"],\"inLanguage\":\"pt-BR\",\"potentialAction\":[{\"@type\":\"CommentAction\",\"name\":\"Comment\",\"target\":[\"https:\/\/psol50.org.br\/israel-dutra-amistoso-cancelado-em-jerusalem-um-gol-de-placa-antes-da-copa\/#respond\"]}]},{\"@type\":\"WebPage\",\"@id\":\"https:\/\/psol50.org.br\/israel-dutra-amistoso-cancelado-em-jerusalem-um-gol-de-placa-antes-da-copa\/\",\"url\":\"https:\/\/psol50.org.br\/israel-dutra-amistoso-cancelado-em-jerusalem-um-gol-de-placa-antes-da-copa\/\",\"name\":\"Israel Dutra | Amistoso cancelado em Jerusal\u00e9m: Um gol de placa antes da copa! - PSOL 50\",\"isPartOf\":{\"@id\":\"https:\/\/psol50.org.br\/#website\"},\"primaryImageOfPage\":{\"@id\":\"https:\/\/psol50.org.br\/israel-dutra-amistoso-cancelado-em-jerusalem-um-gol-de-placa-antes-da-copa\/#primaryimage\"},\"image\":{\"@id\":\"https:\/\/psol50.org.br\/israel-dutra-amistoso-cancelado-em-jerusalem-um-gol-de-placa-antes-da-copa\/#primaryimage\"},\"thumbnailUrl\":\"https:\/\/psol50.org.br\/inc\/uploads\/2018\/06\/Messi_AndreBorges_ComCopa_FotosPublicas.jpeg\",\"datePublished\":\"2018-06-07T13:28:11+00:00\",\"breadcrumb\":{\"@id\":\"https:\/\/psol50.org.br\/israel-dutra-amistoso-cancelado-em-jerusalem-um-gol-de-placa-antes-da-copa\/#breadcrumb\"},\"inLanguage\":\"pt-BR\",\"potentialAction\":[{\"@type\":\"ReadAction\",\"target\":[\"https:\/\/psol50.org.br\/israel-dutra-amistoso-cancelado-em-jerusalem-um-gol-de-placa-antes-da-copa\/\"]}]},{\"@type\":\"ImageObject\",\"inLanguage\":\"pt-BR\",\"@id\":\"https:\/\/psol50.org.br\/israel-dutra-amistoso-cancelado-em-jerusalem-um-gol-de-placa-antes-da-copa\/#primaryimage\",\"url\":\"https:\/\/psol50.org.br\/inc\/uploads\/2018\/06\/Messi_AndreBorges_ComCopa_FotosPublicas.jpeg\",\"contentUrl\":\"https:\/\/psol50.org.br\/inc\/uploads\/2018\/06\/Messi_AndreBorges_ComCopa_FotosPublicas.jpeg\",\"width\":1350,\"height\":848},{\"@type\":\"BreadcrumbList\",\"@id\":\"https:\/\/psol50.org.br\/israel-dutra-amistoso-cancelado-em-jerusalem-um-gol-de-placa-antes-da-copa\/#breadcrumb\",\"itemListElement\":[{\"@type\":\"ListItem\",\"position\":1,\"name\":\"In\u00edcio\",\"item\":\"https:\/\/psol50.org.br\/\"},{\"@type\":\"ListItem\",\"position\":2,\"name\":\"Israel Dutra | Amistoso cancelado em Jerusal\u00e9m: Um gol de placa antes da copa!\"}]},{\"@type\":\"WebSite\",\"@id\":\"https:\/\/psol50.org.br\/#website\",\"url\":\"https:\/\/psol50.org.br\/\",\"name\":\"PSOL 50\",\"description\":\"Site oficial do Partido Socialismo e Liberdade\",\"publisher\":{\"@id\":\"https:\/\/psol50.org.br\/#organization\"},\"alternateName\":\"PSOL50\",\"potentialAction\":[{\"@type\":\"SearchAction\",\"target\":{\"@type\":\"EntryPoint\",\"urlTemplate\":\"https:\/\/psol50.org.br\/?s={search_term_string}\"},\"query-input\":{\"@type\":\"PropertyValueSpecification\",\"valueRequired\":true,\"valueName\":\"search_term_string\"}}],\"inLanguage\":\"pt-BR\"},{\"@type\":\"Organization\",\"@id\":\"https:\/\/psol50.org.br\/#organization\",\"name\":\"PSOL 50\",\"alternateName\":\"PSOL 50\",\"url\":\"https:\/\/psol50.org.br\/\",\"logo\":{\"@type\":\"ImageObject\",\"inLanguage\":\"pt-BR\",\"@id\":\"https:\/\/psol50.org.br\/#\/schema\/logo\/image\/\",\"url\":\"https:\/\/psol50.org.br\/inc\/uploads\/2018\/07\/capa.png\",\"contentUrl\":\"https:\/\/psol50.org.br\/inc\/uploads\/2018\/07\/capa.png\",\"width\":1350,\"height\":900,\"caption\":\"PSOL 50\"},\"image\":{\"@id\":\"https:\/\/psol50.org.br\/#\/schema\/logo\/image\/\"},\"sameAs\":[\"https:\/\/www.facebook.com\/psol50\",\"https:\/\/x.com\/psol50\",\"https:\/\/www.instagram.com\/psol50\/\",\"https:\/\/www.youtube.com\/channel\/UC7SnJS5o1os7a6CaiNabzcg\"]},{\"@type\":\"Person\",\"@id\":\"https:\/\/psol50.org.br\/#\/schema\/person\/475dfa57d0b815993c714c2e96491fcd\",\"name\":\"Comunica\u00e7\u00e3o PSOL\",\"image\":{\"@type\":\"ImageObject\",\"inLanguage\":\"pt-BR\",\"@id\":\"https:\/\/psol50.org.br\/#\/schema\/person\/image\/\",\"url\":\"https:\/\/secure.gravatar.com\/avatar\/b34fc4f4e468a4e51785917065a3db57b841f5c95dba6ad8c73aaf8f66f8f9bf?s=96&d=mm&r=g\",\"contentUrl\":\"https:\/\/secure.gravatar.com\/avatar\/b34fc4f4e468a4e51785917065a3db57b841f5c95dba6ad8c73aaf8f66f8f9bf?s=96&d=mm&r=g\",\"caption\":\"Comunica\u00e7\u00e3o PSOL\"}}]}<\/script>\n<!-- \/ Yoast SEO plugin. -->","yoast_head_json":{"title":"Israel Dutra | Amistoso cancelado em Jerusal\u00e9m: Um gol de placa antes da copa! - PSOL 50","robots":{"index":"index","follow":"follow","max-snippet":"max-snippet:-1","max-image-preview":"max-image-preview:large","max-video-preview":"max-video-preview:-1"},"canonical":"https:\/\/psol50.org.br\/israel-dutra-amistoso-cancelado-em-jerusalem-um-gol-de-placa-antes-da-copa\/","og_locale":"pt_BR","og_type":"article","og_title":"Israel Dutra | Amistoso cancelado em Jerusal\u00e9m: Um gol de placa antes da copa! - PSOL 50","og_description":"Dias antes de come\u00e7ar a Copa do Mundo na R\u00fassia, um dos mais bonitos e simb\u00f3licos lances foi registrado. Podemos chamar de gol de placa a decis\u00e3o que a sele\u00e7\u00e3o argentina de futebol, encabe\u00e7ada por Lionel Messi, de cancelar a partida marcada contra Israel, em 09 de junho, em Jerusal\u00e9m. Depois de duas semanas de [&hellip;]","og_url":"https:\/\/psol50.org.br\/israel-dutra-amistoso-cancelado-em-jerusalem-um-gol-de-placa-antes-da-copa\/","og_site_name":"PSOL 50","article_publisher":"https:\/\/www.facebook.com\/psol50","article_published_time":"2018-06-07T13:28:11+00:00","og_image":[{"width":1350,"height":848,"url":"https:\/\/psol50.org.br\/inc\/uploads\/2018\/06\/Messi_AndreBorges_ComCopa_FotosPublicas.jpeg","type":"image\/jpeg"}],"author":"Comunica\u00e7\u00e3o PSOL","twitter_card":"summary_large_image","twitter_creator":"@psol50","twitter_site":"@psol50","twitter_misc":{"Escrito por":"Comunica\u00e7\u00e3o PSOL","Est. tempo de leitura":"6 minutos"},"schema":{"@context":"https:\/\/schema.org","@graph":[{"@type":"Article","@id":"https:\/\/psol50.org.br\/israel-dutra-amistoso-cancelado-em-jerusalem-um-gol-de-placa-antes-da-copa\/#article","isPartOf":{"@id":"https:\/\/psol50.org.br\/israel-dutra-amistoso-cancelado-em-jerusalem-um-gol-de-placa-antes-da-copa\/"},"author":{"name":"Comunica\u00e7\u00e3o PSOL","@id":"https:\/\/psol50.org.br\/#\/schema\/person\/475dfa57d0b815993c714c2e96491fcd"},"headline":"Israel Dutra | Amistoso cancelado em Jerusal\u00e9m: Um gol de placa antes da copa!","datePublished":"2018-06-07T13:28:11+00:00","mainEntityOfPage":{"@id":"https:\/\/psol50.org.br\/israel-dutra-amistoso-cancelado-em-jerusalem-um-gol-de-placa-antes-da-copa\/"},"wordCount":1155,"commentCount":0,"publisher":{"@id":"https:\/\/psol50.org.br\/#organization"},"image":{"@id":"https:\/\/psol50.org.br\/israel-dutra-amistoso-cancelado-em-jerusalem-um-gol-de-placa-antes-da-copa\/#primaryimage"},"thumbnailUrl":"https:\/\/psol50.org.br\/inc\/uploads\/2018\/06\/Messi_AndreBorges_ComCopa_FotosPublicas.jpeg","keywords":["amistoso","Benjamim Netanyahu","Copa do Mundo","Israel","Israel Dutra","Jerusal\u00e9m","Lionel Messi","R\u00fassia","sele\u00e7\u00e3o argentina"],"articleSection":["Secr. de RI"],"inLanguage":"pt-BR","potentialAction":[{"@type":"CommentAction","name":"Comment","target":["https:\/\/psol50.org.br\/israel-dutra-amistoso-cancelado-em-jerusalem-um-gol-de-placa-antes-da-copa\/#respond"]}]},{"@type":"WebPage","@id":"https:\/\/psol50.org.br\/israel-dutra-amistoso-cancelado-em-jerusalem-um-gol-de-placa-antes-da-copa\/","url":"https:\/\/psol50.org.br\/israel-dutra-amistoso-cancelado-em-jerusalem-um-gol-de-placa-antes-da-copa\/","name":"Israel Dutra | Amistoso cancelado em Jerusal\u00e9m: Um gol de placa antes da copa! - PSOL 50","isPartOf":{"@id":"https:\/\/psol50.org.br\/#website"},"primaryImageOfPage":{"@id":"https:\/\/psol50.org.br\/israel-dutra-amistoso-cancelado-em-jerusalem-um-gol-de-placa-antes-da-copa\/#primaryimage"},"image":{"@id":"https:\/\/psol50.org.br\/israel-dutra-amistoso-cancelado-em-jerusalem-um-gol-de-placa-antes-da-copa\/#primaryimage"},"thumbnailUrl":"https:\/\/psol50.org.br\/inc\/uploads\/2018\/06\/Messi_AndreBorges_ComCopa_FotosPublicas.jpeg","datePublished":"2018-06-07T13:28:11+00:00","breadcrumb":{"@id":"https:\/\/psol50.org.br\/israel-dutra-amistoso-cancelado-em-jerusalem-um-gol-de-placa-antes-da-copa\/#breadcrumb"},"inLanguage":"pt-BR","potentialAction":[{"@type":"ReadAction","target":["https:\/\/psol50.org.br\/israel-dutra-amistoso-cancelado-em-jerusalem-um-gol-de-placa-antes-da-copa\/"]}]},{"@type":"ImageObject","inLanguage":"pt-BR","@id":"https:\/\/psol50.org.br\/israel-dutra-amistoso-cancelado-em-jerusalem-um-gol-de-placa-antes-da-copa\/#primaryimage","url":"https:\/\/psol50.org.br\/inc\/uploads\/2018\/06\/Messi_AndreBorges_ComCopa_FotosPublicas.jpeg","contentUrl":"https:\/\/psol50.org.br\/inc\/uploads\/2018\/06\/Messi_AndreBorges_ComCopa_FotosPublicas.jpeg","width":1350,"height":848},{"@type":"BreadcrumbList","@id":"https:\/\/psol50.org.br\/israel-dutra-amistoso-cancelado-em-jerusalem-um-gol-de-placa-antes-da-copa\/#breadcrumb","itemListElement":[{"@type":"ListItem","position":1,"name":"In\u00edcio","item":"https:\/\/psol50.org.br\/"},{"@type":"ListItem","position":2,"name":"Israel Dutra | Amistoso cancelado em Jerusal\u00e9m: Um gol de placa antes da copa!"}]},{"@type":"WebSite","@id":"https:\/\/psol50.org.br\/#website","url":"https:\/\/psol50.org.br\/","name":"PSOL 50","description":"Site oficial do Partido Socialismo e Liberdade","publisher":{"@id":"https:\/\/psol50.org.br\/#organization"},"alternateName":"PSOL50","potentialAction":[{"@type":"SearchAction","target":{"@type":"EntryPoint","urlTemplate":"https:\/\/psol50.org.br\/?s={search_term_string}"},"query-input":{"@type":"PropertyValueSpecification","valueRequired":true,"valueName":"search_term_string"}}],"inLanguage":"pt-BR"},{"@type":"Organization","@id":"https:\/\/psol50.org.br\/#organization","name":"PSOL 50","alternateName":"PSOL 50","url":"https:\/\/psol50.org.br\/","logo":{"@type":"ImageObject","inLanguage":"pt-BR","@id":"https:\/\/psol50.org.br\/#\/schema\/logo\/image\/","url":"https:\/\/psol50.org.br\/inc\/uploads\/2018\/07\/capa.png","contentUrl":"https:\/\/psol50.org.br\/inc\/uploads\/2018\/07\/capa.png","width":1350,"height":900,"caption":"PSOL 50"},"image":{"@id":"https:\/\/psol50.org.br\/#\/schema\/logo\/image\/"},"sameAs":["https:\/\/www.facebook.com\/psol50","https:\/\/x.com\/psol50","https:\/\/www.instagram.com\/psol50\/","https:\/\/www.youtube.com\/channel\/UC7SnJS5o1os7a6CaiNabzcg"]},{"@type":"Person","@id":"https:\/\/psol50.org.br\/#\/schema\/person\/475dfa57d0b815993c714c2e96491fcd","name":"Comunica\u00e7\u00e3o PSOL","image":{"@type":"ImageObject","inLanguage":"pt-BR","@id":"https:\/\/psol50.org.br\/#\/schema\/person\/image\/","url":"https:\/\/secure.gravatar.com\/avatar\/b34fc4f4e468a4e51785917065a3db57b841f5c95dba6ad8c73aaf8f66f8f9bf?s=96&d=mm&r=g","contentUrl":"https:\/\/secure.gravatar.com\/avatar\/b34fc4f4e468a4e51785917065a3db57b841f5c95dba6ad8c73aaf8f66f8f9bf?s=96&d=mm&r=g","caption":"Comunica\u00e7\u00e3o PSOL"}}]}},"_links":{"self":[{"href":"https:\/\/psol50.org.br\/rest\/wp\/v2\/posts\/20921","targetHints":{"allow":["GET"]}}],"collection":[{"href":"https:\/\/psol50.org.br\/rest\/wp\/v2\/posts"}],"about":[{"href":"https:\/\/psol50.org.br\/rest\/wp\/v2\/types\/post"}],"author":[{"embeddable":true,"href":"https:\/\/psol50.org.br\/rest\/wp\/v2\/users\/2"}],"replies":[{"embeddable":true,"href":"https:\/\/psol50.org.br\/rest\/wp\/v2\/comments?post=20921"}],"version-history":[{"count":0,"href":"https:\/\/psol50.org.br\/rest\/wp\/v2\/posts\/20921\/revisions"}],"wp:featuredmedia":[{"embeddable":true,"href":"https:\/\/psol50.org.br\/rest\/wp\/v2\/media\/20922"}],"wp:attachment":[{"href":"https:\/\/psol50.org.br\/rest\/wp\/v2\/media?parent=20921"}],"wp:term":[{"taxonomy":"category","embeddable":true,"href":"https:\/\/psol50.org.br\/rest\/wp\/v2\/categories?post=20921"},{"taxonomy":"post_tag","embeddable":true,"href":"https:\/\/psol50.org.br\/rest\/wp\/v2\/tags?post=20921"}],"curies":[{"name":"wp","href":"https:\/\/api.w.org\/{rel}","templated":true}]}}