{"id":2094,"date":"2013-06-27T00:00:00","date_gmt":"2013-06-27T00:00:00","guid":{"rendered":"http:\/\/psol50.org.br\/arquivo\/2013\/06\/27\/greve-geral-em-portugal-teve-forte-adesao-dos-trabalhadores\/"},"modified":"2013-06-27T00:00:00","modified_gmt":"2013-06-27T00:00:00","slug":"greve-geral-em-portugal-teve-forte-adesao-dos-trabalhadores","status":"publish","type":"post","link":"https:\/\/psol50.org.br\/greve-geral-em-portugal-teve-forte-adesao-dos-trabalhadores\/","title":{"rendered":"Greve geral em Portugal teve forte ades\u00e3o dos trabalhadores"},"content":{"rendered":"<div style=\"text-align: justify;\">\n\t\u201cEste primeiro-ministro \u00e9 o maior exterminador de emprego que h\u00e1 no pa\u00eds\u201d, acusou o sindicalista Arm\u00e9nio Carlos, diante da Assembleia da Rep\u00fablica, no discurso que concluiu a manifesta\u00e7\u00e3o em Lisboa, em Portugal, no dia da greve geral que o l\u00edder da CGTP (Central Geral dos Trabalhadores Portugueses) considerou excepcional. \u201cE em rela\u00e7\u00e3o aos exterminadores s\u00f3 temos uma atitude: \u00e9 p\u00f4-los fora o mais depressa poss\u00edvel\u201d, prosseguiu, apelando ao presidente da Rep\u00fablica que demita o governo e convoque elei\u00e7\u00f5es antecipadas. Nesta quinta-feira (27) trabalhadores em todo o pa\u00eds aderiram \u00e0 paralisa\u00e7\u00e3o, convocada pelas duas centrais.<br \/>\n\t&nbsp;<br \/>\n\tArm\u00e9nio Carlos denunciou ainda que o governo prepara-se para agravar a austeridade com um novo pacote, com o pretexto de promover uma reforma do Estado. O dirigente da central deixou claro que novas medidas ter\u00e3o resposta dos trabalhadores, exaltando a greve geral em que foram protagonistas os trabalhadores sindicalizados, e tamb\u00e9m os n\u00e3o-sindicalizados, e os prec\u00e1rios que se associaram \u00e0 paralisa\u00e7\u00e3o.<br \/>\n\t&nbsp;<br \/>\n\tO secret\u00e1rio-geral da UGT (Uni\u00e3o Geral dos Trabalhadores), Carlos Silva, discursou diante do Minist\u00e9rio das Finan\u00e7as, no Terreiro do Pa\u00e7o, em Lisboa, para dizer que a luta n\u00e3o termina hoje. \u201cA greve geral cumpriu o seu objetivo, que foi dar um grito de insubmiss\u00e3o contra esta pol\u00edtica de austeridade que os portugueses rejeitam\u201d.<br \/>\n\t&nbsp;<br \/>\n\t\u00c9 tempo de \u201cdizer que basta de submiss\u00e3o \u00e0 troika\u201d, a submiss\u00e3o que tem sido a pr\u00e1tica do governo, disse o secret\u00e1rio-geral da UGT, afirmando que a greve teve muito forte ades\u00e3o, principalmente no setor p\u00fablico, por raz\u00f5es que parecem \u00f3bvias.<br \/>\n\t&nbsp;<br \/>\n\tClique <a href=\"http:\/\/www.esquerda.net\/artigo\/dados-da-greve-geral-em-todo-o-pa%C3%ADs\/28429\">aqui<\/a> para saber como foi a greve nas principais cidades de Portugal.<\/div>\n","protected":false},"excerpt":{"rendered":"<p>\u201cEste primeiro-ministro \u00e9 o maior exterminador de emprego que h\u00e1 no pa\u00eds\u201d, acusou o sindicalista Arm\u00e9nio Carlos, diante da Assembleia da Rep\u00fablica, no discurso que concluiu a manifesta\u00e7\u00e3o em Lisboa, em Portugal, no dia da greve geral que o l\u00edder da CGTP (Central Geral dos Trabalhadores Portugueses) considerou excepcional. \u201cE em rela\u00e7\u00e3o aos exterminadores s\u00f3 [&hellip;]<\/p>\n","protected":false},"author":2,"featured_media":0,"comment_status":"open","ping_status":"open","sticky":false,"template":"","format":"standard","meta":{"_acf_changed":false,"footnotes":""},"categories":[4766,4956],"tags":[515,1216,491],"class_list":{"0":"post-2094","1":"post","2":"type-post","3":"status-publish","4":"format-standard","6":"category-arquivo","7":"category-portugal","8":"tag-bloco-de-esquerda","9":"tag-internacional","10":"tag-portugal"},"acf":[],"yoast_head":"<!-- This site is optimized with the Yoast SEO plugin v26.5 - https:\/\/yoast.com\/wordpress\/plugins\/seo\/ -->\n<title>Greve geral em Portugal teve forte ades\u00e3o dos trabalhadores - PSOL 50<\/title>\n<meta name=\"robots\" content=\"index, follow, max-snippet:-1, max-image-preview:large, max-video-preview:-1\" \/>\n<link rel=\"canonical\" href=\"https:\/\/psol50.org.br\/greve-geral-em-portugal-teve-forte-adesao-dos-trabalhadores\/\" \/>\n<meta property=\"og:locale\" content=\"pt_BR\" \/>\n<meta property=\"og:type\" content=\"article\" \/>\n<meta property=\"og:title\" content=\"Greve geral em Portugal teve forte ades\u00e3o dos trabalhadores - PSOL 50\" \/>\n<meta property=\"og:description\" content=\"\u201cEste primeiro-ministro \u00e9 o maior exterminador de emprego que h\u00e1 no pa\u00eds\u201d, acusou o sindicalista Arm\u00e9nio Carlos, diante da Assembleia da Rep\u00fablica, no discurso que concluiu a manifesta\u00e7\u00e3o em Lisboa, em Portugal, no dia da greve geral que o l\u00edder da CGTP (Central Geral dos Trabalhadores Portugueses) considerou excepcional. \u201cE em rela\u00e7\u00e3o aos exterminadores s\u00f3 [&hellip;]\" \/>\n<meta property=\"og:url\" content=\"https:\/\/psol50.org.br\/greve-geral-em-portugal-teve-forte-adesao-dos-trabalhadores\/\" \/>\n<meta property=\"og:site_name\" content=\"PSOL 50\" \/>\n<meta property=\"article:publisher\" content=\"https:\/\/www.facebook.com\/psol50\" \/>\n<meta property=\"article:published_time\" content=\"2013-06-27T00:00:00+00:00\" \/>\n<meta property=\"og:image\" content=\"https:\/\/psol50.org.br\/inc\/uploads\/2018\/07\/capa.png\" \/>\n\t<meta property=\"og:image:width\" content=\"1350\" \/>\n\t<meta property=\"og:image:height\" content=\"900\" \/>\n\t<meta property=\"og:image:type\" content=\"image\/png\" \/>\n<meta name=\"author\" content=\"Comunica\u00e7\u00e3o PSOL\" \/>\n<meta name=\"twitter:card\" content=\"summary_large_image\" \/>\n<meta name=\"twitter:creator\" content=\"@psol50\" \/>\n<meta name=\"twitter:site\" content=\"@psol50\" \/>\n<meta name=\"twitter:label1\" content=\"Escrito por\" \/>\n\t<meta name=\"twitter:data1\" content=\"Comunica\u00e7\u00e3o PSOL\" \/>\n\t<meta name=\"twitter:label2\" content=\"Est. tempo de leitura\" \/>\n\t<meta name=\"twitter:data2\" content=\"1 minuto\" \/>\n<script type=\"application\/ld+json\" class=\"yoast-schema-graph\">{\"@context\":\"https:\/\/schema.org\",\"@graph\":[{\"@type\":\"Article\",\"@id\":\"https:\/\/psol50.org.br\/greve-geral-em-portugal-teve-forte-adesao-dos-trabalhadores\/#article\",\"isPartOf\":{\"@id\":\"https:\/\/psol50.org.br\/greve-geral-em-portugal-teve-forte-adesao-dos-trabalhadores\/\"},\"author\":{\"name\":\"Comunica\u00e7\u00e3o PSOL\",\"@id\":\"https:\/\/psol50.org.br\/#\/schema\/person\/475dfa57d0b815993c714c2e96491fcd\"},\"headline\":\"Greve geral em Portugal teve forte ades\u00e3o dos trabalhadores\",\"datePublished\":\"2013-06-27T00:00:00+00:00\",\"mainEntityOfPage\":{\"@id\":\"https:\/\/psol50.org.br\/greve-geral-em-portugal-teve-forte-adesao-dos-trabalhadores\/\"},\"wordCount\":302,\"commentCount\":0,\"publisher\":{\"@id\":\"https:\/\/psol50.org.br\/#organization\"},\"keywords\":[\"Bloco de Esquerda\",\"Internacional\",\"Portugal\"],\"articleSection\":[\"Arquivo\",\"Portugal\"],\"inLanguage\":\"pt-BR\",\"potentialAction\":[{\"@type\":\"CommentAction\",\"name\":\"Comment\",\"target\":[\"https:\/\/psol50.org.br\/greve-geral-em-portugal-teve-forte-adesao-dos-trabalhadores\/#respond\"]}]},{\"@type\":\"WebPage\",\"@id\":\"https:\/\/psol50.org.br\/greve-geral-em-portugal-teve-forte-adesao-dos-trabalhadores\/\",\"url\":\"https:\/\/psol50.org.br\/greve-geral-em-portugal-teve-forte-adesao-dos-trabalhadores\/\",\"name\":\"Greve geral em Portugal teve forte ades\u00e3o dos trabalhadores - PSOL 50\",\"isPartOf\":{\"@id\":\"https:\/\/psol50.org.br\/#website\"},\"datePublished\":\"2013-06-27T00:00:00+00:00\",\"breadcrumb\":{\"@id\":\"https:\/\/psol50.org.br\/greve-geral-em-portugal-teve-forte-adesao-dos-trabalhadores\/#breadcrumb\"},\"inLanguage\":\"pt-BR\",\"potentialAction\":[{\"@type\":\"ReadAction\",\"target\":[\"https:\/\/psol50.org.br\/greve-geral-em-portugal-teve-forte-adesao-dos-trabalhadores\/\"]}]},{\"@type\":\"BreadcrumbList\",\"@id\":\"https:\/\/psol50.org.br\/greve-geral-em-portugal-teve-forte-adesao-dos-trabalhadores\/#breadcrumb\",\"itemListElement\":[{\"@type\":\"ListItem\",\"position\":1,\"name\":\"In\u00edcio\",\"item\":\"https:\/\/psol50.org.br\/\"},{\"@type\":\"ListItem\",\"position\":2,\"name\":\"Greve geral em Portugal teve forte ades\u00e3o dos trabalhadores\"}]},{\"@type\":\"WebSite\",\"@id\":\"https:\/\/psol50.org.br\/#website\",\"url\":\"https:\/\/psol50.org.br\/\",\"name\":\"PSOL 50\",\"description\":\"Site oficial do Partido Socialismo e Liberdade\",\"publisher\":{\"@id\":\"https:\/\/psol50.org.br\/#organization\"},\"alternateName\":\"PSOL50\",\"potentialAction\":[{\"@type\":\"SearchAction\",\"target\":{\"@type\":\"EntryPoint\",\"urlTemplate\":\"https:\/\/psol50.org.br\/?s={search_term_string}\"},\"query-input\":{\"@type\":\"PropertyValueSpecification\",\"valueRequired\":true,\"valueName\":\"search_term_string\"}}],\"inLanguage\":\"pt-BR\"},{\"@type\":\"Organization\",\"@id\":\"https:\/\/psol50.org.br\/#organization\",\"name\":\"PSOL 50\",\"alternateName\":\"PSOL 50\",\"url\":\"https:\/\/psol50.org.br\/\",\"logo\":{\"@type\":\"ImageObject\",\"inLanguage\":\"pt-BR\",\"@id\":\"https:\/\/psol50.org.br\/#\/schema\/logo\/image\/\",\"url\":\"https:\/\/psol50.org.br\/inc\/uploads\/2018\/07\/capa.png\",\"contentUrl\":\"https:\/\/psol50.org.br\/inc\/uploads\/2018\/07\/capa.png\",\"width\":1350,\"height\":900,\"caption\":\"PSOL 50\"},\"image\":{\"@id\":\"https:\/\/psol50.org.br\/#\/schema\/logo\/image\/\"},\"sameAs\":[\"https:\/\/www.facebook.com\/psol50\",\"https:\/\/x.com\/psol50\",\"https:\/\/www.instagram.com\/psol50\/\",\"https:\/\/www.youtube.com\/channel\/UC7SnJS5o1os7a6CaiNabzcg\"]},{\"@type\":\"Person\",\"@id\":\"https:\/\/psol50.org.br\/#\/schema\/person\/475dfa57d0b815993c714c2e96491fcd\",\"name\":\"Comunica\u00e7\u00e3o PSOL\",\"image\":{\"@type\":\"ImageObject\",\"inLanguage\":\"pt-BR\",\"@id\":\"https:\/\/psol50.org.br\/#\/schema\/person\/image\/\",\"url\":\"https:\/\/secure.gravatar.com\/avatar\/b34fc4f4e468a4e51785917065a3db57b841f5c95dba6ad8c73aaf8f66f8f9bf?s=96&d=mm&r=g\",\"contentUrl\":\"https:\/\/secure.gravatar.com\/avatar\/b34fc4f4e468a4e51785917065a3db57b841f5c95dba6ad8c73aaf8f66f8f9bf?s=96&d=mm&r=g\",\"caption\":\"Comunica\u00e7\u00e3o PSOL\"}}]}<\/script>\n<!-- \/ Yoast SEO plugin. -->","yoast_head_json":{"title":"Greve geral em Portugal teve forte ades\u00e3o dos trabalhadores - PSOL 50","robots":{"index":"index","follow":"follow","max-snippet":"max-snippet:-1","max-image-preview":"max-image-preview:large","max-video-preview":"max-video-preview:-1"},"canonical":"https:\/\/psol50.org.br\/greve-geral-em-portugal-teve-forte-adesao-dos-trabalhadores\/","og_locale":"pt_BR","og_type":"article","og_title":"Greve geral em Portugal teve forte ades\u00e3o dos trabalhadores - PSOL 50","og_description":"\u201cEste primeiro-ministro \u00e9 o maior exterminador de emprego que h\u00e1 no pa\u00eds\u201d, acusou o sindicalista Arm\u00e9nio Carlos, diante da Assembleia da Rep\u00fablica, no discurso que concluiu a manifesta\u00e7\u00e3o em Lisboa, em Portugal, no dia da greve geral que o l\u00edder da CGTP (Central Geral dos Trabalhadores Portugueses) considerou excepcional. \u201cE em rela\u00e7\u00e3o aos exterminadores s\u00f3 [&hellip;]","og_url":"https:\/\/psol50.org.br\/greve-geral-em-portugal-teve-forte-adesao-dos-trabalhadores\/","og_site_name":"PSOL 50","article_publisher":"https:\/\/www.facebook.com\/psol50","article_published_time":"2013-06-27T00:00:00+00:00","og_image":[{"width":1350,"height":900,"url":"https:\/\/psol50.org.br\/inc\/uploads\/2018\/07\/capa.png","type":"image\/png"}],"author":"Comunica\u00e7\u00e3o PSOL","twitter_card":"summary_large_image","twitter_creator":"@psol50","twitter_site":"@psol50","twitter_misc":{"Escrito por":"Comunica\u00e7\u00e3o PSOL","Est. tempo de leitura":"1 minuto"},"schema":{"@context":"https:\/\/schema.org","@graph":[{"@type":"Article","@id":"https:\/\/psol50.org.br\/greve-geral-em-portugal-teve-forte-adesao-dos-trabalhadores\/#article","isPartOf":{"@id":"https:\/\/psol50.org.br\/greve-geral-em-portugal-teve-forte-adesao-dos-trabalhadores\/"},"author":{"name":"Comunica\u00e7\u00e3o PSOL","@id":"https:\/\/psol50.org.br\/#\/schema\/person\/475dfa57d0b815993c714c2e96491fcd"},"headline":"Greve geral em Portugal teve forte ades\u00e3o dos trabalhadores","datePublished":"2013-06-27T00:00:00+00:00","mainEntityOfPage":{"@id":"https:\/\/psol50.org.br\/greve-geral-em-portugal-teve-forte-adesao-dos-trabalhadores\/"},"wordCount":302,"commentCount":0,"publisher":{"@id":"https:\/\/psol50.org.br\/#organization"},"keywords":["Bloco de Esquerda","Internacional","Portugal"],"articleSection":["Arquivo","Portugal"],"inLanguage":"pt-BR","potentialAction":[{"@type":"CommentAction","name":"Comment","target":["https:\/\/psol50.org.br\/greve-geral-em-portugal-teve-forte-adesao-dos-trabalhadores\/#respond"]}]},{"@type":"WebPage","@id":"https:\/\/psol50.org.br\/greve-geral-em-portugal-teve-forte-adesao-dos-trabalhadores\/","url":"https:\/\/psol50.org.br\/greve-geral-em-portugal-teve-forte-adesao-dos-trabalhadores\/","name":"Greve geral em Portugal teve forte ades\u00e3o dos trabalhadores - PSOL 50","isPartOf":{"@id":"https:\/\/psol50.org.br\/#website"},"datePublished":"2013-06-27T00:00:00+00:00","breadcrumb":{"@id":"https:\/\/psol50.org.br\/greve-geral-em-portugal-teve-forte-adesao-dos-trabalhadores\/#breadcrumb"},"inLanguage":"pt-BR","potentialAction":[{"@type":"ReadAction","target":["https:\/\/psol50.org.br\/greve-geral-em-portugal-teve-forte-adesao-dos-trabalhadores\/"]}]},{"@type":"BreadcrumbList","@id":"https:\/\/psol50.org.br\/greve-geral-em-portugal-teve-forte-adesao-dos-trabalhadores\/#breadcrumb","itemListElement":[{"@type":"ListItem","position":1,"name":"In\u00edcio","item":"https:\/\/psol50.org.br\/"},{"@type":"ListItem","position":2,"name":"Greve geral em Portugal teve forte ades\u00e3o dos trabalhadores"}]},{"@type":"WebSite","@id":"https:\/\/psol50.org.br\/#website","url":"https:\/\/psol50.org.br\/","name":"PSOL 50","description":"Site oficial do Partido Socialismo e Liberdade","publisher":{"@id":"https:\/\/psol50.org.br\/#organization"},"alternateName":"PSOL50","potentialAction":[{"@type":"SearchAction","target":{"@type":"EntryPoint","urlTemplate":"https:\/\/psol50.org.br\/?s={search_term_string}"},"query-input":{"@type":"PropertyValueSpecification","valueRequired":true,"valueName":"search_term_string"}}],"inLanguage":"pt-BR"},{"@type":"Organization","@id":"https:\/\/psol50.org.br\/#organization","name":"PSOL 50","alternateName":"PSOL 50","url":"https:\/\/psol50.org.br\/","logo":{"@type":"ImageObject","inLanguage":"pt-BR","@id":"https:\/\/psol50.org.br\/#\/schema\/logo\/image\/","url":"https:\/\/psol50.org.br\/inc\/uploads\/2018\/07\/capa.png","contentUrl":"https:\/\/psol50.org.br\/inc\/uploads\/2018\/07\/capa.png","width":1350,"height":900,"caption":"PSOL 50"},"image":{"@id":"https:\/\/psol50.org.br\/#\/schema\/logo\/image\/"},"sameAs":["https:\/\/www.facebook.com\/psol50","https:\/\/x.com\/psol50","https:\/\/www.instagram.com\/psol50\/","https:\/\/www.youtube.com\/channel\/UC7SnJS5o1os7a6CaiNabzcg"]},{"@type":"Person","@id":"https:\/\/psol50.org.br\/#\/schema\/person\/475dfa57d0b815993c714c2e96491fcd","name":"Comunica\u00e7\u00e3o PSOL","image":{"@type":"ImageObject","inLanguage":"pt-BR","@id":"https:\/\/psol50.org.br\/#\/schema\/person\/image\/","url":"https:\/\/secure.gravatar.com\/avatar\/b34fc4f4e468a4e51785917065a3db57b841f5c95dba6ad8c73aaf8f66f8f9bf?s=96&d=mm&r=g","contentUrl":"https:\/\/secure.gravatar.com\/avatar\/b34fc4f4e468a4e51785917065a3db57b841f5c95dba6ad8c73aaf8f66f8f9bf?s=96&d=mm&r=g","caption":"Comunica\u00e7\u00e3o PSOL"}}]}},"_links":{"self":[{"href":"https:\/\/psol50.org.br\/rest\/wp\/v2\/posts\/2094","targetHints":{"allow":["GET"]}}],"collection":[{"href":"https:\/\/psol50.org.br\/rest\/wp\/v2\/posts"}],"about":[{"href":"https:\/\/psol50.org.br\/rest\/wp\/v2\/types\/post"}],"author":[{"embeddable":true,"href":"https:\/\/psol50.org.br\/rest\/wp\/v2\/users\/2"}],"replies":[{"embeddable":true,"href":"https:\/\/psol50.org.br\/rest\/wp\/v2\/comments?post=2094"}],"version-history":[{"count":0,"href":"https:\/\/psol50.org.br\/rest\/wp\/v2\/posts\/2094\/revisions"}],"wp:attachment":[{"href":"https:\/\/psol50.org.br\/rest\/wp\/v2\/media?parent=2094"}],"wp:term":[{"taxonomy":"category","embeddable":true,"href":"https:\/\/psol50.org.br\/rest\/wp\/v2\/categories?post=2094"},{"taxonomy":"post_tag","embeddable":true,"href":"https:\/\/psol50.org.br\/rest\/wp\/v2\/tags?post=2094"}],"curies":[{"name":"wp","href":"https:\/\/api.w.org\/{rel}","templated":true}]}}