{"id":20947,"date":"2018-06-13T16:43:02","date_gmt":"2018-06-13T19:43:02","guid":{"rendered":"https:\/\/www.psol50.org.br\/?p=20947"},"modified":"2018-06-13T16:43:02","modified_gmt":"2018-06-13T19:43:02","slug":"nos-tres-meses-da-execucao-de-marielle-psol-cobra-resposta-sobre-crime-barbaro","status":"publish","type":"post","link":"https:\/\/psol50.org.br\/nos-tres-meses-da-execucao-de-marielle-psol-cobra-resposta-sobre-crime-barbaro\/","title":{"rendered":"Nos tr\u00eas meses da execu\u00e7\u00e3o de Marielle, PSOL cobra resposta sobre crime b\u00e1rbaro"},"content":{"rendered":"<p>A execu\u00e7\u00e3o da vereadora Marielle Franco, do PSOL do Rio de Janeiro, completa, nesta quinta-feira (14), tr\u00eas meses e continua sem resposta por parte das autoridades respons\u00e1veis pela investiga\u00e7\u00e3o. Assassinada na noite do dia 14 de mar\u00e7o, no bairro do Est\u00e1cio, ap\u00f3s sair de uma atividade com jovens negras na Lapa, Marielle era a \u00fanica vereadora do partido no Rio e foi a quinta mais votada entre todos os parlamentares da C\u00e2mara Municipal, nas elei\u00e7\u00f5es de 2016. O motorista Anderson Gomes tamb\u00e9m foi v\u00edtima desse crime b\u00e1rbaro.<\/p>\n<p>Neste momento em que a trag\u00e9dia j\u00e1 vai para o seu terceiro m\u00eas sem a elucida\u00e7\u00e3o completa do caso, o presidente nacional do PSOL, <a href=\"https:\/\/www.facebook.com\/medeirosjuliano\/\" target=\"_blank\" rel=\"noopener\"><strong><span style=\"color: #0000ff;\">Juliano Medeiros<\/span><\/strong><\/a>, afirma que o partido continua exigindo uma resposta e cobrando que as investiga\u00e7\u00f5es avancem. Ele destaca, ainda, que a execu\u00e7\u00e3o da vereadora \u00e9 uma das express\u00f5es do \u00f3dio e da intoler\u00e2ncia contra os lutadores e defensores de direitos humanos.<\/p>\n<p>&#8220;O assassinato covarde de Marielle e Anderson revelou para o Brasil e o mundo a gravidade do momento que vivemos. O \u00f3dio, a intoler\u00e2ncia, os preconceitos j\u00e1 n\u00e3o se expressam apenas na internet. Eles est\u00e3o disseminados tomando a forma de ataques, agress\u00f5es, intimida\u00e7\u00e3o e assassinatos. Marielle e Anderson foram v\u00edtimas de um crime pol\u00edtico e isso precisa ser reafirmado sempre. Exigimos justi\u00e7a e puni\u00e7\u00e3o exemplar aos envolvidos neste crime hediondo&#8221;, ressalta Medeiros.<\/p>\n<p>Ao destacar que a execu\u00e7\u00e3o de Marielle trata-se de um crime pol\u00edtico, o presidente do PSOL explica que as pautas defendidas por ela incomodavam os grupos que controlam o crime organizado dentro e fora das institui\u00e7\u00f5es. Medeiros lembra que a vereadora atuava em diversas frentes, defendendo mulheres, negros e negras, os movimentos LGBTs, a juventude e, sobretudo, as popula\u00e7\u00f5es das favelas contra as viola\u00e7\u00f5es de diretos humanos.<\/p>\n<p>\u201cN\u00e3o vamos descansar enquanto n\u00e3o tivermos resposta de quem est\u00e1 por tr\u00e1s daquele triste epis\u00f3dio da noite 14 de mar\u00e7o\u201d, finaliza.<\/p>\n<p><strong>Relat\u00f3rio da Comiss\u00e3o da Mulher<br \/>\n<\/strong>Nesta quinta-feira (14\/06), para marcar os tr\u00eas meses sem Marielle e Anderson, ser\u00e1 lan\u00e7ado, na C\u00e2mara Municipal do Rio, o Relat\u00f3rio da Comiss\u00e3o da Mulher, cuja comiss\u00e3o era presidida pela vereadora.<\/p>\n<p>Em um ano e tr\u00eas meses de mandato, a Comiss\u00e3o da Mulher atendeu v\u00e1rios casos de viol\u00eancia contra a mulher, promoveu campanhas pelos direitos sexuais e reprodutivos, em especial de mulheres negras, realizou a Audi\u00eancia P\u00fablica sobre Mortalidade Materna, o encontro com as profissionais de sa\u00fade da Cl\u00ednica da Fam\u00edlia, o OcupaDH no Salgueiro, junto com a Comiss\u00e3o de Direitos Humanos na ALERJ e a Associa\u00e7\u00e3o de Moradores, onde aconteceram atendimentos e uma roda de acolhimento entre mulheres, entre outras coisas.<\/p>\n<p>Este relat\u00f3rio j\u00e1 estava sendo produzido pela equipe da vereadora, com os dados de trabalho de um ano e estava planejado para ser lan\u00e7ado em abril.<\/p>\n<p>Diante da tentativa de calar Marielle, o lan\u00e7amento desse relat\u00f3rio se torna ainda mais importante. O material foi finalizado pela equipe da Mandata Coletiva Marielle Franco e revisado e ampliado para incorporar todas as a\u00e7\u00f5es realizadas at\u00e9 o dia 14 de mar\u00e7o de 2018.<\/p>\n<p>Para saber mais sobre o evento, acesse:\u00a0<a href=\"https:\/\/www.facebook.com\/events\/2108171996119802\/\" target=\"_blank\" rel=\"noopener\"><strong><span style=\"color: #0000ff;\">http:\/\/bit.ly\/2JOkOtg<\/span><\/strong><\/a><\/p>\n","protected":false},"excerpt":{"rendered":"<p>A execu\u00e7\u00e3o da vereadora Marielle Franco, do PSOL do Rio de Janeiro, completa, nesta quinta-feira (14), tr\u00eas meses e continua sem resposta por parte das autoridades respons\u00e1veis pela investiga\u00e7\u00e3o. Assassinada na noite do dia 14 de mar\u00e7o, no bairro do Est\u00e1cio, ap\u00f3s sair de uma atividade com jovens negras na Lapa, Marielle era a \u00fanica [&hellip;]<\/p>\n","protected":false},"author":2,"featured_media":20347,"comment_status":"open","ping_status":"open","sticky":false,"template":"","format":"standard","meta":{"_acf_changed":false,"footnotes":""},"categories":[1882,6],"tags":[1304,131,2147,61,259,194,22,162,2571],"class_list":{"0":"post-20947","1":"post","2":"type-post","3":"status-publish","4":"format-standard","5":"has-post-thumbnail","7":"category-brasil","8":"category-noticias","9":"tag-anderson-gomes","10":"tag-assassinato","11":"tag-crime-politico","12":"tag-investigacao","13":"tag-juliano-medeiros","14":"tag-marielle-franco","15":"tag-psol","16":"tag-rio-de-janeiro","17":"tag-tres-meses"},"acf":[],"yoast_head":"<!-- This site is optimized with the Yoast SEO plugin v26.5 - https:\/\/yoast.com\/wordpress\/plugins\/seo\/ -->\n<title>Nos tr\u00eas meses da execu\u00e7\u00e3o de Marielle, PSOL cobra resposta sobre crime b\u00e1rbaro - PSOL 50<\/title>\n<meta name=\"robots\" content=\"index, follow, max-snippet:-1, max-image-preview:large, max-video-preview:-1\" \/>\n<link rel=\"canonical\" href=\"https:\/\/psol50.org.br\/nos-tres-meses-da-execucao-de-marielle-psol-cobra-resposta-sobre-crime-barbaro\/\" \/>\n<meta property=\"og:locale\" content=\"pt_BR\" \/>\n<meta property=\"og:type\" content=\"article\" \/>\n<meta property=\"og:title\" content=\"PSOL cobra resposta sobre assassinato de Marielle\" \/>\n<meta property=\"og:description\" content=\"Nos tr\u00eas meses da execu\u00e7\u00e3o da vereadora do PSOL, Juliano Medeiro critica lentid\u00e3o das investiga\u00e7\u00f5es\" \/>\n<meta property=\"og:url\" content=\"https:\/\/psol50.org.br\/nos-tres-meses-da-execucao-de-marielle-psol-cobra-resposta-sobre-crime-barbaro\/\" \/>\n<meta property=\"og:site_name\" content=\"PSOL 50\" \/>\n<meta property=\"article:publisher\" content=\"https:\/\/www.facebook.com\/psol50\" \/>\n<meta property=\"article:published_time\" content=\"2018-06-13T19:43:02+00:00\" \/>\n<meta property=\"og:image\" content=\"https:\/\/psol50.org.br\/inc\/uploads\/2018\/03\/Marielle_Discurso_Ninja.jpg\" \/>\n\t<meta property=\"og:image:width\" content=\"1350\" \/>\n\t<meta property=\"og:image:height\" content=\"899\" \/>\n\t<meta property=\"og:image:type\" content=\"image\/jpeg\" \/>\n<meta name=\"author\" content=\"Comunica\u00e7\u00e3o PSOL\" \/>\n<meta name=\"twitter:card\" content=\"summary_large_image\" \/>\n<meta name=\"twitter:title\" content=\"PSOL cobra resposta sobre assassinato de Marielle\" \/>\n<meta name=\"twitter:description\" content=\"Nos tr\u00eas meses da execu\u00e7\u00e3o da vereadora do PSOL, Juliano Medeiro critica lentid\u00e3o das investiga\u00e7\u00f5es\" \/>\n<meta name=\"twitter:creator\" content=\"@psol50\" \/>\n<meta name=\"twitter:site\" content=\"@psol50\" \/>\n<meta name=\"twitter:label1\" content=\"Escrito por\" \/>\n\t<meta name=\"twitter:data1\" content=\"Comunica\u00e7\u00e3o PSOL\" \/>\n\t<meta name=\"twitter:label2\" content=\"Est. tempo de leitura\" \/>\n\t<meta name=\"twitter:data2\" content=\"3 minutos\" \/>\n<script type=\"application\/ld+json\" class=\"yoast-schema-graph\">{\"@context\":\"https:\/\/schema.org\",\"@graph\":[{\"@type\":\"Article\",\"@id\":\"https:\/\/psol50.org.br\/nos-tres-meses-da-execucao-de-marielle-psol-cobra-resposta-sobre-crime-barbaro\/#article\",\"isPartOf\":{\"@id\":\"https:\/\/psol50.org.br\/nos-tres-meses-da-execucao-de-marielle-psol-cobra-resposta-sobre-crime-barbaro\/\"},\"author\":{\"name\":\"Comunica\u00e7\u00e3o PSOL\",\"@id\":\"https:\/\/psol50.org.br\/#\/schema\/person\/475dfa57d0b815993c714c2e96491fcd\"},\"headline\":\"Nos tr\u00eas meses da execu\u00e7\u00e3o de Marielle, PSOL cobra resposta sobre crime b\u00e1rbaro\",\"datePublished\":\"2018-06-13T19:43:02+00:00\",\"mainEntityOfPage\":{\"@id\":\"https:\/\/psol50.org.br\/nos-tres-meses-da-execucao-de-marielle-psol-cobra-resposta-sobre-crime-barbaro\/\"},\"wordCount\":581,\"commentCount\":0,\"publisher\":{\"@id\":\"https:\/\/psol50.org.br\/#organization\"},\"image\":{\"@id\":\"https:\/\/psol50.org.br\/nos-tres-meses-da-execucao-de-marielle-psol-cobra-resposta-sobre-crime-barbaro\/#primaryimage\"},\"thumbnailUrl\":\"https:\/\/psol50.org.br\/inc\/uploads\/2018\/03\/Marielle_Discurso_Ninja.jpg\",\"keywords\":[\"Anderson Gomes\",\"assassinato\",\"crime pol\u00edtico\",\"investiga\u00e7\u00e3o\",\"Juliano Medeiros\",\"Marielle Franco\",\"PSOL\",\"Rio de Janeiro\",\"tr\u00eas meses\"],\"articleSection\":[\"Brasil\",\"Not\u00edcias\"],\"inLanguage\":\"pt-BR\",\"potentialAction\":[{\"@type\":\"CommentAction\",\"name\":\"Comment\",\"target\":[\"https:\/\/psol50.org.br\/nos-tres-meses-da-execucao-de-marielle-psol-cobra-resposta-sobre-crime-barbaro\/#respond\"]}]},{\"@type\":\"WebPage\",\"@id\":\"https:\/\/psol50.org.br\/nos-tres-meses-da-execucao-de-marielle-psol-cobra-resposta-sobre-crime-barbaro\/\",\"url\":\"https:\/\/psol50.org.br\/nos-tres-meses-da-execucao-de-marielle-psol-cobra-resposta-sobre-crime-barbaro\/\",\"name\":\"Nos tr\u00eas meses da execu\u00e7\u00e3o de Marielle, PSOL cobra resposta sobre crime b\u00e1rbaro - PSOL 50\",\"isPartOf\":{\"@id\":\"https:\/\/psol50.org.br\/#website\"},\"primaryImageOfPage\":{\"@id\":\"https:\/\/psol50.org.br\/nos-tres-meses-da-execucao-de-marielle-psol-cobra-resposta-sobre-crime-barbaro\/#primaryimage\"},\"image\":{\"@id\":\"https:\/\/psol50.org.br\/nos-tres-meses-da-execucao-de-marielle-psol-cobra-resposta-sobre-crime-barbaro\/#primaryimage\"},\"thumbnailUrl\":\"https:\/\/psol50.org.br\/inc\/uploads\/2018\/03\/Marielle_Discurso_Ninja.jpg\",\"datePublished\":\"2018-06-13T19:43:02+00:00\",\"breadcrumb\":{\"@id\":\"https:\/\/psol50.org.br\/nos-tres-meses-da-execucao-de-marielle-psol-cobra-resposta-sobre-crime-barbaro\/#breadcrumb\"},\"inLanguage\":\"pt-BR\",\"potentialAction\":[{\"@type\":\"ReadAction\",\"target\":[\"https:\/\/psol50.org.br\/nos-tres-meses-da-execucao-de-marielle-psol-cobra-resposta-sobre-crime-barbaro\/\"]}]},{\"@type\":\"ImageObject\",\"inLanguage\":\"pt-BR\",\"@id\":\"https:\/\/psol50.org.br\/nos-tres-meses-da-execucao-de-marielle-psol-cobra-resposta-sobre-crime-barbaro\/#primaryimage\",\"url\":\"https:\/\/psol50.org.br\/inc\/uploads\/2018\/03\/Marielle_Discurso_Ninja.jpg\",\"contentUrl\":\"https:\/\/psol50.org.br\/inc\/uploads\/2018\/03\/Marielle_Discurso_Ninja.jpg\",\"width\":1350,\"height\":899,\"caption\":\"Foto: M\u00eddia Ninja\"},{\"@type\":\"BreadcrumbList\",\"@id\":\"https:\/\/psol50.org.br\/nos-tres-meses-da-execucao-de-marielle-psol-cobra-resposta-sobre-crime-barbaro\/#breadcrumb\",\"itemListElement\":[{\"@type\":\"ListItem\",\"position\":1,\"name\":\"In\u00edcio\",\"item\":\"https:\/\/psol50.org.br\/\"},{\"@type\":\"ListItem\",\"position\":2,\"name\":\"Nos tr\u00eas meses da execu\u00e7\u00e3o de Marielle, PSOL cobra resposta sobre crime b\u00e1rbaro\"}]},{\"@type\":\"WebSite\",\"@id\":\"https:\/\/psol50.org.br\/#website\",\"url\":\"https:\/\/psol50.org.br\/\",\"name\":\"PSOL 50\",\"description\":\"Site oficial do Partido Socialismo e Liberdade\",\"publisher\":{\"@id\":\"https:\/\/psol50.org.br\/#organization\"},\"alternateName\":\"PSOL50\",\"potentialAction\":[{\"@type\":\"SearchAction\",\"target\":{\"@type\":\"EntryPoint\",\"urlTemplate\":\"https:\/\/psol50.org.br\/?s={search_term_string}\"},\"query-input\":{\"@type\":\"PropertyValueSpecification\",\"valueRequired\":true,\"valueName\":\"search_term_string\"}}],\"inLanguage\":\"pt-BR\"},{\"@type\":\"Organization\",\"@id\":\"https:\/\/psol50.org.br\/#organization\",\"name\":\"PSOL 50\",\"alternateName\":\"PSOL 50\",\"url\":\"https:\/\/psol50.org.br\/\",\"logo\":{\"@type\":\"ImageObject\",\"inLanguage\":\"pt-BR\",\"@id\":\"https:\/\/psol50.org.br\/#\/schema\/logo\/image\/\",\"url\":\"https:\/\/psol50.org.br\/inc\/uploads\/2018\/07\/capa.png\",\"contentUrl\":\"https:\/\/psol50.org.br\/inc\/uploads\/2018\/07\/capa.png\",\"width\":1350,\"height\":900,\"caption\":\"PSOL 50\"},\"image\":{\"@id\":\"https:\/\/psol50.org.br\/#\/schema\/logo\/image\/\"},\"sameAs\":[\"https:\/\/www.facebook.com\/psol50\",\"https:\/\/x.com\/psol50\",\"https:\/\/www.instagram.com\/psol50\/\",\"https:\/\/www.youtube.com\/channel\/UC7SnJS5o1os7a6CaiNabzcg\"]},{\"@type\":\"Person\",\"@id\":\"https:\/\/psol50.org.br\/#\/schema\/person\/475dfa57d0b815993c714c2e96491fcd\",\"name\":\"Comunica\u00e7\u00e3o PSOL\",\"image\":{\"@type\":\"ImageObject\",\"inLanguage\":\"pt-BR\",\"@id\":\"https:\/\/psol50.org.br\/#\/schema\/person\/image\/\",\"url\":\"https:\/\/secure.gravatar.com\/avatar\/b34fc4f4e468a4e51785917065a3db57b841f5c95dba6ad8c73aaf8f66f8f9bf?s=96&d=mm&r=g\",\"contentUrl\":\"https:\/\/secure.gravatar.com\/avatar\/b34fc4f4e468a4e51785917065a3db57b841f5c95dba6ad8c73aaf8f66f8f9bf?s=96&d=mm&r=g\",\"caption\":\"Comunica\u00e7\u00e3o PSOL\"}}]}<\/script>\n<!-- \/ Yoast SEO plugin. -->","yoast_head_json":{"title":"Nos tr\u00eas meses da execu\u00e7\u00e3o de Marielle, PSOL cobra resposta sobre crime b\u00e1rbaro - PSOL 50","robots":{"index":"index","follow":"follow","max-snippet":"max-snippet:-1","max-image-preview":"max-image-preview:large","max-video-preview":"max-video-preview:-1"},"canonical":"https:\/\/psol50.org.br\/nos-tres-meses-da-execucao-de-marielle-psol-cobra-resposta-sobre-crime-barbaro\/","og_locale":"pt_BR","og_type":"article","og_title":"PSOL cobra resposta sobre assassinato de Marielle","og_description":"Nos tr\u00eas meses da execu\u00e7\u00e3o da vereadora do PSOL, Juliano Medeiro critica lentid\u00e3o das investiga\u00e7\u00f5es","og_url":"https:\/\/psol50.org.br\/nos-tres-meses-da-execucao-de-marielle-psol-cobra-resposta-sobre-crime-barbaro\/","og_site_name":"PSOL 50","article_publisher":"https:\/\/www.facebook.com\/psol50","article_published_time":"2018-06-13T19:43:02+00:00","og_image":[{"width":1350,"height":899,"url":"https:\/\/psol50.org.br\/inc\/uploads\/2018\/03\/Marielle_Discurso_Ninja.jpg","type":"image\/jpeg"}],"author":"Comunica\u00e7\u00e3o PSOL","twitter_card":"summary_large_image","twitter_title":"PSOL cobra resposta sobre assassinato de Marielle","twitter_description":"Nos tr\u00eas meses da execu\u00e7\u00e3o da vereadora do PSOL, Juliano Medeiro critica lentid\u00e3o das investiga\u00e7\u00f5es","twitter_creator":"@psol50","twitter_site":"@psol50","twitter_misc":{"Escrito por":"Comunica\u00e7\u00e3o PSOL","Est. tempo de leitura":"3 minutos"},"schema":{"@context":"https:\/\/schema.org","@graph":[{"@type":"Article","@id":"https:\/\/psol50.org.br\/nos-tres-meses-da-execucao-de-marielle-psol-cobra-resposta-sobre-crime-barbaro\/#article","isPartOf":{"@id":"https:\/\/psol50.org.br\/nos-tres-meses-da-execucao-de-marielle-psol-cobra-resposta-sobre-crime-barbaro\/"},"author":{"name":"Comunica\u00e7\u00e3o PSOL","@id":"https:\/\/psol50.org.br\/#\/schema\/person\/475dfa57d0b815993c714c2e96491fcd"},"headline":"Nos tr\u00eas meses da execu\u00e7\u00e3o de Marielle, PSOL cobra resposta sobre crime b\u00e1rbaro","datePublished":"2018-06-13T19:43:02+00:00","mainEntityOfPage":{"@id":"https:\/\/psol50.org.br\/nos-tres-meses-da-execucao-de-marielle-psol-cobra-resposta-sobre-crime-barbaro\/"},"wordCount":581,"commentCount":0,"publisher":{"@id":"https:\/\/psol50.org.br\/#organization"},"image":{"@id":"https:\/\/psol50.org.br\/nos-tres-meses-da-execucao-de-marielle-psol-cobra-resposta-sobre-crime-barbaro\/#primaryimage"},"thumbnailUrl":"https:\/\/psol50.org.br\/inc\/uploads\/2018\/03\/Marielle_Discurso_Ninja.jpg","keywords":["Anderson Gomes","assassinato","crime pol\u00edtico","investiga\u00e7\u00e3o","Juliano Medeiros","Marielle Franco","PSOL","Rio de Janeiro","tr\u00eas meses"],"articleSection":["Brasil","Not\u00edcias"],"inLanguage":"pt-BR","potentialAction":[{"@type":"CommentAction","name":"Comment","target":["https:\/\/psol50.org.br\/nos-tres-meses-da-execucao-de-marielle-psol-cobra-resposta-sobre-crime-barbaro\/#respond"]}]},{"@type":"WebPage","@id":"https:\/\/psol50.org.br\/nos-tres-meses-da-execucao-de-marielle-psol-cobra-resposta-sobre-crime-barbaro\/","url":"https:\/\/psol50.org.br\/nos-tres-meses-da-execucao-de-marielle-psol-cobra-resposta-sobre-crime-barbaro\/","name":"Nos tr\u00eas meses da execu\u00e7\u00e3o de Marielle, PSOL cobra resposta sobre crime b\u00e1rbaro - PSOL 50","isPartOf":{"@id":"https:\/\/psol50.org.br\/#website"},"primaryImageOfPage":{"@id":"https:\/\/psol50.org.br\/nos-tres-meses-da-execucao-de-marielle-psol-cobra-resposta-sobre-crime-barbaro\/#primaryimage"},"image":{"@id":"https:\/\/psol50.org.br\/nos-tres-meses-da-execucao-de-marielle-psol-cobra-resposta-sobre-crime-barbaro\/#primaryimage"},"thumbnailUrl":"https:\/\/psol50.org.br\/inc\/uploads\/2018\/03\/Marielle_Discurso_Ninja.jpg","datePublished":"2018-06-13T19:43:02+00:00","breadcrumb":{"@id":"https:\/\/psol50.org.br\/nos-tres-meses-da-execucao-de-marielle-psol-cobra-resposta-sobre-crime-barbaro\/#breadcrumb"},"inLanguage":"pt-BR","potentialAction":[{"@type":"ReadAction","target":["https:\/\/psol50.org.br\/nos-tres-meses-da-execucao-de-marielle-psol-cobra-resposta-sobre-crime-barbaro\/"]}]},{"@type":"ImageObject","inLanguage":"pt-BR","@id":"https:\/\/psol50.org.br\/nos-tres-meses-da-execucao-de-marielle-psol-cobra-resposta-sobre-crime-barbaro\/#primaryimage","url":"https:\/\/psol50.org.br\/inc\/uploads\/2018\/03\/Marielle_Discurso_Ninja.jpg","contentUrl":"https:\/\/psol50.org.br\/inc\/uploads\/2018\/03\/Marielle_Discurso_Ninja.jpg","width":1350,"height":899,"caption":"Foto: M\u00eddia Ninja"},{"@type":"BreadcrumbList","@id":"https:\/\/psol50.org.br\/nos-tres-meses-da-execucao-de-marielle-psol-cobra-resposta-sobre-crime-barbaro\/#breadcrumb","itemListElement":[{"@type":"ListItem","position":1,"name":"In\u00edcio","item":"https:\/\/psol50.org.br\/"},{"@type":"ListItem","position":2,"name":"Nos tr\u00eas meses da execu\u00e7\u00e3o de Marielle, PSOL cobra resposta sobre crime b\u00e1rbaro"}]},{"@type":"WebSite","@id":"https:\/\/psol50.org.br\/#website","url":"https:\/\/psol50.org.br\/","name":"PSOL 50","description":"Site oficial do Partido Socialismo e Liberdade","publisher":{"@id":"https:\/\/psol50.org.br\/#organization"},"alternateName":"PSOL50","potentialAction":[{"@type":"SearchAction","target":{"@type":"EntryPoint","urlTemplate":"https:\/\/psol50.org.br\/?s={search_term_string}"},"query-input":{"@type":"PropertyValueSpecification","valueRequired":true,"valueName":"search_term_string"}}],"inLanguage":"pt-BR"},{"@type":"Organization","@id":"https:\/\/psol50.org.br\/#organization","name":"PSOL 50","alternateName":"PSOL 50","url":"https:\/\/psol50.org.br\/","logo":{"@type":"ImageObject","inLanguage":"pt-BR","@id":"https:\/\/psol50.org.br\/#\/schema\/logo\/image\/","url":"https:\/\/psol50.org.br\/inc\/uploads\/2018\/07\/capa.png","contentUrl":"https:\/\/psol50.org.br\/inc\/uploads\/2018\/07\/capa.png","width":1350,"height":900,"caption":"PSOL 50"},"image":{"@id":"https:\/\/psol50.org.br\/#\/schema\/logo\/image\/"},"sameAs":["https:\/\/www.facebook.com\/psol50","https:\/\/x.com\/psol50","https:\/\/www.instagram.com\/psol50\/","https:\/\/www.youtube.com\/channel\/UC7SnJS5o1os7a6CaiNabzcg"]},{"@type":"Person","@id":"https:\/\/psol50.org.br\/#\/schema\/person\/475dfa57d0b815993c714c2e96491fcd","name":"Comunica\u00e7\u00e3o PSOL","image":{"@type":"ImageObject","inLanguage":"pt-BR","@id":"https:\/\/psol50.org.br\/#\/schema\/person\/image\/","url":"https:\/\/secure.gravatar.com\/avatar\/b34fc4f4e468a4e51785917065a3db57b841f5c95dba6ad8c73aaf8f66f8f9bf?s=96&d=mm&r=g","contentUrl":"https:\/\/secure.gravatar.com\/avatar\/b34fc4f4e468a4e51785917065a3db57b841f5c95dba6ad8c73aaf8f66f8f9bf?s=96&d=mm&r=g","caption":"Comunica\u00e7\u00e3o PSOL"}}]}},"_links":{"self":[{"href":"https:\/\/psol50.org.br\/rest\/wp\/v2\/posts\/20947","targetHints":{"allow":["GET"]}}],"collection":[{"href":"https:\/\/psol50.org.br\/rest\/wp\/v2\/posts"}],"about":[{"href":"https:\/\/psol50.org.br\/rest\/wp\/v2\/types\/post"}],"author":[{"embeddable":true,"href":"https:\/\/psol50.org.br\/rest\/wp\/v2\/users\/2"}],"replies":[{"embeddable":true,"href":"https:\/\/psol50.org.br\/rest\/wp\/v2\/comments?post=20947"}],"version-history":[{"count":0,"href":"https:\/\/psol50.org.br\/rest\/wp\/v2\/posts\/20947\/revisions"}],"wp:featuredmedia":[{"embeddable":true,"href":"https:\/\/psol50.org.br\/rest\/wp\/v2\/media\/20347"}],"wp:attachment":[{"href":"https:\/\/psol50.org.br\/rest\/wp\/v2\/media?parent=20947"}],"wp:term":[{"taxonomy":"category","embeddable":true,"href":"https:\/\/psol50.org.br\/rest\/wp\/v2\/categories?post=20947"},{"taxonomy":"post_tag","embeddable":true,"href":"https:\/\/psol50.org.br\/rest\/wp\/v2\/tags?post=20947"}],"curies":[{"name":"wp","href":"https:\/\/api.w.org\/{rel}","templated":true}]}}