{"id":20957,"date":"2018-06-14T11:32:20","date_gmt":"2018-06-14T14:32:20","guid":{"rendered":"https:\/\/www.psol50.org.br\/?p=20957"},"modified":"2018-06-14T11:32:20","modified_gmt":"2018-06-14T14:32:20","slug":"luciana-genro-a-omissao-do-poder-publico-na-morte-de-marielle","status":"publish","type":"post","link":"https:\/\/psol50.org.br\/luciana-genro-a-omissao-do-poder-publico-na-morte-de-marielle\/","title":{"rendered":"Luciana Genro | A omiss\u00e3o do poder p\u00fablico na morte de Marielle"},"content":{"rendered":"<p><span style=\"font-size: 14px;\"><em>Artigo publicado originalmente no jornal Zero Hora<\/em><\/span><\/p>\n<p>Os assassinatos de Marielle Franco e de Anderson Gomes, h\u00e1 tr\u00eas meses, mostram o fracasso do poder p\u00fablico no enfrentamento \u00e0s mil\u00edcias cariocas na \u00faltima d\u00e9cada, o que pode ser considerado decisivo para que mortes como a da vereadora e de seu motorista continuem ocorrendo sem puni\u00e7\u00e3o.<\/p>\n<p>O poder p\u00fablico se omitiu de adotar, por falta de vontade pol\u00edtica, as 58 propostas apontadas pelo relat\u00f3rio da CPI das Mil\u00edcias no Rio, h\u00e1 10 anos. A CPI, onde Marielle trabalhou como assessora parlamentar do deputado estadual Marcelo Freixo, indiciou, ao menos, 226 pessoas, e prendeu vereadores, deputados, policiais civis e militares e agentes da seguran\u00e7a p\u00fablica como integrantes e apoiadores destes grupos, hoje apontados como os principais suspeitos da execu\u00e7\u00e3o de Marielle.<\/p>\n<p>A omiss\u00e3o dos governos deixou com que as mil\u00edcias come\u00e7assem, mais fortemente no in\u00edcio dos anos 2000, a ocupar as comunidades mais pobres do Rio. Neste per\u00edodo, compreendido pelos governos de\u00a0Lula\u00a0e Dilma Rousseff na Presid\u00eancia da Rep\u00fablica e de S\u00e9rgio Cabral no governo do Estado do Rio, pouco foi feito para garantir o cumprimento de uma efetiva pol\u00edtica nacional de seguran\u00e7a p\u00fablica no combate a esses grupos que fazem a popula\u00e7\u00e3o de ref\u00e9m.<\/p>\n<p>Freixo relembra que a CPI foi instaurada um ano depois das suas primeiras solicita\u00e7\u00f5es e somente ap\u00f3s jornalistas do jornal O Dia serem sequestrados e torturados por milicianos. Quando atingia s\u00f3 os moradores, a atua\u00e7\u00e3o criminosa das mil\u00edcias n\u00e3o sensibilizava.<\/p>\n<p>Marielle, criada na favela da Mar\u00e9, usava seu mandato como vereadora para fortalecer as periferias e denunciar os crimes praticados pelas mil\u00edcias, pela Pol\u00edcia Militar e os problemas da interven\u00e7\u00e3o militar no Rio.<\/p>\n<p>A luta de Marielle n\u00e3o vai parar. Ela continuar\u00e1 viva em cada lutador e lutadora dos direitos humanos e especialmente na luta das mulheres negras por visibilidade, dignidade e direitos. Exigimos justi\u00e7a para Marielle e seguiremos exigindo, para ela e para todos os lutadores perseguidos e assassinados por trabalharem para denunciar a omiss\u00e3o do poder p\u00fablico na garantia de uma vida digna \u00e0 popula\u00e7\u00e3o.<\/p>\n","protected":false},"excerpt":{"rendered":"<p>Artigo publicado originalmente no jornal Zero Hora Os assassinatos de Marielle Franco e de Anderson Gomes, h\u00e1 tr\u00eas meses, mostram o fracasso do poder p\u00fablico no enfrentamento \u00e0s mil\u00edcias cariocas na \u00faltima d\u00e9cada, o que pode ser considerado decisivo para que mortes como a da vereadora e de seu motorista continuem ocorrendo sem puni\u00e7\u00e3o. O [&hellip;]<\/p>\n","protected":false},"author":2,"featured_media":20215,"comment_status":"open","ping_status":"open","sticky":false,"template":"","format":"standard","meta":{"_acf_changed":false,"footnotes":""},"categories":[3,1882],"tags":[1304,131,2174,161,194,646,1085,2573,2571],"class_list":{"0":"post-20957","1":"post","2":"type-post","3":"status-publish","4":"format-standard","5":"has-post-thumbnail","7":"category-artigos-e-entrevistas","8":"category-brasil","9":"tag-anderson-gomes","10":"tag-assassinato","11":"tag-luciana-genro","12":"tag-marcelo-freixo","13":"tag-marielle-franco","14":"tag-milicias","15":"tag-omissao","16":"tag-poder-publico","17":"tag-tres-meses"},"acf":[],"yoast_head":"<!-- This site is optimized with the Yoast SEO plugin v26.5 - https:\/\/yoast.com\/wordpress\/plugins\/seo\/ -->\n<title>Luciana Genro | A omiss\u00e3o do poder p\u00fablico na morte de Marielle - PSOL 50<\/title>\n<meta name=\"robots\" content=\"index, follow, max-snippet:-1, max-image-preview:large, max-video-preview:-1\" \/>\n<link rel=\"canonical\" href=\"https:\/\/psol50.org.br\/luciana-genro-a-omissao-do-poder-publico-na-morte-de-marielle\/\" \/>\n<meta property=\"og:locale\" content=\"pt_BR\" \/>\n<meta property=\"og:type\" content=\"article\" \/>\n<meta property=\"og:title\" content=\"A omiss\u00e3o do poder p\u00fablico na morte de Marielle\" \/>\n<meta property=\"og:description\" content=\"Luciana Genro fala dos tr\u00eas meses do assassinato de Marielle e do fracasso do Estado no enfrentamento \u00e0s mil\u00edcias\" \/>\n<meta property=\"og:url\" content=\"https:\/\/psol50.org.br\/luciana-genro-a-omissao-do-poder-publico-na-morte-de-marielle\/\" \/>\n<meta property=\"og:site_name\" content=\"PSOL 50\" \/>\n<meta property=\"article:publisher\" content=\"https:\/\/www.facebook.com\/psol50\" \/>\n<meta property=\"article:published_time\" content=\"2018-06-14T14:32:20+00:00\" \/>\n<meta property=\"og:image\" content=\"https:\/\/psol50.org.br\/inc\/uploads\/2018\/03\/marielle-franco-ninja.jpg\" \/>\n\t<meta property=\"og:image:width\" content=\"1350\" \/>\n\t<meta property=\"og:image:height\" content=\"900\" \/>\n\t<meta property=\"og:image:type\" content=\"image\/jpeg\" \/>\n<meta name=\"author\" content=\"Comunica\u00e7\u00e3o PSOL\" \/>\n<meta name=\"twitter:card\" content=\"summary_large_image\" \/>\n<meta name=\"twitter:creator\" content=\"@psol50\" \/>\n<meta name=\"twitter:site\" content=\"@psol50\" \/>\n<meta name=\"twitter:label1\" content=\"Escrito por\" \/>\n\t<meta name=\"twitter:data1\" content=\"Comunica\u00e7\u00e3o PSOL\" \/>\n\t<meta name=\"twitter:label2\" content=\"Est. tempo de leitura\" \/>\n\t<meta name=\"twitter:data2\" content=\"2 minutos\" \/>\n<script type=\"application\/ld+json\" class=\"yoast-schema-graph\">{\"@context\":\"https:\/\/schema.org\",\"@graph\":[{\"@type\":\"Article\",\"@id\":\"https:\/\/psol50.org.br\/luciana-genro-a-omissao-do-poder-publico-na-morte-de-marielle\/#article\",\"isPartOf\":{\"@id\":\"https:\/\/psol50.org.br\/luciana-genro-a-omissao-do-poder-publico-na-morte-de-marielle\/\"},\"author\":{\"name\":\"Comunica\u00e7\u00e3o PSOL\",\"@id\":\"https:\/\/psol50.org.br\/#\/schema\/person\/475dfa57d0b815993c714c2e96491fcd\"},\"headline\":\"Luciana Genro | A omiss\u00e3o do poder p\u00fablico na morte de Marielle\",\"datePublished\":\"2018-06-14T14:32:20+00:00\",\"mainEntityOfPage\":{\"@id\":\"https:\/\/psol50.org.br\/luciana-genro-a-omissao-do-poder-publico-na-morte-de-marielle\/\"},\"wordCount\":386,\"commentCount\":0,\"publisher\":{\"@id\":\"https:\/\/psol50.org.br\/#organization\"},\"image\":{\"@id\":\"https:\/\/psol50.org.br\/luciana-genro-a-omissao-do-poder-publico-na-morte-de-marielle\/#primaryimage\"},\"thumbnailUrl\":\"https:\/\/psol50.org.br\/inc\/uploads\/2018\/03\/marielle-franco-ninja.jpg\",\"keywords\":[\"Anderson Gomes\",\"assassinato\",\"Luciana Genro\",\"Marcelo Freixo\",\"Marielle Franco\",\"mil\u00edcias\",\"omiss\u00e3o\",\"poder p\u00fablico\",\"tr\u00eas meses\"],\"articleSection\":[\"Artigos\",\"Brasil\"],\"inLanguage\":\"pt-BR\",\"potentialAction\":[{\"@type\":\"CommentAction\",\"name\":\"Comment\",\"target\":[\"https:\/\/psol50.org.br\/luciana-genro-a-omissao-do-poder-publico-na-morte-de-marielle\/#respond\"]}]},{\"@type\":\"WebPage\",\"@id\":\"https:\/\/psol50.org.br\/luciana-genro-a-omissao-do-poder-publico-na-morte-de-marielle\/\",\"url\":\"https:\/\/psol50.org.br\/luciana-genro-a-omissao-do-poder-publico-na-morte-de-marielle\/\",\"name\":\"Luciana Genro | A omiss\u00e3o do poder p\u00fablico na morte de Marielle - PSOL 50\",\"isPartOf\":{\"@id\":\"https:\/\/psol50.org.br\/#website\"},\"primaryImageOfPage\":{\"@id\":\"https:\/\/psol50.org.br\/luciana-genro-a-omissao-do-poder-publico-na-morte-de-marielle\/#primaryimage\"},\"image\":{\"@id\":\"https:\/\/psol50.org.br\/luciana-genro-a-omissao-do-poder-publico-na-morte-de-marielle\/#primaryimage\"},\"thumbnailUrl\":\"https:\/\/psol50.org.br\/inc\/uploads\/2018\/03\/marielle-franco-ninja.jpg\",\"datePublished\":\"2018-06-14T14:32:20+00:00\",\"breadcrumb\":{\"@id\":\"https:\/\/psol50.org.br\/luciana-genro-a-omissao-do-poder-publico-na-morte-de-marielle\/#breadcrumb\"},\"inLanguage\":\"pt-BR\",\"potentialAction\":[{\"@type\":\"ReadAction\",\"target\":[\"https:\/\/psol50.org.br\/luciana-genro-a-omissao-do-poder-publico-na-morte-de-marielle\/\"]}]},{\"@type\":\"ImageObject\",\"inLanguage\":\"pt-BR\",\"@id\":\"https:\/\/psol50.org.br\/luciana-genro-a-omissao-do-poder-publico-na-morte-de-marielle\/#primaryimage\",\"url\":\"https:\/\/psol50.org.br\/inc\/uploads\/2018\/03\/marielle-franco-ninja.jpg\",\"contentUrl\":\"https:\/\/psol50.org.br\/inc\/uploads\/2018\/03\/marielle-franco-ninja.jpg\",\"width\":1350,\"height\":900,\"caption\":\"Foto: M\u00eddia Ninja\"},{\"@type\":\"BreadcrumbList\",\"@id\":\"https:\/\/psol50.org.br\/luciana-genro-a-omissao-do-poder-publico-na-morte-de-marielle\/#breadcrumb\",\"itemListElement\":[{\"@type\":\"ListItem\",\"position\":1,\"name\":\"In\u00edcio\",\"item\":\"https:\/\/psol50.org.br\/\"},{\"@type\":\"ListItem\",\"position\":2,\"name\":\"Luciana Genro | A omiss\u00e3o do poder p\u00fablico na morte de Marielle\"}]},{\"@type\":\"WebSite\",\"@id\":\"https:\/\/psol50.org.br\/#website\",\"url\":\"https:\/\/psol50.org.br\/\",\"name\":\"PSOL 50\",\"description\":\"Site oficial do Partido Socialismo e Liberdade\",\"publisher\":{\"@id\":\"https:\/\/psol50.org.br\/#organization\"},\"alternateName\":\"PSOL50\",\"potentialAction\":[{\"@type\":\"SearchAction\",\"target\":{\"@type\":\"EntryPoint\",\"urlTemplate\":\"https:\/\/psol50.org.br\/?s={search_term_string}\"},\"query-input\":{\"@type\":\"PropertyValueSpecification\",\"valueRequired\":true,\"valueName\":\"search_term_string\"}}],\"inLanguage\":\"pt-BR\"},{\"@type\":\"Organization\",\"@id\":\"https:\/\/psol50.org.br\/#organization\",\"name\":\"PSOL 50\",\"alternateName\":\"PSOL 50\",\"url\":\"https:\/\/psol50.org.br\/\",\"logo\":{\"@type\":\"ImageObject\",\"inLanguage\":\"pt-BR\",\"@id\":\"https:\/\/psol50.org.br\/#\/schema\/logo\/image\/\",\"url\":\"https:\/\/psol50.org.br\/inc\/uploads\/2018\/07\/capa.png\",\"contentUrl\":\"https:\/\/psol50.org.br\/inc\/uploads\/2018\/07\/capa.png\",\"width\":1350,\"height\":900,\"caption\":\"PSOL 50\"},\"image\":{\"@id\":\"https:\/\/psol50.org.br\/#\/schema\/logo\/image\/\"},\"sameAs\":[\"https:\/\/www.facebook.com\/psol50\",\"https:\/\/x.com\/psol50\",\"https:\/\/www.instagram.com\/psol50\/\",\"https:\/\/www.youtube.com\/channel\/UC7SnJS5o1os7a6CaiNabzcg\"]},{\"@type\":\"Person\",\"@id\":\"https:\/\/psol50.org.br\/#\/schema\/person\/475dfa57d0b815993c714c2e96491fcd\",\"name\":\"Comunica\u00e7\u00e3o PSOL\",\"image\":{\"@type\":\"ImageObject\",\"inLanguage\":\"pt-BR\",\"@id\":\"https:\/\/psol50.org.br\/#\/schema\/person\/image\/\",\"url\":\"https:\/\/secure.gravatar.com\/avatar\/b34fc4f4e468a4e51785917065a3db57b841f5c95dba6ad8c73aaf8f66f8f9bf?s=96&d=mm&r=g\",\"contentUrl\":\"https:\/\/secure.gravatar.com\/avatar\/b34fc4f4e468a4e51785917065a3db57b841f5c95dba6ad8c73aaf8f66f8f9bf?s=96&d=mm&r=g\",\"caption\":\"Comunica\u00e7\u00e3o PSOL\"}}]}<\/script>\n<!-- \/ Yoast SEO plugin. -->","yoast_head_json":{"title":"Luciana Genro | A omiss\u00e3o do poder p\u00fablico na morte de Marielle - PSOL 50","robots":{"index":"index","follow":"follow","max-snippet":"max-snippet:-1","max-image-preview":"max-image-preview:large","max-video-preview":"max-video-preview:-1"},"canonical":"https:\/\/psol50.org.br\/luciana-genro-a-omissao-do-poder-publico-na-morte-de-marielle\/","og_locale":"pt_BR","og_type":"article","og_title":"A omiss\u00e3o do poder p\u00fablico na morte de Marielle","og_description":"Luciana Genro fala dos tr\u00eas meses do assassinato de Marielle e do fracasso do Estado no enfrentamento \u00e0s mil\u00edcias","og_url":"https:\/\/psol50.org.br\/luciana-genro-a-omissao-do-poder-publico-na-morte-de-marielle\/","og_site_name":"PSOL 50","article_publisher":"https:\/\/www.facebook.com\/psol50","article_published_time":"2018-06-14T14:32:20+00:00","og_image":[{"width":1350,"height":900,"url":"https:\/\/psol50.org.br\/inc\/uploads\/2018\/03\/marielle-franco-ninja.jpg","type":"image\/jpeg"}],"author":"Comunica\u00e7\u00e3o PSOL","twitter_card":"summary_large_image","twitter_creator":"@psol50","twitter_site":"@psol50","twitter_misc":{"Escrito por":"Comunica\u00e7\u00e3o PSOL","Est. tempo de leitura":"2 minutos"},"schema":{"@context":"https:\/\/schema.org","@graph":[{"@type":"Article","@id":"https:\/\/psol50.org.br\/luciana-genro-a-omissao-do-poder-publico-na-morte-de-marielle\/#article","isPartOf":{"@id":"https:\/\/psol50.org.br\/luciana-genro-a-omissao-do-poder-publico-na-morte-de-marielle\/"},"author":{"name":"Comunica\u00e7\u00e3o PSOL","@id":"https:\/\/psol50.org.br\/#\/schema\/person\/475dfa57d0b815993c714c2e96491fcd"},"headline":"Luciana Genro | A omiss\u00e3o do poder p\u00fablico na morte de Marielle","datePublished":"2018-06-14T14:32:20+00:00","mainEntityOfPage":{"@id":"https:\/\/psol50.org.br\/luciana-genro-a-omissao-do-poder-publico-na-morte-de-marielle\/"},"wordCount":386,"commentCount":0,"publisher":{"@id":"https:\/\/psol50.org.br\/#organization"},"image":{"@id":"https:\/\/psol50.org.br\/luciana-genro-a-omissao-do-poder-publico-na-morte-de-marielle\/#primaryimage"},"thumbnailUrl":"https:\/\/psol50.org.br\/inc\/uploads\/2018\/03\/marielle-franco-ninja.jpg","keywords":["Anderson Gomes","assassinato","Luciana Genro","Marcelo Freixo","Marielle Franco","mil\u00edcias","omiss\u00e3o","poder p\u00fablico","tr\u00eas meses"],"articleSection":["Artigos","Brasil"],"inLanguage":"pt-BR","potentialAction":[{"@type":"CommentAction","name":"Comment","target":["https:\/\/psol50.org.br\/luciana-genro-a-omissao-do-poder-publico-na-morte-de-marielle\/#respond"]}]},{"@type":"WebPage","@id":"https:\/\/psol50.org.br\/luciana-genro-a-omissao-do-poder-publico-na-morte-de-marielle\/","url":"https:\/\/psol50.org.br\/luciana-genro-a-omissao-do-poder-publico-na-morte-de-marielle\/","name":"Luciana Genro | A omiss\u00e3o do poder p\u00fablico na morte de Marielle - PSOL 50","isPartOf":{"@id":"https:\/\/psol50.org.br\/#website"},"primaryImageOfPage":{"@id":"https:\/\/psol50.org.br\/luciana-genro-a-omissao-do-poder-publico-na-morte-de-marielle\/#primaryimage"},"image":{"@id":"https:\/\/psol50.org.br\/luciana-genro-a-omissao-do-poder-publico-na-morte-de-marielle\/#primaryimage"},"thumbnailUrl":"https:\/\/psol50.org.br\/inc\/uploads\/2018\/03\/marielle-franco-ninja.jpg","datePublished":"2018-06-14T14:32:20+00:00","breadcrumb":{"@id":"https:\/\/psol50.org.br\/luciana-genro-a-omissao-do-poder-publico-na-morte-de-marielle\/#breadcrumb"},"inLanguage":"pt-BR","potentialAction":[{"@type":"ReadAction","target":["https:\/\/psol50.org.br\/luciana-genro-a-omissao-do-poder-publico-na-morte-de-marielle\/"]}]},{"@type":"ImageObject","inLanguage":"pt-BR","@id":"https:\/\/psol50.org.br\/luciana-genro-a-omissao-do-poder-publico-na-morte-de-marielle\/#primaryimage","url":"https:\/\/psol50.org.br\/inc\/uploads\/2018\/03\/marielle-franco-ninja.jpg","contentUrl":"https:\/\/psol50.org.br\/inc\/uploads\/2018\/03\/marielle-franco-ninja.jpg","width":1350,"height":900,"caption":"Foto: M\u00eddia Ninja"},{"@type":"BreadcrumbList","@id":"https:\/\/psol50.org.br\/luciana-genro-a-omissao-do-poder-publico-na-morte-de-marielle\/#breadcrumb","itemListElement":[{"@type":"ListItem","position":1,"name":"In\u00edcio","item":"https:\/\/psol50.org.br\/"},{"@type":"ListItem","position":2,"name":"Luciana Genro | A omiss\u00e3o do poder p\u00fablico na morte de Marielle"}]},{"@type":"WebSite","@id":"https:\/\/psol50.org.br\/#website","url":"https:\/\/psol50.org.br\/","name":"PSOL 50","description":"Site oficial do Partido Socialismo e Liberdade","publisher":{"@id":"https:\/\/psol50.org.br\/#organization"},"alternateName":"PSOL50","potentialAction":[{"@type":"SearchAction","target":{"@type":"EntryPoint","urlTemplate":"https:\/\/psol50.org.br\/?s={search_term_string}"},"query-input":{"@type":"PropertyValueSpecification","valueRequired":true,"valueName":"search_term_string"}}],"inLanguage":"pt-BR"},{"@type":"Organization","@id":"https:\/\/psol50.org.br\/#organization","name":"PSOL 50","alternateName":"PSOL 50","url":"https:\/\/psol50.org.br\/","logo":{"@type":"ImageObject","inLanguage":"pt-BR","@id":"https:\/\/psol50.org.br\/#\/schema\/logo\/image\/","url":"https:\/\/psol50.org.br\/inc\/uploads\/2018\/07\/capa.png","contentUrl":"https:\/\/psol50.org.br\/inc\/uploads\/2018\/07\/capa.png","width":1350,"height":900,"caption":"PSOL 50"},"image":{"@id":"https:\/\/psol50.org.br\/#\/schema\/logo\/image\/"},"sameAs":["https:\/\/www.facebook.com\/psol50","https:\/\/x.com\/psol50","https:\/\/www.instagram.com\/psol50\/","https:\/\/www.youtube.com\/channel\/UC7SnJS5o1os7a6CaiNabzcg"]},{"@type":"Person","@id":"https:\/\/psol50.org.br\/#\/schema\/person\/475dfa57d0b815993c714c2e96491fcd","name":"Comunica\u00e7\u00e3o PSOL","image":{"@type":"ImageObject","inLanguage":"pt-BR","@id":"https:\/\/psol50.org.br\/#\/schema\/person\/image\/","url":"https:\/\/secure.gravatar.com\/avatar\/b34fc4f4e468a4e51785917065a3db57b841f5c95dba6ad8c73aaf8f66f8f9bf?s=96&d=mm&r=g","contentUrl":"https:\/\/secure.gravatar.com\/avatar\/b34fc4f4e468a4e51785917065a3db57b841f5c95dba6ad8c73aaf8f66f8f9bf?s=96&d=mm&r=g","caption":"Comunica\u00e7\u00e3o PSOL"}}]}},"_links":{"self":[{"href":"https:\/\/psol50.org.br\/rest\/wp\/v2\/posts\/20957","targetHints":{"allow":["GET"]}}],"collection":[{"href":"https:\/\/psol50.org.br\/rest\/wp\/v2\/posts"}],"about":[{"href":"https:\/\/psol50.org.br\/rest\/wp\/v2\/types\/post"}],"author":[{"embeddable":true,"href":"https:\/\/psol50.org.br\/rest\/wp\/v2\/users\/2"}],"replies":[{"embeddable":true,"href":"https:\/\/psol50.org.br\/rest\/wp\/v2\/comments?post=20957"}],"version-history":[{"count":0,"href":"https:\/\/psol50.org.br\/rest\/wp\/v2\/posts\/20957\/revisions"}],"wp:featuredmedia":[{"embeddable":true,"href":"https:\/\/psol50.org.br\/rest\/wp\/v2\/media\/20215"}],"wp:attachment":[{"href":"https:\/\/psol50.org.br\/rest\/wp\/v2\/media?parent=20957"}],"wp:term":[{"taxonomy":"category","embeddable":true,"href":"https:\/\/psol50.org.br\/rest\/wp\/v2\/categories?post=20957"},{"taxonomy":"post_tag","embeddable":true,"href":"https:\/\/psol50.org.br\/rest\/wp\/v2\/tags?post=20957"}],"curies":[{"name":"wp","href":"https:\/\/api.w.org\/{rel}","templated":true}]}}