{"id":20963,"date":"2018-06-15T13:11:27","date_gmt":"2018-06-15T16:11:27","guid":{"rendered":"https:\/\/www.psol50.org.br\/?p=20963"},"modified":"2018-06-15T13:11:27","modified_gmt":"2018-06-15T16:11:27","slug":"psol-propoe-suspender-decreto-que-permite-exploracao-mineral-em-reservas","status":"publish","type":"post","link":"https:\/\/psol50.org.br\/psol-propoe-suspender-decreto-que-permite-exploracao-mineral-em-reservas\/","title":{"rendered":"PSOL prop\u00f5e suspender decreto que permite explora\u00e7\u00e3o mineral em reservas"},"content":{"rendered":"<p>O <a href=\"https:\/\/www.facebook.com\/psolnacamara\/\" target=\"_blank\" rel=\"noopener\"><strong><span style=\"color: #0000ff;\">PSOL na C\u00e2mara<\/span><\/strong><\/a> protocolou nesta quinta-feira (14), na C\u00e2mara dos Deputados, Projeto de Decreto Legislativo para suspender a portaria do governo federal editada com o argumento de regular regras do setor da minera\u00e7\u00e3o. Na verdade, a norma permite, novamente, a explora\u00e7\u00e3o de min\u00e9rios em \u00e1reas ind\u00edgenas e reservas florestais \u2013 a exemplo da tentativa recente do governo em extinguir a RENCA.<\/p>\n<p>\u201cEste decreto estabelece o velho <span class=\"text_exposed_show\">e continuado casamento de quem deveria zelar pelo interesse p\u00fablico com as grandes mineradoras. \u00c9 a libera\u00e7\u00e3o de explora\u00e7\u00e3o em terras ind\u00edgenas, em reservas ambientais\u201d, afirma o l\u00edder do PSOL, deputado <strong><a class=\"profileLink\" href=\"https:\/\/www.facebook.com\/chicoalencar\/?fref=mentions\" data-hovercard=\"\/ajax\/hovercard\/page.php?id=184693888299537&amp;extragetparams=%7B%22fref%22%3A%22mentions%22%7D\" data-hovercard-prefer-more-content-show=\"1\">Chico Alencar<\/a><\/strong> (RJ). \u201cEssa gente parece aflita com o fim do governo, quer saquear o patrim\u00f4nio e promover a abertura generosa de portas a grandes corpora\u00e7\u00f5es\u201d.<\/span><\/p>\n<div class=\"text_exposed_show\">\n<p>O Decreto n\u00ba 9.406 \u2013 assinado por Michel Temer no dia 12 de junho, sob a fal\u00e1cia de melhorar o C\u00f3digo da Minera\u00e7\u00e3o \u2013 \u00e9, na verdade, uma camuflagem. O artigo 72 possibilita, via decis\u00e3o ministerial, a autoriza\u00e7\u00e3o de pesquisas e concess\u00f5es em \u00e1rea de reservas nacionais, possibilitando, na pr\u00e1tica, a extin\u00e7\u00e3o das reservas minerais que est\u00e3o sob o controle do Estado brasileiro. De acordo com o decreto, caber\u00e1 ao ministro de Minas e Energia, Moreira Franco, tal tipo de decis\u00e3o.<\/p>\n<p>Na avalia\u00e7\u00e3o do PSOL, isso significa, na pr\u00e1tica, a desvirtua\u00e7\u00e3o das reservas minerais que est\u00e3o sob o controle do Estado brasileiro, com graves consequ\u00eancias socioambientais, sem previs\u00e3o de consulta \u00e0s comunidades afetadas ou aos povos e comunidades tradicionais nas \u00e1reas potencialmente afetadas pela explora\u00e7\u00e3o mineral.<\/p>\n<\/div>\n","protected":false},"excerpt":{"rendered":"<p>O PSOL na C\u00e2mara protocolou nesta quinta-feira (14), na C\u00e2mara dos Deputados, Projeto de Decreto Legislativo para suspender a portaria do governo federal editada com o argumento de regular regras do setor da minera\u00e7\u00e3o. Na verdade, a norma permite, novamente, a explora\u00e7\u00e3o de min\u00e9rios em \u00e1reas ind\u00edgenas e reservas florestais \u2013 a exemplo da tentativa [&hellip;]<\/p>\n","protected":false},"author":2,"featured_media":20964,"comment_status":"open","ping_status":"open","sticky":false,"template":"","format":"standard","meta":{"_acf_changed":false,"footnotes":""},"categories":[10,1882,6],"tags":[1680,2575,1748,227,2576,452,1706,417,2577,2578],"class_list":{"0":"post-20963","1":"post","2":"type-post","3":"status-publish","4":"format-standard","5":"has-post-thumbnail","7":"category-acao-parlamentares","8":"category-brasil","9":"category-noticias","10":"tag-chico-alencar","11":"tag-exploracao-mineral","12":"tag-michel-temer","13":"tag-mineracao","14":"tag-minerio","15":"tag-portaria","16":"tag-projeto-de-decreto-legislativo","17":"tag-psol-na-camara","18":"tag-reservas","19":"tag-reservas-florestais"},"acf":[],"yoast_head":"<!-- This site is optimized with the Yoast SEO plugin v26.5 - https:\/\/yoast.com\/wordpress\/plugins\/seo\/ -->\n<title>PSOL prop\u00f5e suspender decreto que permite explora\u00e7\u00e3o mineral em reservas - PSOL 50<\/title>\n<meta name=\"robots\" content=\"index, follow, max-snippet:-1, max-image-preview:large, max-video-preview:-1\" \/>\n<link rel=\"canonical\" href=\"https:\/\/psol50.org.br\/psol-propoe-suspender-decreto-que-permite-exploracao-mineral-em-reservas\/\" \/>\n<meta property=\"og:locale\" content=\"pt_BR\" \/>\n<meta property=\"og:type\" content=\"article\" \/>\n<meta property=\"og:title\" content=\"PSOL prop\u00f5e suspender decreto que permite explora\u00e7\u00e3o mineral em reservas - PSOL 50\" \/>\n<meta property=\"og:description\" content=\"O PSOL na C\u00e2mara protocolou nesta quinta-feira (14), na C\u00e2mara dos Deputados, Projeto de Decreto Legislativo para suspender a portaria do governo federal editada com o argumento de regular regras do setor da minera\u00e7\u00e3o. Na verdade, a norma permite, novamente, a explora\u00e7\u00e3o de min\u00e9rios em \u00e1reas ind\u00edgenas e reservas florestais \u2013 a exemplo da tentativa [&hellip;]\" \/>\n<meta property=\"og:url\" content=\"https:\/\/psol50.org.br\/psol-propoe-suspender-decreto-que-permite-exploracao-mineral-em-reservas\/\" \/>\n<meta property=\"og:site_name\" content=\"PSOL 50\" \/>\n<meta property=\"article:publisher\" content=\"https:\/\/www.facebook.com\/psol50\" \/>\n<meta property=\"article:published_time\" content=\"2018-06-15T16:11:27+00:00\" \/>\n<meta property=\"og:image\" content=\"https:\/\/psol50.org.br\/inc\/uploads\/2018\/06\/Reserva_Florestal_PA_ABr.jpg\" \/>\n\t<meta property=\"og:image:width\" content=\"1350\" \/>\n\t<meta property=\"og:image:height\" content=\"787\" \/>\n\t<meta property=\"og:image:type\" content=\"image\/jpeg\" \/>\n<meta name=\"author\" content=\"Comunica\u00e7\u00e3o PSOL\" \/>\n<meta name=\"twitter:card\" content=\"summary_large_image\" \/>\n<meta name=\"twitter:creator\" content=\"@psol50\" \/>\n<meta name=\"twitter:site\" content=\"@psol50\" \/>\n<meta name=\"twitter:label1\" content=\"Escrito por\" \/>\n\t<meta name=\"twitter:data1\" content=\"Comunica\u00e7\u00e3o PSOL\" \/>\n\t<meta name=\"twitter:label2\" content=\"Est. tempo de leitura\" \/>\n\t<meta name=\"twitter:data2\" content=\"1 minuto\" \/>\n<script type=\"application\/ld+json\" class=\"yoast-schema-graph\">{\"@context\":\"https:\/\/schema.org\",\"@graph\":[{\"@type\":\"Article\",\"@id\":\"https:\/\/psol50.org.br\/psol-propoe-suspender-decreto-que-permite-exploracao-mineral-em-reservas\/#article\",\"isPartOf\":{\"@id\":\"https:\/\/psol50.org.br\/psol-propoe-suspender-decreto-que-permite-exploracao-mineral-em-reservas\/\"},\"author\":{\"name\":\"Comunica\u00e7\u00e3o PSOL\",\"@id\":\"https:\/\/psol50.org.br\/#\/schema\/person\/475dfa57d0b815993c714c2e96491fcd\"},\"headline\":\"PSOL prop\u00f5e suspender decreto que permite explora\u00e7\u00e3o mineral em reservas\",\"datePublished\":\"2018-06-15T16:11:27+00:00\",\"mainEntityOfPage\":{\"@id\":\"https:\/\/psol50.org.br\/psol-propoe-suspender-decreto-que-permite-exploracao-mineral-em-reservas\/\"},\"wordCount\":283,\"commentCount\":0,\"publisher\":{\"@id\":\"https:\/\/psol50.org.br\/#organization\"},\"image\":{\"@id\":\"https:\/\/psol50.org.br\/psol-propoe-suspender-decreto-que-permite-exploracao-mineral-em-reservas\/#primaryimage\"},\"thumbnailUrl\":\"https:\/\/psol50.org.br\/inc\/uploads\/2018\/06\/Reserva_Florestal_PA_ABr.jpg\",\"keywords\":[\"Chico Alencar\",\"explora\u00e7\u00e3o mineral\",\"Michel Temer\",\"minera\u00e7\u00e3o\",\"min\u00e9rio\",\"portaria\",\"projeto de decreto legislativo\",\"PSOL na C\u00e2mara\",\"reservas\",\"reservas florestais\"],\"articleSection\":[\"A\u00e7\u00e3o Parlamentar\",\"Brasil\",\"Not\u00edcias\"],\"inLanguage\":\"pt-BR\",\"potentialAction\":[{\"@type\":\"CommentAction\",\"name\":\"Comment\",\"target\":[\"https:\/\/psol50.org.br\/psol-propoe-suspender-decreto-que-permite-exploracao-mineral-em-reservas\/#respond\"]}]},{\"@type\":\"WebPage\",\"@id\":\"https:\/\/psol50.org.br\/psol-propoe-suspender-decreto-que-permite-exploracao-mineral-em-reservas\/\",\"url\":\"https:\/\/psol50.org.br\/psol-propoe-suspender-decreto-que-permite-exploracao-mineral-em-reservas\/\",\"name\":\"PSOL prop\u00f5e suspender decreto que permite explora\u00e7\u00e3o mineral em reservas - PSOL 50\",\"isPartOf\":{\"@id\":\"https:\/\/psol50.org.br\/#website\"},\"primaryImageOfPage\":{\"@id\":\"https:\/\/psol50.org.br\/psol-propoe-suspender-decreto-que-permite-exploracao-mineral-em-reservas\/#primaryimage\"},\"image\":{\"@id\":\"https:\/\/psol50.org.br\/psol-propoe-suspender-decreto-que-permite-exploracao-mineral-em-reservas\/#primaryimage\"},\"thumbnailUrl\":\"https:\/\/psol50.org.br\/inc\/uploads\/2018\/06\/Reserva_Florestal_PA_ABr.jpg\",\"datePublished\":\"2018-06-15T16:11:27+00:00\",\"breadcrumb\":{\"@id\":\"https:\/\/psol50.org.br\/psol-propoe-suspender-decreto-que-permite-exploracao-mineral-em-reservas\/#breadcrumb\"},\"inLanguage\":\"pt-BR\",\"potentialAction\":[{\"@type\":\"ReadAction\",\"target\":[\"https:\/\/psol50.org.br\/psol-propoe-suspender-decreto-que-permite-exploracao-mineral-em-reservas\/\"]}]},{\"@type\":\"ImageObject\",\"inLanguage\":\"pt-BR\",\"@id\":\"https:\/\/psol50.org.br\/psol-propoe-suspender-decreto-que-permite-exploracao-mineral-em-reservas\/#primaryimage\",\"url\":\"https:\/\/psol50.org.br\/inc\/uploads\/2018\/06\/Reserva_Florestal_PA_ABr.jpg\",\"contentUrl\":\"https:\/\/psol50.org.br\/inc\/uploads\/2018\/06\/Reserva_Florestal_PA_ABr.jpg\",\"width\":1350,\"height\":787},{\"@type\":\"BreadcrumbList\",\"@id\":\"https:\/\/psol50.org.br\/psol-propoe-suspender-decreto-que-permite-exploracao-mineral-em-reservas\/#breadcrumb\",\"itemListElement\":[{\"@type\":\"ListItem\",\"position\":1,\"name\":\"In\u00edcio\",\"item\":\"https:\/\/psol50.org.br\/\"},{\"@type\":\"ListItem\",\"position\":2,\"name\":\"PSOL prop\u00f5e suspender decreto que permite explora\u00e7\u00e3o mineral em reservas\"}]},{\"@type\":\"WebSite\",\"@id\":\"https:\/\/psol50.org.br\/#website\",\"url\":\"https:\/\/psol50.org.br\/\",\"name\":\"PSOL 50\",\"description\":\"Site oficial do Partido Socialismo e Liberdade\",\"publisher\":{\"@id\":\"https:\/\/psol50.org.br\/#organization\"},\"alternateName\":\"PSOL50\",\"potentialAction\":[{\"@type\":\"SearchAction\",\"target\":{\"@type\":\"EntryPoint\",\"urlTemplate\":\"https:\/\/psol50.org.br\/?s={search_term_string}\"},\"query-input\":{\"@type\":\"PropertyValueSpecification\",\"valueRequired\":true,\"valueName\":\"search_term_string\"}}],\"inLanguage\":\"pt-BR\"},{\"@type\":\"Organization\",\"@id\":\"https:\/\/psol50.org.br\/#organization\",\"name\":\"PSOL 50\",\"alternateName\":\"PSOL 50\",\"url\":\"https:\/\/psol50.org.br\/\",\"logo\":{\"@type\":\"ImageObject\",\"inLanguage\":\"pt-BR\",\"@id\":\"https:\/\/psol50.org.br\/#\/schema\/logo\/image\/\",\"url\":\"https:\/\/psol50.org.br\/inc\/uploads\/2018\/07\/capa.png\",\"contentUrl\":\"https:\/\/psol50.org.br\/inc\/uploads\/2018\/07\/capa.png\",\"width\":1350,\"height\":900,\"caption\":\"PSOL 50\"},\"image\":{\"@id\":\"https:\/\/psol50.org.br\/#\/schema\/logo\/image\/\"},\"sameAs\":[\"https:\/\/www.facebook.com\/psol50\",\"https:\/\/x.com\/psol50\",\"https:\/\/www.instagram.com\/psol50\/\",\"https:\/\/www.youtube.com\/channel\/UC7SnJS5o1os7a6CaiNabzcg\"]},{\"@type\":\"Person\",\"@id\":\"https:\/\/psol50.org.br\/#\/schema\/person\/475dfa57d0b815993c714c2e96491fcd\",\"name\":\"Comunica\u00e7\u00e3o PSOL\",\"image\":{\"@type\":\"ImageObject\",\"inLanguage\":\"pt-BR\",\"@id\":\"https:\/\/psol50.org.br\/#\/schema\/person\/image\/\",\"url\":\"https:\/\/secure.gravatar.com\/avatar\/b34fc4f4e468a4e51785917065a3db57b841f5c95dba6ad8c73aaf8f66f8f9bf?s=96&d=mm&r=g\",\"contentUrl\":\"https:\/\/secure.gravatar.com\/avatar\/b34fc4f4e468a4e51785917065a3db57b841f5c95dba6ad8c73aaf8f66f8f9bf?s=96&d=mm&r=g\",\"caption\":\"Comunica\u00e7\u00e3o PSOL\"}}]}<\/script>\n<!-- \/ Yoast SEO plugin. -->","yoast_head_json":{"title":"PSOL prop\u00f5e suspender decreto que permite explora\u00e7\u00e3o mineral em reservas - PSOL 50","robots":{"index":"index","follow":"follow","max-snippet":"max-snippet:-1","max-image-preview":"max-image-preview:large","max-video-preview":"max-video-preview:-1"},"canonical":"https:\/\/psol50.org.br\/psol-propoe-suspender-decreto-que-permite-exploracao-mineral-em-reservas\/","og_locale":"pt_BR","og_type":"article","og_title":"PSOL prop\u00f5e suspender decreto que permite explora\u00e7\u00e3o mineral em reservas - PSOL 50","og_description":"O PSOL na C\u00e2mara protocolou nesta quinta-feira (14), na C\u00e2mara dos Deputados, Projeto de Decreto Legislativo para suspender a portaria do governo federal editada com o argumento de regular regras do setor da minera\u00e7\u00e3o. Na verdade, a norma permite, novamente, a explora\u00e7\u00e3o de min\u00e9rios em \u00e1reas ind\u00edgenas e reservas florestais \u2013 a exemplo da tentativa [&hellip;]","og_url":"https:\/\/psol50.org.br\/psol-propoe-suspender-decreto-que-permite-exploracao-mineral-em-reservas\/","og_site_name":"PSOL 50","article_publisher":"https:\/\/www.facebook.com\/psol50","article_published_time":"2018-06-15T16:11:27+00:00","og_image":[{"width":1350,"height":787,"url":"https:\/\/psol50.org.br\/inc\/uploads\/2018\/06\/Reserva_Florestal_PA_ABr.jpg","type":"image\/jpeg"}],"author":"Comunica\u00e7\u00e3o PSOL","twitter_card":"summary_large_image","twitter_creator":"@psol50","twitter_site":"@psol50","twitter_misc":{"Escrito por":"Comunica\u00e7\u00e3o PSOL","Est. tempo de leitura":"1 minuto"},"schema":{"@context":"https:\/\/schema.org","@graph":[{"@type":"Article","@id":"https:\/\/psol50.org.br\/psol-propoe-suspender-decreto-que-permite-exploracao-mineral-em-reservas\/#article","isPartOf":{"@id":"https:\/\/psol50.org.br\/psol-propoe-suspender-decreto-que-permite-exploracao-mineral-em-reservas\/"},"author":{"name":"Comunica\u00e7\u00e3o PSOL","@id":"https:\/\/psol50.org.br\/#\/schema\/person\/475dfa57d0b815993c714c2e96491fcd"},"headline":"PSOL prop\u00f5e suspender decreto que permite explora\u00e7\u00e3o mineral em reservas","datePublished":"2018-06-15T16:11:27+00:00","mainEntityOfPage":{"@id":"https:\/\/psol50.org.br\/psol-propoe-suspender-decreto-que-permite-exploracao-mineral-em-reservas\/"},"wordCount":283,"commentCount":0,"publisher":{"@id":"https:\/\/psol50.org.br\/#organization"},"image":{"@id":"https:\/\/psol50.org.br\/psol-propoe-suspender-decreto-que-permite-exploracao-mineral-em-reservas\/#primaryimage"},"thumbnailUrl":"https:\/\/psol50.org.br\/inc\/uploads\/2018\/06\/Reserva_Florestal_PA_ABr.jpg","keywords":["Chico Alencar","explora\u00e7\u00e3o mineral","Michel Temer","minera\u00e7\u00e3o","min\u00e9rio","portaria","projeto de decreto legislativo","PSOL na C\u00e2mara","reservas","reservas florestais"],"articleSection":["A\u00e7\u00e3o Parlamentar","Brasil","Not\u00edcias"],"inLanguage":"pt-BR","potentialAction":[{"@type":"CommentAction","name":"Comment","target":["https:\/\/psol50.org.br\/psol-propoe-suspender-decreto-que-permite-exploracao-mineral-em-reservas\/#respond"]}]},{"@type":"WebPage","@id":"https:\/\/psol50.org.br\/psol-propoe-suspender-decreto-que-permite-exploracao-mineral-em-reservas\/","url":"https:\/\/psol50.org.br\/psol-propoe-suspender-decreto-que-permite-exploracao-mineral-em-reservas\/","name":"PSOL prop\u00f5e suspender decreto que permite explora\u00e7\u00e3o mineral em reservas - PSOL 50","isPartOf":{"@id":"https:\/\/psol50.org.br\/#website"},"primaryImageOfPage":{"@id":"https:\/\/psol50.org.br\/psol-propoe-suspender-decreto-que-permite-exploracao-mineral-em-reservas\/#primaryimage"},"image":{"@id":"https:\/\/psol50.org.br\/psol-propoe-suspender-decreto-que-permite-exploracao-mineral-em-reservas\/#primaryimage"},"thumbnailUrl":"https:\/\/psol50.org.br\/inc\/uploads\/2018\/06\/Reserva_Florestal_PA_ABr.jpg","datePublished":"2018-06-15T16:11:27+00:00","breadcrumb":{"@id":"https:\/\/psol50.org.br\/psol-propoe-suspender-decreto-que-permite-exploracao-mineral-em-reservas\/#breadcrumb"},"inLanguage":"pt-BR","potentialAction":[{"@type":"ReadAction","target":["https:\/\/psol50.org.br\/psol-propoe-suspender-decreto-que-permite-exploracao-mineral-em-reservas\/"]}]},{"@type":"ImageObject","inLanguage":"pt-BR","@id":"https:\/\/psol50.org.br\/psol-propoe-suspender-decreto-que-permite-exploracao-mineral-em-reservas\/#primaryimage","url":"https:\/\/psol50.org.br\/inc\/uploads\/2018\/06\/Reserva_Florestal_PA_ABr.jpg","contentUrl":"https:\/\/psol50.org.br\/inc\/uploads\/2018\/06\/Reserva_Florestal_PA_ABr.jpg","width":1350,"height":787},{"@type":"BreadcrumbList","@id":"https:\/\/psol50.org.br\/psol-propoe-suspender-decreto-que-permite-exploracao-mineral-em-reservas\/#breadcrumb","itemListElement":[{"@type":"ListItem","position":1,"name":"In\u00edcio","item":"https:\/\/psol50.org.br\/"},{"@type":"ListItem","position":2,"name":"PSOL prop\u00f5e suspender decreto que permite explora\u00e7\u00e3o mineral em reservas"}]},{"@type":"WebSite","@id":"https:\/\/psol50.org.br\/#website","url":"https:\/\/psol50.org.br\/","name":"PSOL 50","description":"Site oficial do Partido Socialismo e Liberdade","publisher":{"@id":"https:\/\/psol50.org.br\/#organization"},"alternateName":"PSOL50","potentialAction":[{"@type":"SearchAction","target":{"@type":"EntryPoint","urlTemplate":"https:\/\/psol50.org.br\/?s={search_term_string}"},"query-input":{"@type":"PropertyValueSpecification","valueRequired":true,"valueName":"search_term_string"}}],"inLanguage":"pt-BR"},{"@type":"Organization","@id":"https:\/\/psol50.org.br\/#organization","name":"PSOL 50","alternateName":"PSOL 50","url":"https:\/\/psol50.org.br\/","logo":{"@type":"ImageObject","inLanguage":"pt-BR","@id":"https:\/\/psol50.org.br\/#\/schema\/logo\/image\/","url":"https:\/\/psol50.org.br\/inc\/uploads\/2018\/07\/capa.png","contentUrl":"https:\/\/psol50.org.br\/inc\/uploads\/2018\/07\/capa.png","width":1350,"height":900,"caption":"PSOL 50"},"image":{"@id":"https:\/\/psol50.org.br\/#\/schema\/logo\/image\/"},"sameAs":["https:\/\/www.facebook.com\/psol50","https:\/\/x.com\/psol50","https:\/\/www.instagram.com\/psol50\/","https:\/\/www.youtube.com\/channel\/UC7SnJS5o1os7a6CaiNabzcg"]},{"@type":"Person","@id":"https:\/\/psol50.org.br\/#\/schema\/person\/475dfa57d0b815993c714c2e96491fcd","name":"Comunica\u00e7\u00e3o PSOL","image":{"@type":"ImageObject","inLanguage":"pt-BR","@id":"https:\/\/psol50.org.br\/#\/schema\/person\/image\/","url":"https:\/\/secure.gravatar.com\/avatar\/b34fc4f4e468a4e51785917065a3db57b841f5c95dba6ad8c73aaf8f66f8f9bf?s=96&d=mm&r=g","contentUrl":"https:\/\/secure.gravatar.com\/avatar\/b34fc4f4e468a4e51785917065a3db57b841f5c95dba6ad8c73aaf8f66f8f9bf?s=96&d=mm&r=g","caption":"Comunica\u00e7\u00e3o PSOL"}}]}},"_links":{"self":[{"href":"https:\/\/psol50.org.br\/rest\/wp\/v2\/posts\/20963","targetHints":{"allow":["GET"]}}],"collection":[{"href":"https:\/\/psol50.org.br\/rest\/wp\/v2\/posts"}],"about":[{"href":"https:\/\/psol50.org.br\/rest\/wp\/v2\/types\/post"}],"author":[{"embeddable":true,"href":"https:\/\/psol50.org.br\/rest\/wp\/v2\/users\/2"}],"replies":[{"embeddable":true,"href":"https:\/\/psol50.org.br\/rest\/wp\/v2\/comments?post=20963"}],"version-history":[{"count":0,"href":"https:\/\/psol50.org.br\/rest\/wp\/v2\/posts\/20963\/revisions"}],"wp:featuredmedia":[{"embeddable":true,"href":"https:\/\/psol50.org.br\/rest\/wp\/v2\/media\/20964"}],"wp:attachment":[{"href":"https:\/\/psol50.org.br\/rest\/wp\/v2\/media?parent=20963"}],"wp:term":[{"taxonomy":"category","embeddable":true,"href":"https:\/\/psol50.org.br\/rest\/wp\/v2\/categories?post=20963"},{"taxonomy":"post_tag","embeddable":true,"href":"https:\/\/psol50.org.br\/rest\/wp\/v2\/tags?post=20963"}],"curies":[{"name":"wp","href":"https:\/\/api.w.org\/{rel}","templated":true}]}}