{"id":20979,"date":"2018-06-20T15:54:18","date_gmt":"2018-06-20T18:54:18","guid":{"rendered":"https:\/\/www.psol50.org.br\/?p=20979"},"modified":"2018-06-20T15:54:18","modified_gmt":"2018-06-20T18:54:18","slug":"psol-repudia-tratamento-desumano-do-governo-trump-com-refugiados","status":"publish","type":"post","link":"https:\/\/psol50.org.br\/psol-repudia-tratamento-desumano-do-governo-trump-com-refugiados\/","title":{"rendered":"PSOL repudia tratamento desumano do governo Trump com refugiados"},"content":{"rendered":"<p>Conjuntamente a parlamentares de outros partidos, a bancada do PSOL na C\u00e2mara dos Deputados apresentou Mo\u00e7\u00e3o de Rep\u00fadio \u00e0 pol\u00edtica de &#8220;toler\u00e2ncia zero&#8221; do governo dos Estados Unidos, sob comando de Trump, que separa crian\u00e7as e adolescentes de suas fam\u00edlias, colocando em abrigos sem qualquer contato com os respons\u00e1veis.<\/p>\n<p>Para o PSOL, o tratamento \u00e9 desumano. O texto cita que, apenas entre maio e junho, mais de 2.000 crianc\u0327as e adolescentes foram separadas dos seus pais &#8211; entre elas, ao menos oito brasileiros, inclusive uma crian\u00e7a autista.<\/p>\n<p>Al\u00e9m de Chico Alencar, l\u00edder do PSOL, assinam outros 15 l\u00edderes de partidos e blocos parlamentares, como o PT, MDB, PSDB, PSB, PCdoB e PPS.<\/p>\n<p><a href=\"https:\/\/www.psol50.org.br\/inc\/uploads\/2018\/06\/Moc\u0327a\u0303o-de-repudio_Trump.pdf\" target=\"_blank\" rel=\"noopener\"><span style=\"color: #3366ff;\"><strong>Clique aqui e leia o texto da mo\u00e7\u00e3o de rep\u00fadio na \u00edntegra.<\/strong><\/span><\/a><\/p>\n","protected":false},"excerpt":{"rendered":"<p>Conjuntamente a parlamentares de outros partidos, a bancada do PSOL na C\u00e2mara dos Deputados apresentou Mo\u00e7\u00e3o de Rep\u00fadio \u00e0 pol\u00edtica de &#8220;toler\u00e2ncia zero&#8221; do governo dos Estados Unidos, sob comando de Trump, que separa crian\u00e7as e adolescentes de suas fam\u00edlias, colocando em abrigos sem qualquer contato com os respons\u00e1veis. Para o PSOL, o tratamento \u00e9 [&hellip;]<\/p>\n","protected":false},"author":2,"featured_media":20981,"comment_status":"open","ping_status":"open","sticky":false,"template":"","format":"standard","meta":{"_acf_changed":false,"footnotes":""},"categories":[10,836,6,14],"tags":[16,417,2581,23],"class_list":{"0":"post-20979","1":"post","2":"type-post","3":"status-publish","4":"format-standard","5":"has-post-thumbnail","7":"category-acao-parlamentares","8":"category-internacional","9":"category-noticias","10":"category-partido","11":"tag-eua","12":"tag-psol-na-camara","13":"tag-refugiados","14":"tag-trump"},"acf":[],"yoast_head":"<!-- This site is optimized with the Yoast SEO plugin v26.5 - https:\/\/yoast.com\/wordpress\/plugins\/seo\/ -->\n<title>PSOL repudia tratamento desumano do governo Trump com refugiados - PSOL 50<\/title>\n<meta name=\"robots\" content=\"index, follow, max-snippet:-1, max-image-preview:large, max-video-preview:-1\" \/>\n<link rel=\"canonical\" href=\"https:\/\/psol50.org.br\/psol-repudia-tratamento-desumano-do-governo-trump-com-refugiados\/\" \/>\n<meta property=\"og:locale\" content=\"pt_BR\" \/>\n<meta property=\"og:type\" content=\"article\" \/>\n<meta property=\"og:title\" content=\"PSOL repudia tratamento desumano do governo Trump com refugiados - PSOL 50\" \/>\n<meta property=\"og:description\" content=\"Conjuntamente a parlamentares de outros partidos, a bancada do PSOL na C\u00e2mara dos Deputados apresentou Mo\u00e7\u00e3o de Rep\u00fadio \u00e0 pol\u00edtica de &#8220;toler\u00e2ncia zero&#8221; do governo dos Estados Unidos, sob comando de Trump, que separa crian\u00e7as e adolescentes de suas fam\u00edlias, colocando em abrigos sem qualquer contato com os respons\u00e1veis. Para o PSOL, o tratamento \u00e9 [&hellip;]\" \/>\n<meta property=\"og:url\" content=\"https:\/\/psol50.org.br\/psol-repudia-tratamento-desumano-do-governo-trump-com-refugiados\/\" \/>\n<meta property=\"og:site_name\" content=\"PSOL 50\" \/>\n<meta property=\"article:publisher\" content=\"https:\/\/www.facebook.com\/psol50\" \/>\n<meta property=\"article:published_time\" content=\"2018-06-20T18:54:18+00:00\" \/>\n<meta property=\"og:image\" content=\"https:\/\/psol50.org.br\/inc\/uploads\/2018\/06\/trump.davos_.ForumEconomicoMundial.BorisBaldinger.jpg\" \/>\n\t<meta property=\"og:image:width\" content=\"1799\" \/>\n\t<meta property=\"og:image:height\" content=\"1200\" \/>\n\t<meta property=\"og:image:type\" content=\"image\/jpeg\" \/>\n<meta name=\"author\" content=\"Comunica\u00e7\u00e3o PSOL\" \/>\n<meta name=\"twitter:card\" content=\"summary_large_image\" \/>\n<meta name=\"twitter:creator\" content=\"@psol50\" \/>\n<meta name=\"twitter:site\" content=\"@psol50\" \/>\n<meta name=\"twitter:label1\" content=\"Escrito por\" \/>\n\t<meta name=\"twitter:data1\" content=\"Comunica\u00e7\u00e3o PSOL\" \/>\n\t<meta name=\"twitter:label2\" content=\"Est. tempo de leitura\" \/>\n\t<meta name=\"twitter:data2\" content=\"1 minuto\" \/>\n<script type=\"application\/ld+json\" class=\"yoast-schema-graph\">{\"@context\":\"https:\/\/schema.org\",\"@graph\":[{\"@type\":\"Article\",\"@id\":\"https:\/\/psol50.org.br\/psol-repudia-tratamento-desumano-do-governo-trump-com-refugiados\/#article\",\"isPartOf\":{\"@id\":\"https:\/\/psol50.org.br\/psol-repudia-tratamento-desumano-do-governo-trump-com-refugiados\/\"},\"author\":{\"name\":\"Comunica\u00e7\u00e3o PSOL\",\"@id\":\"https:\/\/psol50.org.br\/#\/schema\/person\/475dfa57d0b815993c714c2e96491fcd\"},\"headline\":\"PSOL repudia tratamento desumano do governo Trump com refugiados\",\"datePublished\":\"2018-06-20T18:54:18+00:00\",\"mainEntityOfPage\":{\"@id\":\"https:\/\/psol50.org.br\/psol-repudia-tratamento-desumano-do-governo-trump-com-refugiados\/\"},\"wordCount\":144,\"commentCount\":0,\"publisher\":{\"@id\":\"https:\/\/psol50.org.br\/#organization\"},\"image\":{\"@id\":\"https:\/\/psol50.org.br\/psol-repudia-tratamento-desumano-do-governo-trump-com-refugiados\/#primaryimage\"},\"thumbnailUrl\":\"https:\/\/psol50.org.br\/inc\/uploads\/2018\/06\/trump.davos_.ForumEconomicoMundial.BorisBaldinger.jpg\",\"keywords\":[\"EUA\",\"PSOL na C\u00e2mara\",\"Refugiados\",\"Trump\"],\"articleSection\":[\"A\u00e7\u00e3o Parlamentar\",\"Internacional\",\"Not\u00edcias\",\"Partido\"],\"inLanguage\":\"pt-BR\",\"potentialAction\":[{\"@type\":\"CommentAction\",\"name\":\"Comment\",\"target\":[\"https:\/\/psol50.org.br\/psol-repudia-tratamento-desumano-do-governo-trump-com-refugiados\/#respond\"]}]},{\"@type\":\"WebPage\",\"@id\":\"https:\/\/psol50.org.br\/psol-repudia-tratamento-desumano-do-governo-trump-com-refugiados\/\",\"url\":\"https:\/\/psol50.org.br\/psol-repudia-tratamento-desumano-do-governo-trump-com-refugiados\/\",\"name\":\"PSOL repudia tratamento desumano do governo Trump com refugiados - PSOL 50\",\"isPartOf\":{\"@id\":\"https:\/\/psol50.org.br\/#website\"},\"primaryImageOfPage\":{\"@id\":\"https:\/\/psol50.org.br\/psol-repudia-tratamento-desumano-do-governo-trump-com-refugiados\/#primaryimage\"},\"image\":{\"@id\":\"https:\/\/psol50.org.br\/psol-repudia-tratamento-desumano-do-governo-trump-com-refugiados\/#primaryimage\"},\"thumbnailUrl\":\"https:\/\/psol50.org.br\/inc\/uploads\/2018\/06\/trump.davos_.ForumEconomicoMundial.BorisBaldinger.jpg\",\"datePublished\":\"2018-06-20T18:54:18+00:00\",\"breadcrumb\":{\"@id\":\"https:\/\/psol50.org.br\/psol-repudia-tratamento-desumano-do-governo-trump-com-refugiados\/#breadcrumb\"},\"inLanguage\":\"pt-BR\",\"potentialAction\":[{\"@type\":\"ReadAction\",\"target\":[\"https:\/\/psol50.org.br\/psol-repudia-tratamento-desumano-do-governo-trump-com-refugiados\/\"]}]},{\"@type\":\"ImageObject\",\"inLanguage\":\"pt-BR\",\"@id\":\"https:\/\/psol50.org.br\/psol-repudia-tratamento-desumano-do-governo-trump-com-refugiados\/#primaryimage\",\"url\":\"https:\/\/psol50.org.br\/inc\/uploads\/2018\/06\/trump.davos_.ForumEconomicoMundial.BorisBaldinger.jpg\",\"contentUrl\":\"https:\/\/psol50.org.br\/inc\/uploads\/2018\/06\/trump.davos_.ForumEconomicoMundial.BorisBaldinger.jpg\",\"width\":1799,\"height\":1200,\"caption\":\"O presidente Donald Trump chegou \u00e0 reuni\u00e3o anual 2018 do F\u00f3rum Econ\u00f4mico Mundial em Davos, 26 de janeiro de 2018 Copyright do F\u00f3rum Econ\u00f4mico Mundial \/ Boris Baldinger\"},{\"@type\":\"BreadcrumbList\",\"@id\":\"https:\/\/psol50.org.br\/psol-repudia-tratamento-desumano-do-governo-trump-com-refugiados\/#breadcrumb\",\"itemListElement\":[{\"@type\":\"ListItem\",\"position\":1,\"name\":\"In\u00edcio\",\"item\":\"https:\/\/psol50.org.br\/\"},{\"@type\":\"ListItem\",\"position\":2,\"name\":\"PSOL repudia tratamento desumano do governo Trump com refugiados\"}]},{\"@type\":\"WebSite\",\"@id\":\"https:\/\/psol50.org.br\/#website\",\"url\":\"https:\/\/psol50.org.br\/\",\"name\":\"PSOL 50\",\"description\":\"Site oficial do Partido Socialismo e Liberdade\",\"publisher\":{\"@id\":\"https:\/\/psol50.org.br\/#organization\"},\"alternateName\":\"PSOL50\",\"potentialAction\":[{\"@type\":\"SearchAction\",\"target\":{\"@type\":\"EntryPoint\",\"urlTemplate\":\"https:\/\/psol50.org.br\/?s={search_term_string}\"},\"query-input\":{\"@type\":\"PropertyValueSpecification\",\"valueRequired\":true,\"valueName\":\"search_term_string\"}}],\"inLanguage\":\"pt-BR\"},{\"@type\":\"Organization\",\"@id\":\"https:\/\/psol50.org.br\/#organization\",\"name\":\"PSOL 50\",\"alternateName\":\"PSOL 50\",\"url\":\"https:\/\/psol50.org.br\/\",\"logo\":{\"@type\":\"ImageObject\",\"inLanguage\":\"pt-BR\",\"@id\":\"https:\/\/psol50.org.br\/#\/schema\/logo\/image\/\",\"url\":\"https:\/\/psol50.org.br\/inc\/uploads\/2018\/07\/capa.png\",\"contentUrl\":\"https:\/\/psol50.org.br\/inc\/uploads\/2018\/07\/capa.png\",\"width\":1350,\"height\":900,\"caption\":\"PSOL 50\"},\"image\":{\"@id\":\"https:\/\/psol50.org.br\/#\/schema\/logo\/image\/\"},\"sameAs\":[\"https:\/\/www.facebook.com\/psol50\",\"https:\/\/x.com\/psol50\",\"https:\/\/www.instagram.com\/psol50\/\",\"https:\/\/www.youtube.com\/channel\/UC7SnJS5o1os7a6CaiNabzcg\"]},{\"@type\":\"Person\",\"@id\":\"https:\/\/psol50.org.br\/#\/schema\/person\/475dfa57d0b815993c714c2e96491fcd\",\"name\":\"Comunica\u00e7\u00e3o PSOL\",\"image\":{\"@type\":\"ImageObject\",\"inLanguage\":\"pt-BR\",\"@id\":\"https:\/\/psol50.org.br\/#\/schema\/person\/image\/\",\"url\":\"https:\/\/secure.gravatar.com\/avatar\/b34fc4f4e468a4e51785917065a3db57b841f5c95dba6ad8c73aaf8f66f8f9bf?s=96&d=mm&r=g\",\"contentUrl\":\"https:\/\/secure.gravatar.com\/avatar\/b34fc4f4e468a4e51785917065a3db57b841f5c95dba6ad8c73aaf8f66f8f9bf?s=96&d=mm&r=g\",\"caption\":\"Comunica\u00e7\u00e3o PSOL\"}}]}<\/script>\n<!-- \/ Yoast SEO plugin. -->","yoast_head_json":{"title":"PSOL repudia tratamento desumano do governo Trump com refugiados - PSOL 50","robots":{"index":"index","follow":"follow","max-snippet":"max-snippet:-1","max-image-preview":"max-image-preview:large","max-video-preview":"max-video-preview:-1"},"canonical":"https:\/\/psol50.org.br\/psol-repudia-tratamento-desumano-do-governo-trump-com-refugiados\/","og_locale":"pt_BR","og_type":"article","og_title":"PSOL repudia tratamento desumano do governo Trump com refugiados - PSOL 50","og_description":"Conjuntamente a parlamentares de outros partidos, a bancada do PSOL na C\u00e2mara dos Deputados apresentou Mo\u00e7\u00e3o de Rep\u00fadio \u00e0 pol\u00edtica de &#8220;toler\u00e2ncia zero&#8221; do governo dos Estados Unidos, sob comando de Trump, que separa crian\u00e7as e adolescentes de suas fam\u00edlias, colocando em abrigos sem qualquer contato com os respons\u00e1veis. Para o PSOL, o tratamento \u00e9 [&hellip;]","og_url":"https:\/\/psol50.org.br\/psol-repudia-tratamento-desumano-do-governo-trump-com-refugiados\/","og_site_name":"PSOL 50","article_publisher":"https:\/\/www.facebook.com\/psol50","article_published_time":"2018-06-20T18:54:18+00:00","og_image":[{"width":1799,"height":1200,"url":"https:\/\/psol50.org.br\/inc\/uploads\/2018\/06\/trump.davos_.ForumEconomicoMundial.BorisBaldinger.jpg","type":"image\/jpeg"}],"author":"Comunica\u00e7\u00e3o PSOL","twitter_card":"summary_large_image","twitter_creator":"@psol50","twitter_site":"@psol50","twitter_misc":{"Escrito por":"Comunica\u00e7\u00e3o PSOL","Est. tempo de leitura":"1 minuto"},"schema":{"@context":"https:\/\/schema.org","@graph":[{"@type":"Article","@id":"https:\/\/psol50.org.br\/psol-repudia-tratamento-desumano-do-governo-trump-com-refugiados\/#article","isPartOf":{"@id":"https:\/\/psol50.org.br\/psol-repudia-tratamento-desumano-do-governo-trump-com-refugiados\/"},"author":{"name":"Comunica\u00e7\u00e3o PSOL","@id":"https:\/\/psol50.org.br\/#\/schema\/person\/475dfa57d0b815993c714c2e96491fcd"},"headline":"PSOL repudia tratamento desumano do governo Trump com refugiados","datePublished":"2018-06-20T18:54:18+00:00","mainEntityOfPage":{"@id":"https:\/\/psol50.org.br\/psol-repudia-tratamento-desumano-do-governo-trump-com-refugiados\/"},"wordCount":144,"commentCount":0,"publisher":{"@id":"https:\/\/psol50.org.br\/#organization"},"image":{"@id":"https:\/\/psol50.org.br\/psol-repudia-tratamento-desumano-do-governo-trump-com-refugiados\/#primaryimage"},"thumbnailUrl":"https:\/\/psol50.org.br\/inc\/uploads\/2018\/06\/trump.davos_.ForumEconomicoMundial.BorisBaldinger.jpg","keywords":["EUA","PSOL na C\u00e2mara","Refugiados","Trump"],"articleSection":["A\u00e7\u00e3o Parlamentar","Internacional","Not\u00edcias","Partido"],"inLanguage":"pt-BR","potentialAction":[{"@type":"CommentAction","name":"Comment","target":["https:\/\/psol50.org.br\/psol-repudia-tratamento-desumano-do-governo-trump-com-refugiados\/#respond"]}]},{"@type":"WebPage","@id":"https:\/\/psol50.org.br\/psol-repudia-tratamento-desumano-do-governo-trump-com-refugiados\/","url":"https:\/\/psol50.org.br\/psol-repudia-tratamento-desumano-do-governo-trump-com-refugiados\/","name":"PSOL repudia tratamento desumano do governo Trump com refugiados - PSOL 50","isPartOf":{"@id":"https:\/\/psol50.org.br\/#website"},"primaryImageOfPage":{"@id":"https:\/\/psol50.org.br\/psol-repudia-tratamento-desumano-do-governo-trump-com-refugiados\/#primaryimage"},"image":{"@id":"https:\/\/psol50.org.br\/psol-repudia-tratamento-desumano-do-governo-trump-com-refugiados\/#primaryimage"},"thumbnailUrl":"https:\/\/psol50.org.br\/inc\/uploads\/2018\/06\/trump.davos_.ForumEconomicoMundial.BorisBaldinger.jpg","datePublished":"2018-06-20T18:54:18+00:00","breadcrumb":{"@id":"https:\/\/psol50.org.br\/psol-repudia-tratamento-desumano-do-governo-trump-com-refugiados\/#breadcrumb"},"inLanguage":"pt-BR","potentialAction":[{"@type":"ReadAction","target":["https:\/\/psol50.org.br\/psol-repudia-tratamento-desumano-do-governo-trump-com-refugiados\/"]}]},{"@type":"ImageObject","inLanguage":"pt-BR","@id":"https:\/\/psol50.org.br\/psol-repudia-tratamento-desumano-do-governo-trump-com-refugiados\/#primaryimage","url":"https:\/\/psol50.org.br\/inc\/uploads\/2018\/06\/trump.davos_.ForumEconomicoMundial.BorisBaldinger.jpg","contentUrl":"https:\/\/psol50.org.br\/inc\/uploads\/2018\/06\/trump.davos_.ForumEconomicoMundial.BorisBaldinger.jpg","width":1799,"height":1200,"caption":"O presidente Donald Trump chegou \u00e0 reuni\u00e3o anual 2018 do F\u00f3rum Econ\u00f4mico Mundial em Davos, 26 de janeiro de 2018 Copyright do F\u00f3rum Econ\u00f4mico Mundial \/ Boris Baldinger"},{"@type":"BreadcrumbList","@id":"https:\/\/psol50.org.br\/psol-repudia-tratamento-desumano-do-governo-trump-com-refugiados\/#breadcrumb","itemListElement":[{"@type":"ListItem","position":1,"name":"In\u00edcio","item":"https:\/\/psol50.org.br\/"},{"@type":"ListItem","position":2,"name":"PSOL repudia tratamento desumano do governo Trump com refugiados"}]},{"@type":"WebSite","@id":"https:\/\/psol50.org.br\/#website","url":"https:\/\/psol50.org.br\/","name":"PSOL 50","description":"Site oficial do Partido Socialismo e Liberdade","publisher":{"@id":"https:\/\/psol50.org.br\/#organization"},"alternateName":"PSOL50","potentialAction":[{"@type":"SearchAction","target":{"@type":"EntryPoint","urlTemplate":"https:\/\/psol50.org.br\/?s={search_term_string}"},"query-input":{"@type":"PropertyValueSpecification","valueRequired":true,"valueName":"search_term_string"}}],"inLanguage":"pt-BR"},{"@type":"Organization","@id":"https:\/\/psol50.org.br\/#organization","name":"PSOL 50","alternateName":"PSOL 50","url":"https:\/\/psol50.org.br\/","logo":{"@type":"ImageObject","inLanguage":"pt-BR","@id":"https:\/\/psol50.org.br\/#\/schema\/logo\/image\/","url":"https:\/\/psol50.org.br\/inc\/uploads\/2018\/07\/capa.png","contentUrl":"https:\/\/psol50.org.br\/inc\/uploads\/2018\/07\/capa.png","width":1350,"height":900,"caption":"PSOL 50"},"image":{"@id":"https:\/\/psol50.org.br\/#\/schema\/logo\/image\/"},"sameAs":["https:\/\/www.facebook.com\/psol50","https:\/\/x.com\/psol50","https:\/\/www.instagram.com\/psol50\/","https:\/\/www.youtube.com\/channel\/UC7SnJS5o1os7a6CaiNabzcg"]},{"@type":"Person","@id":"https:\/\/psol50.org.br\/#\/schema\/person\/475dfa57d0b815993c714c2e96491fcd","name":"Comunica\u00e7\u00e3o PSOL","image":{"@type":"ImageObject","inLanguage":"pt-BR","@id":"https:\/\/psol50.org.br\/#\/schema\/person\/image\/","url":"https:\/\/secure.gravatar.com\/avatar\/b34fc4f4e468a4e51785917065a3db57b841f5c95dba6ad8c73aaf8f66f8f9bf?s=96&d=mm&r=g","contentUrl":"https:\/\/secure.gravatar.com\/avatar\/b34fc4f4e468a4e51785917065a3db57b841f5c95dba6ad8c73aaf8f66f8f9bf?s=96&d=mm&r=g","caption":"Comunica\u00e7\u00e3o PSOL"}}]}},"_links":{"self":[{"href":"https:\/\/psol50.org.br\/rest\/wp\/v2\/posts\/20979","targetHints":{"allow":["GET"]}}],"collection":[{"href":"https:\/\/psol50.org.br\/rest\/wp\/v2\/posts"}],"about":[{"href":"https:\/\/psol50.org.br\/rest\/wp\/v2\/types\/post"}],"author":[{"embeddable":true,"href":"https:\/\/psol50.org.br\/rest\/wp\/v2\/users\/2"}],"replies":[{"embeddable":true,"href":"https:\/\/psol50.org.br\/rest\/wp\/v2\/comments?post=20979"}],"version-history":[{"count":0,"href":"https:\/\/psol50.org.br\/rest\/wp\/v2\/posts\/20979\/revisions"}],"wp:featuredmedia":[{"embeddable":true,"href":"https:\/\/psol50.org.br\/rest\/wp\/v2\/media\/20981"}],"wp:attachment":[{"href":"https:\/\/psol50.org.br\/rest\/wp\/v2\/media?parent=20979"}],"wp:term":[{"taxonomy":"category","embeddable":true,"href":"https:\/\/psol50.org.br\/rest\/wp\/v2\/categories?post=20979"},{"taxonomy":"post_tag","embeddable":true,"href":"https:\/\/psol50.org.br\/rest\/wp\/v2\/tags?post=20979"}],"curies":[{"name":"wp","href":"https:\/\/api.w.org\/{rel}","templated":true}]}}