{"id":20993,"date":"2018-06-22T15:29:17","date_gmt":"2018-06-22T18:29:17","guid":{"rendered":"https:\/\/www.psol50.org.br\/?p=20993"},"modified":"2018-06-22T15:29:17","modified_gmt":"2018-06-22T18:29:17","slug":"israel-dutra-argentina-a-caminho-de-uma-grande-greve-geral","status":"publish","type":"post","link":"https:\/\/psol50.org.br\/israel-dutra-argentina-a-caminho-de-uma-grande-greve-geral\/","title":{"rendered":"Israel Dutra | Argentina a caminho de uma grande greve geral"},"content":{"rendered":"<p dir=\"ltr\">O acordo do governo Macri com o FMI coloca o pa\u00eds numa situa\u00e7\u00e3o de maior depend\u00eancia. A alta de pre\u00e7os \u00e9 insustent\u00e1vel. A infla\u00e7\u00e3o dispara. O movimento oper\u00e1rio tem marcado uma importante greve geral para o dia 25 de Junho, pr\u00f3xima segunda-feira. O exemplo vem da enorme vit\u00f3ria do movimento de mulheres, que acaba de conquistar nas ruas a aprova\u00e7\u00e3o da C\u00e2mara dos Deputados para a lei do aborto- falta ser aprovada no Senado. A dram\u00e1tica crise de nossos vizinhos s\u00f3 pode ser resolvida com a entrada em cena dos batalh\u00f5es pesados da classe para quebrar o plano de ajuste.<\/p>\n<p dir=\"ltr\">Na manh\u00e3 de quarta-feira (20\/06) era confirmado por Cristine Lagarde, diretora-executiva do FMI, os termos do plano de acordo. Est\u00e3o previstos 50 bilh\u00f5es de d\u00f3lares em empr\u00e9stimos, dos quais 15 bi j\u00e1 est\u00e3o liberados automaticamente com vistas a \u201cresgatar\u201d a economia argentina. Como num filme oitentista, o pa\u00eds voltou a ter no Fundo Monet\u00e1rio a sa\u00edda para suas contradi\u00e7\u00f5es. A renova\u00e7\u00e3o dos t\u00edtulos de letras do Banco Central(Lebacs) custou caro. As taxas subiram a 47% e a nova equipe econ\u00f4mica espera utilizar at\u00e9 100 milh\u00f5es de d\u00f3lares por dia para influenciar na corrida cambial, na expectativa de evitar uma explos\u00e3o do d\u00f3lar. Assim mesmo, o pr\u00f3prio superministro da Economia, Nicolas Dujvone, afirma que vir\u00e3o tempos dif\u00edceis pelos pr\u00f3ximos \u201cdois ou tr\u00eas meses\u201d.<\/p>\n<p dir=\"ltr\">O elemento detonador da mais recente crise foi a corrida cambial desatada nos \u00faltimos meses, onde se desvalorizou o peso. O corte de gastos acabou com boa parte dos subs\u00eddios estatais as tarifas de eletricidade, g\u00e1s e transporte. Dezembro \u00faltimo se concluiu com uma reforma da previd\u00eancia que ampliou a idade m\u00ednima e promoveu severos recortes nas aposentadorias. Da crise econ\u00f4mica \u00e0 crise social. Sobe o desemprego e h\u00e1 um retorno de milh\u00f5es \u00e0 linha da pobreza. E da\u00ed para a agudiza\u00e7\u00e3o da crise pol\u00edtica.<\/p>\n<p dir=\"ltr\">Na semana passada, Macri mudou postos importantes da equipe de governo, substituindo o presidente do Banco Central e os ministros da energia e o da produ\u00e7\u00e3o. A nova fei\u00e7\u00e3o do time de Macri \u00e9 necess\u00e1ria para \u201cacalmar\u201d os mercados, na disparada do d\u00f3lar e no cassino da especula\u00e7\u00e3o. A bolsa caiu mais de 8 pontos na \u00faltima segunda.<\/p>\n<p dir=\"ltr\">O efeito de tais mudan\u00e7as \u00e9 um aparente al\u00edvio imediato diante dos mercados e um maior aperto para a popula\u00e7\u00e3o em geral. A ag\u00eancia Morgan Stanley qualificou o pa\u00eds como \u201cemergente\u201d, o que resultaria ser mais atrativo para investidores, mesmo diante da atual crise. Apesar de utilizar tal notifica\u00e7\u00e3o para dizer que \u201c a casa est\u00e1 em ordem\u201d, Macri sofre um questionamento cada vez maior. Sua popularidade despencou. E paira sobre ele, sua fam\u00edlia e a equipe governamental os esc\u00e2ndalos conhecidos como \u201cPanam\u00e1 Papers\u201d, envolvendo para\u00edsos fiscais, lavagem de dinheiro e corrup\u00e7\u00e3o.<\/p>\n<p dir=\"ltr\">O governo Macri, assim amplia seu car\u00e1ter de classe(governo dos CEO\u2019s) e pr\u00f3\u2013imperialista. O eixo de sua pol\u00edtica beneficia os especuladores dos grandes fundos capitalistas, das grandes exportadoras de cereais e sojas e ind\u00fastrias transnacionais que operam na explora\u00e7\u00e3o de petr\u00f3leo e minera\u00e7\u00e3o. O plano de ajuste reconfigurado s\u00f3 vai levar a mais mis\u00e9ria, depend\u00eancia e fome ao povo argentino.<\/p>\n<p dir=\"ltr\">A tend\u00eancia \u00e0 luta social cresce em todo pa\u00eds. A mais expressiva das demonstra\u00e7\u00f5es foi a campanha vitoriosa do movimento de mulheres que aprovou na vota\u00e7\u00e3o do parlamento argentino a lei do aborto, depois de uma intensa jornada de lutas. O exemplos das mulheres calou fundo sobre toda a classe trabalhadora. Um movimento que veio na crescente das campanhas \u201cNem Uma a Menos\u201d, que protagonizou marchas multitudin\u00e1rias no 8 de mar\u00e7o, numa demonstra\u00e7\u00e3o unit\u00e1ria da cultura acumulada pelo feminismo argentino.<\/p>\n<p dir=\"ltr\">A mar\u00e9 dos panos verdes tomou as ruas, trabalhos, bairros, universidades e escolas. Com peso grande das mulheres trabalhadoras e a irrup\u00e7\u00e3o de uma nova gera\u00e7\u00e3o de jovens de 13\/17 anos nas ocupa\u00e7\u00f5es de escola em favor da aprova\u00e7\u00e3o da lei, as mulheres conquistaram uma maioria social, mesmo com um governo reacion\u00e1rio e um parlamento pouco representativo.<\/p>\n<p dir=\"ltr\">Pesquisas de opini\u00e3o realizadas apontavam para quase dois ter\u00e7os de simpatia com a aprova\u00e7\u00e3o da lei, em que pese o esfor\u00e7o da direita reacion\u00e1ria e da Igreja para desqualificar a luta das mulheres. J\u00e1 em discuss\u00e3o no Senado, onde a tend\u00eancia \u00e9 manter o rito geral do c\u00e2mara baixa e diante da press\u00e3o social, aprovar definitivamente a lei, a conquista das mulheres argentinas marca um caminho para todo povo e influ\u00eancia a conjuntura \u00e0 esquerda.<\/p>\n<p dir=\"ltr\">Sob o ambiente de polariza\u00e7\u00e3o, cresce a atividade das camadas populares, como forma de resistir \u00e0 crise. A vit\u00f3ria das mulheres \u00e9 um s\u00f3lido fator organizador para a amplia\u00e7\u00e3o da resist\u00eancia popular. As prov\u00edncias est\u00e3o debeladas. A vit\u00f3ria que os professores de Neuquen tiveram, rompendo a primeira proposta de teto salarial nas negocia\u00e7\u00f5es ( chamadas por l\u00e1 de \u201cparit\u00e1rias\u201d) deu outra demonstra\u00e7\u00e3o importante. Agora, \u00e9 a pequena prov\u00edncia de Chubut que conhece seus dias de conflito, onde v\u00e1rias categorias se unem para lutar. O \u00faltimo semestre foi marcado por ataques ao servi\u00e7o p\u00fablico, com demiss\u00f5es e fechamento de locais de trabalho. Hospitais como Posadas, os mineiros de Rio Turbio e diversas f\u00e1bricas e engenhos tamb\u00e9m travaram e travam uma dur\u00edssima luta em defesa de seu trabalho. Sem falar na grande marcha educativa, onde novamente os professores se revigoram e tomam a linha de frente.<\/p>\n<p dir=\"ltr\">Os movimentos populares, como piqueteiros, trabalhadores informais, aposentados e camponeses sa\u00edram \u00e0s ruas em 1 de Junho, na \u201cMarcha federal\u201d, que juntou dezenas de milhares de pessoas das camadas mais pobres, do interior do pa\u00eds e do conurbano de Buenos Aires. A multiplica\u00e7\u00e3o do n\u00famero de ocupa\u00e7\u00f5es urbanas rep\u00f5e na mem\u00f3ria os anos 90, onde o neoliberalismo arrasou as grandes cidades, origem do fen\u00f4meno dos \u201cpiqueteiros\u201d. Essa din\u00e2mica come\u00e7a a se expandir novamente, ainda que o governo seja cauteloso em manter os planos sociais mais utilizados para evitar uma explos\u00e3o generalizada.<\/p>\n<p dir=\"ltr\">O atual cen\u00e1rio de lutas, marcado pela irrup\u00e7\u00e3o das mulheres na luta em favor da despenaliza\u00e7\u00e3o do aborto, ganhou for\u00e7a com a rebeli\u00e3o de 18 de Dezembro, quando Buenos Aires parou por conta da luta contra a reforma da previd\u00eancia, lembrando ares de 2001. Apesar de aprovada a reforma, o governo sofreu um duro rev\u00e9s em sua legitimidade. O movimento de massas recuperou f\u00f4lego e abriu caminho para a necessidade de uma nova paralisa\u00e7\u00e3o nacional.<\/p>\n<p dir=\"ltr\">Os desdobramentos da crise cambial levam a infla\u00e7\u00e3o a corroer os sal\u00e1rios. E essa contradi\u00e7\u00e3o tem se desenvolvido, como j\u00e1 dito, a partir da vit\u00f3ria dos professores de Neuquen, recolocando para o movimento oper\u00e1rio a possibilidade de ir al\u00e9m dos 15% negociados anteriormente. O pr\u00f3prio governo j\u00e1 acenou com a possibilidade do \u00edndice chegar perto de 20% de reposi\u00e7\u00e3o, o que foi recha\u00e7ado, uma vez que a infla\u00e7\u00e3o do ano pode ficar na casa dos 30%. Um dos sindicatos mais fortes, apesar de sua condu\u00e7\u00e3o burocr\u00e1tica, o dos caminhoneiros, conseguiu um acordo de 25%, ap\u00f3s paralisar na semana passada e amea\u00e7ar a ir a uma greve de tr\u00eas dias. V\u00e1rias categorias lutam neste momento.<\/p>\n<p dir=\"ltr\">Para evitar o desborde das ruas, Macri e sua ministra de Seguran\u00e7a, Patricia Bullrich querem dispor de medidas mais repressivas, como protocolos antipiquetes e mesmo utilizar de for\u00e7as militares para impedir um agravamento do conflito. Essa \u00e9 outra cartada que o governo busca jogar para intimidar ativistas, como fez em recente repress\u00e3o \u00e0 greve dos metrovi\u00e1rios e no cerco do ano passado aos ind\u00edgenas mapuches no sul do pa\u00eds.<\/p>\n<p dir=\"ltr\">O contexto da greve geral do dia 25 \u00e9 explosivo. Apesar da burocracia da CGT- maior central oficial &#8211; ter feito de tudo para dilatar os prazos da greve, o que est\u00e1 por vir ainda \u00e9 imprevis\u00edvel. Por um lado, a mesma burocracia utiliza a data da greve para descomprimir as reivindica\u00e7\u00f5es e fazer o que chamam de \u201cparalisa\u00e7\u00e3o domingueira\u201d, transformando um dia de lutas num feriado. Por outro, a unidade de todos setores sindicais dever\u00e1 provocar um pronunciamento contundente contra o conjunto do plano econ\u00f4mico, contra o governo e pelo n\u00edvel de consci\u00eancia das camadas mais avan\u00e7adas, contra o FMI.<\/p>\n<p dir=\"ltr\">At\u00e9 a imprensa j\u00e1 cogita que est\u00e3o postos todos elementos para ser uma \u201cgreva\u00e7a\u201d, em tradu\u00e7\u00e3o ao linguajar t\u00edpico dos argentinos. Uma novidade decisiva \u00e9 a capacidade dos setores classistas e combativos de protagonizar uma \u201cparalisa\u00e7\u00e3o ativa\u201d, ou seja, com piquetes, cortes de rodovia e manifesta\u00e7\u00f5es ao longo do pa\u00eds. O encontro que setores est\u00e3o organizando no s\u00e1bado, dia 23, contando com membros da FIT, MST\/ANCLA, organiza\u00e7\u00f5es da esquerda sindical, pode ajudar a apoiar essa \u00e1rdua tarefa. Uma vit\u00f3ria nesse terreno empurraria para um plano coerente e sustentado de lutas para deter a infla\u00e7\u00e3o, o desemprego e colocar a hip\u00f3tese de uma resist\u00eancia mais efetiva contra o governo Macri.<\/p>\n<p dir=\"ltr\">Acompanhar a greve geral do dia 25 \u00e9 uma tarefa para todos ativistas brasileiros. Rodear de solidariedade as reivindica\u00e7\u00f5es, levantando o exemplo da luta das mulheres que tem no Senado seu cap\u00edtulo derradeiro quanto a vit\u00f3ria da lei pr\u00f3-aborto. Vamos acompanhar as placas tect\u00f4nicas de uma das classes trabalhadoras com maior tradi\u00e7\u00e3o de lutas no continente se movendo na dire\u00e7\u00e3o de sua organiza\u00e7\u00e3o, consci\u00eancia e seu programa hist\u00f3rico.<\/p>\n","protected":false},"excerpt":{"rendered":"<p>O acordo do governo Macri com o FMI coloca o pa\u00eds numa situa\u00e7\u00e3o de maior depend\u00eancia. A alta de pre\u00e7os \u00e9 insustent\u00e1vel. A infla\u00e7\u00e3o dispara. O movimento oper\u00e1rio tem marcado uma importante greve geral para o dia 25 de Junho, pr\u00f3xima segunda-feira. O exemplo vem da enorme vit\u00f3ria do movimento de mulheres, que acaba de [&hellip;]<\/p>\n","protected":false},"author":2,"featured_media":20994,"comment_status":"open","ping_status":"open","sticky":false,"template":"","format":"standard","meta":{"_acf_changed":false,"footnotes":""},"categories":[707],"tags":[1310,1793,1454,2019,2231],"class_list":{"0":"post-20993","1":"post","2":"type-post","3":"status-publish","4":"format-standard","5":"has-post-thumbnail","7":"category-secr-ri","8":"tag-argentina","9":"tag-greve-geral","10":"tag-israel-dutra","11":"tag-macri","12":"tag-secretaria-de-relacoes-internacionais"},"acf":[],"yoast_head":"<!-- This site is optimized with the Yoast SEO plugin v26.5 - https:\/\/yoast.com\/wordpress\/plugins\/seo\/ -->\n<title>Israel Dutra | Argentina a caminho de uma grande greve geral - PSOL 50<\/title>\n<meta name=\"robots\" content=\"index, follow, max-snippet:-1, max-image-preview:large, max-video-preview:-1\" \/>\n<link rel=\"canonical\" href=\"https:\/\/psol50.org.br\/israel-dutra-argentina-a-caminho-de-uma-grande-greve-geral\/\" \/>\n<meta property=\"og:locale\" content=\"pt_BR\" \/>\n<meta property=\"og:type\" content=\"article\" \/>\n<meta property=\"og:title\" content=\"Israel Dutra | Argentina a caminho de uma grande greve geral - PSOL 50\" \/>\n<meta property=\"og:description\" content=\"O acordo do governo Macri com o FMI coloca o pa\u00eds numa situa\u00e7\u00e3o de maior depend\u00eancia. A alta de pre\u00e7os \u00e9 insustent\u00e1vel. A infla\u00e7\u00e3o dispara. O movimento oper\u00e1rio tem marcado uma importante greve geral para o dia 25 de Junho, pr\u00f3xima segunda-feira. O exemplo vem da enorme vit\u00f3ria do movimento de mulheres, que acaba de [&hellip;]\" \/>\n<meta property=\"og:url\" content=\"https:\/\/psol50.org.br\/israel-dutra-argentina-a-caminho-de-uma-grande-greve-geral\/\" \/>\n<meta property=\"og:site_name\" content=\"PSOL 50\" \/>\n<meta property=\"article:publisher\" content=\"https:\/\/www.facebook.com\/psol50\" \/>\n<meta property=\"article:published_time\" content=\"2018-06-22T18:29:17+00:00\" \/>\n<meta property=\"og:image\" content=\"https:\/\/psol50.org.br\/inc\/uploads\/2018\/06\/Argentina.Manifestacao.Emergentes.jpg\" \/>\n\t<meta property=\"og:image:width\" content=\"1800\" \/>\n\t<meta property=\"og:image:height\" content=\"1200\" \/>\n\t<meta property=\"og:image:type\" content=\"image\/jpeg\" \/>\n<meta name=\"author\" content=\"Comunica\u00e7\u00e3o PSOL\" \/>\n<meta name=\"twitter:card\" content=\"summary_large_image\" \/>\n<meta name=\"twitter:creator\" content=\"@psol50\" \/>\n<meta name=\"twitter:site\" content=\"@psol50\" \/>\n<meta name=\"twitter:label1\" content=\"Escrito por\" \/>\n\t<meta name=\"twitter:data1\" content=\"Comunica\u00e7\u00e3o PSOL\" \/>\n\t<meta name=\"twitter:label2\" content=\"Est. tempo de leitura\" \/>\n\t<meta name=\"twitter:data2\" content=\"8 minutos\" \/>\n<script type=\"application\/ld+json\" class=\"yoast-schema-graph\">{\"@context\":\"https:\/\/schema.org\",\"@graph\":[{\"@type\":\"Article\",\"@id\":\"https:\/\/psol50.org.br\/israel-dutra-argentina-a-caminho-de-uma-grande-greve-geral\/#article\",\"isPartOf\":{\"@id\":\"https:\/\/psol50.org.br\/israel-dutra-argentina-a-caminho-de-uma-grande-greve-geral\/\"},\"author\":{\"name\":\"Comunica\u00e7\u00e3o PSOL\",\"@id\":\"https:\/\/psol50.org.br\/#\/schema\/person\/475dfa57d0b815993c714c2e96491fcd\"},\"headline\":\"Israel Dutra | Argentina a caminho de uma grande greve geral\",\"datePublished\":\"2018-06-22T18:29:17+00:00\",\"mainEntityOfPage\":{\"@id\":\"https:\/\/psol50.org.br\/israel-dutra-argentina-a-caminho-de-uma-grande-greve-geral\/\"},\"wordCount\":1656,\"commentCount\":0,\"publisher\":{\"@id\":\"https:\/\/psol50.org.br\/#organization\"},\"image\":{\"@id\":\"https:\/\/psol50.org.br\/israel-dutra-argentina-a-caminho-de-uma-grande-greve-geral\/#primaryimage\"},\"thumbnailUrl\":\"https:\/\/psol50.org.br\/inc\/uploads\/2018\/06\/Argentina.Manifestacao.Emergentes.jpg\",\"keywords\":[\"Argentina\",\"greve geral\",\"Israel Dutra\",\"Macri\",\"Secretaria de Rela\u00e7\u00f5es Internacionais\"],\"articleSection\":[\"Secr. de RI\"],\"inLanguage\":\"pt-BR\",\"potentialAction\":[{\"@type\":\"CommentAction\",\"name\":\"Comment\",\"target\":[\"https:\/\/psol50.org.br\/israel-dutra-argentina-a-caminho-de-uma-grande-greve-geral\/#respond\"]}]},{\"@type\":\"WebPage\",\"@id\":\"https:\/\/psol50.org.br\/israel-dutra-argentina-a-caminho-de-uma-grande-greve-geral\/\",\"url\":\"https:\/\/psol50.org.br\/israel-dutra-argentina-a-caminho-de-uma-grande-greve-geral\/\",\"name\":\"Israel Dutra | Argentina a caminho de uma grande greve geral - PSOL 50\",\"isPartOf\":{\"@id\":\"https:\/\/psol50.org.br\/#website\"},\"primaryImageOfPage\":{\"@id\":\"https:\/\/psol50.org.br\/israel-dutra-argentina-a-caminho-de-uma-grande-greve-geral\/#primaryimage\"},\"image\":{\"@id\":\"https:\/\/psol50.org.br\/israel-dutra-argentina-a-caminho-de-uma-grande-greve-geral\/#primaryimage\"},\"thumbnailUrl\":\"https:\/\/psol50.org.br\/inc\/uploads\/2018\/06\/Argentina.Manifestacao.Emergentes.jpg\",\"datePublished\":\"2018-06-22T18:29:17+00:00\",\"breadcrumb\":{\"@id\":\"https:\/\/psol50.org.br\/israel-dutra-argentina-a-caminho-de-uma-grande-greve-geral\/#breadcrumb\"},\"inLanguage\":\"pt-BR\",\"potentialAction\":[{\"@type\":\"ReadAction\",\"target\":[\"https:\/\/psol50.org.br\/israel-dutra-argentina-a-caminho-de-uma-grande-greve-geral\/\"]}]},{\"@type\":\"ImageObject\",\"inLanguage\":\"pt-BR\",\"@id\":\"https:\/\/psol50.org.br\/israel-dutra-argentina-a-caminho-de-uma-grande-greve-geral\/#primaryimage\",\"url\":\"https:\/\/psol50.org.br\/inc\/uploads\/2018\/06\/Argentina.Manifestacao.Emergentes.jpg\",\"contentUrl\":\"https:\/\/psol50.org.br\/inc\/uploads\/2018\/06\/Argentina.Manifestacao.Emergentes.jpg\",\"width\":1800,\"height\":1200},{\"@type\":\"BreadcrumbList\",\"@id\":\"https:\/\/psol50.org.br\/israel-dutra-argentina-a-caminho-de-uma-grande-greve-geral\/#breadcrumb\",\"itemListElement\":[{\"@type\":\"ListItem\",\"position\":1,\"name\":\"In\u00edcio\",\"item\":\"https:\/\/psol50.org.br\/\"},{\"@type\":\"ListItem\",\"position\":2,\"name\":\"Israel Dutra | Argentina a caminho de uma grande greve geral\"}]},{\"@type\":\"WebSite\",\"@id\":\"https:\/\/psol50.org.br\/#website\",\"url\":\"https:\/\/psol50.org.br\/\",\"name\":\"PSOL 50\",\"description\":\"Site oficial do Partido Socialismo e Liberdade\",\"publisher\":{\"@id\":\"https:\/\/psol50.org.br\/#organization\"},\"alternateName\":\"PSOL50\",\"potentialAction\":[{\"@type\":\"SearchAction\",\"target\":{\"@type\":\"EntryPoint\",\"urlTemplate\":\"https:\/\/psol50.org.br\/?s={search_term_string}\"},\"query-input\":{\"@type\":\"PropertyValueSpecification\",\"valueRequired\":true,\"valueName\":\"search_term_string\"}}],\"inLanguage\":\"pt-BR\"},{\"@type\":\"Organization\",\"@id\":\"https:\/\/psol50.org.br\/#organization\",\"name\":\"PSOL 50\",\"alternateName\":\"PSOL 50\",\"url\":\"https:\/\/psol50.org.br\/\",\"logo\":{\"@type\":\"ImageObject\",\"inLanguage\":\"pt-BR\",\"@id\":\"https:\/\/psol50.org.br\/#\/schema\/logo\/image\/\",\"url\":\"https:\/\/psol50.org.br\/inc\/uploads\/2018\/07\/capa.png\",\"contentUrl\":\"https:\/\/psol50.org.br\/inc\/uploads\/2018\/07\/capa.png\",\"width\":1350,\"height\":900,\"caption\":\"PSOL 50\"},\"image\":{\"@id\":\"https:\/\/psol50.org.br\/#\/schema\/logo\/image\/\"},\"sameAs\":[\"https:\/\/www.facebook.com\/psol50\",\"https:\/\/x.com\/psol50\",\"https:\/\/www.instagram.com\/psol50\/\",\"https:\/\/www.youtube.com\/channel\/UC7SnJS5o1os7a6CaiNabzcg\"]},{\"@type\":\"Person\",\"@id\":\"https:\/\/psol50.org.br\/#\/schema\/person\/475dfa57d0b815993c714c2e96491fcd\",\"name\":\"Comunica\u00e7\u00e3o PSOL\",\"image\":{\"@type\":\"ImageObject\",\"inLanguage\":\"pt-BR\",\"@id\":\"https:\/\/psol50.org.br\/#\/schema\/person\/image\/\",\"url\":\"https:\/\/secure.gravatar.com\/avatar\/b34fc4f4e468a4e51785917065a3db57b841f5c95dba6ad8c73aaf8f66f8f9bf?s=96&d=mm&r=g\",\"contentUrl\":\"https:\/\/secure.gravatar.com\/avatar\/b34fc4f4e468a4e51785917065a3db57b841f5c95dba6ad8c73aaf8f66f8f9bf?s=96&d=mm&r=g\",\"caption\":\"Comunica\u00e7\u00e3o PSOL\"}}]}<\/script>\n<!-- \/ Yoast SEO plugin. -->","yoast_head_json":{"title":"Israel Dutra | Argentina a caminho de uma grande greve geral - PSOL 50","robots":{"index":"index","follow":"follow","max-snippet":"max-snippet:-1","max-image-preview":"max-image-preview:large","max-video-preview":"max-video-preview:-1"},"canonical":"https:\/\/psol50.org.br\/israel-dutra-argentina-a-caminho-de-uma-grande-greve-geral\/","og_locale":"pt_BR","og_type":"article","og_title":"Israel Dutra | Argentina a caminho de uma grande greve geral - PSOL 50","og_description":"O acordo do governo Macri com o FMI coloca o pa\u00eds numa situa\u00e7\u00e3o de maior depend\u00eancia. A alta de pre\u00e7os \u00e9 insustent\u00e1vel. A infla\u00e7\u00e3o dispara. O movimento oper\u00e1rio tem marcado uma importante greve geral para o dia 25 de Junho, pr\u00f3xima segunda-feira. O exemplo vem da enorme vit\u00f3ria do movimento de mulheres, que acaba de [&hellip;]","og_url":"https:\/\/psol50.org.br\/israel-dutra-argentina-a-caminho-de-uma-grande-greve-geral\/","og_site_name":"PSOL 50","article_publisher":"https:\/\/www.facebook.com\/psol50","article_published_time":"2018-06-22T18:29:17+00:00","og_image":[{"width":1800,"height":1200,"url":"https:\/\/psol50.org.br\/inc\/uploads\/2018\/06\/Argentina.Manifestacao.Emergentes.jpg","type":"image\/jpeg"}],"author":"Comunica\u00e7\u00e3o PSOL","twitter_card":"summary_large_image","twitter_creator":"@psol50","twitter_site":"@psol50","twitter_misc":{"Escrito por":"Comunica\u00e7\u00e3o PSOL","Est. tempo de leitura":"8 minutos"},"schema":{"@context":"https:\/\/schema.org","@graph":[{"@type":"Article","@id":"https:\/\/psol50.org.br\/israel-dutra-argentina-a-caminho-de-uma-grande-greve-geral\/#article","isPartOf":{"@id":"https:\/\/psol50.org.br\/israel-dutra-argentina-a-caminho-de-uma-grande-greve-geral\/"},"author":{"name":"Comunica\u00e7\u00e3o PSOL","@id":"https:\/\/psol50.org.br\/#\/schema\/person\/475dfa57d0b815993c714c2e96491fcd"},"headline":"Israel Dutra | Argentina a caminho de uma grande greve geral","datePublished":"2018-06-22T18:29:17+00:00","mainEntityOfPage":{"@id":"https:\/\/psol50.org.br\/israel-dutra-argentina-a-caminho-de-uma-grande-greve-geral\/"},"wordCount":1656,"commentCount":0,"publisher":{"@id":"https:\/\/psol50.org.br\/#organization"},"image":{"@id":"https:\/\/psol50.org.br\/israel-dutra-argentina-a-caminho-de-uma-grande-greve-geral\/#primaryimage"},"thumbnailUrl":"https:\/\/psol50.org.br\/inc\/uploads\/2018\/06\/Argentina.Manifestacao.Emergentes.jpg","keywords":["Argentina","greve geral","Israel Dutra","Macri","Secretaria de Rela\u00e7\u00f5es Internacionais"],"articleSection":["Secr. de RI"],"inLanguage":"pt-BR","potentialAction":[{"@type":"CommentAction","name":"Comment","target":["https:\/\/psol50.org.br\/israel-dutra-argentina-a-caminho-de-uma-grande-greve-geral\/#respond"]}]},{"@type":"WebPage","@id":"https:\/\/psol50.org.br\/israel-dutra-argentina-a-caminho-de-uma-grande-greve-geral\/","url":"https:\/\/psol50.org.br\/israel-dutra-argentina-a-caminho-de-uma-grande-greve-geral\/","name":"Israel Dutra | Argentina a caminho de uma grande greve geral - PSOL 50","isPartOf":{"@id":"https:\/\/psol50.org.br\/#website"},"primaryImageOfPage":{"@id":"https:\/\/psol50.org.br\/israel-dutra-argentina-a-caminho-de-uma-grande-greve-geral\/#primaryimage"},"image":{"@id":"https:\/\/psol50.org.br\/israel-dutra-argentina-a-caminho-de-uma-grande-greve-geral\/#primaryimage"},"thumbnailUrl":"https:\/\/psol50.org.br\/inc\/uploads\/2018\/06\/Argentina.Manifestacao.Emergentes.jpg","datePublished":"2018-06-22T18:29:17+00:00","breadcrumb":{"@id":"https:\/\/psol50.org.br\/israel-dutra-argentina-a-caminho-de-uma-grande-greve-geral\/#breadcrumb"},"inLanguage":"pt-BR","potentialAction":[{"@type":"ReadAction","target":["https:\/\/psol50.org.br\/israel-dutra-argentina-a-caminho-de-uma-grande-greve-geral\/"]}]},{"@type":"ImageObject","inLanguage":"pt-BR","@id":"https:\/\/psol50.org.br\/israel-dutra-argentina-a-caminho-de-uma-grande-greve-geral\/#primaryimage","url":"https:\/\/psol50.org.br\/inc\/uploads\/2018\/06\/Argentina.Manifestacao.Emergentes.jpg","contentUrl":"https:\/\/psol50.org.br\/inc\/uploads\/2018\/06\/Argentina.Manifestacao.Emergentes.jpg","width":1800,"height":1200},{"@type":"BreadcrumbList","@id":"https:\/\/psol50.org.br\/israel-dutra-argentina-a-caminho-de-uma-grande-greve-geral\/#breadcrumb","itemListElement":[{"@type":"ListItem","position":1,"name":"In\u00edcio","item":"https:\/\/psol50.org.br\/"},{"@type":"ListItem","position":2,"name":"Israel Dutra | Argentina a caminho de uma grande greve geral"}]},{"@type":"WebSite","@id":"https:\/\/psol50.org.br\/#website","url":"https:\/\/psol50.org.br\/","name":"PSOL 50","description":"Site oficial do Partido Socialismo e Liberdade","publisher":{"@id":"https:\/\/psol50.org.br\/#organization"},"alternateName":"PSOL50","potentialAction":[{"@type":"SearchAction","target":{"@type":"EntryPoint","urlTemplate":"https:\/\/psol50.org.br\/?s={search_term_string}"},"query-input":{"@type":"PropertyValueSpecification","valueRequired":true,"valueName":"search_term_string"}}],"inLanguage":"pt-BR"},{"@type":"Organization","@id":"https:\/\/psol50.org.br\/#organization","name":"PSOL 50","alternateName":"PSOL 50","url":"https:\/\/psol50.org.br\/","logo":{"@type":"ImageObject","inLanguage":"pt-BR","@id":"https:\/\/psol50.org.br\/#\/schema\/logo\/image\/","url":"https:\/\/psol50.org.br\/inc\/uploads\/2018\/07\/capa.png","contentUrl":"https:\/\/psol50.org.br\/inc\/uploads\/2018\/07\/capa.png","width":1350,"height":900,"caption":"PSOL 50"},"image":{"@id":"https:\/\/psol50.org.br\/#\/schema\/logo\/image\/"},"sameAs":["https:\/\/www.facebook.com\/psol50","https:\/\/x.com\/psol50","https:\/\/www.instagram.com\/psol50\/","https:\/\/www.youtube.com\/channel\/UC7SnJS5o1os7a6CaiNabzcg"]},{"@type":"Person","@id":"https:\/\/psol50.org.br\/#\/schema\/person\/475dfa57d0b815993c714c2e96491fcd","name":"Comunica\u00e7\u00e3o PSOL","image":{"@type":"ImageObject","inLanguage":"pt-BR","@id":"https:\/\/psol50.org.br\/#\/schema\/person\/image\/","url":"https:\/\/secure.gravatar.com\/avatar\/b34fc4f4e468a4e51785917065a3db57b841f5c95dba6ad8c73aaf8f66f8f9bf?s=96&d=mm&r=g","contentUrl":"https:\/\/secure.gravatar.com\/avatar\/b34fc4f4e468a4e51785917065a3db57b841f5c95dba6ad8c73aaf8f66f8f9bf?s=96&d=mm&r=g","caption":"Comunica\u00e7\u00e3o PSOL"}}]}},"_links":{"self":[{"href":"https:\/\/psol50.org.br\/rest\/wp\/v2\/posts\/20993","targetHints":{"allow":["GET"]}}],"collection":[{"href":"https:\/\/psol50.org.br\/rest\/wp\/v2\/posts"}],"about":[{"href":"https:\/\/psol50.org.br\/rest\/wp\/v2\/types\/post"}],"author":[{"embeddable":true,"href":"https:\/\/psol50.org.br\/rest\/wp\/v2\/users\/2"}],"replies":[{"embeddable":true,"href":"https:\/\/psol50.org.br\/rest\/wp\/v2\/comments?post=20993"}],"version-history":[{"count":0,"href":"https:\/\/psol50.org.br\/rest\/wp\/v2\/posts\/20993\/revisions"}],"wp:featuredmedia":[{"embeddable":true,"href":"https:\/\/psol50.org.br\/rest\/wp\/v2\/media\/20994"}],"wp:attachment":[{"href":"https:\/\/psol50.org.br\/rest\/wp\/v2\/media?parent=20993"}],"wp:term":[{"taxonomy":"category","embeddable":true,"href":"https:\/\/psol50.org.br\/rest\/wp\/v2\/categories?post=20993"},{"taxonomy":"post_tag","embeddable":true,"href":"https:\/\/psol50.org.br\/rest\/wp\/v2\/tags?post=20993"}],"curies":[{"name":"wp","href":"https:\/\/api.w.org\/{rel}","templated":true}]}}