{"id":2100,"date":"2013-07-01T00:00:00","date_gmt":"2013-07-01T00:00:00","guid":{"rendered":"http:\/\/psol50.org.br\/arquivo\/2013\/07\/01\/mais-de-50-jornalistas-sofreram-algum-tipo-de-violencia-durante-protestos\/"},"modified":"2013-07-01T00:00:00","modified_gmt":"2013-07-01T00:00:00","slug":"mais-de-50-jornalistas-sofreram-algum-tipo-de-violencia-durante-protestos","status":"publish","type":"post","link":"https:\/\/psol50.org.br\/mais-de-50-jornalistas-sofreram-algum-tipo-de-violencia-durante-protestos\/","title":{"rendered":"Mais de 50 jornalistas sofreram algum tipo de viol\u00eancia durante protestos"},"content":{"rendered":"<p style=\"text-align: justify;\">\n\t<em>Das 53 ocorr\u00eancias levantadas pela Abraji, 34 se referem \u00e0 agress\u00e3o, hostilidade ou amea\u00e7a por parte da pol\u00edcia. Outros seis casos s\u00e3o de pris\u00e3o<\/em><\/p>\n<p>\tDesde o in\u00edcio dos protestos contra o aumento do pre\u00e7o das passagens de \u00f4nibus, mais de 50 profissionais da imprensa foram agredidos, hostilizados ou presos no Brasil. Levantamento realizado pela Associa\u00e7\u00e3o Brasileira de Jornalismo Investigativo (Abraji) com informa\u00e7\u00f5es de sindicatos, reda\u00e7\u00f5es e da ONG Rep\u00f3rteres Sem Fronteiras indica pelo menos 53 casos de viola\u00e7\u00e3o contra 52 jornalistas (o rep\u00f3rter Leandro Machado, da Folha de S.Paulo, foi preso num dia e agredido em outro).<\/p>\n<p>\tDas 53 ocorr\u00eancias levantadas, 34 se referem \u00e0 agress\u00e3o, hostilidade ou amea\u00e7a por parte da pol\u00edcia. Outros seis casos s\u00e3o de pris\u00e3o (por per\u00edodos que variam de poucos minutos at\u00e9 tr\u00eas dias \u2013 caso do rep\u00f3rter do portal Aprendiz Pedro Ribeiro Nogueira, indiciado por forma\u00e7\u00e3o de quadrilha). Outras 12 ocorr\u00eancias foram protagonizadas por manifestantes, e em um dos casos n\u00e3o foi poss\u00edvel identificar o que causou o ferimento a um profissional.<\/p>\n<p>\tO levantamento realizado pela Abraji \u00e9 parcial: h\u00e1 casos que podem n\u00e3o ter sido computados por diversas raz\u00f5es, inclusive quando ve\u00edculos ou jornalistas preferem n\u00e3o ter suas estat\u00edsticas divulgadas.<\/p>\n<p>\tForam registrados epis\u00f3dios de agress\u00e3o em 11 cidades brasileiras. S\u00e3o Paulo foi o local onde houve mais casos \u2013 25, quase a metade do total. Fortaleza vem logo em seguida, com seis casos. O Rio de Janeiro teve cinco. O jornal Folha de S.Paulo foi o ve\u00edculo com mais vitimas: 7 profissionais, entre rep\u00f3rteres e fot\u00f3grafos.<\/p>\n<p>&nbsp;<br \/>\n&nbsp;<\/p>\n","protected":false},"excerpt":{"rendered":"<p>Das 53 ocorr\u00eancias levantadas pela Abraji, 34 se referem \u00e0 agress\u00e3o, hostilidade ou amea\u00e7a por parte da pol\u00edcia. Outros seis casos s\u00e3o de pris\u00e3o Desde o in\u00edcio dos protestos contra o aumento do pre\u00e7o das passagens de \u00f4nibus, mais de 50 profissionais da imprensa foram agredidos, hostilizados ou presos no Brasil. Levantamento realizado pela Associa\u00e7\u00e3o [&hellip;]<\/p>\n","protected":false},"author":2,"featured_media":0,"comment_status":"open","ping_status":"open","sticky":false,"template":"","format":"standard","meta":{"_acf_changed":false,"footnotes":""},"categories":[4766],"tags":[],"class_list":{"0":"post-2100","1":"post","2":"type-post","3":"status-publish","4":"format-standard","6":"category-arquivo"},"acf":[],"yoast_head":"<!-- This site is optimized with the Yoast SEO plugin v26.5 - https:\/\/yoast.com\/wordpress\/plugins\/seo\/ -->\n<title>Mais de 50 jornalistas sofreram algum tipo de viol\u00eancia durante protestos - PSOL 50<\/title>\n<meta name=\"robots\" content=\"index, follow, max-snippet:-1, max-image-preview:large, max-video-preview:-1\" \/>\n<link rel=\"canonical\" href=\"https:\/\/psol50.org.br\/mais-de-50-jornalistas-sofreram-algum-tipo-de-violencia-durante-protestos\/\" \/>\n<meta property=\"og:locale\" content=\"pt_BR\" \/>\n<meta property=\"og:type\" content=\"article\" \/>\n<meta property=\"og:title\" content=\"Mais de 50 jornalistas sofreram algum tipo de viol\u00eancia durante protestos - PSOL 50\" \/>\n<meta property=\"og:description\" content=\"Das 53 ocorr\u00eancias levantadas pela Abraji, 34 se referem \u00e0 agress\u00e3o, hostilidade ou amea\u00e7a por parte da pol\u00edcia. Outros seis casos s\u00e3o de pris\u00e3o Desde o in\u00edcio dos protestos contra o aumento do pre\u00e7o das passagens de \u00f4nibus, mais de 50 profissionais da imprensa foram agredidos, hostilizados ou presos no Brasil. Levantamento realizado pela Associa\u00e7\u00e3o [&hellip;]\" \/>\n<meta property=\"og:url\" content=\"https:\/\/psol50.org.br\/mais-de-50-jornalistas-sofreram-algum-tipo-de-violencia-durante-protestos\/\" \/>\n<meta property=\"og:site_name\" content=\"PSOL 50\" \/>\n<meta property=\"article:publisher\" content=\"https:\/\/www.facebook.com\/psol50\" \/>\n<meta property=\"article:published_time\" content=\"2013-07-01T00:00:00+00:00\" \/>\n<meta property=\"og:image\" content=\"https:\/\/psol50.org.br\/inc\/uploads\/2018\/07\/capa.png\" \/>\n\t<meta property=\"og:image:width\" content=\"1350\" \/>\n\t<meta property=\"og:image:height\" content=\"900\" \/>\n\t<meta property=\"og:image:type\" content=\"image\/png\" \/>\n<meta name=\"author\" content=\"Comunica\u00e7\u00e3o PSOL\" \/>\n<meta name=\"twitter:card\" content=\"summary_large_image\" \/>\n<meta name=\"twitter:creator\" content=\"@psol50\" \/>\n<meta name=\"twitter:site\" content=\"@psol50\" \/>\n<meta name=\"twitter:label1\" content=\"Escrito por\" \/>\n\t<meta name=\"twitter:data1\" content=\"Comunica\u00e7\u00e3o PSOL\" \/>\n\t<meta name=\"twitter:label2\" content=\"Est. tempo de leitura\" \/>\n\t<meta name=\"twitter:data2\" content=\"1 minuto\" \/>\n<script type=\"application\/ld+json\" class=\"yoast-schema-graph\">{\"@context\":\"https:\/\/schema.org\",\"@graph\":[{\"@type\":\"Article\",\"@id\":\"https:\/\/psol50.org.br\/mais-de-50-jornalistas-sofreram-algum-tipo-de-violencia-durante-protestos\/#article\",\"isPartOf\":{\"@id\":\"https:\/\/psol50.org.br\/mais-de-50-jornalistas-sofreram-algum-tipo-de-violencia-durante-protestos\/\"},\"author\":{\"name\":\"Comunica\u00e7\u00e3o PSOL\",\"@id\":\"https:\/\/psol50.org.br\/#\/schema\/person\/475dfa57d0b815993c714c2e96491fcd\"},\"headline\":\"Mais de 50 jornalistas sofreram algum tipo de viol\u00eancia durante protestos\",\"datePublished\":\"2013-07-01T00:00:00+00:00\",\"mainEntityOfPage\":{\"@id\":\"https:\/\/psol50.org.br\/mais-de-50-jornalistas-sofreram-algum-tipo-de-violencia-durante-protestos\/\"},\"wordCount\":290,\"commentCount\":0,\"publisher\":{\"@id\":\"https:\/\/psol50.org.br\/#organization\"},\"articleSection\":[\"Arquivo\"],\"inLanguage\":\"pt-BR\",\"potentialAction\":[{\"@type\":\"CommentAction\",\"name\":\"Comment\",\"target\":[\"https:\/\/psol50.org.br\/mais-de-50-jornalistas-sofreram-algum-tipo-de-violencia-durante-protestos\/#respond\"]}]},{\"@type\":\"WebPage\",\"@id\":\"https:\/\/psol50.org.br\/mais-de-50-jornalistas-sofreram-algum-tipo-de-violencia-durante-protestos\/\",\"url\":\"https:\/\/psol50.org.br\/mais-de-50-jornalistas-sofreram-algum-tipo-de-violencia-durante-protestos\/\",\"name\":\"Mais de 50 jornalistas sofreram algum tipo de viol\u00eancia durante protestos - PSOL 50\",\"isPartOf\":{\"@id\":\"https:\/\/psol50.org.br\/#website\"},\"datePublished\":\"2013-07-01T00:00:00+00:00\",\"breadcrumb\":{\"@id\":\"https:\/\/psol50.org.br\/mais-de-50-jornalistas-sofreram-algum-tipo-de-violencia-durante-protestos\/#breadcrumb\"},\"inLanguage\":\"pt-BR\",\"potentialAction\":[{\"@type\":\"ReadAction\",\"target\":[\"https:\/\/psol50.org.br\/mais-de-50-jornalistas-sofreram-algum-tipo-de-violencia-durante-protestos\/\"]}]},{\"@type\":\"BreadcrumbList\",\"@id\":\"https:\/\/psol50.org.br\/mais-de-50-jornalistas-sofreram-algum-tipo-de-violencia-durante-protestos\/#breadcrumb\",\"itemListElement\":[{\"@type\":\"ListItem\",\"position\":1,\"name\":\"In\u00edcio\",\"item\":\"https:\/\/psol50.org.br\/\"},{\"@type\":\"ListItem\",\"position\":2,\"name\":\"Mais de 50 jornalistas sofreram algum tipo de viol\u00eancia durante protestos\"}]},{\"@type\":\"WebSite\",\"@id\":\"https:\/\/psol50.org.br\/#website\",\"url\":\"https:\/\/psol50.org.br\/\",\"name\":\"PSOL 50\",\"description\":\"Site oficial do Partido Socialismo e Liberdade\",\"publisher\":{\"@id\":\"https:\/\/psol50.org.br\/#organization\"},\"alternateName\":\"PSOL50\",\"potentialAction\":[{\"@type\":\"SearchAction\",\"target\":{\"@type\":\"EntryPoint\",\"urlTemplate\":\"https:\/\/psol50.org.br\/?s={search_term_string}\"},\"query-input\":{\"@type\":\"PropertyValueSpecification\",\"valueRequired\":true,\"valueName\":\"search_term_string\"}}],\"inLanguage\":\"pt-BR\"},{\"@type\":\"Organization\",\"@id\":\"https:\/\/psol50.org.br\/#organization\",\"name\":\"PSOL 50\",\"alternateName\":\"PSOL 50\",\"url\":\"https:\/\/psol50.org.br\/\",\"logo\":{\"@type\":\"ImageObject\",\"inLanguage\":\"pt-BR\",\"@id\":\"https:\/\/psol50.org.br\/#\/schema\/logo\/image\/\",\"url\":\"https:\/\/psol50.org.br\/inc\/uploads\/2018\/07\/capa.png\",\"contentUrl\":\"https:\/\/psol50.org.br\/inc\/uploads\/2018\/07\/capa.png\",\"width\":1350,\"height\":900,\"caption\":\"PSOL 50\"},\"image\":{\"@id\":\"https:\/\/psol50.org.br\/#\/schema\/logo\/image\/\"},\"sameAs\":[\"https:\/\/www.facebook.com\/psol50\",\"https:\/\/x.com\/psol50\",\"https:\/\/www.instagram.com\/psol50\/\",\"https:\/\/www.youtube.com\/channel\/UC7SnJS5o1os7a6CaiNabzcg\"]},{\"@type\":\"Person\",\"@id\":\"https:\/\/psol50.org.br\/#\/schema\/person\/475dfa57d0b815993c714c2e96491fcd\",\"name\":\"Comunica\u00e7\u00e3o PSOL\",\"image\":{\"@type\":\"ImageObject\",\"inLanguage\":\"pt-BR\",\"@id\":\"https:\/\/psol50.org.br\/#\/schema\/person\/image\/\",\"url\":\"https:\/\/secure.gravatar.com\/avatar\/b34fc4f4e468a4e51785917065a3db57b841f5c95dba6ad8c73aaf8f66f8f9bf?s=96&d=mm&r=g\",\"contentUrl\":\"https:\/\/secure.gravatar.com\/avatar\/b34fc4f4e468a4e51785917065a3db57b841f5c95dba6ad8c73aaf8f66f8f9bf?s=96&d=mm&r=g\",\"caption\":\"Comunica\u00e7\u00e3o PSOL\"}}]}<\/script>\n<!-- \/ Yoast SEO plugin. -->","yoast_head_json":{"title":"Mais de 50 jornalistas sofreram algum tipo de viol\u00eancia durante protestos - PSOL 50","robots":{"index":"index","follow":"follow","max-snippet":"max-snippet:-1","max-image-preview":"max-image-preview:large","max-video-preview":"max-video-preview:-1"},"canonical":"https:\/\/psol50.org.br\/mais-de-50-jornalistas-sofreram-algum-tipo-de-violencia-durante-protestos\/","og_locale":"pt_BR","og_type":"article","og_title":"Mais de 50 jornalistas sofreram algum tipo de viol\u00eancia durante protestos - PSOL 50","og_description":"Das 53 ocorr\u00eancias levantadas pela Abraji, 34 se referem \u00e0 agress\u00e3o, hostilidade ou amea\u00e7a por parte da pol\u00edcia. Outros seis casos s\u00e3o de pris\u00e3o Desde o in\u00edcio dos protestos contra o aumento do pre\u00e7o das passagens de \u00f4nibus, mais de 50 profissionais da imprensa foram agredidos, hostilizados ou presos no Brasil. Levantamento realizado pela Associa\u00e7\u00e3o [&hellip;]","og_url":"https:\/\/psol50.org.br\/mais-de-50-jornalistas-sofreram-algum-tipo-de-violencia-durante-protestos\/","og_site_name":"PSOL 50","article_publisher":"https:\/\/www.facebook.com\/psol50","article_published_time":"2013-07-01T00:00:00+00:00","og_image":[{"width":1350,"height":900,"url":"https:\/\/psol50.org.br\/inc\/uploads\/2018\/07\/capa.png","type":"image\/png"}],"author":"Comunica\u00e7\u00e3o PSOL","twitter_card":"summary_large_image","twitter_creator":"@psol50","twitter_site":"@psol50","twitter_misc":{"Escrito por":"Comunica\u00e7\u00e3o PSOL","Est. tempo de leitura":"1 minuto"},"schema":{"@context":"https:\/\/schema.org","@graph":[{"@type":"Article","@id":"https:\/\/psol50.org.br\/mais-de-50-jornalistas-sofreram-algum-tipo-de-violencia-durante-protestos\/#article","isPartOf":{"@id":"https:\/\/psol50.org.br\/mais-de-50-jornalistas-sofreram-algum-tipo-de-violencia-durante-protestos\/"},"author":{"name":"Comunica\u00e7\u00e3o PSOL","@id":"https:\/\/psol50.org.br\/#\/schema\/person\/475dfa57d0b815993c714c2e96491fcd"},"headline":"Mais de 50 jornalistas sofreram algum tipo de viol\u00eancia durante protestos","datePublished":"2013-07-01T00:00:00+00:00","mainEntityOfPage":{"@id":"https:\/\/psol50.org.br\/mais-de-50-jornalistas-sofreram-algum-tipo-de-violencia-durante-protestos\/"},"wordCount":290,"commentCount":0,"publisher":{"@id":"https:\/\/psol50.org.br\/#organization"},"articleSection":["Arquivo"],"inLanguage":"pt-BR","potentialAction":[{"@type":"CommentAction","name":"Comment","target":["https:\/\/psol50.org.br\/mais-de-50-jornalistas-sofreram-algum-tipo-de-violencia-durante-protestos\/#respond"]}]},{"@type":"WebPage","@id":"https:\/\/psol50.org.br\/mais-de-50-jornalistas-sofreram-algum-tipo-de-violencia-durante-protestos\/","url":"https:\/\/psol50.org.br\/mais-de-50-jornalistas-sofreram-algum-tipo-de-violencia-durante-protestos\/","name":"Mais de 50 jornalistas sofreram algum tipo de viol\u00eancia durante protestos - PSOL 50","isPartOf":{"@id":"https:\/\/psol50.org.br\/#website"},"datePublished":"2013-07-01T00:00:00+00:00","breadcrumb":{"@id":"https:\/\/psol50.org.br\/mais-de-50-jornalistas-sofreram-algum-tipo-de-violencia-durante-protestos\/#breadcrumb"},"inLanguage":"pt-BR","potentialAction":[{"@type":"ReadAction","target":["https:\/\/psol50.org.br\/mais-de-50-jornalistas-sofreram-algum-tipo-de-violencia-durante-protestos\/"]}]},{"@type":"BreadcrumbList","@id":"https:\/\/psol50.org.br\/mais-de-50-jornalistas-sofreram-algum-tipo-de-violencia-durante-protestos\/#breadcrumb","itemListElement":[{"@type":"ListItem","position":1,"name":"In\u00edcio","item":"https:\/\/psol50.org.br\/"},{"@type":"ListItem","position":2,"name":"Mais de 50 jornalistas sofreram algum tipo de viol\u00eancia durante protestos"}]},{"@type":"WebSite","@id":"https:\/\/psol50.org.br\/#website","url":"https:\/\/psol50.org.br\/","name":"PSOL 50","description":"Site oficial do Partido Socialismo e Liberdade","publisher":{"@id":"https:\/\/psol50.org.br\/#organization"},"alternateName":"PSOL50","potentialAction":[{"@type":"SearchAction","target":{"@type":"EntryPoint","urlTemplate":"https:\/\/psol50.org.br\/?s={search_term_string}"},"query-input":{"@type":"PropertyValueSpecification","valueRequired":true,"valueName":"search_term_string"}}],"inLanguage":"pt-BR"},{"@type":"Organization","@id":"https:\/\/psol50.org.br\/#organization","name":"PSOL 50","alternateName":"PSOL 50","url":"https:\/\/psol50.org.br\/","logo":{"@type":"ImageObject","inLanguage":"pt-BR","@id":"https:\/\/psol50.org.br\/#\/schema\/logo\/image\/","url":"https:\/\/psol50.org.br\/inc\/uploads\/2018\/07\/capa.png","contentUrl":"https:\/\/psol50.org.br\/inc\/uploads\/2018\/07\/capa.png","width":1350,"height":900,"caption":"PSOL 50"},"image":{"@id":"https:\/\/psol50.org.br\/#\/schema\/logo\/image\/"},"sameAs":["https:\/\/www.facebook.com\/psol50","https:\/\/x.com\/psol50","https:\/\/www.instagram.com\/psol50\/","https:\/\/www.youtube.com\/channel\/UC7SnJS5o1os7a6CaiNabzcg"]},{"@type":"Person","@id":"https:\/\/psol50.org.br\/#\/schema\/person\/475dfa57d0b815993c714c2e96491fcd","name":"Comunica\u00e7\u00e3o PSOL","image":{"@type":"ImageObject","inLanguage":"pt-BR","@id":"https:\/\/psol50.org.br\/#\/schema\/person\/image\/","url":"https:\/\/secure.gravatar.com\/avatar\/b34fc4f4e468a4e51785917065a3db57b841f5c95dba6ad8c73aaf8f66f8f9bf?s=96&d=mm&r=g","contentUrl":"https:\/\/secure.gravatar.com\/avatar\/b34fc4f4e468a4e51785917065a3db57b841f5c95dba6ad8c73aaf8f66f8f9bf?s=96&d=mm&r=g","caption":"Comunica\u00e7\u00e3o PSOL"}}]}},"_links":{"self":[{"href":"https:\/\/psol50.org.br\/rest\/wp\/v2\/posts\/2100","targetHints":{"allow":["GET"]}}],"collection":[{"href":"https:\/\/psol50.org.br\/rest\/wp\/v2\/posts"}],"about":[{"href":"https:\/\/psol50.org.br\/rest\/wp\/v2\/types\/post"}],"author":[{"embeddable":true,"href":"https:\/\/psol50.org.br\/rest\/wp\/v2\/users\/2"}],"replies":[{"embeddable":true,"href":"https:\/\/psol50.org.br\/rest\/wp\/v2\/comments?post=2100"}],"version-history":[{"count":0,"href":"https:\/\/psol50.org.br\/rest\/wp\/v2\/posts\/2100\/revisions"}],"wp:attachment":[{"href":"https:\/\/psol50.org.br\/rest\/wp\/v2\/media?parent=2100"}],"wp:term":[{"taxonomy":"category","embeddable":true,"href":"https:\/\/psol50.org.br\/rest\/wp\/v2\/categories?post=2100"},{"taxonomy":"post_tag","embeddable":true,"href":"https:\/\/psol50.org.br\/rest\/wp\/v2\/tags?post=2100"}],"curies":[{"name":"wp","href":"https:\/\/api.w.org\/{rel}","templated":true}]}}