{"id":21023,"date":"2018-06-26T13:11:22","date_gmt":"2018-06-26T16:11:22","guid":{"rendered":"https:\/\/www.psol50.org.br\/?p=21023"},"modified":"2018-06-26T13:11:22","modified_gmt":"2018-06-26T16:11:22","slug":"vai-ter-psol-em-minas-gerais","status":"publish","type":"post","link":"https:\/\/psol50.org.br\/vai-ter-psol-em-minas-gerais\/","title":{"rendered":"Vai ter PSOL em Minas Gerais!"},"content":{"rendered":"<p><em>Por Sara Azevedo, pr\u00e9-candidata a cogovernadora de Minas Gerais pelo PSOL<\/em><\/p>\n<p>Nas elei\u00e7\u00f5es de 2018, no estado de Minas Gerais, as primeiras pesquisas divulgadas mostram as o descontentamento do povo contra os velhos pol\u00edticos. A pesquisa divulgada nesta ter\u00e7a-feira (26) pelo DataPoder360 apresenta a marca de 27 a 30% de brancos e nulos demonstrando o rep\u00fadio aos velhos pol\u00edticos do regime e a decep\u00e7\u00e3o com o governo do estado, hoje de Fernando Pimentel (PT).<\/p>\n<p>A partir disso, o PSOL surge como o novo. Sendo a \u00fanica candidata mulher no pleito, Dirlene Marques apresenta a radicalidade do discurso em oposi\u00e7\u00e3o aos 3 candidatos \u00e0 sua frente. Em 4\u00ba lugar, os 5% das inten\u00e7\u00f5es de voto demonstram a for\u00e7a das nossas id\u00e9ias e o crescente espa\u00e7o a esquerda no estado.<\/p>\n<p>Temos ainda um caminho a percorrer, por\u00e9m largamos na frente e vamos disputar pra chegar no segundo turno.<\/p>\n<p>Confira os dados da pesquisa:<\/p>\n<p><img loading=\"lazy\" decoding=\"async\" class=\"alignleft size-medium wp-image-21027\" src=\"https:\/\/www.psol50.org.br\/inc\/uploads\/2018\/06\/pesquisa.poder360.MG_-500x600.jpeg\" alt=\"\" width=\"500\" height=\"600\" \/><\/p>\n","protected":false},"excerpt":{"rendered":"<p>Por Sara Azevedo, pr\u00e9-candidata a cogovernadora de Minas Gerais pelo PSOL Nas elei\u00e7\u00f5es de 2018, no estado de Minas Gerais, as primeiras pesquisas divulgadas mostram as o descontentamento do povo contra os velhos pol\u00edticos. A pesquisa divulgada nesta ter\u00e7a-feira (26) pelo DataPoder360 apresenta a marca de 27 a 30% de brancos e nulos demonstrando o [&hellip;]<\/p>\n","protected":false},"author":2,"featured_media":21024,"comment_status":"open","ping_status":"open","sticky":false,"template":"","format":"standard","meta":{"_acf_changed":false,"footnotes":""},"categories":[2165,654,6],"tags":[2557,1604,121,2598],"class_list":{"0":"post-21023","1":"post","2":"type-post","3":"status-publish","4":"format-standard","5":"has-post-thumbnail","7":"category-eleicoes-2018","8":"category-estados","9":"category-noticias","10":"tag-dirlene-marques","11":"tag-eleicoes-2018","12":"tag-minas-gerais","13":"tag-sara-azevedo"},"acf":[],"yoast_head":"<!-- This site is optimized with the Yoast SEO plugin v26.5 - https:\/\/yoast.com\/wordpress\/plugins\/seo\/ -->\n<title>Vai ter PSOL em Minas Gerais! - PSOL 50<\/title>\n<meta name=\"robots\" content=\"index, follow, max-snippet:-1, max-image-preview:large, max-video-preview:-1\" \/>\n<link rel=\"canonical\" href=\"https:\/\/psol50.org.br\/vai-ter-psol-em-minas-gerais\/\" \/>\n<meta property=\"og:locale\" content=\"pt_BR\" \/>\n<meta property=\"og:type\" content=\"article\" \/>\n<meta property=\"og:title\" content=\"Vai ter PSOL em Minas Gerais! - PSOL 50\" \/>\n<meta property=\"og:description\" content=\"Por Sara Azevedo, pr\u00e9-candidata a cogovernadora de Minas Gerais pelo PSOL Nas elei\u00e7\u00f5es de 2018, no estado de Minas Gerais, as primeiras pesquisas divulgadas mostram as o descontentamento do povo contra os velhos pol\u00edticos. A pesquisa divulgada nesta ter\u00e7a-feira (26) pelo DataPoder360 apresenta a marca de 27 a 30% de brancos e nulos demonstrando o [&hellip;]\" \/>\n<meta property=\"og:url\" content=\"https:\/\/psol50.org.br\/vai-ter-psol-em-minas-gerais\/\" \/>\n<meta property=\"og:site_name\" content=\"PSOL 50\" \/>\n<meta property=\"article:publisher\" content=\"https:\/\/www.facebook.com\/psol50\" \/>\n<meta property=\"article:published_time\" content=\"2018-06-26T16:11:22+00:00\" \/>\n<meta property=\"og:image\" content=\"https:\/\/psol50.org.br\/inc\/uploads\/2018\/06\/2018-06-26-13.10.52.jpg\" \/>\n\t<meta property=\"og:image:width\" content=\"1280\" \/>\n\t<meta property=\"og:image:height\" content=\"853\" \/>\n\t<meta property=\"og:image:type\" content=\"image\/jpeg\" \/>\n<meta name=\"author\" content=\"Comunica\u00e7\u00e3o PSOL\" \/>\n<meta name=\"twitter:card\" content=\"summary_large_image\" \/>\n<meta name=\"twitter:creator\" content=\"@psol50\" \/>\n<meta name=\"twitter:site\" content=\"@psol50\" \/>\n<meta name=\"twitter:label1\" content=\"Escrito por\" \/>\n\t<meta name=\"twitter:data1\" content=\"Comunica\u00e7\u00e3o PSOL\" \/>\n\t<meta name=\"twitter:label2\" content=\"Est. tempo de leitura\" \/>\n\t<meta name=\"twitter:data2\" content=\"1 minuto\" \/>\n<script type=\"application\/ld+json\" class=\"yoast-schema-graph\">{\"@context\":\"https:\/\/schema.org\",\"@graph\":[{\"@type\":\"Article\",\"@id\":\"https:\/\/psol50.org.br\/vai-ter-psol-em-minas-gerais\/#article\",\"isPartOf\":{\"@id\":\"https:\/\/psol50.org.br\/vai-ter-psol-em-minas-gerais\/\"},\"author\":{\"name\":\"Comunica\u00e7\u00e3o PSOL\",\"@id\":\"https:\/\/psol50.org.br\/#\/schema\/person\/475dfa57d0b815993c714c2e96491fcd\"},\"headline\":\"Vai ter PSOL em Minas Gerais!\",\"datePublished\":\"2018-06-26T16:11:22+00:00\",\"mainEntityOfPage\":{\"@id\":\"https:\/\/psol50.org.br\/vai-ter-psol-em-minas-gerais\/\"},\"wordCount\":162,\"commentCount\":0,\"publisher\":{\"@id\":\"https:\/\/psol50.org.br\/#organization\"},\"image\":{\"@id\":\"https:\/\/psol50.org.br\/vai-ter-psol-em-minas-gerais\/#primaryimage\"},\"thumbnailUrl\":\"https:\/\/psol50.org.br\/inc\/uploads\/2018\/06\/2018-06-26-13.10.52.jpg\",\"keywords\":[\"Dirlene Marques\",\"Elei\u00e7\u00f5es 2018\",\"Minas Gerais\",\"Sara Azevedo\"],\"articleSection\":[\"Elei\u00e7\u00f5es 2018\",\"Estados\",\"Not\u00edcias\"],\"inLanguage\":\"pt-BR\",\"potentialAction\":[{\"@type\":\"CommentAction\",\"name\":\"Comment\",\"target\":[\"https:\/\/psol50.org.br\/vai-ter-psol-em-minas-gerais\/#respond\"]}]},{\"@type\":\"WebPage\",\"@id\":\"https:\/\/psol50.org.br\/vai-ter-psol-em-minas-gerais\/\",\"url\":\"https:\/\/psol50.org.br\/vai-ter-psol-em-minas-gerais\/\",\"name\":\"Vai ter PSOL em Minas Gerais! - PSOL 50\",\"isPartOf\":{\"@id\":\"https:\/\/psol50.org.br\/#website\"},\"primaryImageOfPage\":{\"@id\":\"https:\/\/psol50.org.br\/vai-ter-psol-em-minas-gerais\/#primaryimage\"},\"image\":{\"@id\":\"https:\/\/psol50.org.br\/vai-ter-psol-em-minas-gerais\/#primaryimage\"},\"thumbnailUrl\":\"https:\/\/psol50.org.br\/inc\/uploads\/2018\/06\/2018-06-26-13.10.52.jpg\",\"datePublished\":\"2018-06-26T16:11:22+00:00\",\"breadcrumb\":{\"@id\":\"https:\/\/psol50.org.br\/vai-ter-psol-em-minas-gerais\/#breadcrumb\"},\"inLanguage\":\"pt-BR\",\"potentialAction\":[{\"@type\":\"ReadAction\",\"target\":[\"https:\/\/psol50.org.br\/vai-ter-psol-em-minas-gerais\/\"]}]},{\"@type\":\"ImageObject\",\"inLanguage\":\"pt-BR\",\"@id\":\"https:\/\/psol50.org.br\/vai-ter-psol-em-minas-gerais\/#primaryimage\",\"url\":\"https:\/\/psol50.org.br\/inc\/uploads\/2018\/06\/2018-06-26-13.10.52.jpg\",\"contentUrl\":\"https:\/\/psol50.org.br\/inc\/uploads\/2018\/06\/2018-06-26-13.10.52.jpg\",\"width\":1280,\"height\":853},{\"@type\":\"BreadcrumbList\",\"@id\":\"https:\/\/psol50.org.br\/vai-ter-psol-em-minas-gerais\/#breadcrumb\",\"itemListElement\":[{\"@type\":\"ListItem\",\"position\":1,\"name\":\"In\u00edcio\",\"item\":\"https:\/\/psol50.org.br\/\"},{\"@type\":\"ListItem\",\"position\":2,\"name\":\"Vai ter PSOL em Minas Gerais!\"}]},{\"@type\":\"WebSite\",\"@id\":\"https:\/\/psol50.org.br\/#website\",\"url\":\"https:\/\/psol50.org.br\/\",\"name\":\"PSOL 50\",\"description\":\"Site oficial do Partido Socialismo e Liberdade\",\"publisher\":{\"@id\":\"https:\/\/psol50.org.br\/#organization\"},\"alternateName\":\"PSOL50\",\"potentialAction\":[{\"@type\":\"SearchAction\",\"target\":{\"@type\":\"EntryPoint\",\"urlTemplate\":\"https:\/\/psol50.org.br\/?s={search_term_string}\"},\"query-input\":{\"@type\":\"PropertyValueSpecification\",\"valueRequired\":true,\"valueName\":\"search_term_string\"}}],\"inLanguage\":\"pt-BR\"},{\"@type\":\"Organization\",\"@id\":\"https:\/\/psol50.org.br\/#organization\",\"name\":\"PSOL 50\",\"alternateName\":\"PSOL 50\",\"url\":\"https:\/\/psol50.org.br\/\",\"logo\":{\"@type\":\"ImageObject\",\"inLanguage\":\"pt-BR\",\"@id\":\"https:\/\/psol50.org.br\/#\/schema\/logo\/image\/\",\"url\":\"https:\/\/psol50.org.br\/inc\/uploads\/2018\/07\/capa.png\",\"contentUrl\":\"https:\/\/psol50.org.br\/inc\/uploads\/2018\/07\/capa.png\",\"width\":1350,\"height\":900,\"caption\":\"PSOL 50\"},\"image\":{\"@id\":\"https:\/\/psol50.org.br\/#\/schema\/logo\/image\/\"},\"sameAs\":[\"https:\/\/www.facebook.com\/psol50\",\"https:\/\/x.com\/psol50\",\"https:\/\/www.instagram.com\/psol50\/\",\"https:\/\/www.youtube.com\/channel\/UC7SnJS5o1os7a6CaiNabzcg\"]},{\"@type\":\"Person\",\"@id\":\"https:\/\/psol50.org.br\/#\/schema\/person\/475dfa57d0b815993c714c2e96491fcd\",\"name\":\"Comunica\u00e7\u00e3o PSOL\",\"image\":{\"@type\":\"ImageObject\",\"inLanguage\":\"pt-BR\",\"@id\":\"https:\/\/psol50.org.br\/#\/schema\/person\/image\/\",\"url\":\"https:\/\/secure.gravatar.com\/avatar\/b34fc4f4e468a4e51785917065a3db57b841f5c95dba6ad8c73aaf8f66f8f9bf?s=96&d=mm&r=g\",\"contentUrl\":\"https:\/\/secure.gravatar.com\/avatar\/b34fc4f4e468a4e51785917065a3db57b841f5c95dba6ad8c73aaf8f66f8f9bf?s=96&d=mm&r=g\",\"caption\":\"Comunica\u00e7\u00e3o PSOL\"}}]}<\/script>\n<!-- \/ Yoast SEO plugin. -->","yoast_head_json":{"title":"Vai ter PSOL em Minas Gerais! - PSOL 50","robots":{"index":"index","follow":"follow","max-snippet":"max-snippet:-1","max-image-preview":"max-image-preview:large","max-video-preview":"max-video-preview:-1"},"canonical":"https:\/\/psol50.org.br\/vai-ter-psol-em-minas-gerais\/","og_locale":"pt_BR","og_type":"article","og_title":"Vai ter PSOL em Minas Gerais! - PSOL 50","og_description":"Por Sara Azevedo, pr\u00e9-candidata a cogovernadora de Minas Gerais pelo PSOL Nas elei\u00e7\u00f5es de 2018, no estado de Minas Gerais, as primeiras pesquisas divulgadas mostram as o descontentamento do povo contra os velhos pol\u00edticos. A pesquisa divulgada nesta ter\u00e7a-feira (26) pelo DataPoder360 apresenta a marca de 27 a 30% de brancos e nulos demonstrando o [&hellip;]","og_url":"https:\/\/psol50.org.br\/vai-ter-psol-em-minas-gerais\/","og_site_name":"PSOL 50","article_publisher":"https:\/\/www.facebook.com\/psol50","article_published_time":"2018-06-26T16:11:22+00:00","og_image":[{"width":1280,"height":853,"url":"https:\/\/psol50.org.br\/inc\/uploads\/2018\/06\/2018-06-26-13.10.52.jpg","type":"image\/jpeg"}],"author":"Comunica\u00e7\u00e3o PSOL","twitter_card":"summary_large_image","twitter_creator":"@psol50","twitter_site":"@psol50","twitter_misc":{"Escrito por":"Comunica\u00e7\u00e3o PSOL","Est. tempo de leitura":"1 minuto"},"schema":{"@context":"https:\/\/schema.org","@graph":[{"@type":"Article","@id":"https:\/\/psol50.org.br\/vai-ter-psol-em-minas-gerais\/#article","isPartOf":{"@id":"https:\/\/psol50.org.br\/vai-ter-psol-em-minas-gerais\/"},"author":{"name":"Comunica\u00e7\u00e3o PSOL","@id":"https:\/\/psol50.org.br\/#\/schema\/person\/475dfa57d0b815993c714c2e96491fcd"},"headline":"Vai ter PSOL em Minas Gerais!","datePublished":"2018-06-26T16:11:22+00:00","mainEntityOfPage":{"@id":"https:\/\/psol50.org.br\/vai-ter-psol-em-minas-gerais\/"},"wordCount":162,"commentCount":0,"publisher":{"@id":"https:\/\/psol50.org.br\/#organization"},"image":{"@id":"https:\/\/psol50.org.br\/vai-ter-psol-em-minas-gerais\/#primaryimage"},"thumbnailUrl":"https:\/\/psol50.org.br\/inc\/uploads\/2018\/06\/2018-06-26-13.10.52.jpg","keywords":["Dirlene Marques","Elei\u00e7\u00f5es 2018","Minas Gerais","Sara Azevedo"],"articleSection":["Elei\u00e7\u00f5es 2018","Estados","Not\u00edcias"],"inLanguage":"pt-BR","potentialAction":[{"@type":"CommentAction","name":"Comment","target":["https:\/\/psol50.org.br\/vai-ter-psol-em-minas-gerais\/#respond"]}]},{"@type":"WebPage","@id":"https:\/\/psol50.org.br\/vai-ter-psol-em-minas-gerais\/","url":"https:\/\/psol50.org.br\/vai-ter-psol-em-minas-gerais\/","name":"Vai ter PSOL em Minas Gerais! - PSOL 50","isPartOf":{"@id":"https:\/\/psol50.org.br\/#website"},"primaryImageOfPage":{"@id":"https:\/\/psol50.org.br\/vai-ter-psol-em-minas-gerais\/#primaryimage"},"image":{"@id":"https:\/\/psol50.org.br\/vai-ter-psol-em-minas-gerais\/#primaryimage"},"thumbnailUrl":"https:\/\/psol50.org.br\/inc\/uploads\/2018\/06\/2018-06-26-13.10.52.jpg","datePublished":"2018-06-26T16:11:22+00:00","breadcrumb":{"@id":"https:\/\/psol50.org.br\/vai-ter-psol-em-minas-gerais\/#breadcrumb"},"inLanguage":"pt-BR","potentialAction":[{"@type":"ReadAction","target":["https:\/\/psol50.org.br\/vai-ter-psol-em-minas-gerais\/"]}]},{"@type":"ImageObject","inLanguage":"pt-BR","@id":"https:\/\/psol50.org.br\/vai-ter-psol-em-minas-gerais\/#primaryimage","url":"https:\/\/psol50.org.br\/inc\/uploads\/2018\/06\/2018-06-26-13.10.52.jpg","contentUrl":"https:\/\/psol50.org.br\/inc\/uploads\/2018\/06\/2018-06-26-13.10.52.jpg","width":1280,"height":853},{"@type":"BreadcrumbList","@id":"https:\/\/psol50.org.br\/vai-ter-psol-em-minas-gerais\/#breadcrumb","itemListElement":[{"@type":"ListItem","position":1,"name":"In\u00edcio","item":"https:\/\/psol50.org.br\/"},{"@type":"ListItem","position":2,"name":"Vai ter PSOL em Minas Gerais!"}]},{"@type":"WebSite","@id":"https:\/\/psol50.org.br\/#website","url":"https:\/\/psol50.org.br\/","name":"PSOL 50","description":"Site oficial do Partido Socialismo e Liberdade","publisher":{"@id":"https:\/\/psol50.org.br\/#organization"},"alternateName":"PSOL50","potentialAction":[{"@type":"SearchAction","target":{"@type":"EntryPoint","urlTemplate":"https:\/\/psol50.org.br\/?s={search_term_string}"},"query-input":{"@type":"PropertyValueSpecification","valueRequired":true,"valueName":"search_term_string"}}],"inLanguage":"pt-BR"},{"@type":"Organization","@id":"https:\/\/psol50.org.br\/#organization","name":"PSOL 50","alternateName":"PSOL 50","url":"https:\/\/psol50.org.br\/","logo":{"@type":"ImageObject","inLanguage":"pt-BR","@id":"https:\/\/psol50.org.br\/#\/schema\/logo\/image\/","url":"https:\/\/psol50.org.br\/inc\/uploads\/2018\/07\/capa.png","contentUrl":"https:\/\/psol50.org.br\/inc\/uploads\/2018\/07\/capa.png","width":1350,"height":900,"caption":"PSOL 50"},"image":{"@id":"https:\/\/psol50.org.br\/#\/schema\/logo\/image\/"},"sameAs":["https:\/\/www.facebook.com\/psol50","https:\/\/x.com\/psol50","https:\/\/www.instagram.com\/psol50\/","https:\/\/www.youtube.com\/channel\/UC7SnJS5o1os7a6CaiNabzcg"]},{"@type":"Person","@id":"https:\/\/psol50.org.br\/#\/schema\/person\/475dfa57d0b815993c714c2e96491fcd","name":"Comunica\u00e7\u00e3o PSOL","image":{"@type":"ImageObject","inLanguage":"pt-BR","@id":"https:\/\/psol50.org.br\/#\/schema\/person\/image\/","url":"https:\/\/secure.gravatar.com\/avatar\/b34fc4f4e468a4e51785917065a3db57b841f5c95dba6ad8c73aaf8f66f8f9bf?s=96&d=mm&r=g","contentUrl":"https:\/\/secure.gravatar.com\/avatar\/b34fc4f4e468a4e51785917065a3db57b841f5c95dba6ad8c73aaf8f66f8f9bf?s=96&d=mm&r=g","caption":"Comunica\u00e7\u00e3o PSOL"}}]}},"_links":{"self":[{"href":"https:\/\/psol50.org.br\/rest\/wp\/v2\/posts\/21023","targetHints":{"allow":["GET"]}}],"collection":[{"href":"https:\/\/psol50.org.br\/rest\/wp\/v2\/posts"}],"about":[{"href":"https:\/\/psol50.org.br\/rest\/wp\/v2\/types\/post"}],"author":[{"embeddable":true,"href":"https:\/\/psol50.org.br\/rest\/wp\/v2\/users\/2"}],"replies":[{"embeddable":true,"href":"https:\/\/psol50.org.br\/rest\/wp\/v2\/comments?post=21023"}],"version-history":[{"count":0,"href":"https:\/\/psol50.org.br\/rest\/wp\/v2\/posts\/21023\/revisions"}],"wp:featuredmedia":[{"embeddable":true,"href":"https:\/\/psol50.org.br\/rest\/wp\/v2\/media\/21024"}],"wp:attachment":[{"href":"https:\/\/psol50.org.br\/rest\/wp\/v2\/media?parent=21023"}],"wp:term":[{"taxonomy":"category","embeddable":true,"href":"https:\/\/psol50.org.br\/rest\/wp\/v2\/categories?post=21023"},{"taxonomy":"post_tag","embeddable":true,"href":"https:\/\/psol50.org.br\/rest\/wp\/v2\/tags?post=21023"}],"curies":[{"name":"wp","href":"https:\/\/api.w.org\/{rel}","templated":true}]}}