{"id":21046,"date":"2018-06-29T14:04:16","date_gmt":"2018-06-29T17:04:16","guid":{"rendered":"https:\/\/www.psol50.org.br\/?p=21046"},"modified":"2018-06-29T14:04:16","modified_gmt":"2018-06-29T17:04:16","slug":"chico-alencar-nem-as-criancas-escapam","status":"publish","type":"post","link":"https:\/\/psol50.org.br\/chico-alencar-nem-as-criancas-escapam\/","title":{"rendered":"Chico Alencar | Nem as crian\u00e7as escapam"},"content":{"rendered":"<p>\u201cMam\u00e3e, nunca senti tanta dor!\u201d; \u201cM\u00e3e, estou com muita sede!\u201d; Eles n\u00e3o viram que eu estava com roupa de escola, m\u00e3e?\u201d. Foram as palavras que Marcos Vinicius Silva, 14 anos, dirigiu \u00e0 sua m\u00e3e Bruna, j\u00e1 no leito do hospital onde viria a morrer, pouco depois.<\/p>\n<p>O garoto ia para escola naquela manh\u00e3 de quarta-feira e teve seu direito \u00e0 vida destro\u00e7ado. Foi v\u00edtima da irrespons\u00e1vel \u201copera\u00e7\u00e3o\u201d das for\u00e7as de seguran\u00e7a na comunidade da Mar\u00e9. Tiros e estilha\u00e7os tornaram seus \u00f3rg\u00e3os imprest\u00e1veis at\u00e9 para doa\u00e7\u00e3o, como seus pais desejavam. Um helic\u00f3ptero disparava rajadas sobre as ruas, completando o clima de terror. Com a blusa do uniforme ensanguentada nas m\u00e3os, Bruna encontrou for\u00e7as para clamar: \u201cvou fazer desse peda\u00e7o de pano um instrumento de justi\u00e7a\u201d.<\/p>\n<p>Era o 20 de junho, Dia de Luta contra o Exterm\u00ednio da Juventude Pobre e Negra, institu\u00eddo pela vereadora Marielle Franco. A data lembra a pris\u00e3o e a condena\u00e7\u00e3o arbitr\u00e1rias de Rafael Braga, na onda repressiva das jornadas de junho de 2013. A garrafa de desinfetante que portava foi transformada, pelas autoridades, em mat\u00e9ria-prima para fazer um \u201ccoquetel molotov\u201d. Marielle e Anderson foram executados h\u00e1 105 dias. A barb\u00e1rie clama por solu\u00e7\u00e3o, mas a investiga\u00e7\u00e3o vai lenta. H\u00e1 um m\u00eas, Michel Temer proclamou que a elucida\u00e7\u00e3o do caso viria \u201cem brev\u00edssimo tempo\u201d.<\/p>\n<p>No in\u00edcio da semana do ataque \u00e0 Mar\u00e9, a Comiss\u00e3o de Acompanhamento da Interven\u00e7\u00e3o na Seguran\u00e7a do Rio esteve com os generais que a comandam. Eles disseram que o mais importante \u00e9 o \u201clegado de planejamento\u201d que deixar\u00e3o. E que \u201ctoda pol\u00edcia tem que ser de proximidade\u201d. Nada disso foi praticado na Mar\u00e9, a n\u00e3o ser que \u201cproximidade\u201d seja entendida como ordem para matar nas ruas estreitas, em plena luz do dia.<\/p>\n<p>Nesse mesmo dia tr\u00e1gico, em Bras\u00edlia, deputados pastores rejeitaram mo\u00e7\u00e3o de rep\u00fadio apresentada pelo PSOL contra a aparta\u00e7\u00e3o de crian\u00e7as de seus pais, na pol\u00edtica de \u201ctoler\u00e2ncia zero\u201d com a imigra\u00e7\u00e3o implantada pelo governo dos EUA. Esses senhores da perversidade, que se dizem crist\u00e3os, formam a \u201cBancada de Trump\u201d no Parlamento brasileiro.<\/p>\n<p>Em fevereiro, o Ministro da Justi\u00e7a, Torquato Jardim, justificou, em entrevista ao Correio Braziliense, a suspeita sobre inocentes: \u201cvoc\u00ea v\u00ea uma crian\u00e7a bonitinha, de 12 anos, entrando na escola p\u00fablica, e n\u00e3o sabe o que ela vai fazer depois\u201d. Sua Excel\u00eancia, que comandou at\u00e9 pouco tempo a Pol\u00edcia Federal, sabe, a\u00ed sim, o que adultos muitos fazem, quando colocam terno e gravata: tenebrosas transa\u00e7\u00f5es, roubo, subtra\u00e7\u00e3o criminosa de direitos!<\/p>\n<p>Kelly \u00e9 uma jovem moradora da Mar\u00e9, m\u00e3e de Gael, que tem quatro anos. Ela encontrou uma f\u00f3rmula para responder ao filhinho sobre o porqu\u00ea dos constantes tiroteios (comuns em quase todo o Rio de Janeiro): \u201c\u00e9 um aviso pra gente correr e se abra\u00e7ar com a professora da creche, os amiguinhos ou a mam\u00e3e, se estiver perto\u201d. Marcos Vinicius n\u00e3o conseguiu fazer nem isso.<\/p>\n<p>Abracemo-nos, para tentar sobreviver nesses \u00e1speros tempos.<\/p>\n","protected":false},"excerpt":{"rendered":"<p>\u201cMam\u00e3e, nunca senti tanta dor!\u201d; \u201cM\u00e3e, estou com muita sede!\u201d; Eles n\u00e3o viram que eu estava com roupa de escola, m\u00e3e?\u201d. Foram as palavras que Marcos Vinicius Silva, 14 anos, dirigiu \u00e0 sua m\u00e3e Bruna, j\u00e1 no leito do hospital onde viria a morrer, pouco depois. O garoto ia para escola naquela manh\u00e3 de quarta-feira [&hellip;]<\/p>\n","protected":false},"author":2,"featured_media":21047,"comment_status":"open","ping_status":"open","sticky":false,"template":"","format":"standard","meta":{"_acf_changed":false,"footnotes":""},"categories":[3],"tags":[1680,764,2605,127],"class_list":{"0":"post-21046","1":"post","2":"type-post","3":"status-publish","4":"format-standard","5":"has-post-thumbnail","7":"category-artigos-e-entrevistas","8":"tag-chico-alencar","9":"tag-favela","10":"tag-marcos-vinicius","11":"tag-racismo"},"acf":[],"yoast_head":"<!-- This site is optimized with the Yoast SEO plugin v26.5 - https:\/\/yoast.com\/wordpress\/plugins\/seo\/ -->\n<title>Chico Alencar | Nem as crian\u00e7as escapam - PSOL 50<\/title>\n<meta name=\"robots\" content=\"index, follow, max-snippet:-1, max-image-preview:large, max-video-preview:-1\" \/>\n<link rel=\"canonical\" href=\"https:\/\/psol50.org.br\/chico-alencar-nem-as-criancas-escapam\/\" \/>\n<meta property=\"og:locale\" content=\"pt_BR\" \/>\n<meta property=\"og:type\" content=\"article\" \/>\n<meta property=\"og:title\" content=\"Chico Alencar | Nem as crian\u00e7as escapam - PSOL 50\" \/>\n<meta property=\"og:description\" content=\"\u201cMam\u00e3e, nunca senti tanta dor!\u201d; \u201cM\u00e3e, estou com muita sede!\u201d; Eles n\u00e3o viram que eu estava com roupa de escola, m\u00e3e?\u201d. Foram as palavras que Marcos Vinicius Silva, 14 anos, dirigiu \u00e0 sua m\u00e3e Bruna, j\u00e1 no leito do hospital onde viria a morrer, pouco depois. O garoto ia para escola naquela manh\u00e3 de quarta-feira [&hellip;]\" \/>\n<meta property=\"og:url\" content=\"https:\/\/psol50.org.br\/chico-alencar-nem-as-criancas-escapam\/\" \/>\n<meta property=\"og:site_name\" content=\"PSOL 50\" \/>\n<meta property=\"article:publisher\" content=\"https:\/\/www.facebook.com\/psol50\" \/>\n<meta property=\"article:published_time\" content=\"2018-06-29T17:04:16+00:00\" \/>\n<meta property=\"og:image\" content=\"https:\/\/psol50.org.br\/inc\/uploads\/2018\/06\/VidasFaveladasImportam.KatiTortorelli.Chama-2.jpg\" \/>\n\t<meta property=\"og:image:width\" content=\"1278\" \/>\n\t<meta property=\"og:image:height\" content=\"852\" \/>\n\t<meta property=\"og:image:type\" content=\"image\/jpeg\" \/>\n<meta name=\"author\" content=\"Comunica\u00e7\u00e3o PSOL\" \/>\n<meta name=\"twitter:card\" content=\"summary_large_image\" \/>\n<meta name=\"twitter:creator\" content=\"@psol50\" \/>\n<meta name=\"twitter:site\" content=\"@psol50\" \/>\n<meta name=\"twitter:label1\" content=\"Escrito por\" \/>\n\t<meta name=\"twitter:data1\" content=\"Comunica\u00e7\u00e3o PSOL\" \/>\n\t<meta name=\"twitter:label2\" content=\"Est. tempo de leitura\" \/>\n\t<meta name=\"twitter:data2\" content=\"3 minutos\" \/>\n<script type=\"application\/ld+json\" class=\"yoast-schema-graph\">{\"@context\":\"https:\/\/schema.org\",\"@graph\":[{\"@type\":\"Article\",\"@id\":\"https:\/\/psol50.org.br\/chico-alencar-nem-as-criancas-escapam\/#article\",\"isPartOf\":{\"@id\":\"https:\/\/psol50.org.br\/chico-alencar-nem-as-criancas-escapam\/\"},\"author\":{\"name\":\"Comunica\u00e7\u00e3o PSOL\",\"@id\":\"https:\/\/psol50.org.br\/#\/schema\/person\/475dfa57d0b815993c714c2e96491fcd\"},\"headline\":\"Chico Alencar | Nem as crian\u00e7as escapam\",\"datePublished\":\"2018-06-29T17:04:16+00:00\",\"mainEntityOfPage\":{\"@id\":\"https:\/\/psol50.org.br\/chico-alencar-nem-as-criancas-escapam\/\"},\"wordCount\":539,\"commentCount\":0,\"publisher\":{\"@id\":\"https:\/\/psol50.org.br\/#organization\"},\"image\":{\"@id\":\"https:\/\/psol50.org.br\/chico-alencar-nem-as-criancas-escapam\/#primaryimage\"},\"thumbnailUrl\":\"https:\/\/psol50.org.br\/inc\/uploads\/2018\/06\/VidasFaveladasImportam.KatiTortorelli.Chama-2.jpg\",\"keywords\":[\"Chico Alencar\",\"favela\",\"marcos vinicius\",\"racismo\"],\"articleSection\":[\"Artigos\"],\"inLanguage\":\"pt-BR\",\"potentialAction\":[{\"@type\":\"CommentAction\",\"name\":\"Comment\",\"target\":[\"https:\/\/psol50.org.br\/chico-alencar-nem-as-criancas-escapam\/#respond\"]}]},{\"@type\":\"WebPage\",\"@id\":\"https:\/\/psol50.org.br\/chico-alencar-nem-as-criancas-escapam\/\",\"url\":\"https:\/\/psol50.org.br\/chico-alencar-nem-as-criancas-escapam\/\",\"name\":\"Chico Alencar | Nem as crian\u00e7as escapam - PSOL 50\",\"isPartOf\":{\"@id\":\"https:\/\/psol50.org.br\/#website\"},\"primaryImageOfPage\":{\"@id\":\"https:\/\/psol50.org.br\/chico-alencar-nem-as-criancas-escapam\/#primaryimage\"},\"image\":{\"@id\":\"https:\/\/psol50.org.br\/chico-alencar-nem-as-criancas-escapam\/#primaryimage\"},\"thumbnailUrl\":\"https:\/\/psol50.org.br\/inc\/uploads\/2018\/06\/VidasFaveladasImportam.KatiTortorelli.Chama-2.jpg\",\"datePublished\":\"2018-06-29T17:04:16+00:00\",\"breadcrumb\":{\"@id\":\"https:\/\/psol50.org.br\/chico-alencar-nem-as-criancas-escapam\/#breadcrumb\"},\"inLanguage\":\"pt-BR\",\"potentialAction\":[{\"@type\":\"ReadAction\",\"target\":[\"https:\/\/psol50.org.br\/chico-alencar-nem-as-criancas-escapam\/\"]}]},{\"@type\":\"ImageObject\",\"inLanguage\":\"pt-BR\",\"@id\":\"https:\/\/psol50.org.br\/chico-alencar-nem-as-criancas-escapam\/#primaryimage\",\"url\":\"https:\/\/psol50.org.br\/inc\/uploads\/2018\/06\/VidasFaveladasImportam.KatiTortorelli.Chama-2.jpg\",\"contentUrl\":\"https:\/\/psol50.org.br\/inc\/uploads\/2018\/06\/VidasFaveladasImportam.KatiTortorelli.Chama-2.jpg\",\"width\":1278,\"height\":852},{\"@type\":\"BreadcrumbList\",\"@id\":\"https:\/\/psol50.org.br\/chico-alencar-nem-as-criancas-escapam\/#breadcrumb\",\"itemListElement\":[{\"@type\":\"ListItem\",\"position\":1,\"name\":\"In\u00edcio\",\"item\":\"https:\/\/psol50.org.br\/\"},{\"@type\":\"ListItem\",\"position\":2,\"name\":\"Chico Alencar | Nem as crian\u00e7as escapam\"}]},{\"@type\":\"WebSite\",\"@id\":\"https:\/\/psol50.org.br\/#website\",\"url\":\"https:\/\/psol50.org.br\/\",\"name\":\"PSOL 50\",\"description\":\"Site oficial do Partido Socialismo e Liberdade\",\"publisher\":{\"@id\":\"https:\/\/psol50.org.br\/#organization\"},\"alternateName\":\"PSOL50\",\"potentialAction\":[{\"@type\":\"SearchAction\",\"target\":{\"@type\":\"EntryPoint\",\"urlTemplate\":\"https:\/\/psol50.org.br\/?s={search_term_string}\"},\"query-input\":{\"@type\":\"PropertyValueSpecification\",\"valueRequired\":true,\"valueName\":\"search_term_string\"}}],\"inLanguage\":\"pt-BR\"},{\"@type\":\"Organization\",\"@id\":\"https:\/\/psol50.org.br\/#organization\",\"name\":\"PSOL 50\",\"alternateName\":\"PSOL 50\",\"url\":\"https:\/\/psol50.org.br\/\",\"logo\":{\"@type\":\"ImageObject\",\"inLanguage\":\"pt-BR\",\"@id\":\"https:\/\/psol50.org.br\/#\/schema\/logo\/image\/\",\"url\":\"https:\/\/psol50.org.br\/inc\/uploads\/2018\/07\/capa.png\",\"contentUrl\":\"https:\/\/psol50.org.br\/inc\/uploads\/2018\/07\/capa.png\",\"width\":1350,\"height\":900,\"caption\":\"PSOL 50\"},\"image\":{\"@id\":\"https:\/\/psol50.org.br\/#\/schema\/logo\/image\/\"},\"sameAs\":[\"https:\/\/www.facebook.com\/psol50\",\"https:\/\/x.com\/psol50\",\"https:\/\/www.instagram.com\/psol50\/\",\"https:\/\/www.youtube.com\/channel\/UC7SnJS5o1os7a6CaiNabzcg\"]},{\"@type\":\"Person\",\"@id\":\"https:\/\/psol50.org.br\/#\/schema\/person\/475dfa57d0b815993c714c2e96491fcd\",\"name\":\"Comunica\u00e7\u00e3o PSOL\",\"image\":{\"@type\":\"ImageObject\",\"inLanguage\":\"pt-BR\",\"@id\":\"https:\/\/psol50.org.br\/#\/schema\/person\/image\/\",\"url\":\"https:\/\/secure.gravatar.com\/avatar\/b34fc4f4e468a4e51785917065a3db57b841f5c95dba6ad8c73aaf8f66f8f9bf?s=96&d=mm&r=g\",\"contentUrl\":\"https:\/\/secure.gravatar.com\/avatar\/b34fc4f4e468a4e51785917065a3db57b841f5c95dba6ad8c73aaf8f66f8f9bf?s=96&d=mm&r=g\",\"caption\":\"Comunica\u00e7\u00e3o PSOL\"}}]}<\/script>\n<!-- \/ Yoast SEO plugin. -->","yoast_head_json":{"title":"Chico Alencar | Nem as crian\u00e7as escapam - PSOL 50","robots":{"index":"index","follow":"follow","max-snippet":"max-snippet:-1","max-image-preview":"max-image-preview:large","max-video-preview":"max-video-preview:-1"},"canonical":"https:\/\/psol50.org.br\/chico-alencar-nem-as-criancas-escapam\/","og_locale":"pt_BR","og_type":"article","og_title":"Chico Alencar | Nem as crian\u00e7as escapam - PSOL 50","og_description":"\u201cMam\u00e3e, nunca senti tanta dor!\u201d; \u201cM\u00e3e, estou com muita sede!\u201d; Eles n\u00e3o viram que eu estava com roupa de escola, m\u00e3e?\u201d. Foram as palavras que Marcos Vinicius Silva, 14 anos, dirigiu \u00e0 sua m\u00e3e Bruna, j\u00e1 no leito do hospital onde viria a morrer, pouco depois. O garoto ia para escola naquela manh\u00e3 de quarta-feira [&hellip;]","og_url":"https:\/\/psol50.org.br\/chico-alencar-nem-as-criancas-escapam\/","og_site_name":"PSOL 50","article_publisher":"https:\/\/www.facebook.com\/psol50","article_published_time":"2018-06-29T17:04:16+00:00","og_image":[{"width":1278,"height":852,"url":"https:\/\/psol50.org.br\/inc\/uploads\/2018\/06\/VidasFaveladasImportam.KatiTortorelli.Chama-2.jpg","type":"image\/jpeg"}],"author":"Comunica\u00e7\u00e3o PSOL","twitter_card":"summary_large_image","twitter_creator":"@psol50","twitter_site":"@psol50","twitter_misc":{"Escrito por":"Comunica\u00e7\u00e3o PSOL","Est. tempo de leitura":"3 minutos"},"schema":{"@context":"https:\/\/schema.org","@graph":[{"@type":"Article","@id":"https:\/\/psol50.org.br\/chico-alencar-nem-as-criancas-escapam\/#article","isPartOf":{"@id":"https:\/\/psol50.org.br\/chico-alencar-nem-as-criancas-escapam\/"},"author":{"name":"Comunica\u00e7\u00e3o PSOL","@id":"https:\/\/psol50.org.br\/#\/schema\/person\/475dfa57d0b815993c714c2e96491fcd"},"headline":"Chico Alencar | Nem as crian\u00e7as escapam","datePublished":"2018-06-29T17:04:16+00:00","mainEntityOfPage":{"@id":"https:\/\/psol50.org.br\/chico-alencar-nem-as-criancas-escapam\/"},"wordCount":539,"commentCount":0,"publisher":{"@id":"https:\/\/psol50.org.br\/#organization"},"image":{"@id":"https:\/\/psol50.org.br\/chico-alencar-nem-as-criancas-escapam\/#primaryimage"},"thumbnailUrl":"https:\/\/psol50.org.br\/inc\/uploads\/2018\/06\/VidasFaveladasImportam.KatiTortorelli.Chama-2.jpg","keywords":["Chico Alencar","favela","marcos vinicius","racismo"],"articleSection":["Artigos"],"inLanguage":"pt-BR","potentialAction":[{"@type":"CommentAction","name":"Comment","target":["https:\/\/psol50.org.br\/chico-alencar-nem-as-criancas-escapam\/#respond"]}]},{"@type":"WebPage","@id":"https:\/\/psol50.org.br\/chico-alencar-nem-as-criancas-escapam\/","url":"https:\/\/psol50.org.br\/chico-alencar-nem-as-criancas-escapam\/","name":"Chico Alencar | Nem as crian\u00e7as escapam - PSOL 50","isPartOf":{"@id":"https:\/\/psol50.org.br\/#website"},"primaryImageOfPage":{"@id":"https:\/\/psol50.org.br\/chico-alencar-nem-as-criancas-escapam\/#primaryimage"},"image":{"@id":"https:\/\/psol50.org.br\/chico-alencar-nem-as-criancas-escapam\/#primaryimage"},"thumbnailUrl":"https:\/\/psol50.org.br\/inc\/uploads\/2018\/06\/VidasFaveladasImportam.KatiTortorelli.Chama-2.jpg","datePublished":"2018-06-29T17:04:16+00:00","breadcrumb":{"@id":"https:\/\/psol50.org.br\/chico-alencar-nem-as-criancas-escapam\/#breadcrumb"},"inLanguage":"pt-BR","potentialAction":[{"@type":"ReadAction","target":["https:\/\/psol50.org.br\/chico-alencar-nem-as-criancas-escapam\/"]}]},{"@type":"ImageObject","inLanguage":"pt-BR","@id":"https:\/\/psol50.org.br\/chico-alencar-nem-as-criancas-escapam\/#primaryimage","url":"https:\/\/psol50.org.br\/inc\/uploads\/2018\/06\/VidasFaveladasImportam.KatiTortorelli.Chama-2.jpg","contentUrl":"https:\/\/psol50.org.br\/inc\/uploads\/2018\/06\/VidasFaveladasImportam.KatiTortorelli.Chama-2.jpg","width":1278,"height":852},{"@type":"BreadcrumbList","@id":"https:\/\/psol50.org.br\/chico-alencar-nem-as-criancas-escapam\/#breadcrumb","itemListElement":[{"@type":"ListItem","position":1,"name":"In\u00edcio","item":"https:\/\/psol50.org.br\/"},{"@type":"ListItem","position":2,"name":"Chico Alencar | Nem as crian\u00e7as escapam"}]},{"@type":"WebSite","@id":"https:\/\/psol50.org.br\/#website","url":"https:\/\/psol50.org.br\/","name":"PSOL 50","description":"Site oficial do Partido Socialismo e Liberdade","publisher":{"@id":"https:\/\/psol50.org.br\/#organization"},"alternateName":"PSOL50","potentialAction":[{"@type":"SearchAction","target":{"@type":"EntryPoint","urlTemplate":"https:\/\/psol50.org.br\/?s={search_term_string}"},"query-input":{"@type":"PropertyValueSpecification","valueRequired":true,"valueName":"search_term_string"}}],"inLanguage":"pt-BR"},{"@type":"Organization","@id":"https:\/\/psol50.org.br\/#organization","name":"PSOL 50","alternateName":"PSOL 50","url":"https:\/\/psol50.org.br\/","logo":{"@type":"ImageObject","inLanguage":"pt-BR","@id":"https:\/\/psol50.org.br\/#\/schema\/logo\/image\/","url":"https:\/\/psol50.org.br\/inc\/uploads\/2018\/07\/capa.png","contentUrl":"https:\/\/psol50.org.br\/inc\/uploads\/2018\/07\/capa.png","width":1350,"height":900,"caption":"PSOL 50"},"image":{"@id":"https:\/\/psol50.org.br\/#\/schema\/logo\/image\/"},"sameAs":["https:\/\/www.facebook.com\/psol50","https:\/\/x.com\/psol50","https:\/\/www.instagram.com\/psol50\/","https:\/\/www.youtube.com\/channel\/UC7SnJS5o1os7a6CaiNabzcg"]},{"@type":"Person","@id":"https:\/\/psol50.org.br\/#\/schema\/person\/475dfa57d0b815993c714c2e96491fcd","name":"Comunica\u00e7\u00e3o PSOL","image":{"@type":"ImageObject","inLanguage":"pt-BR","@id":"https:\/\/psol50.org.br\/#\/schema\/person\/image\/","url":"https:\/\/secure.gravatar.com\/avatar\/b34fc4f4e468a4e51785917065a3db57b841f5c95dba6ad8c73aaf8f66f8f9bf?s=96&d=mm&r=g","contentUrl":"https:\/\/secure.gravatar.com\/avatar\/b34fc4f4e468a4e51785917065a3db57b841f5c95dba6ad8c73aaf8f66f8f9bf?s=96&d=mm&r=g","caption":"Comunica\u00e7\u00e3o PSOL"}}]}},"_links":{"self":[{"href":"https:\/\/psol50.org.br\/rest\/wp\/v2\/posts\/21046","targetHints":{"allow":["GET"]}}],"collection":[{"href":"https:\/\/psol50.org.br\/rest\/wp\/v2\/posts"}],"about":[{"href":"https:\/\/psol50.org.br\/rest\/wp\/v2\/types\/post"}],"author":[{"embeddable":true,"href":"https:\/\/psol50.org.br\/rest\/wp\/v2\/users\/2"}],"replies":[{"embeddable":true,"href":"https:\/\/psol50.org.br\/rest\/wp\/v2\/comments?post=21046"}],"version-history":[{"count":0,"href":"https:\/\/psol50.org.br\/rest\/wp\/v2\/posts\/21046\/revisions"}],"wp:featuredmedia":[{"embeddable":true,"href":"https:\/\/psol50.org.br\/rest\/wp\/v2\/media\/21047"}],"wp:attachment":[{"href":"https:\/\/psol50.org.br\/rest\/wp\/v2\/media?parent=21046"}],"wp:term":[{"taxonomy":"category","embeddable":true,"href":"https:\/\/psol50.org.br\/rest\/wp\/v2\/categories?post=21046"},{"taxonomy":"post_tag","embeddable":true,"href":"https:\/\/psol50.org.br\/rest\/wp\/v2\/tags?post=21046"}],"curies":[{"name":"wp","href":"https:\/\/api.w.org\/{rel}","templated":true}]}}