{"id":2105,"date":"2013-07-03T00:00:00","date_gmt":"2013-07-03T00:00:00","guid":{"rendered":"http:\/\/psol50.org.br\/arquivo\/2013\/07\/03\/morales-proibicao-de-voo-sobre-paises-europeus-responde-a-uma-politica-imperial\/"},"modified":"2013-07-03T00:00:00","modified_gmt":"2013-07-03T00:00:00","slug":"morales-proibicao-de-voo-sobre-paises-europeus-responde-a-uma-politica-imperial","status":"publish","type":"post","link":"https:\/\/psol50.org.br\/morales-proibicao-de-voo-sobre-paises-europeus-responde-a-uma-politica-imperial\/","title":{"rendered":"Morales: proibi\u00e7\u00e3o de voo sobre pa\u00edses europeus responde a uma &#8220;pol\u00edtica imperial&#8221;"},"content":{"rendered":"<div style=\"text-align: justify;\">\n\tO presidente da Bol\u00edvia, Evo Morales, afirmou nesta quarta-feira (03) que a proibi\u00e7\u00e3o de voo em terras europeias responde a uma &#8220;pol\u00edtica imperial que busca amedrontar e amea\u00e7ar a todos os pa\u00edses e governos que pensam diferente e n\u00e3o se rendem a interesses hegem\u00f4nicos&#8221;. No aeroporto de Viena, pouco antes de embarcar rumo a La Paz ap\u00f3s escala for\u00e7ada na \u00c1ustria, Morales ressaltou que &#8220;n\u00e3o nos deixaremos ser intimidados, esse \u00e9 o tempo dos povos&#8221;.<br \/>\n\t&nbsp;<br \/>\n\tMorales negou \u201cqualquer conduta irregular\u201d da aeronave presidencial, que vinha da R\u00fassia e foi desviada para a \u00c1ustria, devido a suspeitas dos governos da Fran\u00e7a e de Portugal de que o ex-agente estadunidense Edward Snowden estava a bordo. &#8220;N\u00e3o sou um criminoso&#8221;, disse ele. &#8220;N\u00e3o v\u00e3o nos assustar. Somos um pa\u00eds pequeno, mas com dignidade&#8221;, completou.<br \/>\n\t&nbsp;<br \/>\n\tO presidente boliviano contou que o embaixador espanhol em Viena, Alberto Carnero, esteve no aeroporto e pediu que ele tomasse o caf\u00e9 da manh\u00e3 dentro do avi\u00e3o. \u201cPara ver o avi\u00e3o e, no fundo, querer control\u00e1-lo. N\u00e3o sou nenhum criminoso para que me controlem o avi\u00e3o&#8221;, ressaltou o presidente, que no aeroporto, em Viena, reuniu-se com o presidente da \u00c1ustria, Heinz Fischer.<\/p>\n<p>\tNa capital austr\u00edaca, o avi\u00e3o n\u00e3o foi revistado, segundo o porta-voz do governo, por n\u00e3o haver raz\u00e3o legal para a a\u00e7\u00e3o. Morales regressava de Moscou (R\u00fassia) para La Paz, na Bol\u00edvia. Ele participou de uma reuni\u00e3o dos pa\u00edses produtores de g\u00e1s natural. A Bol\u00edvia \u00e9 um dos 21 pa\u00edses aos quais Snowden pediu asilo pol\u00edtico.<br \/>\n\t&nbsp;<br \/>\n\t<strong>Unasul<\/strong><br \/>\n\tMorales disse que quer convocar uma reuni\u00e3o de emerg\u00eancia da Unasul (Uni\u00e3o de Na\u00e7\u00f5es Sul-Americanas), que engloba 12 pa\u00edses inclusive o Brasil, para discutir a proibi\u00e7\u00e3o dos governos de Portugal e da Fran\u00e7a ao ingresso do avi\u00e3o boliviano no espa\u00e7o a\u00e9reo dos dois pa\u00edses. Diversos l\u00edderes sul-americanos declararam rep\u00fadio ao fato e sugeriram a convoca\u00e7\u00e3o de uma reuni\u00e3o do organismo.<br \/>\n\t&nbsp;<br \/>\n\tO ministro dos Neg\u00f3cios Estrangeiros da Bol\u00edvia, David Choquehuanca, disse que aguarda explica\u00e7\u00f5es das autoridades europeias. &#8220;N\u00e3o sabemos de onde veio essa informa\u00e7\u00e3o mal-intencionada, essa enorme mentira. Estamos a averiguar. Portugal e a Fran\u00e7a t\u00eam de nos dar explica\u00e7\u00f5es&#8221;, disse o chanceler.<br \/>\n\t&nbsp;<br \/>\n\tChoquehuanca disse que foi preparado um plano de voo alternativo, com a notifica\u00e7\u00e3o do governo da Fran\u00e7a de proibi\u00e7\u00e3o da aeronave sobrevoar o seu territ\u00f3rio. O chanceler confirmou que as autoridades de Portugal e da Fran\u00e7a suspeitavam de que o ex-agente estava a bordo.<br \/>\n\t&nbsp;<br \/>\n\tSnowden \u00e9 acusado de espionagem pelos Estados Unidos e est\u00e1 na R\u00fassia esperando a concess\u00e3o de asilo pol\u00edtico. O ex-agente denunciou que os estadunidenses monitoravam e-mails e liga\u00e7\u00f5es telef\u00f4nicas de cidad\u00e3os dentro e fora do pa\u00eds. H\u00e1 ainda informa\u00e7\u00f5es que comunica\u00e7\u00f5es da Uni\u00e3o Europeia tamb\u00e9m foram monitoradas. O estadunidense pediu asilo a 21 pa\u00edses, inclusive ao Brasil.<\/div>\n<p>&nbsp;<\/p>\n","protected":false},"excerpt":{"rendered":"<p>O presidente da Bol\u00edvia, Evo Morales, afirmou nesta quarta-feira (03) que a proibi\u00e7\u00e3o de voo em terras europeias responde a uma &#8220;pol\u00edtica imperial que busca amedrontar e amea\u00e7ar a todos os pa\u00edses e governos que pensam diferente e n\u00e3o se rendem a interesses hegem\u00f4nicos&#8221;. No aeroporto de Viena, pouco antes de embarcar rumo a La [&hellip;]<\/p>\n","protected":false},"author":2,"featured_media":0,"comment_status":"open","ping_status":"open","sticky":false,"template":"","format":"standard","meta":{"_acf_changed":false,"footnotes":""},"categories":[4766],"tags":[],"class_list":{"0":"post-2105","1":"post","2":"type-post","3":"status-publish","4":"format-standard","6":"category-arquivo"},"acf":[],"yoast_head":"<!-- This site is optimized with the Yoast SEO plugin v26.5 - https:\/\/yoast.com\/wordpress\/plugins\/seo\/ -->\n<title>Morales: proibi\u00e7\u00e3o de voo sobre pa\u00edses europeus responde a uma &quot;pol\u00edtica imperial&quot; - PSOL 50<\/title>\n<meta name=\"robots\" content=\"index, follow, max-snippet:-1, max-image-preview:large, max-video-preview:-1\" \/>\n<link rel=\"canonical\" href=\"https:\/\/psol50.org.br\/morales-proibicao-de-voo-sobre-paises-europeus-responde-a-uma-politica-imperial\/\" \/>\n<meta property=\"og:locale\" content=\"pt_BR\" \/>\n<meta property=\"og:type\" content=\"article\" \/>\n<meta property=\"og:title\" content=\"Morales: proibi\u00e7\u00e3o de voo sobre pa\u00edses europeus responde a uma &quot;pol\u00edtica imperial&quot; - PSOL 50\" \/>\n<meta property=\"og:description\" content=\"O presidente da Bol\u00edvia, Evo Morales, afirmou nesta quarta-feira (03) que a proibi\u00e7\u00e3o de voo em terras europeias responde a uma &#8220;pol\u00edtica imperial que busca amedrontar e amea\u00e7ar a todos os pa\u00edses e governos que pensam diferente e n\u00e3o se rendem a interesses hegem\u00f4nicos&#8221;. No aeroporto de Viena, pouco antes de embarcar rumo a La [&hellip;]\" \/>\n<meta property=\"og:url\" content=\"https:\/\/psol50.org.br\/morales-proibicao-de-voo-sobre-paises-europeus-responde-a-uma-politica-imperial\/\" \/>\n<meta property=\"og:site_name\" content=\"PSOL 50\" \/>\n<meta property=\"article:publisher\" content=\"https:\/\/www.facebook.com\/psol50\" \/>\n<meta property=\"article:published_time\" content=\"2013-07-03T00:00:00+00:00\" \/>\n<meta property=\"og:image\" content=\"https:\/\/psol50.org.br\/inc\/uploads\/2018\/07\/capa.png\" \/>\n\t<meta property=\"og:image:width\" content=\"1350\" \/>\n\t<meta property=\"og:image:height\" content=\"900\" \/>\n\t<meta property=\"og:image:type\" content=\"image\/png\" \/>\n<meta name=\"author\" content=\"Comunica\u00e7\u00e3o PSOL\" \/>\n<meta name=\"twitter:card\" content=\"summary_large_image\" \/>\n<meta name=\"twitter:creator\" content=\"@psol50\" \/>\n<meta name=\"twitter:site\" content=\"@psol50\" \/>\n<meta name=\"twitter:label1\" content=\"Escrito por\" \/>\n\t<meta name=\"twitter:data1\" content=\"Comunica\u00e7\u00e3o PSOL\" \/>\n\t<meta name=\"twitter:label2\" content=\"Est. tempo de leitura\" \/>\n\t<meta name=\"twitter:data2\" content=\"3 minutos\" \/>\n<script type=\"application\/ld+json\" class=\"yoast-schema-graph\">{\"@context\":\"https:\/\/schema.org\",\"@graph\":[{\"@type\":\"Article\",\"@id\":\"https:\/\/psol50.org.br\/morales-proibicao-de-voo-sobre-paises-europeus-responde-a-uma-politica-imperial\/#article\",\"isPartOf\":{\"@id\":\"https:\/\/psol50.org.br\/morales-proibicao-de-voo-sobre-paises-europeus-responde-a-uma-politica-imperial\/\"},\"author\":{\"name\":\"Comunica\u00e7\u00e3o PSOL\",\"@id\":\"https:\/\/psol50.org.br\/#\/schema\/person\/475dfa57d0b815993c714c2e96491fcd\"},\"headline\":\"Morales: proibi\u00e7\u00e3o de voo sobre pa\u00edses europeus responde a uma &#8220;pol\u00edtica imperial&#8221;\",\"datePublished\":\"2013-07-03T00:00:00+00:00\",\"mainEntityOfPage\":{\"@id\":\"https:\/\/psol50.org.br\/morales-proibicao-de-voo-sobre-paises-europeus-responde-a-uma-politica-imperial\/\"},\"wordCount\":542,\"commentCount\":0,\"publisher\":{\"@id\":\"https:\/\/psol50.org.br\/#organization\"},\"articleSection\":[\"Arquivo\"],\"inLanguage\":\"pt-BR\",\"potentialAction\":[{\"@type\":\"CommentAction\",\"name\":\"Comment\",\"target\":[\"https:\/\/psol50.org.br\/morales-proibicao-de-voo-sobre-paises-europeus-responde-a-uma-politica-imperial\/#respond\"]}]},{\"@type\":\"WebPage\",\"@id\":\"https:\/\/psol50.org.br\/morales-proibicao-de-voo-sobre-paises-europeus-responde-a-uma-politica-imperial\/\",\"url\":\"https:\/\/psol50.org.br\/morales-proibicao-de-voo-sobre-paises-europeus-responde-a-uma-politica-imperial\/\",\"name\":\"Morales: proibi\u00e7\u00e3o de voo sobre pa\u00edses europeus responde a uma \\\"pol\u00edtica imperial\\\" - PSOL 50\",\"isPartOf\":{\"@id\":\"https:\/\/psol50.org.br\/#website\"},\"datePublished\":\"2013-07-03T00:00:00+00:00\",\"breadcrumb\":{\"@id\":\"https:\/\/psol50.org.br\/morales-proibicao-de-voo-sobre-paises-europeus-responde-a-uma-politica-imperial\/#breadcrumb\"},\"inLanguage\":\"pt-BR\",\"potentialAction\":[{\"@type\":\"ReadAction\",\"target\":[\"https:\/\/psol50.org.br\/morales-proibicao-de-voo-sobre-paises-europeus-responde-a-uma-politica-imperial\/\"]}]},{\"@type\":\"BreadcrumbList\",\"@id\":\"https:\/\/psol50.org.br\/morales-proibicao-de-voo-sobre-paises-europeus-responde-a-uma-politica-imperial\/#breadcrumb\",\"itemListElement\":[{\"@type\":\"ListItem\",\"position\":1,\"name\":\"In\u00edcio\",\"item\":\"https:\/\/psol50.org.br\/\"},{\"@type\":\"ListItem\",\"position\":2,\"name\":\"Morales: proibi\u00e7\u00e3o de voo sobre pa\u00edses europeus responde a uma &#8220;pol\u00edtica imperial&#8221;\"}]},{\"@type\":\"WebSite\",\"@id\":\"https:\/\/psol50.org.br\/#website\",\"url\":\"https:\/\/psol50.org.br\/\",\"name\":\"PSOL 50\",\"description\":\"Site oficial do Partido Socialismo e Liberdade\",\"publisher\":{\"@id\":\"https:\/\/psol50.org.br\/#organization\"},\"alternateName\":\"PSOL50\",\"potentialAction\":[{\"@type\":\"SearchAction\",\"target\":{\"@type\":\"EntryPoint\",\"urlTemplate\":\"https:\/\/psol50.org.br\/?s={search_term_string}\"},\"query-input\":{\"@type\":\"PropertyValueSpecification\",\"valueRequired\":true,\"valueName\":\"search_term_string\"}}],\"inLanguage\":\"pt-BR\"},{\"@type\":\"Organization\",\"@id\":\"https:\/\/psol50.org.br\/#organization\",\"name\":\"PSOL 50\",\"alternateName\":\"PSOL 50\",\"url\":\"https:\/\/psol50.org.br\/\",\"logo\":{\"@type\":\"ImageObject\",\"inLanguage\":\"pt-BR\",\"@id\":\"https:\/\/psol50.org.br\/#\/schema\/logo\/image\/\",\"url\":\"https:\/\/psol50.org.br\/inc\/uploads\/2018\/07\/capa.png\",\"contentUrl\":\"https:\/\/psol50.org.br\/inc\/uploads\/2018\/07\/capa.png\",\"width\":1350,\"height\":900,\"caption\":\"PSOL 50\"},\"image\":{\"@id\":\"https:\/\/psol50.org.br\/#\/schema\/logo\/image\/\"},\"sameAs\":[\"https:\/\/www.facebook.com\/psol50\",\"https:\/\/x.com\/psol50\",\"https:\/\/www.instagram.com\/psol50\/\",\"https:\/\/www.youtube.com\/channel\/UC7SnJS5o1os7a6CaiNabzcg\"]},{\"@type\":\"Person\",\"@id\":\"https:\/\/psol50.org.br\/#\/schema\/person\/475dfa57d0b815993c714c2e96491fcd\",\"name\":\"Comunica\u00e7\u00e3o PSOL\",\"image\":{\"@type\":\"ImageObject\",\"inLanguage\":\"pt-BR\",\"@id\":\"https:\/\/psol50.org.br\/#\/schema\/person\/image\/\",\"url\":\"https:\/\/secure.gravatar.com\/avatar\/b34fc4f4e468a4e51785917065a3db57b841f5c95dba6ad8c73aaf8f66f8f9bf?s=96&d=mm&r=g\",\"contentUrl\":\"https:\/\/secure.gravatar.com\/avatar\/b34fc4f4e468a4e51785917065a3db57b841f5c95dba6ad8c73aaf8f66f8f9bf?s=96&d=mm&r=g\",\"caption\":\"Comunica\u00e7\u00e3o PSOL\"}}]}<\/script>\n<!-- \/ Yoast SEO plugin. -->","yoast_head_json":{"title":"Morales: proibi\u00e7\u00e3o de voo sobre pa\u00edses europeus responde a uma \"pol\u00edtica imperial\" - PSOL 50","robots":{"index":"index","follow":"follow","max-snippet":"max-snippet:-1","max-image-preview":"max-image-preview:large","max-video-preview":"max-video-preview:-1"},"canonical":"https:\/\/psol50.org.br\/morales-proibicao-de-voo-sobre-paises-europeus-responde-a-uma-politica-imperial\/","og_locale":"pt_BR","og_type":"article","og_title":"Morales: proibi\u00e7\u00e3o de voo sobre pa\u00edses europeus responde a uma \"pol\u00edtica imperial\" - PSOL 50","og_description":"O presidente da Bol\u00edvia, Evo Morales, afirmou nesta quarta-feira (03) que a proibi\u00e7\u00e3o de voo em terras europeias responde a uma &#8220;pol\u00edtica imperial que busca amedrontar e amea\u00e7ar a todos os pa\u00edses e governos que pensam diferente e n\u00e3o se rendem a interesses hegem\u00f4nicos&#8221;. No aeroporto de Viena, pouco antes de embarcar rumo a La [&hellip;]","og_url":"https:\/\/psol50.org.br\/morales-proibicao-de-voo-sobre-paises-europeus-responde-a-uma-politica-imperial\/","og_site_name":"PSOL 50","article_publisher":"https:\/\/www.facebook.com\/psol50","article_published_time":"2013-07-03T00:00:00+00:00","og_image":[{"width":1350,"height":900,"url":"https:\/\/psol50.org.br\/inc\/uploads\/2018\/07\/capa.png","type":"image\/png"}],"author":"Comunica\u00e7\u00e3o PSOL","twitter_card":"summary_large_image","twitter_creator":"@psol50","twitter_site":"@psol50","twitter_misc":{"Escrito por":"Comunica\u00e7\u00e3o PSOL","Est. tempo de leitura":"3 minutos"},"schema":{"@context":"https:\/\/schema.org","@graph":[{"@type":"Article","@id":"https:\/\/psol50.org.br\/morales-proibicao-de-voo-sobre-paises-europeus-responde-a-uma-politica-imperial\/#article","isPartOf":{"@id":"https:\/\/psol50.org.br\/morales-proibicao-de-voo-sobre-paises-europeus-responde-a-uma-politica-imperial\/"},"author":{"name":"Comunica\u00e7\u00e3o PSOL","@id":"https:\/\/psol50.org.br\/#\/schema\/person\/475dfa57d0b815993c714c2e96491fcd"},"headline":"Morales: proibi\u00e7\u00e3o de voo sobre pa\u00edses europeus responde a uma &#8220;pol\u00edtica imperial&#8221;","datePublished":"2013-07-03T00:00:00+00:00","mainEntityOfPage":{"@id":"https:\/\/psol50.org.br\/morales-proibicao-de-voo-sobre-paises-europeus-responde-a-uma-politica-imperial\/"},"wordCount":542,"commentCount":0,"publisher":{"@id":"https:\/\/psol50.org.br\/#organization"},"articleSection":["Arquivo"],"inLanguage":"pt-BR","potentialAction":[{"@type":"CommentAction","name":"Comment","target":["https:\/\/psol50.org.br\/morales-proibicao-de-voo-sobre-paises-europeus-responde-a-uma-politica-imperial\/#respond"]}]},{"@type":"WebPage","@id":"https:\/\/psol50.org.br\/morales-proibicao-de-voo-sobre-paises-europeus-responde-a-uma-politica-imperial\/","url":"https:\/\/psol50.org.br\/morales-proibicao-de-voo-sobre-paises-europeus-responde-a-uma-politica-imperial\/","name":"Morales: proibi\u00e7\u00e3o de voo sobre pa\u00edses europeus responde a uma \"pol\u00edtica imperial\" - PSOL 50","isPartOf":{"@id":"https:\/\/psol50.org.br\/#website"},"datePublished":"2013-07-03T00:00:00+00:00","breadcrumb":{"@id":"https:\/\/psol50.org.br\/morales-proibicao-de-voo-sobre-paises-europeus-responde-a-uma-politica-imperial\/#breadcrumb"},"inLanguage":"pt-BR","potentialAction":[{"@type":"ReadAction","target":["https:\/\/psol50.org.br\/morales-proibicao-de-voo-sobre-paises-europeus-responde-a-uma-politica-imperial\/"]}]},{"@type":"BreadcrumbList","@id":"https:\/\/psol50.org.br\/morales-proibicao-de-voo-sobre-paises-europeus-responde-a-uma-politica-imperial\/#breadcrumb","itemListElement":[{"@type":"ListItem","position":1,"name":"In\u00edcio","item":"https:\/\/psol50.org.br\/"},{"@type":"ListItem","position":2,"name":"Morales: proibi\u00e7\u00e3o de voo sobre pa\u00edses europeus responde a uma &#8220;pol\u00edtica imperial&#8221;"}]},{"@type":"WebSite","@id":"https:\/\/psol50.org.br\/#website","url":"https:\/\/psol50.org.br\/","name":"PSOL 50","description":"Site oficial do Partido Socialismo e Liberdade","publisher":{"@id":"https:\/\/psol50.org.br\/#organization"},"alternateName":"PSOL50","potentialAction":[{"@type":"SearchAction","target":{"@type":"EntryPoint","urlTemplate":"https:\/\/psol50.org.br\/?s={search_term_string}"},"query-input":{"@type":"PropertyValueSpecification","valueRequired":true,"valueName":"search_term_string"}}],"inLanguage":"pt-BR"},{"@type":"Organization","@id":"https:\/\/psol50.org.br\/#organization","name":"PSOL 50","alternateName":"PSOL 50","url":"https:\/\/psol50.org.br\/","logo":{"@type":"ImageObject","inLanguage":"pt-BR","@id":"https:\/\/psol50.org.br\/#\/schema\/logo\/image\/","url":"https:\/\/psol50.org.br\/inc\/uploads\/2018\/07\/capa.png","contentUrl":"https:\/\/psol50.org.br\/inc\/uploads\/2018\/07\/capa.png","width":1350,"height":900,"caption":"PSOL 50"},"image":{"@id":"https:\/\/psol50.org.br\/#\/schema\/logo\/image\/"},"sameAs":["https:\/\/www.facebook.com\/psol50","https:\/\/x.com\/psol50","https:\/\/www.instagram.com\/psol50\/","https:\/\/www.youtube.com\/channel\/UC7SnJS5o1os7a6CaiNabzcg"]},{"@type":"Person","@id":"https:\/\/psol50.org.br\/#\/schema\/person\/475dfa57d0b815993c714c2e96491fcd","name":"Comunica\u00e7\u00e3o PSOL","image":{"@type":"ImageObject","inLanguage":"pt-BR","@id":"https:\/\/psol50.org.br\/#\/schema\/person\/image\/","url":"https:\/\/secure.gravatar.com\/avatar\/b34fc4f4e468a4e51785917065a3db57b841f5c95dba6ad8c73aaf8f66f8f9bf?s=96&d=mm&r=g","contentUrl":"https:\/\/secure.gravatar.com\/avatar\/b34fc4f4e468a4e51785917065a3db57b841f5c95dba6ad8c73aaf8f66f8f9bf?s=96&d=mm&r=g","caption":"Comunica\u00e7\u00e3o PSOL"}}]}},"_links":{"self":[{"href":"https:\/\/psol50.org.br\/rest\/wp\/v2\/posts\/2105","targetHints":{"allow":["GET"]}}],"collection":[{"href":"https:\/\/psol50.org.br\/rest\/wp\/v2\/posts"}],"about":[{"href":"https:\/\/psol50.org.br\/rest\/wp\/v2\/types\/post"}],"author":[{"embeddable":true,"href":"https:\/\/psol50.org.br\/rest\/wp\/v2\/users\/2"}],"replies":[{"embeddable":true,"href":"https:\/\/psol50.org.br\/rest\/wp\/v2\/comments?post=2105"}],"version-history":[{"count":0,"href":"https:\/\/psol50.org.br\/rest\/wp\/v2\/posts\/2105\/revisions"}],"wp:attachment":[{"href":"https:\/\/psol50.org.br\/rest\/wp\/v2\/media?parent=2105"}],"wp:term":[{"taxonomy":"category","embeddable":true,"href":"https:\/\/psol50.org.br\/rest\/wp\/v2\/categories?post=2105"},{"taxonomy":"post_tag","embeddable":true,"href":"https:\/\/psol50.org.br\/rest\/wp\/v2\/tags?post=2105"}],"curies":[{"name":"wp","href":"https:\/\/api.w.org\/{rel}","templated":true}]}}