{"id":21056,"date":"2018-07-04T11:02:14","date_gmt":"2018-07-04T14:02:14","guid":{"rendered":"https:\/\/www.psol50.org.br\/?p=21056"},"modified":"2018-07-04T11:02:14","modified_gmt":"2018-07-04T14:02:14","slug":"israel-dutra-vitoria-de-obrador-o-dia-seguinte","status":"publish","type":"post","link":"https:\/\/psol50.org.br\/israel-dutra-vitoria-de-obrador-o-dia-seguinte\/","title":{"rendered":"Israel Dutra | Vit\u00f3ria de Obrador, o dia seguinte"},"content":{"rendered":"<p>Na segunda-feira, 2 de julho, enquanto escrevia essas linhas, o Brasil acabava de vencer a mexicana, com gols de Neymar e Firmino, encerrando a participa\u00e7\u00e3o do M\u00e9xico no Mundial. As ruas do centro hist\u00f3rico da capital mexicana lotadas, muitas bandeiras e camisetas por todo lado. O que chama aten\u00e7\u00e3o,no entanto, \u00e9 que o semblante do povo \u00e9 de felicidade e al\u00edvio. Isso s\u00f3 pode ser explicado por uma vit\u00f3ria de maior alcance, obtida poucas horas antes: o triunfo de Andres Manuel Lopez Obrador, como candidato por fora da casta, dos esquemas fraudulentos e dos m\u00e9todos violentos.<\/p>\n<p>A longa noite de festa foi precedida por uma tensa jornada eleitoral no domingo. Apenas na madrugada de s\u00e1bado para domingo, se registraram 7 novos assassinatos no interior do pa\u00eds, em virtude de raz\u00f5es pol\u00edticas. Acompanhei a vota\u00e7\u00e3o no distrito de Gustavo A Madero, o segundo mais populoso do pa\u00eds, na regi\u00e3o pr\u00f3xima aos cerros de Cualtepec. Pude ver a tens\u00e3o no ar, com o uso da viol\u00eancia, onde os caciques locais do PRD controlam com m\u00e3o de ferro, operadores e bandas paramilitares de lumpens e torcidas organizadas, parte da comunidade. Um pequeno postal da viol\u00eancia pol\u00edtica que fez dessa a campanha mais sangrenta da historia. Segundo a ONG \u201c Democracia sem pobreza\u201d, o voto foi \u201ccotado\u201d entre 500 e 10 mil pesos, dependendo da \u00e1rea onde havia oferta, o que equivale a cerca de 100 e 2230 reais.<\/p>\n<p>A tens\u00e3o do dia foi dissipada com os sintomas da confirma\u00e7\u00e3o da vit\u00f3ria. A ampla participa\u00e7\u00e3o eleitoral, superando 63% do padr\u00e3o de inscritos era a senha de que as massas utilizariam a c\u00e9dula eleitoral para golpear o regime corrupto das castas do PRI-PAN-PRD. Na Capital federal, o \u00edndice de participa\u00e7\u00e3o chegou a mais de 70%. Foi a derrota dos partidos que assinaram o \u201cpacto pelo M\u00e9xico\u201d, em 2012, para votar o plano das reformas neoliberais.<\/p>\n<p>Como nos dizeres da capa de La Jornada, edi\u00e7\u00e3o de 2 de julho, AMLO \u201carrasou\u201d. Segundo a metodologia de contagem r\u00e1pida do Instituto Nacional Eleitoral- os resultados oficiais come\u00e7am a ser registrados na quarta, dia 4 de julho, AMLO teria entre 52,9% do total de votos validos. Morena venceu as elei\u00e7\u00f5ees presidenciais em 31 dos 32 estados. Dos nove estados com governos em disputa, saiu vencedor nos mais importantes e populosos: Chiapas, Tabasco, Veracruz, Cidade do M\u00e9xico e Morelos. A nova conforma\u00e7\u00e3o das c\u00e1maras \u00e9 extremamente favor\u00e1vel. A coaliz\u00e3o encabe\u00e7ada por Morena deve ficar com 69 cadeiras no Senado, contra 39 da frente PAN-PRD e apenas 20 do PRI e aliados. Na C\u00e2mara dos deputados, seriam 310 eleitos pela frente de Obrador, 129 do PAN-PRD, restando 61 para a alian\u00e7a do PRI. Ou seja, AMLO ter\u00e1 quase dois ter\u00e7os do congresso de 500 deputados. Podemos falar num tsunami eleitoral.<\/p>\n<p>Al\u00e9m da maior vota\u00e7\u00e3o em trinta anos, AMLO deixou ferido de morte o regime e seus partidos tradicionais. O maior derrotado foi o PRI, do atual mandat\u00e1rio, Pe\u00f1a Nieto. Perdeu todos seus principais distritos, n\u00e3o venceu nenhum governo estadual e foi humilhado na pr\u00f3pria base hist\u00f3rica de Pena Nieto, Atlacomulco, Estado do M\u00e9xico. O outro que sai derrotado \u00e9 o PRD, na sua aposta de girar a direita na coliga\u00e7\u00e3o com o PAN. Perdeu seu basti\u00e3o na Cidade do M\u00e9xico, onde governava h\u00e1 duas d\u00e9cadas, com a vit\u00f3ria da estrela ascendente de Morena, Claudia Sheilbaum . Nas 16 prefeituras do Distrito Federal, Morena venceu em 11, arrasando por completo a base social e eleitoral do PRD.<\/p>\n<p>A noite de domingo foi de amplos festejos no centro hist\u00f3rico. Alegria e entusiasmo. AMLO anunciou sua vit\u00f3ria numa conferencia de imprensa no hotel Hilton, em frente a Alameda, j\u00e1 tomada por milhares de simpatizantes. Entoavam can\u00e7\u00f5es revolucionarias, num encontro de gera\u00e7\u00f5es, recordando os 50 anos de 1968 e os desaparecidos pol\u00edticos. Quando no tel\u00e3o montado, Pena Nieto discursou aceitando o resultado, ap\u00f3s o presidente do INE divulgar os dados iniciais, o povo gritava \u201cassassino\u201d contra o presidente derrotado, contando at\u00e9 43 em alus\u00e3o aos jovens de Aytozinapa. Em seguida, Obrador se desloca ao Zocalo, onde caminhadas de diferentes regi\u00f5es convergem, com centenas de milhares de pessoas, em marcha e transe nas principais ruas da cidade hist\u00f3rica, j\u00e1 em altas horas da noite. Foi not\u00e1vel a presen\u00e7a das bandeiras LGBT, de movimentos ind\u00edgenas, da bronca contra os partidos dominantes e a recorda\u00e7\u00e3o dos #43.<\/p>\n<p>AMLO prometeu n\u00e3o frustrar as expectativas, falou que se iniciava a \u201cQuarta Grande Transforma\u00e7\u00e3o\u201d, da defesa dos imigrantes nos Estados Unidos, dos direitos; que abriria um dialogo especial com as comunidades ind\u00edgenas e que colocaria como prioridade os aposentados e o aumento do sal\u00e1rio. Contudo, do ponto de vista da gest\u00e3o econ\u00f4mica, atuou para \u201ctranquilizar os mercados\u201d, afirmando que vai manter a independ\u00eancia do Banco Central e a disciplina fiscal.<\/p>\n<p>O dia seguinte levanta novas condi\u00e7\u00f5es da luta pol\u00edtica no M\u00e9xico. Ser\u00e1 capaz de liquidar o regime apodrecido? Como enfrentar as rela\u00e7\u00f5es com Estados Unidos? As duas grandes contradi\u00e7\u00f5es aparecem no centro do debate nacional. Trump conversou longamente com AMLO, por telefone. Em entrevista a TV Azteca, o novo presidente mexicano afirmou que lutaria por rela\u00e7\u00f5es \u201cjustas\u201d com o governo Trump.<\/p>\n<p>O governo ser\u00e1 composto por um gabinete plural, como est\u00e1 sendo chamado, com metade de participantes mulheres; o n\u00facleo econ\u00f4mico ficara de Alfonso Romo (chefe de Gabinete) e Carlos Urzua (ministro da Fazenda). Romo \u00e8 consultor de mercados financeiros e Urzua, que j\u00e1 foi secretario de finan\u00e7as da gest\u00e3o de AMLO na Cidade do M\u00e9xico, tem bom tr\u00e2nsito com o mercado e com representantes de bancos.<\/p>\n<p>Por um lado AMLO libera uma energia enorme, a partir do tsunami de Morena, para que o movimento social possa exigir um programa de mudan\u00e7as, atrav\u00e9s do cumprimento de plebiscitos e consultas para a revoga\u00e7\u00e3o das medidas como as reformas e privatiza\u00e7\u00f5es. Por outro lado, a press\u00e3o do mercado, das bolsas, sob o argumento da deprecia\u00e7\u00e3o da moeda local vai exigir de sua equipe econ\u00f4mica, a manuten\u00e7\u00e3o do ajuste e da austeridade.<\/p>\n<p>Para a esquerda radical os desafios s\u00e3o maiores do que sempre. Manter a independ\u00eancia pol\u00edtica e organizativa diante de AMLO e Morena, sem perder o di\u00e1logo com o sentimento de mudan\u00e7a que empodera as massas mexicanas. Como expressou o dirigente da CRS- Coordenadora Socialista Revolucionaria, Jose Luiz Hernandez:<\/p>\n<p>\u201cEstamos diante de um novo ciclo pol\u00edtico que abre novos e transcendentes caminhos para a esquerda : nem a critica ultra-esquerdista nem o seguidismo diante do novo governo s\u00e3o alternativa. Devemos construir um p\u00f3lo de esquerda que, sem sectarismo, ofere\u00e7a uma aut\u00eantica proposta alternativa de transi\u00e7\u00e3o democr\u00e1tica e de ruptura com as pol\u00edticas neoliberais\u201d<\/p>\n<p>Os rumos da situa\u00e7\u00e3o pol\u00edtica mexicana influenciam diretamente todo o continente. A tarefa da esquerda internacionalista \u00e9 acompanhar com paix\u00e3o o processo, abrindo di\u00e1logo para unificar as demandas democr\u00e1ticas junto \u00e0s dezenas de milh\u00f5es de mexicanos que vivem nos Estados Unidos. \u00c9 uma oportunidade in\u00e9dita de lutar com toda for\u00e7a contra os muros e fronteiras neoliberais.<\/p>\n","protected":false},"excerpt":{"rendered":"<p>Na segunda-feira, 2 de julho, enquanto escrevia essas linhas, o Brasil acabava de vencer a mexicana, com gols de Neymar e Firmino, encerrando a participa\u00e7\u00e3o do M\u00e9xico no Mundial. As ruas do centro hist\u00f3rico da capital mexicana lotadas, muitas bandeiras e camisetas por todo lado. O que chama aten\u00e7\u00e3o,no entanto, \u00e9 que o semblante do [&hellip;]<\/p>\n","protected":false},"author":2,"featured_media":21057,"comment_status":"open","ping_status":"open","sticky":false,"template":"","format":"standard","meta":{"_acf_changed":false,"footnotes":""},"categories":[707],"tags":[2609,2610,2611,1454,2612,2613,283],"class_list":{"0":"post-21056","1":"post","2":"type-post","3":"status-publish","4":"format-standard","5":"has-post-thumbnail","7":"category-secr-ri","8":"tag-amlo","9":"tag-andres-manuel-lopez-obrador","10":"tag-enrique-pena-nieto","11":"tag-israel-dutra","12":"tag-mexico","13":"tag-prd","14":"tag-presidente"},"acf":[],"yoast_head":"<!-- This site is optimized with the Yoast SEO plugin v26.5 - https:\/\/yoast.com\/wordpress\/plugins\/seo\/ -->\n<title>Israel Dutra | Vit\u00f3ria de Obrador, o dia seguinte - PSOL 50<\/title>\n<meta name=\"robots\" content=\"index, follow, max-snippet:-1, max-image-preview:large, max-video-preview:-1\" \/>\n<link rel=\"canonical\" href=\"https:\/\/psol50.org.br\/israel-dutra-vitoria-de-obrador-o-dia-seguinte\/\" \/>\n<meta property=\"og:locale\" content=\"pt_BR\" \/>\n<meta property=\"og:type\" content=\"article\" \/>\n<meta property=\"og:title\" content=\"Vit\u00f3ria de Obrador, o dia seguinte\" \/>\n<meta property=\"og:description\" content=\"Israel Dutra, secret\u00e1rio de Rela\u00e7\u00f5es Internacionais do PSOL, avalia o significado da vit\u00f3ria de Lopez Obrador para o povo mexicano\" \/>\n<meta property=\"og:url\" content=\"https:\/\/psol50.org.br\/israel-dutra-vitoria-de-obrador-o-dia-seguinte\/\" \/>\n<meta property=\"og:site_name\" content=\"PSOL 50\" \/>\n<meta property=\"article:publisher\" content=\"https:\/\/www.facebook.com\/psol50\" \/>\n<meta property=\"article:published_time\" content=\"2018-07-04T14:02:14+00:00\" \/>\n<meta property=\"og:image\" content=\"https:\/\/psol50.org.br\/inc\/uploads\/2018\/07\/Lopez_Obrador_Reproducao_Face.jpg\" \/>\n\t<meta property=\"og:image:width\" content=\"1350\" \/>\n\t<meta property=\"og:image:height\" content=\"752\" \/>\n\t<meta property=\"og:image:type\" content=\"image\/jpeg\" \/>\n<meta name=\"author\" content=\"Comunica\u00e7\u00e3o PSOL\" \/>\n<meta name=\"twitter:card\" content=\"summary_large_image\" \/>\n<meta name=\"twitter:title\" content=\"Vit\u00f3ria de Obrador, o dia seguinte\" \/>\n<meta name=\"twitter:description\" content=\"Israel Dutra, secret\u00e1rio de RI do PSOL, avalia o significado da vit\u00f3ria de Lopez Obrador para o povo mexicano\" \/>\n<meta name=\"twitter:creator\" content=\"@psol50\" \/>\n<meta name=\"twitter:site\" content=\"@psol50\" \/>\n<meta name=\"twitter:label1\" content=\"Escrito por\" \/>\n\t<meta name=\"twitter:data1\" content=\"Comunica\u00e7\u00e3o PSOL\" \/>\n\t<meta name=\"twitter:label2\" content=\"Est. tempo de leitura\" \/>\n\t<meta name=\"twitter:data2\" content=\"6 minutos\" \/>\n<script type=\"application\/ld+json\" class=\"yoast-schema-graph\">{\"@context\":\"https:\/\/schema.org\",\"@graph\":[{\"@type\":\"Article\",\"@id\":\"https:\/\/psol50.org.br\/israel-dutra-vitoria-de-obrador-o-dia-seguinte\/#article\",\"isPartOf\":{\"@id\":\"https:\/\/psol50.org.br\/israel-dutra-vitoria-de-obrador-o-dia-seguinte\/\"},\"author\":{\"name\":\"Comunica\u00e7\u00e3o PSOL\",\"@id\":\"https:\/\/psol50.org.br\/#\/schema\/person\/475dfa57d0b815993c714c2e96491fcd\"},\"headline\":\"Israel Dutra | Vit\u00f3ria de Obrador, o dia seguinte\",\"datePublished\":\"2018-07-04T14:02:14+00:00\",\"mainEntityOfPage\":{\"@id\":\"https:\/\/psol50.org.br\/israel-dutra-vitoria-de-obrador-o-dia-seguinte\/\"},\"wordCount\":1235,\"commentCount\":0,\"publisher\":{\"@id\":\"https:\/\/psol50.org.br\/#organization\"},\"image\":{\"@id\":\"https:\/\/psol50.org.br\/israel-dutra-vitoria-de-obrador-o-dia-seguinte\/#primaryimage\"},\"thumbnailUrl\":\"https:\/\/psol50.org.br\/inc\/uploads\/2018\/07\/Lopez_Obrador_Reproducao_Face.jpg\",\"keywords\":[\"AMLO\",\"Andres Manuel Lopez Obrador\",\"Enrique Pena Nieto\",\"Israel Dutra\",\"M\u00e9xico\",\"PRD\",\"presidente\"],\"articleSection\":[\"Secr. de RI\"],\"inLanguage\":\"pt-BR\",\"potentialAction\":[{\"@type\":\"CommentAction\",\"name\":\"Comment\",\"target\":[\"https:\/\/psol50.org.br\/israel-dutra-vitoria-de-obrador-o-dia-seguinte\/#respond\"]}]},{\"@type\":\"WebPage\",\"@id\":\"https:\/\/psol50.org.br\/israel-dutra-vitoria-de-obrador-o-dia-seguinte\/\",\"url\":\"https:\/\/psol50.org.br\/israel-dutra-vitoria-de-obrador-o-dia-seguinte\/\",\"name\":\"Israel Dutra | Vit\u00f3ria de Obrador, o dia seguinte - PSOL 50\",\"isPartOf\":{\"@id\":\"https:\/\/psol50.org.br\/#website\"},\"primaryImageOfPage\":{\"@id\":\"https:\/\/psol50.org.br\/israel-dutra-vitoria-de-obrador-o-dia-seguinte\/#primaryimage\"},\"image\":{\"@id\":\"https:\/\/psol50.org.br\/israel-dutra-vitoria-de-obrador-o-dia-seguinte\/#primaryimage\"},\"thumbnailUrl\":\"https:\/\/psol50.org.br\/inc\/uploads\/2018\/07\/Lopez_Obrador_Reproducao_Face.jpg\",\"datePublished\":\"2018-07-04T14:02:14+00:00\",\"breadcrumb\":{\"@id\":\"https:\/\/psol50.org.br\/israel-dutra-vitoria-de-obrador-o-dia-seguinte\/#breadcrumb\"},\"inLanguage\":\"pt-BR\",\"potentialAction\":[{\"@type\":\"ReadAction\",\"target\":[\"https:\/\/psol50.org.br\/israel-dutra-vitoria-de-obrador-o-dia-seguinte\/\"]}]},{\"@type\":\"ImageObject\",\"inLanguage\":\"pt-BR\",\"@id\":\"https:\/\/psol50.org.br\/israel-dutra-vitoria-de-obrador-o-dia-seguinte\/#primaryimage\",\"url\":\"https:\/\/psol50.org.br\/inc\/uploads\/2018\/07\/Lopez_Obrador_Reproducao_Face.jpg\",\"contentUrl\":\"https:\/\/psol50.org.br\/inc\/uploads\/2018\/07\/Lopez_Obrador_Reproducao_Face.jpg\",\"width\":1350,\"height\":752},{\"@type\":\"BreadcrumbList\",\"@id\":\"https:\/\/psol50.org.br\/israel-dutra-vitoria-de-obrador-o-dia-seguinte\/#breadcrumb\",\"itemListElement\":[{\"@type\":\"ListItem\",\"position\":1,\"name\":\"In\u00edcio\",\"item\":\"https:\/\/psol50.org.br\/\"},{\"@type\":\"ListItem\",\"position\":2,\"name\":\"Israel Dutra | Vit\u00f3ria de Obrador, o dia seguinte\"}]},{\"@type\":\"WebSite\",\"@id\":\"https:\/\/psol50.org.br\/#website\",\"url\":\"https:\/\/psol50.org.br\/\",\"name\":\"PSOL 50\",\"description\":\"Site oficial do Partido Socialismo e Liberdade\",\"publisher\":{\"@id\":\"https:\/\/psol50.org.br\/#organization\"},\"alternateName\":\"PSOL50\",\"potentialAction\":[{\"@type\":\"SearchAction\",\"target\":{\"@type\":\"EntryPoint\",\"urlTemplate\":\"https:\/\/psol50.org.br\/?s={search_term_string}\"},\"query-input\":{\"@type\":\"PropertyValueSpecification\",\"valueRequired\":true,\"valueName\":\"search_term_string\"}}],\"inLanguage\":\"pt-BR\"},{\"@type\":\"Organization\",\"@id\":\"https:\/\/psol50.org.br\/#organization\",\"name\":\"PSOL 50\",\"alternateName\":\"PSOL 50\",\"url\":\"https:\/\/psol50.org.br\/\",\"logo\":{\"@type\":\"ImageObject\",\"inLanguage\":\"pt-BR\",\"@id\":\"https:\/\/psol50.org.br\/#\/schema\/logo\/image\/\",\"url\":\"https:\/\/psol50.org.br\/inc\/uploads\/2018\/07\/capa.png\",\"contentUrl\":\"https:\/\/psol50.org.br\/inc\/uploads\/2018\/07\/capa.png\",\"width\":1350,\"height\":900,\"caption\":\"PSOL 50\"},\"image\":{\"@id\":\"https:\/\/psol50.org.br\/#\/schema\/logo\/image\/\"},\"sameAs\":[\"https:\/\/www.facebook.com\/psol50\",\"https:\/\/x.com\/psol50\",\"https:\/\/www.instagram.com\/psol50\/\",\"https:\/\/www.youtube.com\/channel\/UC7SnJS5o1os7a6CaiNabzcg\"]},{\"@type\":\"Person\",\"@id\":\"https:\/\/psol50.org.br\/#\/schema\/person\/475dfa57d0b815993c714c2e96491fcd\",\"name\":\"Comunica\u00e7\u00e3o PSOL\",\"image\":{\"@type\":\"ImageObject\",\"inLanguage\":\"pt-BR\",\"@id\":\"https:\/\/psol50.org.br\/#\/schema\/person\/image\/\",\"url\":\"https:\/\/secure.gravatar.com\/avatar\/b34fc4f4e468a4e51785917065a3db57b841f5c95dba6ad8c73aaf8f66f8f9bf?s=96&d=mm&r=g\",\"contentUrl\":\"https:\/\/secure.gravatar.com\/avatar\/b34fc4f4e468a4e51785917065a3db57b841f5c95dba6ad8c73aaf8f66f8f9bf?s=96&d=mm&r=g\",\"caption\":\"Comunica\u00e7\u00e3o PSOL\"}}]}<\/script>\n<!-- \/ Yoast SEO plugin. -->","yoast_head_json":{"title":"Israel Dutra | Vit\u00f3ria de Obrador, o dia seguinte - PSOL 50","robots":{"index":"index","follow":"follow","max-snippet":"max-snippet:-1","max-image-preview":"max-image-preview:large","max-video-preview":"max-video-preview:-1"},"canonical":"https:\/\/psol50.org.br\/israel-dutra-vitoria-de-obrador-o-dia-seguinte\/","og_locale":"pt_BR","og_type":"article","og_title":"Vit\u00f3ria de Obrador, o dia seguinte","og_description":"Israel Dutra, secret\u00e1rio de Rela\u00e7\u00f5es Internacionais do PSOL, avalia o significado da vit\u00f3ria de Lopez Obrador para o povo mexicano","og_url":"https:\/\/psol50.org.br\/israel-dutra-vitoria-de-obrador-o-dia-seguinte\/","og_site_name":"PSOL 50","article_publisher":"https:\/\/www.facebook.com\/psol50","article_published_time":"2018-07-04T14:02:14+00:00","og_image":[{"width":1350,"height":752,"url":"https:\/\/psol50.org.br\/inc\/uploads\/2018\/07\/Lopez_Obrador_Reproducao_Face.jpg","type":"image\/jpeg"}],"author":"Comunica\u00e7\u00e3o PSOL","twitter_card":"summary_large_image","twitter_title":"Vit\u00f3ria de Obrador, o dia seguinte","twitter_description":"Israel Dutra, secret\u00e1rio de RI do PSOL, avalia o significado da vit\u00f3ria de Lopez Obrador para o povo mexicano","twitter_creator":"@psol50","twitter_site":"@psol50","twitter_misc":{"Escrito por":"Comunica\u00e7\u00e3o PSOL","Est. tempo de leitura":"6 minutos"},"schema":{"@context":"https:\/\/schema.org","@graph":[{"@type":"Article","@id":"https:\/\/psol50.org.br\/israel-dutra-vitoria-de-obrador-o-dia-seguinte\/#article","isPartOf":{"@id":"https:\/\/psol50.org.br\/israel-dutra-vitoria-de-obrador-o-dia-seguinte\/"},"author":{"name":"Comunica\u00e7\u00e3o PSOL","@id":"https:\/\/psol50.org.br\/#\/schema\/person\/475dfa57d0b815993c714c2e96491fcd"},"headline":"Israel Dutra | Vit\u00f3ria de Obrador, o dia seguinte","datePublished":"2018-07-04T14:02:14+00:00","mainEntityOfPage":{"@id":"https:\/\/psol50.org.br\/israel-dutra-vitoria-de-obrador-o-dia-seguinte\/"},"wordCount":1235,"commentCount":0,"publisher":{"@id":"https:\/\/psol50.org.br\/#organization"},"image":{"@id":"https:\/\/psol50.org.br\/israel-dutra-vitoria-de-obrador-o-dia-seguinte\/#primaryimage"},"thumbnailUrl":"https:\/\/psol50.org.br\/inc\/uploads\/2018\/07\/Lopez_Obrador_Reproducao_Face.jpg","keywords":["AMLO","Andres Manuel Lopez Obrador","Enrique Pena Nieto","Israel Dutra","M\u00e9xico","PRD","presidente"],"articleSection":["Secr. de RI"],"inLanguage":"pt-BR","potentialAction":[{"@type":"CommentAction","name":"Comment","target":["https:\/\/psol50.org.br\/israel-dutra-vitoria-de-obrador-o-dia-seguinte\/#respond"]}]},{"@type":"WebPage","@id":"https:\/\/psol50.org.br\/israel-dutra-vitoria-de-obrador-o-dia-seguinte\/","url":"https:\/\/psol50.org.br\/israel-dutra-vitoria-de-obrador-o-dia-seguinte\/","name":"Israel Dutra | Vit\u00f3ria de Obrador, o dia seguinte - PSOL 50","isPartOf":{"@id":"https:\/\/psol50.org.br\/#website"},"primaryImageOfPage":{"@id":"https:\/\/psol50.org.br\/israel-dutra-vitoria-de-obrador-o-dia-seguinte\/#primaryimage"},"image":{"@id":"https:\/\/psol50.org.br\/israel-dutra-vitoria-de-obrador-o-dia-seguinte\/#primaryimage"},"thumbnailUrl":"https:\/\/psol50.org.br\/inc\/uploads\/2018\/07\/Lopez_Obrador_Reproducao_Face.jpg","datePublished":"2018-07-04T14:02:14+00:00","breadcrumb":{"@id":"https:\/\/psol50.org.br\/israel-dutra-vitoria-de-obrador-o-dia-seguinte\/#breadcrumb"},"inLanguage":"pt-BR","potentialAction":[{"@type":"ReadAction","target":["https:\/\/psol50.org.br\/israel-dutra-vitoria-de-obrador-o-dia-seguinte\/"]}]},{"@type":"ImageObject","inLanguage":"pt-BR","@id":"https:\/\/psol50.org.br\/israel-dutra-vitoria-de-obrador-o-dia-seguinte\/#primaryimage","url":"https:\/\/psol50.org.br\/inc\/uploads\/2018\/07\/Lopez_Obrador_Reproducao_Face.jpg","contentUrl":"https:\/\/psol50.org.br\/inc\/uploads\/2018\/07\/Lopez_Obrador_Reproducao_Face.jpg","width":1350,"height":752},{"@type":"BreadcrumbList","@id":"https:\/\/psol50.org.br\/israel-dutra-vitoria-de-obrador-o-dia-seguinte\/#breadcrumb","itemListElement":[{"@type":"ListItem","position":1,"name":"In\u00edcio","item":"https:\/\/psol50.org.br\/"},{"@type":"ListItem","position":2,"name":"Israel Dutra | Vit\u00f3ria de Obrador, o dia seguinte"}]},{"@type":"WebSite","@id":"https:\/\/psol50.org.br\/#website","url":"https:\/\/psol50.org.br\/","name":"PSOL 50","description":"Site oficial do Partido Socialismo e Liberdade","publisher":{"@id":"https:\/\/psol50.org.br\/#organization"},"alternateName":"PSOL50","potentialAction":[{"@type":"SearchAction","target":{"@type":"EntryPoint","urlTemplate":"https:\/\/psol50.org.br\/?s={search_term_string}"},"query-input":{"@type":"PropertyValueSpecification","valueRequired":true,"valueName":"search_term_string"}}],"inLanguage":"pt-BR"},{"@type":"Organization","@id":"https:\/\/psol50.org.br\/#organization","name":"PSOL 50","alternateName":"PSOL 50","url":"https:\/\/psol50.org.br\/","logo":{"@type":"ImageObject","inLanguage":"pt-BR","@id":"https:\/\/psol50.org.br\/#\/schema\/logo\/image\/","url":"https:\/\/psol50.org.br\/inc\/uploads\/2018\/07\/capa.png","contentUrl":"https:\/\/psol50.org.br\/inc\/uploads\/2018\/07\/capa.png","width":1350,"height":900,"caption":"PSOL 50"},"image":{"@id":"https:\/\/psol50.org.br\/#\/schema\/logo\/image\/"},"sameAs":["https:\/\/www.facebook.com\/psol50","https:\/\/x.com\/psol50","https:\/\/www.instagram.com\/psol50\/","https:\/\/www.youtube.com\/channel\/UC7SnJS5o1os7a6CaiNabzcg"]},{"@type":"Person","@id":"https:\/\/psol50.org.br\/#\/schema\/person\/475dfa57d0b815993c714c2e96491fcd","name":"Comunica\u00e7\u00e3o PSOL","image":{"@type":"ImageObject","inLanguage":"pt-BR","@id":"https:\/\/psol50.org.br\/#\/schema\/person\/image\/","url":"https:\/\/secure.gravatar.com\/avatar\/b34fc4f4e468a4e51785917065a3db57b841f5c95dba6ad8c73aaf8f66f8f9bf?s=96&d=mm&r=g","contentUrl":"https:\/\/secure.gravatar.com\/avatar\/b34fc4f4e468a4e51785917065a3db57b841f5c95dba6ad8c73aaf8f66f8f9bf?s=96&d=mm&r=g","caption":"Comunica\u00e7\u00e3o PSOL"}}]}},"_links":{"self":[{"href":"https:\/\/psol50.org.br\/rest\/wp\/v2\/posts\/21056","targetHints":{"allow":["GET"]}}],"collection":[{"href":"https:\/\/psol50.org.br\/rest\/wp\/v2\/posts"}],"about":[{"href":"https:\/\/psol50.org.br\/rest\/wp\/v2\/types\/post"}],"author":[{"embeddable":true,"href":"https:\/\/psol50.org.br\/rest\/wp\/v2\/users\/2"}],"replies":[{"embeddable":true,"href":"https:\/\/psol50.org.br\/rest\/wp\/v2\/comments?post=21056"}],"version-history":[{"count":0,"href":"https:\/\/psol50.org.br\/rest\/wp\/v2\/posts\/21056\/revisions"}],"wp:featuredmedia":[{"embeddable":true,"href":"https:\/\/psol50.org.br\/rest\/wp\/v2\/media\/21057"}],"wp:attachment":[{"href":"https:\/\/psol50.org.br\/rest\/wp\/v2\/media?parent=21056"}],"wp:term":[{"taxonomy":"category","embeddable":true,"href":"https:\/\/psol50.org.br\/rest\/wp\/v2\/categories?post=21056"},{"taxonomy":"post_tag","embeddable":true,"href":"https:\/\/psol50.org.br\/rest\/wp\/v2\/tags?post=21056"}],"curies":[{"name":"wp","href":"https:\/\/api.w.org\/{rel}","templated":true}]}}