{"id":21064,"date":"2018-07-05T10:27:58","date_gmt":"2018-07-05T13:27:58","guid":{"rendered":"https:\/\/www.psol50.org.br\/?p=21064"},"modified":"2018-07-05T10:27:58","modified_gmt":"2018-07-05T13:27:58","slug":"resultado-da-pressao-de-edmilson-camara-federal-cria-cpi-de-barcarena","status":"publish","type":"post","link":"https:\/\/psol50.org.br\/resultado-da-pressao-de-edmilson-camara-federal-cria-cpi-de-barcarena\/","title":{"rendered":"Resultado da press\u00e3o de Edmilson, C\u00e2mara Federal cria CPI de Barcarena"},"content":{"rendered":"<p><em>A CPI \u00e9 iniciativa da Comiss\u00e3o Externa criada a pedido do deputado Edmilson Rodrigues (PSOL\/PA) e coordenada por ele para apurar crimes ambientais<\/em><\/p>\n<p>O presidente da C\u00e2mara dos Deputados, Rodrigo Maia (DEM\/RJ), criou oficialmente, na \u00faltima ter\u00e7a-feira (03\/07), a Comiss\u00e3o Parlamentar de Inqu\u00e9rito de Barcarena. Os partidos que comp\u00f5em a Casa j\u00e1 foram oficiados a indicar membros para a CPI.<\/p>\n<p>O polo industrial de Barcarena, no Par\u00e1, instalado na d\u00e9cada de 80, tem um hist\u00f3rico de acidentes ambientais que afeta a vida da popula\u00e7\u00e3o. O ponto alto da crise foi o vazamento de rejeitos t\u00f3xicos da refinaria de alum\u00ednio Hydro Alunorte durante as fortes chuvas que atingiram a regi\u00e3o nos dias 16 e 17 de fevereiro deste ano.<\/p>\n<p>A CPI foi um dos encaminhamentos da Comiss\u00e3o Externa da C\u00e2mara, por incentivo do deputado Edmilson Rodrigues. &#8220;A Comiss\u00e3o Externa da C\u00e2mara est\u00e1 acompanhando desde fevereiro o crime ambiental que afeta a sa\u00fade da popula\u00e7\u00e3o de Barcarena. Descobrimos que n\u00e3o \u00e9 de hoje (o crime) porque havia uma obra de engenharia, tr\u00eas dutos despejando na mata e no rio os rejeitos da alumina&#8221;, recorda Edmilson. Foi na visita da Comiss\u00e3o \u00e0 Hydro, em 23 de fevereiro, a primeira visita de autoridades ao local, que o vice-presidente nacional da Hydro, S\u00edlvio Porto, admitiu pela primeira vez que havia um duto clandestino para escoar efluentes da f\u00e1brica para a parte externa.<\/p>\n<p>&#8220;Muito em breve faremos um trabalho muito s\u00e9rio de investiga\u00e7\u00e3o sobre a a\u00e7\u00e3o da Hydro, da Imerys e outras empresas que sabem ganhar dinheiro com os recursos do Par\u00e1 e do territ\u00f3rio brasileiro, no entanto, n\u00e3o t\u00eam nenhuma responsabilidade quanto ao equil\u00edbrio ecol\u00f3gico e a responsabilidade social (&#8230;) Vamos apurar empresas e governos (&#8230;) N\u00e3o admitiremos impunidade! (&#8230;) A CPI ser\u00e1 importante para cobrar que as empresas cumpram a lei e tamb\u00e9m que os \u00f3rg\u00e3os p\u00fablicos, especialmente os respons\u00e1veis pelo licenciamento mineral e ambiental cumpram tamb\u00e9m com rigor a legisla\u00e7\u00e3o&#8221;, declarou Edmilson nesta quarta-feira (04), no plen\u00e1rio da C\u00e2mara, .<\/p>\n<p>Edmilson tamb\u00e9m ressaltou que, caso o vazamento de rejeitos tivesse ocorrido na Noruega, pa\u00eds que det\u00e9m a propriedade parcial da Hydro, os dirigentes j\u00e1 estariam presos, por\u00e9m, no Brasil, n\u00e3o cumpre a lei ambiental e trata o povo de Barcarena como &#8220;lixo humano.&#8221; &#8220;N\u00e3o aceitamos esse tratamento, exigimos nosso direito pleno \u00e0 cidadania, que cumpra as leis nacionais e respeite as institui\u00e7\u00f5es ambientais do nosso estado.&#8221;<\/p>\n<p><strong>Instala\u00e7\u00e3o<\/strong><br \/>\nAo todo, a comiss\u00e3o disp\u00f5e de 33 cadeiras, mas somente poder\u00e1 ser instalada quando houver 16 membros. Na sequ\u00eancia ser\u00e3o eleitos o presidente e o relator. A previs\u00e3o \u00e9 que a CPI comece a funcionar efetivamente em agosto, ap\u00f3s o recesso parlamentar, cuja previs\u00e3o de in\u00edcio \u00e9 no pr\u00f3ximo dia 17, mas somente se dar\u00e1 quando for votada a Lei de Diretrizes Or\u00e7ament\u00e1rias (LDO) de 2019.<\/p>\n","protected":false},"excerpt":{"rendered":"<p>A CPI \u00e9 iniciativa da Comiss\u00e3o Externa criada a pedido do deputado Edmilson Rodrigues (PSOL\/PA) e coordenada por ele para apurar crimes ambientais O presidente da C\u00e2mara dos Deputados, Rodrigo Maia (DEM\/RJ), criou oficialmente, na \u00faltima ter\u00e7a-feira (03\/07), a Comiss\u00e3o Parlamentar de Inqu\u00e9rito de Barcarena. Os partidos que comp\u00f5em a Casa j\u00e1 foram oficiados a [&hellip;]<\/p>\n","protected":false},"author":2,"featured_media":19965,"comment_status":"open","ping_status":"open","sticky":false,"template":"","format":"standard","meta":{"_acf_changed":false,"footnotes":""},"categories":[10,654,6],"tags":[709,2379,2255,973,2270,50,2621],"class_list":{"0":"post-21064","1":"post","2":"type-post","3":"status-publish","4":"format-standard","5":"has-post-thumbnail","7":"category-acao-parlamentares","8":"category-estados","9":"category-noticias","10":"tag-camara-dos-deputados","11":"tag-cpi-de-barcarena","12":"tag-crime-ambiental","13":"tag-edmilson-rodrigues","14":"tag-hydro-alunorte","15":"tag-para","16":"tag-refinaria-de-aluminio"},"acf":[],"yoast_head":"<!-- This site is optimized with the Yoast SEO plugin v26.5 - https:\/\/yoast.com\/wordpress\/plugins\/seo\/ -->\n<title>Resultado da press\u00e3o de Edmilson, C\u00e2mara Federal cria CPI de Barcarena - PSOL 50<\/title>\n<meta name=\"robots\" content=\"index, follow, max-snippet:-1, max-image-preview:large, max-video-preview:-1\" \/>\n<link rel=\"canonical\" href=\"https:\/\/psol50.org.br\/resultado-da-pressao-de-edmilson-camara-federal-cria-cpi-de-barcarena\/\" \/>\n<meta property=\"og:locale\" content=\"pt_BR\" \/>\n<meta property=\"og:type\" content=\"article\" \/>\n<meta property=\"og:title\" content=\"Resultado da press\u00e3o de Edmilson, C\u00e2mara Federal cria CPI de Barcarena - PSOL 50\" \/>\n<meta property=\"og:description\" content=\"A CPI \u00e9 iniciativa da Comiss\u00e3o Externa criada a pedido do deputado Edmilson Rodrigues (PSOL\/PA) e coordenada por ele para apurar crimes ambientais O presidente da C\u00e2mara dos Deputados, Rodrigo Maia (DEM\/RJ), criou oficialmente, na \u00faltima ter\u00e7a-feira (03\/07), a Comiss\u00e3o Parlamentar de Inqu\u00e9rito de Barcarena. Os partidos que comp\u00f5em a Casa j\u00e1 foram oficiados a [&hellip;]\" \/>\n<meta property=\"og:url\" content=\"https:\/\/psol50.org.br\/resultado-da-pressao-de-edmilson-camara-federal-cria-cpi-de-barcarena\/\" \/>\n<meta property=\"og:site_name\" content=\"PSOL 50\" \/>\n<meta property=\"article:publisher\" content=\"https:\/\/www.facebook.com\/psol50\" \/>\n<meta property=\"article:published_time\" content=\"2018-07-05T13:27:58+00:00\" \/>\n<meta property=\"og:image\" content=\"https:\/\/psol50.org.br\/inc\/uploads\/2018\/02\/Barcarena_Divulgacao_Semas.jpg\" \/>\n\t<meta property=\"og:image:width\" content=\"1350\" \/>\n\t<meta property=\"og:image:height\" content=\"811\" \/>\n\t<meta property=\"og:image:type\" content=\"image\/jpeg\" \/>\n<meta name=\"author\" content=\"Comunica\u00e7\u00e3o PSOL\" \/>\n<meta name=\"twitter:card\" content=\"summary_large_image\" \/>\n<meta name=\"twitter:creator\" content=\"@psol50\" \/>\n<meta name=\"twitter:site\" content=\"@psol50\" \/>\n<meta name=\"twitter:label1\" content=\"Escrito por\" \/>\n\t<meta name=\"twitter:data1\" content=\"Comunica\u00e7\u00e3o PSOL\" \/>\n\t<meta name=\"twitter:label2\" content=\"Est. tempo de leitura\" \/>\n\t<meta name=\"twitter:data2\" content=\"3 minutos\" \/>\n<script type=\"application\/ld+json\" class=\"yoast-schema-graph\">{\"@context\":\"https:\/\/schema.org\",\"@graph\":[{\"@type\":\"Article\",\"@id\":\"https:\/\/psol50.org.br\/resultado-da-pressao-de-edmilson-camara-federal-cria-cpi-de-barcarena\/#article\",\"isPartOf\":{\"@id\":\"https:\/\/psol50.org.br\/resultado-da-pressao-de-edmilson-camara-federal-cria-cpi-de-barcarena\/\"},\"author\":{\"name\":\"Comunica\u00e7\u00e3o PSOL\",\"@id\":\"https:\/\/psol50.org.br\/#\/schema\/person\/475dfa57d0b815993c714c2e96491fcd\"},\"headline\":\"Resultado da press\u00e3o de Edmilson, C\u00e2mara Federal cria CPI de Barcarena\",\"datePublished\":\"2018-07-05T13:27:58+00:00\",\"mainEntityOfPage\":{\"@id\":\"https:\/\/psol50.org.br\/resultado-da-pressao-de-edmilson-camara-federal-cria-cpi-de-barcarena\/\"},\"wordCount\":514,\"commentCount\":0,\"publisher\":{\"@id\":\"https:\/\/psol50.org.br\/#organization\"},\"image\":{\"@id\":\"https:\/\/psol50.org.br\/resultado-da-pressao-de-edmilson-camara-federal-cria-cpi-de-barcarena\/#primaryimage\"},\"thumbnailUrl\":\"https:\/\/psol50.org.br\/inc\/uploads\/2018\/02\/Barcarena_Divulgacao_Semas.jpg\",\"keywords\":[\"C\u00e2mara dos Deputados\",\"CPI de Barcarena\",\"crime ambiental\",\"Edmilson Rodrigues\",\"Hydro Alunorte\",\"Par\u00e1\",\"refinaria de alum\u00ednio\"],\"articleSection\":[\"A\u00e7\u00e3o Parlamentar\",\"Estados\",\"Not\u00edcias\"],\"inLanguage\":\"pt-BR\",\"potentialAction\":[{\"@type\":\"CommentAction\",\"name\":\"Comment\",\"target\":[\"https:\/\/psol50.org.br\/resultado-da-pressao-de-edmilson-camara-federal-cria-cpi-de-barcarena\/#respond\"]}]},{\"@type\":\"WebPage\",\"@id\":\"https:\/\/psol50.org.br\/resultado-da-pressao-de-edmilson-camara-federal-cria-cpi-de-barcarena\/\",\"url\":\"https:\/\/psol50.org.br\/resultado-da-pressao-de-edmilson-camara-federal-cria-cpi-de-barcarena\/\",\"name\":\"Resultado da press\u00e3o de Edmilson, C\u00e2mara Federal cria CPI de Barcarena - PSOL 50\",\"isPartOf\":{\"@id\":\"https:\/\/psol50.org.br\/#website\"},\"primaryImageOfPage\":{\"@id\":\"https:\/\/psol50.org.br\/resultado-da-pressao-de-edmilson-camara-federal-cria-cpi-de-barcarena\/#primaryimage\"},\"image\":{\"@id\":\"https:\/\/psol50.org.br\/resultado-da-pressao-de-edmilson-camara-federal-cria-cpi-de-barcarena\/#primaryimage\"},\"thumbnailUrl\":\"https:\/\/psol50.org.br\/inc\/uploads\/2018\/02\/Barcarena_Divulgacao_Semas.jpg\",\"datePublished\":\"2018-07-05T13:27:58+00:00\",\"breadcrumb\":{\"@id\":\"https:\/\/psol50.org.br\/resultado-da-pressao-de-edmilson-camara-federal-cria-cpi-de-barcarena\/#breadcrumb\"},\"inLanguage\":\"pt-BR\",\"potentialAction\":[{\"@type\":\"ReadAction\",\"target\":[\"https:\/\/psol50.org.br\/resultado-da-pressao-de-edmilson-camara-federal-cria-cpi-de-barcarena\/\"]}]},{\"@type\":\"ImageObject\",\"inLanguage\":\"pt-BR\",\"@id\":\"https:\/\/psol50.org.br\/resultado-da-pressao-de-edmilson-camara-federal-cria-cpi-de-barcarena\/#primaryimage\",\"url\":\"https:\/\/psol50.org.br\/inc\/uploads\/2018\/02\/Barcarena_Divulgacao_Semas.jpg\",\"contentUrl\":\"https:\/\/psol50.org.br\/inc\/uploads\/2018\/02\/Barcarena_Divulgacao_Semas.jpg\",\"width\":1350,\"height\":811},{\"@type\":\"BreadcrumbList\",\"@id\":\"https:\/\/psol50.org.br\/resultado-da-pressao-de-edmilson-camara-federal-cria-cpi-de-barcarena\/#breadcrumb\",\"itemListElement\":[{\"@type\":\"ListItem\",\"position\":1,\"name\":\"In\u00edcio\",\"item\":\"https:\/\/psol50.org.br\/\"},{\"@type\":\"ListItem\",\"position\":2,\"name\":\"Resultado da press\u00e3o de Edmilson, C\u00e2mara Federal cria CPI de Barcarena\"}]},{\"@type\":\"WebSite\",\"@id\":\"https:\/\/psol50.org.br\/#website\",\"url\":\"https:\/\/psol50.org.br\/\",\"name\":\"PSOL 50\",\"description\":\"Site oficial do Partido Socialismo e Liberdade\",\"publisher\":{\"@id\":\"https:\/\/psol50.org.br\/#organization\"},\"alternateName\":\"PSOL50\",\"potentialAction\":[{\"@type\":\"SearchAction\",\"target\":{\"@type\":\"EntryPoint\",\"urlTemplate\":\"https:\/\/psol50.org.br\/?s={search_term_string}\"},\"query-input\":{\"@type\":\"PropertyValueSpecification\",\"valueRequired\":true,\"valueName\":\"search_term_string\"}}],\"inLanguage\":\"pt-BR\"},{\"@type\":\"Organization\",\"@id\":\"https:\/\/psol50.org.br\/#organization\",\"name\":\"PSOL 50\",\"alternateName\":\"PSOL 50\",\"url\":\"https:\/\/psol50.org.br\/\",\"logo\":{\"@type\":\"ImageObject\",\"inLanguage\":\"pt-BR\",\"@id\":\"https:\/\/psol50.org.br\/#\/schema\/logo\/image\/\",\"url\":\"https:\/\/psol50.org.br\/inc\/uploads\/2018\/07\/capa.png\",\"contentUrl\":\"https:\/\/psol50.org.br\/inc\/uploads\/2018\/07\/capa.png\",\"width\":1350,\"height\":900,\"caption\":\"PSOL 50\"},\"image\":{\"@id\":\"https:\/\/psol50.org.br\/#\/schema\/logo\/image\/\"},\"sameAs\":[\"https:\/\/www.facebook.com\/psol50\",\"https:\/\/x.com\/psol50\",\"https:\/\/www.instagram.com\/psol50\/\",\"https:\/\/www.youtube.com\/channel\/UC7SnJS5o1os7a6CaiNabzcg\"]},{\"@type\":\"Person\",\"@id\":\"https:\/\/psol50.org.br\/#\/schema\/person\/475dfa57d0b815993c714c2e96491fcd\",\"name\":\"Comunica\u00e7\u00e3o PSOL\",\"image\":{\"@type\":\"ImageObject\",\"inLanguage\":\"pt-BR\",\"@id\":\"https:\/\/psol50.org.br\/#\/schema\/person\/image\/\",\"url\":\"https:\/\/secure.gravatar.com\/avatar\/b34fc4f4e468a4e51785917065a3db57b841f5c95dba6ad8c73aaf8f66f8f9bf?s=96&d=mm&r=g\",\"contentUrl\":\"https:\/\/secure.gravatar.com\/avatar\/b34fc4f4e468a4e51785917065a3db57b841f5c95dba6ad8c73aaf8f66f8f9bf?s=96&d=mm&r=g\",\"caption\":\"Comunica\u00e7\u00e3o PSOL\"}}]}<\/script>\n<!-- \/ Yoast SEO plugin. -->","yoast_head_json":{"title":"Resultado da press\u00e3o de Edmilson, C\u00e2mara Federal cria CPI de Barcarena - PSOL 50","robots":{"index":"index","follow":"follow","max-snippet":"max-snippet:-1","max-image-preview":"max-image-preview:large","max-video-preview":"max-video-preview:-1"},"canonical":"https:\/\/psol50.org.br\/resultado-da-pressao-de-edmilson-camara-federal-cria-cpi-de-barcarena\/","og_locale":"pt_BR","og_type":"article","og_title":"Resultado da press\u00e3o de Edmilson, C\u00e2mara Federal cria CPI de Barcarena - PSOL 50","og_description":"A CPI \u00e9 iniciativa da Comiss\u00e3o Externa criada a pedido do deputado Edmilson Rodrigues (PSOL\/PA) e coordenada por ele para apurar crimes ambientais O presidente da C\u00e2mara dos Deputados, Rodrigo Maia (DEM\/RJ), criou oficialmente, na \u00faltima ter\u00e7a-feira (03\/07), a Comiss\u00e3o Parlamentar de Inqu\u00e9rito de Barcarena. Os partidos que comp\u00f5em a Casa j\u00e1 foram oficiados a [&hellip;]","og_url":"https:\/\/psol50.org.br\/resultado-da-pressao-de-edmilson-camara-federal-cria-cpi-de-barcarena\/","og_site_name":"PSOL 50","article_publisher":"https:\/\/www.facebook.com\/psol50","article_published_time":"2018-07-05T13:27:58+00:00","og_image":[{"width":1350,"height":811,"url":"https:\/\/psol50.org.br\/inc\/uploads\/2018\/02\/Barcarena_Divulgacao_Semas.jpg","type":"image\/jpeg"}],"author":"Comunica\u00e7\u00e3o PSOL","twitter_card":"summary_large_image","twitter_creator":"@psol50","twitter_site":"@psol50","twitter_misc":{"Escrito por":"Comunica\u00e7\u00e3o PSOL","Est. tempo de leitura":"3 minutos"},"schema":{"@context":"https:\/\/schema.org","@graph":[{"@type":"Article","@id":"https:\/\/psol50.org.br\/resultado-da-pressao-de-edmilson-camara-federal-cria-cpi-de-barcarena\/#article","isPartOf":{"@id":"https:\/\/psol50.org.br\/resultado-da-pressao-de-edmilson-camara-federal-cria-cpi-de-barcarena\/"},"author":{"name":"Comunica\u00e7\u00e3o PSOL","@id":"https:\/\/psol50.org.br\/#\/schema\/person\/475dfa57d0b815993c714c2e96491fcd"},"headline":"Resultado da press\u00e3o de Edmilson, C\u00e2mara Federal cria CPI de Barcarena","datePublished":"2018-07-05T13:27:58+00:00","mainEntityOfPage":{"@id":"https:\/\/psol50.org.br\/resultado-da-pressao-de-edmilson-camara-federal-cria-cpi-de-barcarena\/"},"wordCount":514,"commentCount":0,"publisher":{"@id":"https:\/\/psol50.org.br\/#organization"},"image":{"@id":"https:\/\/psol50.org.br\/resultado-da-pressao-de-edmilson-camara-federal-cria-cpi-de-barcarena\/#primaryimage"},"thumbnailUrl":"https:\/\/psol50.org.br\/inc\/uploads\/2018\/02\/Barcarena_Divulgacao_Semas.jpg","keywords":["C\u00e2mara dos Deputados","CPI de Barcarena","crime ambiental","Edmilson Rodrigues","Hydro Alunorte","Par\u00e1","refinaria de alum\u00ednio"],"articleSection":["A\u00e7\u00e3o Parlamentar","Estados","Not\u00edcias"],"inLanguage":"pt-BR","potentialAction":[{"@type":"CommentAction","name":"Comment","target":["https:\/\/psol50.org.br\/resultado-da-pressao-de-edmilson-camara-federal-cria-cpi-de-barcarena\/#respond"]}]},{"@type":"WebPage","@id":"https:\/\/psol50.org.br\/resultado-da-pressao-de-edmilson-camara-federal-cria-cpi-de-barcarena\/","url":"https:\/\/psol50.org.br\/resultado-da-pressao-de-edmilson-camara-federal-cria-cpi-de-barcarena\/","name":"Resultado da press\u00e3o de Edmilson, C\u00e2mara Federal cria CPI de Barcarena - PSOL 50","isPartOf":{"@id":"https:\/\/psol50.org.br\/#website"},"primaryImageOfPage":{"@id":"https:\/\/psol50.org.br\/resultado-da-pressao-de-edmilson-camara-federal-cria-cpi-de-barcarena\/#primaryimage"},"image":{"@id":"https:\/\/psol50.org.br\/resultado-da-pressao-de-edmilson-camara-federal-cria-cpi-de-barcarena\/#primaryimage"},"thumbnailUrl":"https:\/\/psol50.org.br\/inc\/uploads\/2018\/02\/Barcarena_Divulgacao_Semas.jpg","datePublished":"2018-07-05T13:27:58+00:00","breadcrumb":{"@id":"https:\/\/psol50.org.br\/resultado-da-pressao-de-edmilson-camara-federal-cria-cpi-de-barcarena\/#breadcrumb"},"inLanguage":"pt-BR","potentialAction":[{"@type":"ReadAction","target":["https:\/\/psol50.org.br\/resultado-da-pressao-de-edmilson-camara-federal-cria-cpi-de-barcarena\/"]}]},{"@type":"ImageObject","inLanguage":"pt-BR","@id":"https:\/\/psol50.org.br\/resultado-da-pressao-de-edmilson-camara-federal-cria-cpi-de-barcarena\/#primaryimage","url":"https:\/\/psol50.org.br\/inc\/uploads\/2018\/02\/Barcarena_Divulgacao_Semas.jpg","contentUrl":"https:\/\/psol50.org.br\/inc\/uploads\/2018\/02\/Barcarena_Divulgacao_Semas.jpg","width":1350,"height":811},{"@type":"BreadcrumbList","@id":"https:\/\/psol50.org.br\/resultado-da-pressao-de-edmilson-camara-federal-cria-cpi-de-barcarena\/#breadcrumb","itemListElement":[{"@type":"ListItem","position":1,"name":"In\u00edcio","item":"https:\/\/psol50.org.br\/"},{"@type":"ListItem","position":2,"name":"Resultado da press\u00e3o de Edmilson, C\u00e2mara Federal cria CPI de Barcarena"}]},{"@type":"WebSite","@id":"https:\/\/psol50.org.br\/#website","url":"https:\/\/psol50.org.br\/","name":"PSOL 50","description":"Site oficial do Partido Socialismo e Liberdade","publisher":{"@id":"https:\/\/psol50.org.br\/#organization"},"alternateName":"PSOL50","potentialAction":[{"@type":"SearchAction","target":{"@type":"EntryPoint","urlTemplate":"https:\/\/psol50.org.br\/?s={search_term_string}"},"query-input":{"@type":"PropertyValueSpecification","valueRequired":true,"valueName":"search_term_string"}}],"inLanguage":"pt-BR"},{"@type":"Organization","@id":"https:\/\/psol50.org.br\/#organization","name":"PSOL 50","alternateName":"PSOL 50","url":"https:\/\/psol50.org.br\/","logo":{"@type":"ImageObject","inLanguage":"pt-BR","@id":"https:\/\/psol50.org.br\/#\/schema\/logo\/image\/","url":"https:\/\/psol50.org.br\/inc\/uploads\/2018\/07\/capa.png","contentUrl":"https:\/\/psol50.org.br\/inc\/uploads\/2018\/07\/capa.png","width":1350,"height":900,"caption":"PSOL 50"},"image":{"@id":"https:\/\/psol50.org.br\/#\/schema\/logo\/image\/"},"sameAs":["https:\/\/www.facebook.com\/psol50","https:\/\/x.com\/psol50","https:\/\/www.instagram.com\/psol50\/","https:\/\/www.youtube.com\/channel\/UC7SnJS5o1os7a6CaiNabzcg"]},{"@type":"Person","@id":"https:\/\/psol50.org.br\/#\/schema\/person\/475dfa57d0b815993c714c2e96491fcd","name":"Comunica\u00e7\u00e3o PSOL","image":{"@type":"ImageObject","inLanguage":"pt-BR","@id":"https:\/\/psol50.org.br\/#\/schema\/person\/image\/","url":"https:\/\/secure.gravatar.com\/avatar\/b34fc4f4e468a4e51785917065a3db57b841f5c95dba6ad8c73aaf8f66f8f9bf?s=96&d=mm&r=g","contentUrl":"https:\/\/secure.gravatar.com\/avatar\/b34fc4f4e468a4e51785917065a3db57b841f5c95dba6ad8c73aaf8f66f8f9bf?s=96&d=mm&r=g","caption":"Comunica\u00e7\u00e3o PSOL"}}]}},"_links":{"self":[{"href":"https:\/\/psol50.org.br\/rest\/wp\/v2\/posts\/21064","targetHints":{"allow":["GET"]}}],"collection":[{"href":"https:\/\/psol50.org.br\/rest\/wp\/v2\/posts"}],"about":[{"href":"https:\/\/psol50.org.br\/rest\/wp\/v2\/types\/post"}],"author":[{"embeddable":true,"href":"https:\/\/psol50.org.br\/rest\/wp\/v2\/users\/2"}],"replies":[{"embeddable":true,"href":"https:\/\/psol50.org.br\/rest\/wp\/v2\/comments?post=21064"}],"version-history":[{"count":0,"href":"https:\/\/psol50.org.br\/rest\/wp\/v2\/posts\/21064\/revisions"}],"wp:featuredmedia":[{"embeddable":true,"href":"https:\/\/psol50.org.br\/rest\/wp\/v2\/media\/19965"}],"wp:attachment":[{"href":"https:\/\/psol50.org.br\/rest\/wp\/v2\/media?parent=21064"}],"wp:term":[{"taxonomy":"category","embeddable":true,"href":"https:\/\/psol50.org.br\/rest\/wp\/v2\/categories?post=21064"},{"taxonomy":"post_tag","embeddable":true,"href":"https:\/\/psol50.org.br\/rest\/wp\/v2\/tags?post=21064"}],"curies":[{"name":"wp","href":"https:\/\/api.w.org\/{rel}","templated":true}]}}