{"id":21067,"date":"2018-07-05T13:25:36","date_gmt":"2018-07-05T16:25:36","guid":{"rendered":"https:\/\/www.psol50.org.br\/?p=21067"},"modified":"2018-07-05T13:25:36","modified_gmt":"2018-07-05T16:25:36","slug":"psol-entra-com-representacao-na-corregedoria-contra-deputados-investigados-pela-pf","status":"publish","type":"post","link":"https:\/\/psol50.org.br\/psol-entra-com-representacao-na-corregedoria-contra-deputados-investigados-pela-pf\/","title":{"rendered":"PSOL entra com representa\u00e7\u00e3o na Corregedoria contra deputados investigados pela PF"},"content":{"rendered":"<p>A Bancada do <a class=\"profileLink\" href=\"https:\/\/www.facebook.com\/psolnacamara\/?fref=mentions\" data-hovercard=\"\/ajax\/hovercard\/page.php?id=197749170329322&amp;extragetparams=%7B%22fref%22%3A%22mentions%22%7D\" data-hovercard-prefer-more-content-show=\"1\"><strong><span style=\"color: #0000ff;\">PSOL na C\u00e2mar<\/span><span style=\"color: #0000ff;\">a<\/span><\/strong><\/a> protocolou nesta quinta-feira (05\/07), na Corregedoria Parlamentar da C\u00e2mara dos Deputados, uma representa\u00e7\u00e3o contra os deputados federais Cristian<span class=\"text_exposed_show\">e Brasil (PTB\/RJ), Jovair Arantes (PTB\/GO), Wilson Filho (PTB\/PB) e Paulinho da For\u00e7a (SD\/SP). Os gabinetes dos tr\u00eas \u00faltimos foram alvo de batida da Pol\u00edcia Federal no \u00faltimo dia 30 de maio. J\u00e1 a deputada teve seu gabinete vasculhado no dia 12 de junho, al\u00e9m da busca e apreens\u00e3o feita pela PF em outros endere\u00e7os ligados a ela no Rio de Janeiro. A PF tamb\u00e9m cumpriu hoje mandado de busca e apreens\u00e3o no gabinete do deputado federal Nelson Marquezelli (PTB-SP) dentro da mesma Opera\u00e7\u00e3o Registro Esp\u00fario.<\/span><\/p>\n<div class=\"text_exposed_show\">\n<p>Em sua representa\u00e7\u00e3o, o PSOL na C\u00e2mara exige a instaura\u00e7\u00e3o de procedimento para apurar a not\u00edcia de il\u00edcito envolvendo os deputados citados, nos termos do artigo 21-F, III, do Regimento Interno da C\u00e2mara dos Deputados, em defesa da transpar\u00eancia e da lisura no exerc\u00edcio dos mandatos parlamentares. O nome de Marquezelli est\u00e1 citado na representa\u00e7\u00e3o, mas n\u00e3o foi inclu\u00eddo ainda como alvo dela por conta da fragilidade das informa\u00e7\u00f5es. Nada impede, no entanto, que sejam feitos futuros aditamentos ao documento, isso est\u00e1 inclusive dito literalmente na representa\u00e7\u00e3o.<\/p>\n<p>De acordo com a PF, as investiga\u00e7\u00f5es nas outras fases &#8211;em maio e junho&#8211; levaram \u00e0 descoberta da participa\u00e7\u00e3o de mais pessoas nos esquemas. Elas apontam que &#8220;importantes cargos da estrutura do Minist\u00e9rio do Trabalho foram preenchidos com indiv\u00edduos comprometidos com os interesses do grupo criminoso, permitindo a manuten\u00e7\u00e3o das a\u00e7\u00f5es il\u00edcitas praticadas na pasta&#8221;, diz a pol\u00edcia.<\/p>\n<p>A Opera\u00e7\u00e3o da PF \u2013 que pediu a pris\u00e3o dos tr\u00eas parlamentares e tamb\u00e9m de Roberto Jefferson, deputado cassado e presidente do PTB \u2013 investiga um prov\u00e1vel \u201cloteamento\u201d do Minist\u00e9rio do Trabalho e Emprego (MTE) e tem como objetivo desarticular uma suposta organiza\u00e7\u00e3o criminosa integrada por pol\u00edticos e servidores que teria cometido fraudes na concess\u00e3o de registros de sindicatos pelo MTE. Segundo a PF, os registros eram obtidos mediante pagamento de vantagens indevidas. As pris\u00f5es, no entanto, foram negadas pelo ministro Edson Fachin, do Supremo Tribunal Federal (STF).<\/p>\n<\/div>\n","protected":false},"excerpt":{"rendered":"<p>A Bancada do PSOL na C\u00e2mara protocolou nesta quinta-feira (05\/07), na Corregedoria Parlamentar da C\u00e2mara dos Deputados, uma representa\u00e7\u00e3o contra os deputados federais Cristiane Brasil (PTB\/RJ), Jovair Arantes (PTB\/GO), Wilson Filho (PTB\/PB) e Paulinho da For\u00e7a (SD\/SP). Os gabinetes dos tr\u00eas \u00faltimos foram alvo de batida da Pol\u00edcia Federal no \u00faltimo dia 30 de maio. [&hellip;]<\/p>\n","protected":false},"author":2,"featured_media":21068,"comment_status":"open","ping_status":"open","sticky":false,"template":"","format":"standard","meta":{"_acf_changed":false,"footnotes":""},"categories":[10,1882,6],"tags":[2622,2623,2624,2625,2626,2627,457,417,1606,2628],"class_list":{"0":"post-21067","1":"post","2":"type-post","3":"status-publish","4":"format-standard","5":"has-post-thumbnail","7":"category-acao-parlamentares","8":"category-brasil","9":"category-noticias","10":"tag-corregedoria-da-camara-dos-deputados","11":"tag-cristiane-brasil","12":"tag-jovair-arantes","13":"tag-nelson-marquezelli","14":"tag-operacao-registro-espurio","15":"tag-paulinho-da-forca","16":"tag-policia-federal","17":"tag-psol-na-camara","18":"tag-representacao","19":"tag-wilson-filho"},"acf":[],"yoast_head":"<!-- This site is optimized with the Yoast SEO plugin v26.5 - https:\/\/yoast.com\/wordpress\/plugins\/seo\/ -->\n<title>PSOL entra com representa\u00e7\u00e3o na Corregedoria contra deputados investigados pela PF - PSOL 50<\/title>\n<meta name=\"robots\" content=\"index, follow, max-snippet:-1, max-image-preview:large, max-video-preview:-1\" \/>\n<link rel=\"canonical\" href=\"https:\/\/psol50.org.br\/psol-entra-com-representacao-na-corregedoria-contra-deputados-investigados-pela-pf\/\" \/>\n<meta property=\"og:locale\" content=\"pt_BR\" \/>\n<meta property=\"og:type\" content=\"article\" \/>\n<meta property=\"og:title\" content=\"PSOL aciona Corregedoria contra deputados investigados pela PF\" \/>\n<meta property=\"og:description\" content=\"Cristiane Brasil, Jovair Arantes, Wilson Filho e Paulinho da For\u00e7a s\u00e3o os de alvos da representa\u00e7\u00e3o\" \/>\n<meta property=\"og:url\" content=\"https:\/\/psol50.org.br\/psol-entra-com-representacao-na-corregedoria-contra-deputados-investigados-pela-pf\/\" \/>\n<meta property=\"og:site_name\" content=\"PSOL 50\" \/>\n<meta property=\"article:publisher\" content=\"https:\/\/www.facebook.com\/psol50\" \/>\n<meta property=\"article:published_time\" content=\"2018-07-05T16:25:36+00:00\" \/>\n<meta property=\"og:image\" content=\"https:\/\/psol50.org.br\/inc\/uploads\/2018\/07\/PF_ABr.jpg\" \/>\n\t<meta property=\"og:image:width\" content=\"1350\" \/>\n\t<meta property=\"og:image:height\" content=\"903\" \/>\n\t<meta property=\"og:image:type\" content=\"image\/jpeg\" \/>\n<meta name=\"author\" content=\"Comunica\u00e7\u00e3o PSOL\" \/>\n<meta name=\"twitter:card\" content=\"summary_large_image\" \/>\n<meta name=\"twitter:creator\" content=\"@psol50\" \/>\n<meta name=\"twitter:site\" content=\"@psol50\" \/>\n<meta name=\"twitter:label1\" content=\"Escrito por\" \/>\n\t<meta name=\"twitter:data1\" content=\"Comunica\u00e7\u00e3o PSOL\" \/>\n\t<meta name=\"twitter:label2\" content=\"Est. tempo de leitura\" \/>\n\t<meta name=\"twitter:data2\" content=\"2 minutos\" \/>\n<script type=\"application\/ld+json\" class=\"yoast-schema-graph\">{\"@context\":\"https:\/\/schema.org\",\"@graph\":[{\"@type\":\"Article\",\"@id\":\"https:\/\/psol50.org.br\/psol-entra-com-representacao-na-corregedoria-contra-deputados-investigados-pela-pf\/#article\",\"isPartOf\":{\"@id\":\"https:\/\/psol50.org.br\/psol-entra-com-representacao-na-corregedoria-contra-deputados-investigados-pela-pf\/\"},\"author\":{\"name\":\"Comunica\u00e7\u00e3o PSOL\",\"@id\":\"https:\/\/psol50.org.br\/#\/schema\/person\/475dfa57d0b815993c714c2e96491fcd\"},\"headline\":\"PSOL entra com representa\u00e7\u00e3o na Corregedoria contra deputados investigados pela PF\",\"datePublished\":\"2018-07-05T16:25:36+00:00\",\"mainEntityOfPage\":{\"@id\":\"https:\/\/psol50.org.br\/psol-entra-com-representacao-na-corregedoria-contra-deputados-investigados-pela-pf\/\"},\"wordCount\":397,\"commentCount\":0,\"publisher\":{\"@id\":\"https:\/\/psol50.org.br\/#organization\"},\"image\":{\"@id\":\"https:\/\/psol50.org.br\/psol-entra-com-representacao-na-corregedoria-contra-deputados-investigados-pela-pf\/#primaryimage\"},\"thumbnailUrl\":\"https:\/\/psol50.org.br\/inc\/uploads\/2018\/07\/PF_ABr.jpg\",\"keywords\":[\"Corregedoria da C\u00e2mara dos Deputados\",\"Cristiane Brasil\",\"Jovair Arantes\",\"Nelson Marquezelli\",\"Opera\u00e7\u00e3o Registro Esp\u00fario\",\"Paulinho da For\u00e7a\",\"Pol\u00edcia Federal\",\"PSOL na C\u00e2mara\",\"representa\u00e7\u00e3o\",\"Wilson Filho\"],\"articleSection\":[\"A\u00e7\u00e3o Parlamentar\",\"Brasil\",\"Not\u00edcias\"],\"inLanguage\":\"pt-BR\",\"potentialAction\":[{\"@type\":\"CommentAction\",\"name\":\"Comment\",\"target\":[\"https:\/\/psol50.org.br\/psol-entra-com-representacao-na-corregedoria-contra-deputados-investigados-pela-pf\/#respond\"]}]},{\"@type\":\"WebPage\",\"@id\":\"https:\/\/psol50.org.br\/psol-entra-com-representacao-na-corregedoria-contra-deputados-investigados-pela-pf\/\",\"url\":\"https:\/\/psol50.org.br\/psol-entra-com-representacao-na-corregedoria-contra-deputados-investigados-pela-pf\/\",\"name\":\"PSOL entra com representa\u00e7\u00e3o na Corregedoria contra deputados investigados pela PF - PSOL 50\",\"isPartOf\":{\"@id\":\"https:\/\/psol50.org.br\/#website\"},\"primaryImageOfPage\":{\"@id\":\"https:\/\/psol50.org.br\/psol-entra-com-representacao-na-corregedoria-contra-deputados-investigados-pela-pf\/#primaryimage\"},\"image\":{\"@id\":\"https:\/\/psol50.org.br\/psol-entra-com-representacao-na-corregedoria-contra-deputados-investigados-pela-pf\/#primaryimage\"},\"thumbnailUrl\":\"https:\/\/psol50.org.br\/inc\/uploads\/2018\/07\/PF_ABr.jpg\",\"datePublished\":\"2018-07-05T16:25:36+00:00\",\"breadcrumb\":{\"@id\":\"https:\/\/psol50.org.br\/psol-entra-com-representacao-na-corregedoria-contra-deputados-investigados-pela-pf\/#breadcrumb\"},\"inLanguage\":\"pt-BR\",\"potentialAction\":[{\"@type\":\"ReadAction\",\"target\":[\"https:\/\/psol50.org.br\/psol-entra-com-representacao-na-corregedoria-contra-deputados-investigados-pela-pf\/\"]}]},{\"@type\":\"ImageObject\",\"inLanguage\":\"pt-BR\",\"@id\":\"https:\/\/psol50.org.br\/psol-entra-com-representacao-na-corregedoria-contra-deputados-investigados-pela-pf\/#primaryimage\",\"url\":\"https:\/\/psol50.org.br\/inc\/uploads\/2018\/07\/PF_ABr.jpg\",\"contentUrl\":\"https:\/\/psol50.org.br\/inc\/uploads\/2018\/07\/PF_ABr.jpg\",\"width\":1350,\"height\":903,\"caption\":\"Pol\u00edcia Federal\"},{\"@type\":\"BreadcrumbList\",\"@id\":\"https:\/\/psol50.org.br\/psol-entra-com-representacao-na-corregedoria-contra-deputados-investigados-pela-pf\/#breadcrumb\",\"itemListElement\":[{\"@type\":\"ListItem\",\"position\":1,\"name\":\"In\u00edcio\",\"item\":\"https:\/\/psol50.org.br\/\"},{\"@type\":\"ListItem\",\"position\":2,\"name\":\"PSOL entra com representa\u00e7\u00e3o na Corregedoria contra deputados investigados pela PF\"}]},{\"@type\":\"WebSite\",\"@id\":\"https:\/\/psol50.org.br\/#website\",\"url\":\"https:\/\/psol50.org.br\/\",\"name\":\"PSOL 50\",\"description\":\"Site oficial do Partido Socialismo e Liberdade\",\"publisher\":{\"@id\":\"https:\/\/psol50.org.br\/#organization\"},\"alternateName\":\"PSOL50\",\"potentialAction\":[{\"@type\":\"SearchAction\",\"target\":{\"@type\":\"EntryPoint\",\"urlTemplate\":\"https:\/\/psol50.org.br\/?s={search_term_string}\"},\"query-input\":{\"@type\":\"PropertyValueSpecification\",\"valueRequired\":true,\"valueName\":\"search_term_string\"}}],\"inLanguage\":\"pt-BR\"},{\"@type\":\"Organization\",\"@id\":\"https:\/\/psol50.org.br\/#organization\",\"name\":\"PSOL 50\",\"alternateName\":\"PSOL 50\",\"url\":\"https:\/\/psol50.org.br\/\",\"logo\":{\"@type\":\"ImageObject\",\"inLanguage\":\"pt-BR\",\"@id\":\"https:\/\/psol50.org.br\/#\/schema\/logo\/image\/\",\"url\":\"https:\/\/psol50.org.br\/inc\/uploads\/2018\/07\/capa.png\",\"contentUrl\":\"https:\/\/psol50.org.br\/inc\/uploads\/2018\/07\/capa.png\",\"width\":1350,\"height\":900,\"caption\":\"PSOL 50\"},\"image\":{\"@id\":\"https:\/\/psol50.org.br\/#\/schema\/logo\/image\/\"},\"sameAs\":[\"https:\/\/www.facebook.com\/psol50\",\"https:\/\/x.com\/psol50\",\"https:\/\/www.instagram.com\/psol50\/\",\"https:\/\/www.youtube.com\/channel\/UC7SnJS5o1os7a6CaiNabzcg\"]},{\"@type\":\"Person\",\"@id\":\"https:\/\/psol50.org.br\/#\/schema\/person\/475dfa57d0b815993c714c2e96491fcd\",\"name\":\"Comunica\u00e7\u00e3o PSOL\",\"image\":{\"@type\":\"ImageObject\",\"inLanguage\":\"pt-BR\",\"@id\":\"https:\/\/psol50.org.br\/#\/schema\/person\/image\/\",\"url\":\"https:\/\/secure.gravatar.com\/avatar\/b34fc4f4e468a4e51785917065a3db57b841f5c95dba6ad8c73aaf8f66f8f9bf?s=96&d=mm&r=g\",\"contentUrl\":\"https:\/\/secure.gravatar.com\/avatar\/b34fc4f4e468a4e51785917065a3db57b841f5c95dba6ad8c73aaf8f66f8f9bf?s=96&d=mm&r=g\",\"caption\":\"Comunica\u00e7\u00e3o PSOL\"}}]}<\/script>\n<!-- \/ Yoast SEO plugin. -->","yoast_head_json":{"title":"PSOL entra com representa\u00e7\u00e3o na Corregedoria contra deputados investigados pela PF - PSOL 50","robots":{"index":"index","follow":"follow","max-snippet":"max-snippet:-1","max-image-preview":"max-image-preview:large","max-video-preview":"max-video-preview:-1"},"canonical":"https:\/\/psol50.org.br\/psol-entra-com-representacao-na-corregedoria-contra-deputados-investigados-pela-pf\/","og_locale":"pt_BR","og_type":"article","og_title":"PSOL aciona Corregedoria contra deputados investigados pela PF","og_description":"Cristiane Brasil, Jovair Arantes, Wilson Filho e Paulinho da For\u00e7a s\u00e3o os de alvos da representa\u00e7\u00e3o","og_url":"https:\/\/psol50.org.br\/psol-entra-com-representacao-na-corregedoria-contra-deputados-investigados-pela-pf\/","og_site_name":"PSOL 50","article_publisher":"https:\/\/www.facebook.com\/psol50","article_published_time":"2018-07-05T16:25:36+00:00","og_image":[{"width":1350,"height":903,"url":"https:\/\/psol50.org.br\/inc\/uploads\/2018\/07\/PF_ABr.jpg","type":"image\/jpeg"}],"author":"Comunica\u00e7\u00e3o PSOL","twitter_card":"summary_large_image","twitter_creator":"@psol50","twitter_site":"@psol50","twitter_misc":{"Escrito por":"Comunica\u00e7\u00e3o PSOL","Est. tempo de leitura":"2 minutos"},"schema":{"@context":"https:\/\/schema.org","@graph":[{"@type":"Article","@id":"https:\/\/psol50.org.br\/psol-entra-com-representacao-na-corregedoria-contra-deputados-investigados-pela-pf\/#article","isPartOf":{"@id":"https:\/\/psol50.org.br\/psol-entra-com-representacao-na-corregedoria-contra-deputados-investigados-pela-pf\/"},"author":{"name":"Comunica\u00e7\u00e3o PSOL","@id":"https:\/\/psol50.org.br\/#\/schema\/person\/475dfa57d0b815993c714c2e96491fcd"},"headline":"PSOL entra com representa\u00e7\u00e3o na Corregedoria contra deputados investigados pela PF","datePublished":"2018-07-05T16:25:36+00:00","mainEntityOfPage":{"@id":"https:\/\/psol50.org.br\/psol-entra-com-representacao-na-corregedoria-contra-deputados-investigados-pela-pf\/"},"wordCount":397,"commentCount":0,"publisher":{"@id":"https:\/\/psol50.org.br\/#organization"},"image":{"@id":"https:\/\/psol50.org.br\/psol-entra-com-representacao-na-corregedoria-contra-deputados-investigados-pela-pf\/#primaryimage"},"thumbnailUrl":"https:\/\/psol50.org.br\/inc\/uploads\/2018\/07\/PF_ABr.jpg","keywords":["Corregedoria da C\u00e2mara dos Deputados","Cristiane Brasil","Jovair Arantes","Nelson Marquezelli","Opera\u00e7\u00e3o Registro Esp\u00fario","Paulinho da For\u00e7a","Pol\u00edcia Federal","PSOL na C\u00e2mara","representa\u00e7\u00e3o","Wilson Filho"],"articleSection":["A\u00e7\u00e3o Parlamentar","Brasil","Not\u00edcias"],"inLanguage":"pt-BR","potentialAction":[{"@type":"CommentAction","name":"Comment","target":["https:\/\/psol50.org.br\/psol-entra-com-representacao-na-corregedoria-contra-deputados-investigados-pela-pf\/#respond"]}]},{"@type":"WebPage","@id":"https:\/\/psol50.org.br\/psol-entra-com-representacao-na-corregedoria-contra-deputados-investigados-pela-pf\/","url":"https:\/\/psol50.org.br\/psol-entra-com-representacao-na-corregedoria-contra-deputados-investigados-pela-pf\/","name":"PSOL entra com representa\u00e7\u00e3o na Corregedoria contra deputados investigados pela PF - PSOL 50","isPartOf":{"@id":"https:\/\/psol50.org.br\/#website"},"primaryImageOfPage":{"@id":"https:\/\/psol50.org.br\/psol-entra-com-representacao-na-corregedoria-contra-deputados-investigados-pela-pf\/#primaryimage"},"image":{"@id":"https:\/\/psol50.org.br\/psol-entra-com-representacao-na-corregedoria-contra-deputados-investigados-pela-pf\/#primaryimage"},"thumbnailUrl":"https:\/\/psol50.org.br\/inc\/uploads\/2018\/07\/PF_ABr.jpg","datePublished":"2018-07-05T16:25:36+00:00","breadcrumb":{"@id":"https:\/\/psol50.org.br\/psol-entra-com-representacao-na-corregedoria-contra-deputados-investigados-pela-pf\/#breadcrumb"},"inLanguage":"pt-BR","potentialAction":[{"@type":"ReadAction","target":["https:\/\/psol50.org.br\/psol-entra-com-representacao-na-corregedoria-contra-deputados-investigados-pela-pf\/"]}]},{"@type":"ImageObject","inLanguage":"pt-BR","@id":"https:\/\/psol50.org.br\/psol-entra-com-representacao-na-corregedoria-contra-deputados-investigados-pela-pf\/#primaryimage","url":"https:\/\/psol50.org.br\/inc\/uploads\/2018\/07\/PF_ABr.jpg","contentUrl":"https:\/\/psol50.org.br\/inc\/uploads\/2018\/07\/PF_ABr.jpg","width":1350,"height":903,"caption":"Pol\u00edcia Federal"},{"@type":"BreadcrumbList","@id":"https:\/\/psol50.org.br\/psol-entra-com-representacao-na-corregedoria-contra-deputados-investigados-pela-pf\/#breadcrumb","itemListElement":[{"@type":"ListItem","position":1,"name":"In\u00edcio","item":"https:\/\/psol50.org.br\/"},{"@type":"ListItem","position":2,"name":"PSOL entra com representa\u00e7\u00e3o na Corregedoria contra deputados investigados pela PF"}]},{"@type":"WebSite","@id":"https:\/\/psol50.org.br\/#website","url":"https:\/\/psol50.org.br\/","name":"PSOL 50","description":"Site oficial do Partido Socialismo e Liberdade","publisher":{"@id":"https:\/\/psol50.org.br\/#organization"},"alternateName":"PSOL50","potentialAction":[{"@type":"SearchAction","target":{"@type":"EntryPoint","urlTemplate":"https:\/\/psol50.org.br\/?s={search_term_string}"},"query-input":{"@type":"PropertyValueSpecification","valueRequired":true,"valueName":"search_term_string"}}],"inLanguage":"pt-BR"},{"@type":"Organization","@id":"https:\/\/psol50.org.br\/#organization","name":"PSOL 50","alternateName":"PSOL 50","url":"https:\/\/psol50.org.br\/","logo":{"@type":"ImageObject","inLanguage":"pt-BR","@id":"https:\/\/psol50.org.br\/#\/schema\/logo\/image\/","url":"https:\/\/psol50.org.br\/inc\/uploads\/2018\/07\/capa.png","contentUrl":"https:\/\/psol50.org.br\/inc\/uploads\/2018\/07\/capa.png","width":1350,"height":900,"caption":"PSOL 50"},"image":{"@id":"https:\/\/psol50.org.br\/#\/schema\/logo\/image\/"},"sameAs":["https:\/\/www.facebook.com\/psol50","https:\/\/x.com\/psol50","https:\/\/www.instagram.com\/psol50\/","https:\/\/www.youtube.com\/channel\/UC7SnJS5o1os7a6CaiNabzcg"]},{"@type":"Person","@id":"https:\/\/psol50.org.br\/#\/schema\/person\/475dfa57d0b815993c714c2e96491fcd","name":"Comunica\u00e7\u00e3o PSOL","image":{"@type":"ImageObject","inLanguage":"pt-BR","@id":"https:\/\/psol50.org.br\/#\/schema\/person\/image\/","url":"https:\/\/secure.gravatar.com\/avatar\/b34fc4f4e468a4e51785917065a3db57b841f5c95dba6ad8c73aaf8f66f8f9bf?s=96&d=mm&r=g","contentUrl":"https:\/\/secure.gravatar.com\/avatar\/b34fc4f4e468a4e51785917065a3db57b841f5c95dba6ad8c73aaf8f66f8f9bf?s=96&d=mm&r=g","caption":"Comunica\u00e7\u00e3o PSOL"}}]}},"_links":{"self":[{"href":"https:\/\/psol50.org.br\/rest\/wp\/v2\/posts\/21067","targetHints":{"allow":["GET"]}}],"collection":[{"href":"https:\/\/psol50.org.br\/rest\/wp\/v2\/posts"}],"about":[{"href":"https:\/\/psol50.org.br\/rest\/wp\/v2\/types\/post"}],"author":[{"embeddable":true,"href":"https:\/\/psol50.org.br\/rest\/wp\/v2\/users\/2"}],"replies":[{"embeddable":true,"href":"https:\/\/psol50.org.br\/rest\/wp\/v2\/comments?post=21067"}],"version-history":[{"count":0,"href":"https:\/\/psol50.org.br\/rest\/wp\/v2\/posts\/21067\/revisions"}],"wp:featuredmedia":[{"embeddable":true,"href":"https:\/\/psol50.org.br\/rest\/wp\/v2\/media\/21068"}],"wp:attachment":[{"href":"https:\/\/psol50.org.br\/rest\/wp\/v2\/media?parent=21067"}],"wp:term":[{"taxonomy":"category","embeddable":true,"href":"https:\/\/psol50.org.br\/rest\/wp\/v2\/categories?post=21067"},{"taxonomy":"post_tag","embeddable":true,"href":"https:\/\/psol50.org.br\/rest\/wp\/v2\/tags?post=21067"}],"curies":[{"name":"wp","href":"https:\/\/api.w.org\/{rel}","templated":true}]}}