{"id":21078,"date":"2018-07-09T12:34:33","date_gmt":"2018-07-09T15:34:33","guid":{"rendered":"https:\/\/www.psol50.org.br\/?p=21078"},"modified":"2018-07-09T12:34:33","modified_gmt":"2018-07-09T15:34:33","slug":"psol-entra-no-mp-com-representacao-contra-marcelo-crivella","status":"publish","type":"post","link":"https:\/\/psol50.org.br\/psol-entra-no-mp-com-representacao-contra-marcelo-crivella\/","title":{"rendered":"PSOL entra, no MP, com representa\u00e7\u00e3o contra Marcelo Crivella"},"content":{"rendered":"<p>O <a href=\"https:\/\/www.facebook.com\/psolcarioca\/\" target=\"_blank\" rel=\"noopener\"><span style=\"color: #0000ff;\"><strong>PSOL <\/strong><\/span><\/a>protocolou no final da manh\u00e3 desta segunda-feira (09) uma <a href=\"http:\/\/tarcisiomotta.com.br\/inc\/uploads\/2018\/07\/Representa%C3%A7%C3%A3o-contra-Crivella.pdf\" target=\"_blank\" rel=\"noopener\"><strong><span style=\"color: #0000ff;\">representa\u00e7\u00e3o contra o prefeito do Rio de Janeiro, Marcelo Crivella<\/span><\/strong><\/a>, no Minist\u00e9rio P\u00fablico Estadual. No pedido, o deputado estadual Marcelo Freixo e os vereadores Tarc\u00edsio Motta, Jo\u00e3o Batista Bab\u00e1, Renato Cinco, Renato Silva, Paulo Pinheiro e Leonel Brizola Neto pedem a apura\u00e7\u00e3o de um eventual crime de responsabilidade e improbidade administrativa por parte de Crivella. Na representa\u00e7\u00e3o, o PSOL tamb\u00e9m pede o ressarcimento aos cofres p\u00fablicos dos gastos com o encontro entre o prefeito e l\u00edderes evang\u00e9licos no Pal\u00e1cio da Cidade, realizado no \u00faltimo dia 5 de julho.<\/p>\n<p>Para o PSOL, Crivella praticou ato de improbidade ao violar princ\u00edpios da administra\u00e7\u00e3o p\u00fablica, cedendo espa\u00e7o da prefeitura em benef\u00edcio de pr\u00e9-candidatos, em uma reuni\u00e3o com evidente prop\u00f3sito de propaganda eleitoral. Al\u00e9m disso, associou ao momento, o oferecimento de vantagem pessoal aos presentes, como cirurgias de catarata, vasectomia e varizes, violando inclusive regulamento do SISREG \u2013 sistema que regula a oferta de vagas no servi\u00e7o de sa\u00fade p\u00fablica. O prefeito tamb\u00e9m prometeu aos aliados a facilita\u00e7\u00e3o do processo de isen\u00e7\u00e3o de IPTU para igreja, mais uma vez rompendo com a parcialidade e a legalidade.<\/p>\n<p>Na representa\u00e7\u00e3o, o partido alega que Crivella se utilizou de bens e servi\u00e7os da prefeitura, em proveito pr\u00f3prio e assim, agiu de modo inadequado com a fun\u00e7\u00e3o e cargo que ocupa, configurando claro crime de responsabilidade.<\/p>\n<p>Confira, abaixo, o momento em que os parlamentares protocolaram a representa\u00e7\u00e3o.<\/p>\n<p>https:\/\/www.facebook.com\/TarcisioMottaPSOL\/videos\/1025025571005048\/<\/p>\n<p>Fonte: <a href=\"https:\/\/psolcarioca.com.br\/2018\/07\/09\/impeachment-de-crivella-psol-entra-com-representacao-no-mp\/\" target=\"_blank\" rel=\"noopener\"><em><strong><span style=\"color: #0000ff;\">PSOL Carioca<\/span><\/strong><\/em><\/a><\/p>\n","protected":false},"excerpt":{"rendered":"<p>O PSOL protocolou no final da manh\u00e3 desta segunda-feira (09) uma representa\u00e7\u00e3o contra o prefeito do Rio de Janeiro, Marcelo Crivella, no Minist\u00e9rio P\u00fablico Estadual. No pedido, o deputado estadual Marcelo Freixo e os vereadores Tarc\u00edsio Motta, Jo\u00e3o Batista Bab\u00e1, Renato Cinco, Renato Silva, Paulo Pinheiro e Leonel Brizola Neto pedem a apura\u00e7\u00e3o de um [&hellip;]<\/p>\n","protected":false},"author":2,"featured_media":21080,"comment_status":"open","ping_status":"open","sticky":false,"template":"","format":"standard","meta":{"_acf_changed":false,"footnotes":""},"categories":[654,6],"tags":[1913,220,2629,2630,2631,2632,160,161,62,2633,1187,22,1753,2634,1606,162,1754],"class_list":{"0":"post-21078","1":"post","2":"type-post","3":"status-publish","4":"format-standard","5":"has-post-thumbnail","7":"category-estados","8":"category-noticias","9":"tag-crime-de-responsabilidade","10":"tag-impeachment","11":"tag-improbidade-administrativa","12":"tag-iptu","13":"tag-joao-batista-baba","14":"tag-leonel-brizola-neto","15":"tag-marcelo-crivella","16":"tag-marcelo-freixo","17":"tag-ministerio-publico","18":"tag-paulo-pinheiro","19":"tag-prefeito","20":"tag-psol","21":"tag-renato-cinco","22":"tag-renato-silva","23":"tag-representacao","24":"tag-rio-de-janeiro","25":"tag-tarcisio-motta"},"acf":[],"yoast_head":"<!-- This site is optimized with the Yoast SEO plugin v26.5 - https:\/\/yoast.com\/wordpress\/plugins\/seo\/ -->\n<title>PSOL entra, no MP, com representa\u00e7\u00e3o contra Marcelo Crivella - PSOL 50<\/title>\n<meta name=\"robots\" content=\"index, follow, max-snippet:-1, max-image-preview:large, max-video-preview:-1\" \/>\n<link rel=\"canonical\" href=\"https:\/\/psol50.org.br\/psol-entra-no-mp-com-representacao-contra-marcelo-crivella\/\" \/>\n<meta property=\"og:locale\" content=\"pt_BR\" \/>\n<meta property=\"og:type\" content=\"article\" \/>\n<meta property=\"og:title\" content=\"PSOL entra com representa\u00e7\u00e3o contra Marcelo Crivella\" \/>\n<meta property=\"og:description\" content=\"Partido quer apura\u00e7\u00e3o de eventual crime de responsabilidade e improbidade administrativa por parte do prefeito\" \/>\n<meta property=\"og:url\" content=\"https:\/\/psol50.org.br\/psol-entra-no-mp-com-representacao-contra-marcelo-crivella\/\" \/>\n<meta property=\"og:site_name\" content=\"PSOL 50\" \/>\n<meta property=\"article:publisher\" content=\"https:\/\/www.facebook.com\/psol50\" \/>\n<meta property=\"article:published_time\" content=\"2018-07-09T15:34:33+00:00\" \/>\n<meta property=\"og:image\" content=\"https:\/\/psol50.org.br\/inc\/uploads\/2018\/07\/MarceloCrivella_Tomaz-Silva_ABr.jpg\" \/>\n\t<meta property=\"og:image:width\" content=\"1350\" \/>\n\t<meta property=\"og:image:height\" content=\"899\" \/>\n\t<meta property=\"og:image:type\" content=\"image\/jpeg\" \/>\n<meta name=\"author\" content=\"Comunica\u00e7\u00e3o PSOL\" \/>\n<meta name=\"twitter:card\" content=\"summary_large_image\" \/>\n<meta name=\"twitter:creator\" content=\"@psol50\" \/>\n<meta name=\"twitter:site\" content=\"@psol50\" \/>\n<meta name=\"twitter:label1\" content=\"Escrito por\" \/>\n\t<meta name=\"twitter:data1\" content=\"Comunica\u00e7\u00e3o PSOL\" \/>\n\t<meta name=\"twitter:label2\" content=\"Est. tempo de leitura\" \/>\n\t<meta name=\"twitter:data2\" content=\"1 minuto\" \/>\n<script type=\"application\/ld+json\" class=\"yoast-schema-graph\">{\"@context\":\"https:\/\/schema.org\",\"@graph\":[{\"@type\":\"Article\",\"@id\":\"https:\/\/psol50.org.br\/psol-entra-no-mp-com-representacao-contra-marcelo-crivella\/#article\",\"isPartOf\":{\"@id\":\"https:\/\/psol50.org.br\/psol-entra-no-mp-com-representacao-contra-marcelo-crivella\/\"},\"author\":{\"name\":\"Comunica\u00e7\u00e3o PSOL\",\"@id\":\"https:\/\/psol50.org.br\/#\/schema\/person\/475dfa57d0b815993c714c2e96491fcd\"},\"headline\":\"PSOL entra, no MP, com representa\u00e7\u00e3o contra Marcelo Crivella\",\"datePublished\":\"2018-07-09T15:34:33+00:00\",\"mainEntityOfPage\":{\"@id\":\"https:\/\/psol50.org.br\/psol-entra-no-mp-com-representacao-contra-marcelo-crivella\/\"},\"wordCount\":288,\"commentCount\":0,\"publisher\":{\"@id\":\"https:\/\/psol50.org.br\/#organization\"},\"image\":{\"@id\":\"https:\/\/psol50.org.br\/psol-entra-no-mp-com-representacao-contra-marcelo-crivella\/#primaryimage\"},\"thumbnailUrl\":\"https:\/\/psol50.org.br\/inc\/uploads\/2018\/07\/MarceloCrivella_Tomaz-Silva_ABr.jpg\",\"keywords\":[\"crime de responsabilidade\",\"impeachment\",\"improbidade administrativa\",\"IPTU\",\"Jo\u00e3o Batista Bab\u00e1\",\"Leonel Brizola Neto\",\"Marcelo Crivella\",\"Marcelo Freixo\",\"Minist\u00e9rio P\u00fablico\",\"Paulo Pinheiro\",\"prefeito\",\"PSOL\",\"Renato Cinco\",\"Renato Silva\",\"representa\u00e7\u00e3o\",\"Rio de Janeiro\",\"Tarc\u00edsio Motta\"],\"articleSection\":[\"Estados\",\"Not\u00edcias\"],\"inLanguage\":\"pt-BR\",\"potentialAction\":[{\"@type\":\"CommentAction\",\"name\":\"Comment\",\"target\":[\"https:\/\/psol50.org.br\/psol-entra-no-mp-com-representacao-contra-marcelo-crivella\/#respond\"]}]},{\"@type\":\"WebPage\",\"@id\":\"https:\/\/psol50.org.br\/psol-entra-no-mp-com-representacao-contra-marcelo-crivella\/\",\"url\":\"https:\/\/psol50.org.br\/psol-entra-no-mp-com-representacao-contra-marcelo-crivella\/\",\"name\":\"PSOL entra, no MP, com representa\u00e7\u00e3o contra Marcelo Crivella - PSOL 50\",\"isPartOf\":{\"@id\":\"https:\/\/psol50.org.br\/#website\"},\"primaryImageOfPage\":{\"@id\":\"https:\/\/psol50.org.br\/psol-entra-no-mp-com-representacao-contra-marcelo-crivella\/#primaryimage\"},\"image\":{\"@id\":\"https:\/\/psol50.org.br\/psol-entra-no-mp-com-representacao-contra-marcelo-crivella\/#primaryimage\"},\"thumbnailUrl\":\"https:\/\/psol50.org.br\/inc\/uploads\/2018\/07\/MarceloCrivella_Tomaz-Silva_ABr.jpg\",\"datePublished\":\"2018-07-09T15:34:33+00:00\",\"breadcrumb\":{\"@id\":\"https:\/\/psol50.org.br\/psol-entra-no-mp-com-representacao-contra-marcelo-crivella\/#breadcrumb\"},\"inLanguage\":\"pt-BR\",\"potentialAction\":[{\"@type\":\"ReadAction\",\"target\":[\"https:\/\/psol50.org.br\/psol-entra-no-mp-com-representacao-contra-marcelo-crivella\/\"]}]},{\"@type\":\"ImageObject\",\"inLanguage\":\"pt-BR\",\"@id\":\"https:\/\/psol50.org.br\/psol-entra-no-mp-com-representacao-contra-marcelo-crivella\/#primaryimage\",\"url\":\"https:\/\/psol50.org.br\/inc\/uploads\/2018\/07\/MarceloCrivella_Tomaz-Silva_ABr.jpg\",\"contentUrl\":\"https:\/\/psol50.org.br\/inc\/uploads\/2018\/07\/MarceloCrivella_Tomaz-Silva_ABr.jpg\",\"width\":1350,\"height\":899},{\"@type\":\"BreadcrumbList\",\"@id\":\"https:\/\/psol50.org.br\/psol-entra-no-mp-com-representacao-contra-marcelo-crivella\/#breadcrumb\",\"itemListElement\":[{\"@type\":\"ListItem\",\"position\":1,\"name\":\"In\u00edcio\",\"item\":\"https:\/\/psol50.org.br\/\"},{\"@type\":\"ListItem\",\"position\":2,\"name\":\"PSOL entra, no MP, com representa\u00e7\u00e3o contra Marcelo Crivella\"}]},{\"@type\":\"WebSite\",\"@id\":\"https:\/\/psol50.org.br\/#website\",\"url\":\"https:\/\/psol50.org.br\/\",\"name\":\"PSOL 50\",\"description\":\"Site oficial do Partido Socialismo e Liberdade\",\"publisher\":{\"@id\":\"https:\/\/psol50.org.br\/#organization\"},\"alternateName\":\"PSOL50\",\"potentialAction\":[{\"@type\":\"SearchAction\",\"target\":{\"@type\":\"EntryPoint\",\"urlTemplate\":\"https:\/\/psol50.org.br\/?s={search_term_string}\"},\"query-input\":{\"@type\":\"PropertyValueSpecification\",\"valueRequired\":true,\"valueName\":\"search_term_string\"}}],\"inLanguage\":\"pt-BR\"},{\"@type\":\"Organization\",\"@id\":\"https:\/\/psol50.org.br\/#organization\",\"name\":\"PSOL 50\",\"alternateName\":\"PSOL 50\",\"url\":\"https:\/\/psol50.org.br\/\",\"logo\":{\"@type\":\"ImageObject\",\"inLanguage\":\"pt-BR\",\"@id\":\"https:\/\/psol50.org.br\/#\/schema\/logo\/image\/\",\"url\":\"https:\/\/psol50.org.br\/inc\/uploads\/2018\/07\/capa.png\",\"contentUrl\":\"https:\/\/psol50.org.br\/inc\/uploads\/2018\/07\/capa.png\",\"width\":1350,\"height\":900,\"caption\":\"PSOL 50\"},\"image\":{\"@id\":\"https:\/\/psol50.org.br\/#\/schema\/logo\/image\/\"},\"sameAs\":[\"https:\/\/www.facebook.com\/psol50\",\"https:\/\/x.com\/psol50\",\"https:\/\/www.instagram.com\/psol50\/\",\"https:\/\/www.youtube.com\/channel\/UC7SnJS5o1os7a6CaiNabzcg\"]},{\"@type\":\"Person\",\"@id\":\"https:\/\/psol50.org.br\/#\/schema\/person\/475dfa57d0b815993c714c2e96491fcd\",\"name\":\"Comunica\u00e7\u00e3o PSOL\",\"image\":{\"@type\":\"ImageObject\",\"inLanguage\":\"pt-BR\",\"@id\":\"https:\/\/psol50.org.br\/#\/schema\/person\/image\/\",\"url\":\"https:\/\/secure.gravatar.com\/avatar\/b34fc4f4e468a4e51785917065a3db57b841f5c95dba6ad8c73aaf8f66f8f9bf?s=96&d=mm&r=g\",\"contentUrl\":\"https:\/\/secure.gravatar.com\/avatar\/b34fc4f4e468a4e51785917065a3db57b841f5c95dba6ad8c73aaf8f66f8f9bf?s=96&d=mm&r=g\",\"caption\":\"Comunica\u00e7\u00e3o PSOL\"}}]}<\/script>\n<!-- \/ Yoast SEO plugin. -->","yoast_head_json":{"title":"PSOL entra, no MP, com representa\u00e7\u00e3o contra Marcelo Crivella - PSOL 50","robots":{"index":"index","follow":"follow","max-snippet":"max-snippet:-1","max-image-preview":"max-image-preview:large","max-video-preview":"max-video-preview:-1"},"canonical":"https:\/\/psol50.org.br\/psol-entra-no-mp-com-representacao-contra-marcelo-crivella\/","og_locale":"pt_BR","og_type":"article","og_title":"PSOL entra com representa\u00e7\u00e3o contra Marcelo Crivella","og_description":"Partido quer apura\u00e7\u00e3o de eventual crime de responsabilidade e improbidade administrativa por parte do prefeito","og_url":"https:\/\/psol50.org.br\/psol-entra-no-mp-com-representacao-contra-marcelo-crivella\/","og_site_name":"PSOL 50","article_publisher":"https:\/\/www.facebook.com\/psol50","article_published_time":"2018-07-09T15:34:33+00:00","og_image":[{"width":1350,"height":899,"url":"https:\/\/psol50.org.br\/inc\/uploads\/2018\/07\/MarceloCrivella_Tomaz-Silva_ABr.jpg","type":"image\/jpeg"}],"author":"Comunica\u00e7\u00e3o PSOL","twitter_card":"summary_large_image","twitter_creator":"@psol50","twitter_site":"@psol50","twitter_misc":{"Escrito por":"Comunica\u00e7\u00e3o PSOL","Est. tempo de leitura":"1 minuto"},"schema":{"@context":"https:\/\/schema.org","@graph":[{"@type":"Article","@id":"https:\/\/psol50.org.br\/psol-entra-no-mp-com-representacao-contra-marcelo-crivella\/#article","isPartOf":{"@id":"https:\/\/psol50.org.br\/psol-entra-no-mp-com-representacao-contra-marcelo-crivella\/"},"author":{"name":"Comunica\u00e7\u00e3o PSOL","@id":"https:\/\/psol50.org.br\/#\/schema\/person\/475dfa57d0b815993c714c2e96491fcd"},"headline":"PSOL entra, no MP, com representa\u00e7\u00e3o contra Marcelo Crivella","datePublished":"2018-07-09T15:34:33+00:00","mainEntityOfPage":{"@id":"https:\/\/psol50.org.br\/psol-entra-no-mp-com-representacao-contra-marcelo-crivella\/"},"wordCount":288,"commentCount":0,"publisher":{"@id":"https:\/\/psol50.org.br\/#organization"},"image":{"@id":"https:\/\/psol50.org.br\/psol-entra-no-mp-com-representacao-contra-marcelo-crivella\/#primaryimage"},"thumbnailUrl":"https:\/\/psol50.org.br\/inc\/uploads\/2018\/07\/MarceloCrivella_Tomaz-Silva_ABr.jpg","keywords":["crime de responsabilidade","impeachment","improbidade administrativa","IPTU","Jo\u00e3o Batista Bab\u00e1","Leonel Brizola Neto","Marcelo Crivella","Marcelo Freixo","Minist\u00e9rio P\u00fablico","Paulo Pinheiro","prefeito","PSOL","Renato Cinco","Renato Silva","representa\u00e7\u00e3o","Rio de Janeiro","Tarc\u00edsio Motta"],"articleSection":["Estados","Not\u00edcias"],"inLanguage":"pt-BR","potentialAction":[{"@type":"CommentAction","name":"Comment","target":["https:\/\/psol50.org.br\/psol-entra-no-mp-com-representacao-contra-marcelo-crivella\/#respond"]}]},{"@type":"WebPage","@id":"https:\/\/psol50.org.br\/psol-entra-no-mp-com-representacao-contra-marcelo-crivella\/","url":"https:\/\/psol50.org.br\/psol-entra-no-mp-com-representacao-contra-marcelo-crivella\/","name":"PSOL entra, no MP, com representa\u00e7\u00e3o contra Marcelo Crivella - PSOL 50","isPartOf":{"@id":"https:\/\/psol50.org.br\/#website"},"primaryImageOfPage":{"@id":"https:\/\/psol50.org.br\/psol-entra-no-mp-com-representacao-contra-marcelo-crivella\/#primaryimage"},"image":{"@id":"https:\/\/psol50.org.br\/psol-entra-no-mp-com-representacao-contra-marcelo-crivella\/#primaryimage"},"thumbnailUrl":"https:\/\/psol50.org.br\/inc\/uploads\/2018\/07\/MarceloCrivella_Tomaz-Silva_ABr.jpg","datePublished":"2018-07-09T15:34:33+00:00","breadcrumb":{"@id":"https:\/\/psol50.org.br\/psol-entra-no-mp-com-representacao-contra-marcelo-crivella\/#breadcrumb"},"inLanguage":"pt-BR","potentialAction":[{"@type":"ReadAction","target":["https:\/\/psol50.org.br\/psol-entra-no-mp-com-representacao-contra-marcelo-crivella\/"]}]},{"@type":"ImageObject","inLanguage":"pt-BR","@id":"https:\/\/psol50.org.br\/psol-entra-no-mp-com-representacao-contra-marcelo-crivella\/#primaryimage","url":"https:\/\/psol50.org.br\/inc\/uploads\/2018\/07\/MarceloCrivella_Tomaz-Silva_ABr.jpg","contentUrl":"https:\/\/psol50.org.br\/inc\/uploads\/2018\/07\/MarceloCrivella_Tomaz-Silva_ABr.jpg","width":1350,"height":899},{"@type":"BreadcrumbList","@id":"https:\/\/psol50.org.br\/psol-entra-no-mp-com-representacao-contra-marcelo-crivella\/#breadcrumb","itemListElement":[{"@type":"ListItem","position":1,"name":"In\u00edcio","item":"https:\/\/psol50.org.br\/"},{"@type":"ListItem","position":2,"name":"PSOL entra, no MP, com representa\u00e7\u00e3o contra Marcelo Crivella"}]},{"@type":"WebSite","@id":"https:\/\/psol50.org.br\/#website","url":"https:\/\/psol50.org.br\/","name":"PSOL 50","description":"Site oficial do Partido Socialismo e Liberdade","publisher":{"@id":"https:\/\/psol50.org.br\/#organization"},"alternateName":"PSOL50","potentialAction":[{"@type":"SearchAction","target":{"@type":"EntryPoint","urlTemplate":"https:\/\/psol50.org.br\/?s={search_term_string}"},"query-input":{"@type":"PropertyValueSpecification","valueRequired":true,"valueName":"search_term_string"}}],"inLanguage":"pt-BR"},{"@type":"Organization","@id":"https:\/\/psol50.org.br\/#organization","name":"PSOL 50","alternateName":"PSOL 50","url":"https:\/\/psol50.org.br\/","logo":{"@type":"ImageObject","inLanguage":"pt-BR","@id":"https:\/\/psol50.org.br\/#\/schema\/logo\/image\/","url":"https:\/\/psol50.org.br\/inc\/uploads\/2018\/07\/capa.png","contentUrl":"https:\/\/psol50.org.br\/inc\/uploads\/2018\/07\/capa.png","width":1350,"height":900,"caption":"PSOL 50"},"image":{"@id":"https:\/\/psol50.org.br\/#\/schema\/logo\/image\/"},"sameAs":["https:\/\/www.facebook.com\/psol50","https:\/\/x.com\/psol50","https:\/\/www.instagram.com\/psol50\/","https:\/\/www.youtube.com\/channel\/UC7SnJS5o1os7a6CaiNabzcg"]},{"@type":"Person","@id":"https:\/\/psol50.org.br\/#\/schema\/person\/475dfa57d0b815993c714c2e96491fcd","name":"Comunica\u00e7\u00e3o PSOL","image":{"@type":"ImageObject","inLanguage":"pt-BR","@id":"https:\/\/psol50.org.br\/#\/schema\/person\/image\/","url":"https:\/\/secure.gravatar.com\/avatar\/b34fc4f4e468a4e51785917065a3db57b841f5c95dba6ad8c73aaf8f66f8f9bf?s=96&d=mm&r=g","contentUrl":"https:\/\/secure.gravatar.com\/avatar\/b34fc4f4e468a4e51785917065a3db57b841f5c95dba6ad8c73aaf8f66f8f9bf?s=96&d=mm&r=g","caption":"Comunica\u00e7\u00e3o PSOL"}}]}},"_links":{"self":[{"href":"https:\/\/psol50.org.br\/rest\/wp\/v2\/posts\/21078","targetHints":{"allow":["GET"]}}],"collection":[{"href":"https:\/\/psol50.org.br\/rest\/wp\/v2\/posts"}],"about":[{"href":"https:\/\/psol50.org.br\/rest\/wp\/v2\/types\/post"}],"author":[{"embeddable":true,"href":"https:\/\/psol50.org.br\/rest\/wp\/v2\/users\/2"}],"replies":[{"embeddable":true,"href":"https:\/\/psol50.org.br\/rest\/wp\/v2\/comments?post=21078"}],"version-history":[{"count":0,"href":"https:\/\/psol50.org.br\/rest\/wp\/v2\/posts\/21078\/revisions"}],"wp:featuredmedia":[{"embeddable":true,"href":"https:\/\/psol50.org.br\/rest\/wp\/v2\/media\/21080"}],"wp:attachment":[{"href":"https:\/\/psol50.org.br\/rest\/wp\/v2\/media?parent=21078"}],"wp:term":[{"taxonomy":"category","embeddable":true,"href":"https:\/\/psol50.org.br\/rest\/wp\/v2\/categories?post=21078"},{"taxonomy":"post_tag","embeddable":true,"href":"https:\/\/psol50.org.br\/rest\/wp\/v2\/tags?post=21078"}],"curies":[{"name":"wp","href":"https:\/\/api.w.org\/{rel}","templated":true}]}}