{"id":21083,"date":"2018-07-09T15:43:33","date_gmt":"2018-07-09T18:43:33","guid":{"rendered":"https:\/\/www.psol50.org.br\/?p=21083"},"modified":"2018-07-09T15:43:33","modified_gmt":"2018-07-09T18:43:33","slug":"lisete-arelaro-um-retrato-da-midia-contra-as-mulheres-na-politica","status":"publish","type":"post","link":"https:\/\/psol50.org.br\/lisete-arelaro-um-retrato-da-midia-contra-as-mulheres-na-politica\/","title":{"rendered":"Lisete Arelaro | Um retrato da m\u00eddia contra as mulheres na pol\u00edtica"},"content":{"rendered":"<p><a href=\"https:\/\/agoraequesaoelas.blogfolha.uol.com.br\/2018\/07\/09\/um-retrato-da-midia-contra-as-mulheres-na-politica\/\" target=\"_blank\" rel=\"noopener\"><strong><span style=\"color: #3366ff;\"><em>Originalmente publicado no blog Agora \u00c9 Que S\u00e3o Elas, na Folha de S. Paulo<\/em><\/span><\/strong><\/a><\/p>\n<p>H\u00e1 pouco tempo atr\u00e1s, ainda no s\u00e9culo XX, pensar que uma mulher poderia ocupar espa\u00e7os de poder na pol\u00edtica era algo inimagin\u00e1vel para a maioria da popula\u00e7\u00e3o. Felizmente, d\u00e9cadas de luta das mulheres por direitos, liberdade, igualdade e representatividade mudaram esse quadro e hoje a pauta do protagonismo feminino \u00e9 evidente em todos os espa\u00e7os. Nas elei\u00e7\u00f5es deste ano, a participa\u00e7\u00e3o das mulheres e a identifica\u00e7\u00e3o com a pauta feminista \u00e9 tema de destaque.<\/p>\n<p>Aos que ignoram essa presen\u00e7a e este debate vejo duas possibilidades: uma aliena\u00e7\u00e3o completa aos temas da atualidade ou uma a\u00e7\u00e3o intencional pela manuten\u00e7\u00e3o da supremacia masculina, sobretudo nos espa\u00e7os de poder e decis\u00e3o.<\/p>\n<p>Parte da imprensa paulista parece se alinhar com esse segundo grupo. Pretendem falar de pol\u00edtica e dos acontecimentos fingindo que a desigualdade de g\u00eanero n\u00e3o existe. Pior ainda, reproduzindo-a.<\/p>\n<p>A dire\u00e7\u00e3o da TV Cultura, uma rede p\u00fablica de televis\u00e3o, decidiu me deixar de fora da sua s\u00e9rie de entrevistas no programa Roda Viva com os pr\u00e9-candidatos ao governo de SP, mesmo sendo a \u00fanica mulher pr\u00e9-candidata. O mesmo Roda Viva que protagonizou o deplor\u00e1vel espet\u00e1culo de machismo e preconceito contra a pr\u00e9-candidata \u00e0 presid\u00eancia da Rep\u00fablica, Manuela D\u2019\u00c1vila.<\/p>\n<p>Recentemente, essa pol\u00edtica de exclus\u00e3o j\u00e1 tinha sido feita pelo SBT, Folha de S. Paulo e UOL que n\u00e3o me convidaram para sua s\u00e9rie de sabatinas, realizadas durante o m\u00eas de maio. Al\u00e9m de \u00fanica mulher, sou pr\u00e9-candidata pelo Partido Socialismo e Liberdade (PSOL), um partido que tem feito um destacado, corajoso e importante enfrentamento \u00e0 velha pol\u00edtica, \u00e0 reprodu\u00e7\u00e3o das desigualdades e \u00e0 retirada de direitos por meio de seus representantes nas casas legislativas. Penso ser importante, contudo, apontar alguns aspectos que legitimam a minha presen\u00e7a na cobertura do processo eleitoral do estado de S\u00e3o Paulo.<\/p>\n<p>Vale lembrar que no campo jur\u00eddico, mais especificamente no campo da justi\u00e7a\u00a0 eleitoral, est\u00e1 previsto que todos os partidos dever\u00e3o ter, no m\u00ednimo, 30% de candidatas mulheres. Al\u00e9m disso, os recursos financeiros e o tempo de TV destinado \u00e0s mulheres tamb\u00e9m deve respeitar, no m\u00ednimo, essa propor\u00e7\u00e3o. O que fundamenta essas determina\u00e7\u00f5es legais \u00e9 a constata\u00e7\u00e3o da sub-representa\u00e7\u00e3o das mulheres nos espa\u00e7os de poder e a press\u00e3o das mulheres por a\u00e7\u00f5es afirmativas que busquem enfrentar o machismo. Em uma democracia se faz imperativo a presen\u00e7a e representa\u00e7\u00e3o das mulheres.<\/p>\n<p>Uma retrospectiva r\u00e1pida nos mostra que no Brasil e no mundo as mulheres tem protagonizado lutas e resist\u00eancia, provocando mudan\u00e7as e reflex\u00e3o sobre as estruturas machistas que nos permeiam nos espa\u00e7os privados e nos espa\u00e7os p\u00fablicos. Tratam-se de lutas que interferem decisivamente na hist\u00f3ria de seus pa\u00edses, como podemos lembrar da import\u00e2ncia das mulheres na derrubada do deputado Eduardo Cunha ou da presen\u00e7a das mulheres nas categorias que resistiram \u00e0 Reforma da Previd\u00eancia, assim como a gigantesca mobiliza\u00e7\u00e3o das mulheres argentinas em defesa da legaliza\u00e7\u00e3o do aborto e a Marcha das Mulheres contra Trump nos EUA e em outros pa\u00edses.<\/p>\n<p>O assassinato brutal da vereadora Marielle Franco, no Rio de Janeiro mostrou de forma tr\u00e1gica que o racismo, o machismo e a lesbofobia seguem fortes e presentes no Brasil. Uma mulher negra, vinda da favela da Mar\u00e9, l\u00e9sbica e de esquerda n\u00e3o foi tolerada no espa\u00e7o de poder dos homens brancos e poderosos. N\u00e3o foi tolerada no meio interno da pol\u00edtica por defender os direitos humanos, por defender vidas negras, vidas pobres, vidas LGBTs e enfrentar a viol\u00eancia sist\u00eamica carioca. Talvez pelo mesmo motivo, vale destacar que Marielle n\u00e3o foi amplamente conhecida do grande p\u00fablico enquanto viva por essa atua\u00e7\u00e3o. Quantos jornais, quantas emissoras, quantos sites destacaram sua elei\u00e7\u00e3o, sua atua\u00e7\u00e3o na C\u00e2mara do Rio, seus enfrentamentos e sua coragem neste ambiente hostil \u00e0s mulheres que \u00e9 a pol\u00edtica? Que efeito importante tem a repercuss\u00e3o da atua\u00e7\u00e3o de vereadoras como Marielle para a forma\u00e7\u00e3o pol\u00edtica de nossas mulheres, nossa juventude?<\/p>\n<p>Marielle ficou nacionalmente conhecida por sua tr\u00e1gica morte. Mas Marielle segue\u00a0 presente em cada uma de n\u00f3s. E segue espantoso que passados mais de 100 dias de sua execu\u00e7\u00e3o sem nenhuma resposta, parte da imprensa segue ignorando os mecanismos de exclus\u00e3o das mulheres &#8211; sobretudo as negras &#8211; dos espa\u00e7os p\u00fablicos.<\/p>\n<p>Por fim, o suposto crit\u00e9rio adotado pelos ve\u00edculos de comunica\u00e7\u00e3o citados &#8211; de convidar apenas os quatro melhores posicionados nas pesquisas &#8211; para as entrevistas escanteia justamente os candidatos com propostas alternativas, fora do rol tradicional da pol\u00edtica e dos discursos e pr\u00e1ticas t\u00e3o conhecidas &#8211; e recorrentemente desaprovadas &#8211; de nossa popula\u00e7\u00e3o. No caso em especial da TV Cultura, nem mesmo esse argumento se sustenta, uma vez que segundo a \u00faltima pesquisa Ibope estou empatada tecnicamente em terceiro lugar.<\/p>\n<p>Pode-se afirmar que h\u00e1 um desejo de ver a pol\u00edtica de forma diferente, de ver novas representantes, de renova\u00e7\u00e3o de pr\u00e1ticas onde \u201cn\u00e3o seja tudo igual\u201d. Por\u00e9m, com medidas como estas a m\u00eddia justamente mant\u00e9m o espa\u00e7o j\u00e1 conquistado de figuras com grande exposi\u00e7\u00e3o por elei\u00e7\u00f5es anteriores, cargos no governo etc. A imprensa neste sentido age na contram\u00e3o de um direito humano, que \u00e9 o direito ao acesso \u00e0 informa\u00e7\u00e3o. \u00c9 o machismo aliado ao esfor\u00e7o de inviabilizar partidos pequenos e aguerridos\u00a0 que travam batalhas importantes contra os grandes partidos da ordem.<\/p>\n<p>\u00c9 urgente a discuss\u00e3o sobre a prom\u00edscua rela\u00e7\u00e3o\u00a0 das empresas de comunica\u00e7\u00e3o com pol\u00edticos e partidos da ordem, mais grave ainda, em se tratando de empresas p\u00fablicas.\u00a0 \u00c9 urgente a discuss\u00e3o da perpetua\u00e7\u00e3o das desigualdades de g\u00eanero na grande imprensa. O Brasil est\u00e1 na lanterna (161\u00aa posi\u00e7\u00e3o) de um ranking de 186 pa\u00edses sobre a representatividade feminina no poder executivo, atr\u00e1s de todos os outros pa\u00edses do continente americano. \u00c9 preciso assegurar uma maior participa\u00e7\u00e3o das mulheres na pol\u00edtica e os meios de comunica\u00e7\u00e3o podem e devem tamb\u00e9m contribuir para isso. Estamos atentas e vamos ocupar todos os espa\u00e7os da pol\u00edtica, enfrentando o machismo estrutural e violento que atua em nossa sociedade.<\/p>\n<p>&nbsp;<\/p>\n","protected":false},"excerpt":{"rendered":"<p>Originalmente publicado no blog Agora \u00c9 Que S\u00e3o Elas, na Folha de S. Paulo H\u00e1 pouco tempo atr\u00e1s, ainda no s\u00e9culo XX, pensar que uma mulher poderia ocupar espa\u00e7os de poder na pol\u00edtica era algo inimagin\u00e1vel para a maioria da popula\u00e7\u00e3o. Felizmente, d\u00e9cadas de luta das mulheres por direitos, liberdade, igualdade e representatividade mudaram esse [&hellip;]<\/p>\n","protected":false},"author":2,"featured_media":21090,"comment_status":"open","ping_status":"open","sticky":false,"template":"","format":"standard","meta":{"_acf_changed":false,"footnotes":""},"categories":[3,2165],"tags":[2635,4],"class_list":{"0":"post-21083","1":"post","2":"type-post","3":"status-publish","4":"format-standard","5":"has-post-thumbnail","7":"category-artigos-e-entrevistas","8":"category-eleicoes-2018","9":"tag-lisete-arelaro","10":"tag-mulheres"},"acf":[],"yoast_head":"<!-- This site is optimized with the Yoast SEO plugin v26.5 - https:\/\/yoast.com\/wordpress\/plugins\/seo\/ -->\n<title>Lisete Arelaro | Um retrato da m\u00eddia contra as mulheres na pol\u00edtica - PSOL 50<\/title>\n<meta name=\"robots\" content=\"index, follow, max-snippet:-1, max-image-preview:large, max-video-preview:-1\" \/>\n<link rel=\"canonical\" href=\"https:\/\/psol50.org.br\/lisete-arelaro-um-retrato-da-midia-contra-as-mulheres-na-politica\/\" \/>\n<meta property=\"og:locale\" content=\"pt_BR\" \/>\n<meta property=\"og:type\" content=\"article\" \/>\n<meta property=\"og:title\" content=\"Lisete Arelaro | Um retrato da m\u00eddia contra as mulheres na pol\u00edtica\" \/>\n<meta property=\"og:description\" content=\"Leia o artigo da pr\u00e9-candidata do PSOL ao governo de SP, professora Lisete Arelaro.\" \/>\n<meta property=\"og:url\" content=\"https:\/\/psol50.org.br\/lisete-arelaro-um-retrato-da-midia-contra-as-mulheres-na-politica\/\" \/>\n<meta property=\"og:site_name\" content=\"PSOL 50\" \/>\n<meta property=\"article:publisher\" content=\"https:\/\/www.facebook.com\/psol50\" \/>\n<meta property=\"article:published_time\" content=\"2018-07-09T18:43:33+00:00\" \/>\n<meta property=\"og:image\" content=\"https:\/\/psol50.org.br\/inc\/uploads\/2018\/07\/mulheresnapolitica.jpg\" \/>\n\t<meta property=\"og:image:width\" content=\"1350\" \/>\n\t<meta property=\"og:image:height\" content=\"900\" \/>\n\t<meta property=\"og:image:type\" content=\"image\/jpeg\" \/>\n<meta name=\"author\" content=\"Comunica\u00e7\u00e3o PSOL\" \/>\n<meta name=\"twitter:card\" content=\"summary_large_image\" \/>\n<meta name=\"twitter:title\" content=\"Lisete Arelaro | Um retrato da m\u00eddia contra as mulheres na pol\u00edtica\" \/>\n<meta name=\"twitter:description\" content=\"Leia o artigo da pr\u00e9-candidata do PSOL ao governo de SP, professora Lisete Arelaro.\" \/>\n<meta name=\"twitter:creator\" content=\"@psol50\" \/>\n<meta name=\"twitter:site\" content=\"@psol50\" \/>\n<meta name=\"twitter:label1\" content=\"Escrito por\" \/>\n\t<meta name=\"twitter:data1\" content=\"Comunica\u00e7\u00e3o PSOL\" \/>\n\t<meta name=\"twitter:label2\" content=\"Est. tempo de leitura\" \/>\n\t<meta name=\"twitter:data2\" content=\"6 minutos\" \/>\n<script type=\"application\/ld+json\" class=\"yoast-schema-graph\">{\"@context\":\"https:\/\/schema.org\",\"@graph\":[{\"@type\":\"Article\",\"@id\":\"https:\/\/psol50.org.br\/lisete-arelaro-um-retrato-da-midia-contra-as-mulheres-na-politica\/#article\",\"isPartOf\":{\"@id\":\"https:\/\/psol50.org.br\/lisete-arelaro-um-retrato-da-midia-contra-as-mulheres-na-politica\/\"},\"author\":{\"name\":\"Comunica\u00e7\u00e3o PSOL\",\"@id\":\"https:\/\/psol50.org.br\/#\/schema\/person\/475dfa57d0b815993c714c2e96491fcd\"},\"headline\":\"Lisete Arelaro | Um retrato da m\u00eddia contra as mulheres na pol\u00edtica\",\"datePublished\":\"2018-07-09T18:43:33+00:00\",\"mainEntityOfPage\":{\"@id\":\"https:\/\/psol50.org.br\/lisete-arelaro-um-retrato-da-midia-contra-as-mulheres-na-politica\/\"},\"wordCount\":1114,\"commentCount\":0,\"publisher\":{\"@id\":\"https:\/\/psol50.org.br\/#organization\"},\"image\":{\"@id\":\"https:\/\/psol50.org.br\/lisete-arelaro-um-retrato-da-midia-contra-as-mulheres-na-politica\/#primaryimage\"},\"thumbnailUrl\":\"https:\/\/psol50.org.br\/inc\/uploads\/2018\/07\/mulheresnapolitica.jpg\",\"keywords\":[\"Lisete Arelaro\",\"mulheres\"],\"articleSection\":[\"Artigos\",\"Elei\u00e7\u00f5es 2018\"],\"inLanguage\":\"pt-BR\",\"potentialAction\":[{\"@type\":\"CommentAction\",\"name\":\"Comment\",\"target\":[\"https:\/\/psol50.org.br\/lisete-arelaro-um-retrato-da-midia-contra-as-mulheres-na-politica\/#respond\"]}]},{\"@type\":\"WebPage\",\"@id\":\"https:\/\/psol50.org.br\/lisete-arelaro-um-retrato-da-midia-contra-as-mulheres-na-politica\/\",\"url\":\"https:\/\/psol50.org.br\/lisete-arelaro-um-retrato-da-midia-contra-as-mulheres-na-politica\/\",\"name\":\"Lisete Arelaro | Um retrato da m\u00eddia contra as mulheres na pol\u00edtica - PSOL 50\",\"isPartOf\":{\"@id\":\"https:\/\/psol50.org.br\/#website\"},\"primaryImageOfPage\":{\"@id\":\"https:\/\/psol50.org.br\/lisete-arelaro-um-retrato-da-midia-contra-as-mulheres-na-politica\/#primaryimage\"},\"image\":{\"@id\":\"https:\/\/psol50.org.br\/lisete-arelaro-um-retrato-da-midia-contra-as-mulheres-na-politica\/#primaryimage\"},\"thumbnailUrl\":\"https:\/\/psol50.org.br\/inc\/uploads\/2018\/07\/mulheresnapolitica.jpg\",\"datePublished\":\"2018-07-09T18:43:33+00:00\",\"breadcrumb\":{\"@id\":\"https:\/\/psol50.org.br\/lisete-arelaro-um-retrato-da-midia-contra-as-mulheres-na-politica\/#breadcrumb\"},\"inLanguage\":\"pt-BR\",\"potentialAction\":[{\"@type\":\"ReadAction\",\"target\":[\"https:\/\/psol50.org.br\/lisete-arelaro-um-retrato-da-midia-contra-as-mulheres-na-politica\/\"]}]},{\"@type\":\"ImageObject\",\"inLanguage\":\"pt-BR\",\"@id\":\"https:\/\/psol50.org.br\/lisete-arelaro-um-retrato-da-midia-contra-as-mulheres-na-politica\/#primaryimage\",\"url\":\"https:\/\/psol50.org.br\/inc\/uploads\/2018\/07\/mulheresnapolitica.jpg\",\"contentUrl\":\"https:\/\/psol50.org.br\/inc\/uploads\/2018\/07\/mulheresnapolitica.jpg\",\"width\":1350,\"height\":900},{\"@type\":\"BreadcrumbList\",\"@id\":\"https:\/\/psol50.org.br\/lisete-arelaro-um-retrato-da-midia-contra-as-mulheres-na-politica\/#breadcrumb\",\"itemListElement\":[{\"@type\":\"ListItem\",\"position\":1,\"name\":\"In\u00edcio\",\"item\":\"https:\/\/psol50.org.br\/\"},{\"@type\":\"ListItem\",\"position\":2,\"name\":\"Lisete Arelaro | Um retrato da m\u00eddia contra as mulheres na pol\u00edtica\"}]},{\"@type\":\"WebSite\",\"@id\":\"https:\/\/psol50.org.br\/#website\",\"url\":\"https:\/\/psol50.org.br\/\",\"name\":\"PSOL 50\",\"description\":\"Site oficial do Partido Socialismo e Liberdade\",\"publisher\":{\"@id\":\"https:\/\/psol50.org.br\/#organization\"},\"alternateName\":\"PSOL50\",\"potentialAction\":[{\"@type\":\"SearchAction\",\"target\":{\"@type\":\"EntryPoint\",\"urlTemplate\":\"https:\/\/psol50.org.br\/?s={search_term_string}\"},\"query-input\":{\"@type\":\"PropertyValueSpecification\",\"valueRequired\":true,\"valueName\":\"search_term_string\"}}],\"inLanguage\":\"pt-BR\"},{\"@type\":\"Organization\",\"@id\":\"https:\/\/psol50.org.br\/#organization\",\"name\":\"PSOL 50\",\"alternateName\":\"PSOL 50\",\"url\":\"https:\/\/psol50.org.br\/\",\"logo\":{\"@type\":\"ImageObject\",\"inLanguage\":\"pt-BR\",\"@id\":\"https:\/\/psol50.org.br\/#\/schema\/logo\/image\/\",\"url\":\"https:\/\/psol50.org.br\/inc\/uploads\/2018\/07\/capa.png\",\"contentUrl\":\"https:\/\/psol50.org.br\/inc\/uploads\/2018\/07\/capa.png\",\"width\":1350,\"height\":900,\"caption\":\"PSOL 50\"},\"image\":{\"@id\":\"https:\/\/psol50.org.br\/#\/schema\/logo\/image\/\"},\"sameAs\":[\"https:\/\/www.facebook.com\/psol50\",\"https:\/\/x.com\/psol50\",\"https:\/\/www.instagram.com\/psol50\/\",\"https:\/\/www.youtube.com\/channel\/UC7SnJS5o1os7a6CaiNabzcg\"]},{\"@type\":\"Person\",\"@id\":\"https:\/\/psol50.org.br\/#\/schema\/person\/475dfa57d0b815993c714c2e96491fcd\",\"name\":\"Comunica\u00e7\u00e3o PSOL\",\"image\":{\"@type\":\"ImageObject\",\"inLanguage\":\"pt-BR\",\"@id\":\"https:\/\/psol50.org.br\/#\/schema\/person\/image\/\",\"url\":\"https:\/\/secure.gravatar.com\/avatar\/b34fc4f4e468a4e51785917065a3db57b841f5c95dba6ad8c73aaf8f66f8f9bf?s=96&d=mm&r=g\",\"contentUrl\":\"https:\/\/secure.gravatar.com\/avatar\/b34fc4f4e468a4e51785917065a3db57b841f5c95dba6ad8c73aaf8f66f8f9bf?s=96&d=mm&r=g\",\"caption\":\"Comunica\u00e7\u00e3o PSOL\"}}]}<\/script>\n<!-- \/ Yoast SEO plugin. -->","yoast_head_json":{"title":"Lisete Arelaro | Um retrato da m\u00eddia contra as mulheres na pol\u00edtica - PSOL 50","robots":{"index":"index","follow":"follow","max-snippet":"max-snippet:-1","max-image-preview":"max-image-preview:large","max-video-preview":"max-video-preview:-1"},"canonical":"https:\/\/psol50.org.br\/lisete-arelaro-um-retrato-da-midia-contra-as-mulheres-na-politica\/","og_locale":"pt_BR","og_type":"article","og_title":"Lisete Arelaro | Um retrato da m\u00eddia contra as mulheres na pol\u00edtica","og_description":"Leia o artigo da pr\u00e9-candidata do PSOL ao governo de SP, professora Lisete Arelaro.","og_url":"https:\/\/psol50.org.br\/lisete-arelaro-um-retrato-da-midia-contra-as-mulheres-na-politica\/","og_site_name":"PSOL 50","article_publisher":"https:\/\/www.facebook.com\/psol50","article_published_time":"2018-07-09T18:43:33+00:00","og_image":[{"width":1350,"height":900,"url":"https:\/\/psol50.org.br\/inc\/uploads\/2018\/07\/mulheresnapolitica.jpg","type":"image\/jpeg"}],"author":"Comunica\u00e7\u00e3o PSOL","twitter_card":"summary_large_image","twitter_title":"Lisete Arelaro | Um retrato da m\u00eddia contra as mulheres na pol\u00edtica","twitter_description":"Leia o artigo da pr\u00e9-candidata do PSOL ao governo de SP, professora Lisete Arelaro.","twitter_creator":"@psol50","twitter_site":"@psol50","twitter_misc":{"Escrito por":"Comunica\u00e7\u00e3o PSOL","Est. tempo de leitura":"6 minutos"},"schema":{"@context":"https:\/\/schema.org","@graph":[{"@type":"Article","@id":"https:\/\/psol50.org.br\/lisete-arelaro-um-retrato-da-midia-contra-as-mulheres-na-politica\/#article","isPartOf":{"@id":"https:\/\/psol50.org.br\/lisete-arelaro-um-retrato-da-midia-contra-as-mulheres-na-politica\/"},"author":{"name":"Comunica\u00e7\u00e3o PSOL","@id":"https:\/\/psol50.org.br\/#\/schema\/person\/475dfa57d0b815993c714c2e96491fcd"},"headline":"Lisete Arelaro | Um retrato da m\u00eddia contra as mulheres na pol\u00edtica","datePublished":"2018-07-09T18:43:33+00:00","mainEntityOfPage":{"@id":"https:\/\/psol50.org.br\/lisete-arelaro-um-retrato-da-midia-contra-as-mulheres-na-politica\/"},"wordCount":1114,"commentCount":0,"publisher":{"@id":"https:\/\/psol50.org.br\/#organization"},"image":{"@id":"https:\/\/psol50.org.br\/lisete-arelaro-um-retrato-da-midia-contra-as-mulheres-na-politica\/#primaryimage"},"thumbnailUrl":"https:\/\/psol50.org.br\/inc\/uploads\/2018\/07\/mulheresnapolitica.jpg","keywords":["Lisete Arelaro","mulheres"],"articleSection":["Artigos","Elei\u00e7\u00f5es 2018"],"inLanguage":"pt-BR","potentialAction":[{"@type":"CommentAction","name":"Comment","target":["https:\/\/psol50.org.br\/lisete-arelaro-um-retrato-da-midia-contra-as-mulheres-na-politica\/#respond"]}]},{"@type":"WebPage","@id":"https:\/\/psol50.org.br\/lisete-arelaro-um-retrato-da-midia-contra-as-mulheres-na-politica\/","url":"https:\/\/psol50.org.br\/lisete-arelaro-um-retrato-da-midia-contra-as-mulheres-na-politica\/","name":"Lisete Arelaro | Um retrato da m\u00eddia contra as mulheres na pol\u00edtica - PSOL 50","isPartOf":{"@id":"https:\/\/psol50.org.br\/#website"},"primaryImageOfPage":{"@id":"https:\/\/psol50.org.br\/lisete-arelaro-um-retrato-da-midia-contra-as-mulheres-na-politica\/#primaryimage"},"image":{"@id":"https:\/\/psol50.org.br\/lisete-arelaro-um-retrato-da-midia-contra-as-mulheres-na-politica\/#primaryimage"},"thumbnailUrl":"https:\/\/psol50.org.br\/inc\/uploads\/2018\/07\/mulheresnapolitica.jpg","datePublished":"2018-07-09T18:43:33+00:00","breadcrumb":{"@id":"https:\/\/psol50.org.br\/lisete-arelaro-um-retrato-da-midia-contra-as-mulheres-na-politica\/#breadcrumb"},"inLanguage":"pt-BR","potentialAction":[{"@type":"ReadAction","target":["https:\/\/psol50.org.br\/lisete-arelaro-um-retrato-da-midia-contra-as-mulheres-na-politica\/"]}]},{"@type":"ImageObject","inLanguage":"pt-BR","@id":"https:\/\/psol50.org.br\/lisete-arelaro-um-retrato-da-midia-contra-as-mulheres-na-politica\/#primaryimage","url":"https:\/\/psol50.org.br\/inc\/uploads\/2018\/07\/mulheresnapolitica.jpg","contentUrl":"https:\/\/psol50.org.br\/inc\/uploads\/2018\/07\/mulheresnapolitica.jpg","width":1350,"height":900},{"@type":"BreadcrumbList","@id":"https:\/\/psol50.org.br\/lisete-arelaro-um-retrato-da-midia-contra-as-mulheres-na-politica\/#breadcrumb","itemListElement":[{"@type":"ListItem","position":1,"name":"In\u00edcio","item":"https:\/\/psol50.org.br\/"},{"@type":"ListItem","position":2,"name":"Lisete Arelaro | Um retrato da m\u00eddia contra as mulheres na pol\u00edtica"}]},{"@type":"WebSite","@id":"https:\/\/psol50.org.br\/#website","url":"https:\/\/psol50.org.br\/","name":"PSOL 50","description":"Site oficial do Partido Socialismo e Liberdade","publisher":{"@id":"https:\/\/psol50.org.br\/#organization"},"alternateName":"PSOL50","potentialAction":[{"@type":"SearchAction","target":{"@type":"EntryPoint","urlTemplate":"https:\/\/psol50.org.br\/?s={search_term_string}"},"query-input":{"@type":"PropertyValueSpecification","valueRequired":true,"valueName":"search_term_string"}}],"inLanguage":"pt-BR"},{"@type":"Organization","@id":"https:\/\/psol50.org.br\/#organization","name":"PSOL 50","alternateName":"PSOL 50","url":"https:\/\/psol50.org.br\/","logo":{"@type":"ImageObject","inLanguage":"pt-BR","@id":"https:\/\/psol50.org.br\/#\/schema\/logo\/image\/","url":"https:\/\/psol50.org.br\/inc\/uploads\/2018\/07\/capa.png","contentUrl":"https:\/\/psol50.org.br\/inc\/uploads\/2018\/07\/capa.png","width":1350,"height":900,"caption":"PSOL 50"},"image":{"@id":"https:\/\/psol50.org.br\/#\/schema\/logo\/image\/"},"sameAs":["https:\/\/www.facebook.com\/psol50","https:\/\/x.com\/psol50","https:\/\/www.instagram.com\/psol50\/","https:\/\/www.youtube.com\/channel\/UC7SnJS5o1os7a6CaiNabzcg"]},{"@type":"Person","@id":"https:\/\/psol50.org.br\/#\/schema\/person\/475dfa57d0b815993c714c2e96491fcd","name":"Comunica\u00e7\u00e3o PSOL","image":{"@type":"ImageObject","inLanguage":"pt-BR","@id":"https:\/\/psol50.org.br\/#\/schema\/person\/image\/","url":"https:\/\/secure.gravatar.com\/avatar\/b34fc4f4e468a4e51785917065a3db57b841f5c95dba6ad8c73aaf8f66f8f9bf?s=96&d=mm&r=g","contentUrl":"https:\/\/secure.gravatar.com\/avatar\/b34fc4f4e468a4e51785917065a3db57b841f5c95dba6ad8c73aaf8f66f8f9bf?s=96&d=mm&r=g","caption":"Comunica\u00e7\u00e3o PSOL"}}]}},"_links":{"self":[{"href":"https:\/\/psol50.org.br\/rest\/wp\/v2\/posts\/21083","targetHints":{"allow":["GET"]}}],"collection":[{"href":"https:\/\/psol50.org.br\/rest\/wp\/v2\/posts"}],"about":[{"href":"https:\/\/psol50.org.br\/rest\/wp\/v2\/types\/post"}],"author":[{"embeddable":true,"href":"https:\/\/psol50.org.br\/rest\/wp\/v2\/users\/2"}],"replies":[{"embeddable":true,"href":"https:\/\/psol50.org.br\/rest\/wp\/v2\/comments?post=21083"}],"version-history":[{"count":0,"href":"https:\/\/psol50.org.br\/rest\/wp\/v2\/posts\/21083\/revisions"}],"wp:featuredmedia":[{"embeddable":true,"href":"https:\/\/psol50.org.br\/rest\/wp\/v2\/media\/21090"}],"wp:attachment":[{"href":"https:\/\/psol50.org.br\/rest\/wp\/v2\/media?parent=21083"}],"wp:term":[{"taxonomy":"category","embeddable":true,"href":"https:\/\/psol50.org.br\/rest\/wp\/v2\/categories?post=21083"},{"taxonomy":"post_tag","embeddable":true,"href":"https:\/\/psol50.org.br\/rest\/wp\/v2\/tags?post=21083"}],"curies":[{"name":"wp","href":"https:\/\/api.w.org\/{rel}","templated":true}]}}