{"id":21092,"date":"2018-07-10T11:46:40","date_gmt":"2018-07-10T14:46:40","guid":{"rendered":"https:\/\/www.psol50.org.br\/?p=21092"},"modified":"2018-07-10T11:46:40","modified_gmt":"2018-07-10T14:46:40","slug":"psol-entra-com-pedido-de-impeachment-na-camara-do-rio-saiba-os-proximos-passos","status":"publish","type":"post","link":"https:\/\/psol50.org.br\/psol-entra-com-pedido-de-impeachment-na-camara-do-rio-saiba-os-proximos-passos\/","title":{"rendered":"PSOL entra com pedido de impeachment na C\u00e2mara do Rio: saiba os pr\u00f3ximos passos"},"content":{"rendered":"<p>Depois <span style=\"color: #000000;\">de\u00a0<a href=\"https:\/\/www.psol50.org.br\/psol-entra-no-mp-com-representacao-contra-marcelo-crivella\/\" target=\"_blank\" rel=\"noopener\"><strong><span style=\"color: #0000ff;\">visitar\u00a0o Minist\u00e9rio P\u00fablico <\/span><\/strong><\/a><\/span><strong><span style=\"color: #0000ff;\">no fim da manh\u00e3 desta segunda-feira (09)<\/span><\/strong>,\u00a0o <span style=\"color: #0000ff;\"><a style=\"color: #0000ff;\" href=\"https:\/\/www.facebook.com\/psolcarioca\/\" target=\"_blank\" rel=\"noopener\"><strong>PSOL Carioca<\/strong><\/a><\/span>, representado pela presidenta municipal, Isabel Lessa, e pelo deputado estadual, Marcelo Freixo, protocolou,\u00a0na C\u00e2mara Municipal do Rio, o pedido de impeachment do prefeito Marcelo Crivella. A\u00a0bancada do partido aguarda o recolhimento de algumas poucas assinaturas para enviar \u00e0 presid\u00eancia o pedido de fim do recesso parlamentar e assim,\u00a0votar o acolhimento ou n\u00e3o do impedimento do prefeito.<\/p>\n<p>Na a\u00e7\u00e3o,\u00a0o PSOL alega crime de responsabilidade, com pr\u00e1tica de improbidade administrativa; uso de im\u00f3vel da prefeitura em benef\u00edcio de um pr\u00e9-candidato, configurando campanha antes do tempo; viola\u00e7\u00e3o de regra ao propor que aliados fossem beneficiados na ordem da fila de cirurgias e uso indevido de bens e servi\u00e7os p\u00fablicos.<\/p>\n<p>O primeiro passo para que Crivella possa ser impedido de continuar no cargo de prefeito \u00e9 a interrup\u00e7\u00e3o do recesso dos vereadores. Com 17 assinaturas, o retorno das atividades tem que ser acatada pela presid\u00eancia da casa. A partir da\u00ed, o pedido apresentado pelo \u00e9 apreciado e, caso seja confirmado, Crivella \u00e9 afastado por 180 dias do cargo. Assim, \u00e9 formada uma comiss\u00e3o para emitir um parecer inicial, come\u00e7ando tamb\u00e9m, os procedimentos de defesa e acusa\u00e7\u00e3o para a apresenta\u00e7\u00e3o de um relat\u00f3rio final.<\/p>\n<p>Para a aprecia\u00e7\u00e3o do parecer final sobre a realiza\u00e7\u00e3o ou n\u00e3o do impeachment, ser\u00e1 preciso a convoca\u00e7\u00e3o da sess\u00e3o de julgamento por parte da presid\u00eancia da casa. Uma vez recusado, Crivella volta imediatamente ao cargo. Entretanto, se dois ter\u00e7os (34) dos vereadores consentirem com a acusa\u00e7\u00e3o, o presidente da C\u00e2mara assume interinamente o cargo e uma nova elei\u00e7\u00e3o \u00e9 convocada para no m\u00e1ximo 90 dias.<\/p>\n","protected":false},"excerpt":{"rendered":"<p>Depois de\u00a0visitar\u00a0o Minist\u00e9rio P\u00fablico no fim da manh\u00e3 desta segunda-feira (09),\u00a0o PSOL Carioca, representado pela presidenta municipal, Isabel Lessa, e pelo deputado estadual, Marcelo Freixo, protocolou,\u00a0na C\u00e2mara Municipal do Rio, o pedido de impeachment do prefeito Marcelo Crivella. A\u00a0bancada do partido aguarda o recolhimento de algumas poucas assinaturas para enviar \u00e0 presid\u00eancia o pedido de [&hellip;]<\/p>\n","protected":false},"author":2,"featured_media":21093,"comment_status":"open","ping_status":"open","sticky":false,"template":"","format":"standard","meta":{"_acf_changed":false,"footnotes":""},"categories":[654,6],"tags":[2636,1913,220,2629,2637,160,161,22,1752,162],"class_list":{"0":"post-21092","1":"post","2":"type-post","3":"status-publish","4":"format-standard","5":"has-post-thumbnail","7":"category-estados","8":"category-noticias","9":"tag-camara-municipal-do-rio-de-janeiro","10":"tag-crime-de-responsabilidade","11":"tag-impeachment","12":"tag-improbidade-administrativa","13":"tag-isabel-lessa","14":"tag-marcelo-crivella","15":"tag-marcelo-freixo","16":"tag-psol","17":"tag-psol-carioca","18":"tag-rio-de-janeiro"},"acf":[],"yoast_head":"<!-- This site is optimized with the Yoast SEO plugin v26.5 - https:\/\/yoast.com\/wordpress\/plugins\/seo\/ -->\n<title>PSOL entra com pedido de impeachment na C\u00e2mara do Rio: saiba os pr\u00f3ximos passos - PSOL 50<\/title>\n<meta name=\"robots\" content=\"index, follow, max-snippet:-1, max-image-preview:large, max-video-preview:-1\" \/>\n<link rel=\"canonical\" href=\"https:\/\/psol50.org.br\/psol-entra-com-pedido-de-impeachment-na-camara-do-rio-saiba-os-proximos-passos\/\" \/>\n<meta property=\"og:locale\" content=\"pt_BR\" \/>\n<meta property=\"og:type\" content=\"article\" \/>\n<meta property=\"og:title\" content=\"PSOL entra com pedido de impeachment na C\u00e2mara do Rio: saiba os pr\u00f3ximos passos - PSOL 50\" \/>\n<meta property=\"og:description\" content=\"Depois de\u00a0visitar\u00a0o Minist\u00e9rio P\u00fablico no fim da manh\u00e3 desta segunda-feira (09),\u00a0o PSOL Carioca, representado pela presidenta municipal, Isabel Lessa, e pelo deputado estadual, Marcelo Freixo, protocolou,\u00a0na C\u00e2mara Municipal do Rio, o pedido de impeachment do prefeito Marcelo Crivella. A\u00a0bancada do partido aguarda o recolhimento de algumas poucas assinaturas para enviar \u00e0 presid\u00eancia o pedido de [&hellip;]\" \/>\n<meta property=\"og:url\" content=\"https:\/\/psol50.org.br\/psol-entra-com-pedido-de-impeachment-na-camara-do-rio-saiba-os-proximos-passos\/\" \/>\n<meta property=\"og:site_name\" content=\"PSOL 50\" \/>\n<meta property=\"article:publisher\" content=\"https:\/\/www.facebook.com\/psol50\" \/>\n<meta property=\"article:published_time\" content=\"2018-07-10T14:46:40+00:00\" \/>\n<meta property=\"og:image\" content=\"https:\/\/psol50.org.br\/inc\/uploads\/2018\/07\/MarceloCrivella_ElzaFiuza_ABr.jpg\" \/>\n\t<meta property=\"og:image:width\" content=\"1350\" \/>\n\t<meta property=\"og:image:height\" content=\"899\" \/>\n\t<meta property=\"og:image:type\" content=\"image\/jpeg\" \/>\n<meta name=\"author\" content=\"Comunica\u00e7\u00e3o PSOL\" \/>\n<meta name=\"twitter:card\" content=\"summary_large_image\" \/>\n<meta name=\"twitter:creator\" content=\"@psol50\" \/>\n<meta name=\"twitter:site\" content=\"@psol50\" \/>\n<meta name=\"twitter:label1\" content=\"Escrito por\" \/>\n\t<meta name=\"twitter:data1\" content=\"Comunica\u00e7\u00e3o PSOL\" \/>\n\t<meta name=\"twitter:label2\" content=\"Est. tempo de leitura\" \/>\n\t<meta name=\"twitter:data2\" content=\"1 minuto\" \/>\n<script type=\"application\/ld+json\" class=\"yoast-schema-graph\">{\"@context\":\"https:\/\/schema.org\",\"@graph\":[{\"@type\":\"Article\",\"@id\":\"https:\/\/psol50.org.br\/psol-entra-com-pedido-de-impeachment-na-camara-do-rio-saiba-os-proximos-passos\/#article\",\"isPartOf\":{\"@id\":\"https:\/\/psol50.org.br\/psol-entra-com-pedido-de-impeachment-na-camara-do-rio-saiba-os-proximos-passos\/\"},\"author\":{\"name\":\"Comunica\u00e7\u00e3o PSOL\",\"@id\":\"https:\/\/psol50.org.br\/#\/schema\/person\/475dfa57d0b815993c714c2e96491fcd\"},\"headline\":\"PSOL entra com pedido de impeachment na C\u00e2mara do Rio: saiba os pr\u00f3ximos passos\",\"datePublished\":\"2018-07-10T14:46:40+00:00\",\"mainEntityOfPage\":{\"@id\":\"https:\/\/psol50.org.br\/psol-entra-com-pedido-de-impeachment-na-camara-do-rio-saiba-os-proximos-passos\/\"},\"wordCount\":311,\"commentCount\":0,\"publisher\":{\"@id\":\"https:\/\/psol50.org.br\/#organization\"},\"image\":{\"@id\":\"https:\/\/psol50.org.br\/psol-entra-com-pedido-de-impeachment-na-camara-do-rio-saiba-os-proximos-passos\/#primaryimage\"},\"thumbnailUrl\":\"https:\/\/psol50.org.br\/inc\/uploads\/2018\/07\/MarceloCrivella_ElzaFiuza_ABr.jpg\",\"keywords\":[\"C\u00e2mara Municipal do Rio de Janeiro\",\"crime de responsabilidade\",\"impeachment\",\"improbidade administrativa\",\"Isabel Lessa\",\"Marcelo Crivella\",\"Marcelo Freixo\",\"PSOL\",\"PSOL Carioca\",\"Rio de Janeiro\"],\"articleSection\":[\"Estados\",\"Not\u00edcias\"],\"inLanguage\":\"pt-BR\",\"potentialAction\":[{\"@type\":\"CommentAction\",\"name\":\"Comment\",\"target\":[\"https:\/\/psol50.org.br\/psol-entra-com-pedido-de-impeachment-na-camara-do-rio-saiba-os-proximos-passos\/#respond\"]}]},{\"@type\":\"WebPage\",\"@id\":\"https:\/\/psol50.org.br\/psol-entra-com-pedido-de-impeachment-na-camara-do-rio-saiba-os-proximos-passos\/\",\"url\":\"https:\/\/psol50.org.br\/psol-entra-com-pedido-de-impeachment-na-camara-do-rio-saiba-os-proximos-passos\/\",\"name\":\"PSOL entra com pedido de impeachment na C\u00e2mara do Rio: saiba os pr\u00f3ximos passos - PSOL 50\",\"isPartOf\":{\"@id\":\"https:\/\/psol50.org.br\/#website\"},\"primaryImageOfPage\":{\"@id\":\"https:\/\/psol50.org.br\/psol-entra-com-pedido-de-impeachment-na-camara-do-rio-saiba-os-proximos-passos\/#primaryimage\"},\"image\":{\"@id\":\"https:\/\/psol50.org.br\/psol-entra-com-pedido-de-impeachment-na-camara-do-rio-saiba-os-proximos-passos\/#primaryimage\"},\"thumbnailUrl\":\"https:\/\/psol50.org.br\/inc\/uploads\/2018\/07\/MarceloCrivella_ElzaFiuza_ABr.jpg\",\"datePublished\":\"2018-07-10T14:46:40+00:00\",\"breadcrumb\":{\"@id\":\"https:\/\/psol50.org.br\/psol-entra-com-pedido-de-impeachment-na-camara-do-rio-saiba-os-proximos-passos\/#breadcrumb\"},\"inLanguage\":\"pt-BR\",\"potentialAction\":[{\"@type\":\"ReadAction\",\"target\":[\"https:\/\/psol50.org.br\/psol-entra-com-pedido-de-impeachment-na-camara-do-rio-saiba-os-proximos-passos\/\"]}]},{\"@type\":\"ImageObject\",\"inLanguage\":\"pt-BR\",\"@id\":\"https:\/\/psol50.org.br\/psol-entra-com-pedido-de-impeachment-na-camara-do-rio-saiba-os-proximos-passos\/#primaryimage\",\"url\":\"https:\/\/psol50.org.br\/inc\/uploads\/2018\/07\/MarceloCrivella_ElzaFiuza_ABr.jpg\",\"contentUrl\":\"https:\/\/psol50.org.br\/inc\/uploads\/2018\/07\/MarceloCrivella_ElzaFiuza_ABr.jpg\",\"width\":1350,\"height\":899},{\"@type\":\"BreadcrumbList\",\"@id\":\"https:\/\/psol50.org.br\/psol-entra-com-pedido-de-impeachment-na-camara-do-rio-saiba-os-proximos-passos\/#breadcrumb\",\"itemListElement\":[{\"@type\":\"ListItem\",\"position\":1,\"name\":\"In\u00edcio\",\"item\":\"https:\/\/psol50.org.br\/\"},{\"@type\":\"ListItem\",\"position\":2,\"name\":\"PSOL entra com pedido de impeachment na C\u00e2mara do Rio: saiba os pr\u00f3ximos passos\"}]},{\"@type\":\"WebSite\",\"@id\":\"https:\/\/psol50.org.br\/#website\",\"url\":\"https:\/\/psol50.org.br\/\",\"name\":\"PSOL 50\",\"description\":\"Site oficial do Partido Socialismo e Liberdade\",\"publisher\":{\"@id\":\"https:\/\/psol50.org.br\/#organization\"},\"alternateName\":\"PSOL50\",\"potentialAction\":[{\"@type\":\"SearchAction\",\"target\":{\"@type\":\"EntryPoint\",\"urlTemplate\":\"https:\/\/psol50.org.br\/?s={search_term_string}\"},\"query-input\":{\"@type\":\"PropertyValueSpecification\",\"valueRequired\":true,\"valueName\":\"search_term_string\"}}],\"inLanguage\":\"pt-BR\"},{\"@type\":\"Organization\",\"@id\":\"https:\/\/psol50.org.br\/#organization\",\"name\":\"PSOL 50\",\"alternateName\":\"PSOL 50\",\"url\":\"https:\/\/psol50.org.br\/\",\"logo\":{\"@type\":\"ImageObject\",\"inLanguage\":\"pt-BR\",\"@id\":\"https:\/\/psol50.org.br\/#\/schema\/logo\/image\/\",\"url\":\"https:\/\/psol50.org.br\/inc\/uploads\/2018\/07\/capa.png\",\"contentUrl\":\"https:\/\/psol50.org.br\/inc\/uploads\/2018\/07\/capa.png\",\"width\":1350,\"height\":900,\"caption\":\"PSOL 50\"},\"image\":{\"@id\":\"https:\/\/psol50.org.br\/#\/schema\/logo\/image\/\"},\"sameAs\":[\"https:\/\/www.facebook.com\/psol50\",\"https:\/\/x.com\/psol50\",\"https:\/\/www.instagram.com\/psol50\/\",\"https:\/\/www.youtube.com\/channel\/UC7SnJS5o1os7a6CaiNabzcg\"]},{\"@type\":\"Person\",\"@id\":\"https:\/\/psol50.org.br\/#\/schema\/person\/475dfa57d0b815993c714c2e96491fcd\",\"name\":\"Comunica\u00e7\u00e3o PSOL\",\"image\":{\"@type\":\"ImageObject\",\"inLanguage\":\"pt-BR\",\"@id\":\"https:\/\/psol50.org.br\/#\/schema\/person\/image\/\",\"url\":\"https:\/\/secure.gravatar.com\/avatar\/b34fc4f4e468a4e51785917065a3db57b841f5c95dba6ad8c73aaf8f66f8f9bf?s=96&d=mm&r=g\",\"contentUrl\":\"https:\/\/secure.gravatar.com\/avatar\/b34fc4f4e468a4e51785917065a3db57b841f5c95dba6ad8c73aaf8f66f8f9bf?s=96&d=mm&r=g\",\"caption\":\"Comunica\u00e7\u00e3o PSOL\"}}]}<\/script>\n<!-- \/ Yoast SEO plugin. -->","yoast_head_json":{"title":"PSOL entra com pedido de impeachment na C\u00e2mara do Rio: saiba os pr\u00f3ximos passos - PSOL 50","robots":{"index":"index","follow":"follow","max-snippet":"max-snippet:-1","max-image-preview":"max-image-preview:large","max-video-preview":"max-video-preview:-1"},"canonical":"https:\/\/psol50.org.br\/psol-entra-com-pedido-de-impeachment-na-camara-do-rio-saiba-os-proximos-passos\/","og_locale":"pt_BR","og_type":"article","og_title":"PSOL entra com pedido de impeachment na C\u00e2mara do Rio: saiba os pr\u00f3ximos passos - PSOL 50","og_description":"Depois de\u00a0visitar\u00a0o Minist\u00e9rio P\u00fablico no fim da manh\u00e3 desta segunda-feira (09),\u00a0o PSOL Carioca, representado pela presidenta municipal, Isabel Lessa, e pelo deputado estadual, Marcelo Freixo, protocolou,\u00a0na C\u00e2mara Municipal do Rio, o pedido de impeachment do prefeito Marcelo Crivella. A\u00a0bancada do partido aguarda o recolhimento de algumas poucas assinaturas para enviar \u00e0 presid\u00eancia o pedido de [&hellip;]","og_url":"https:\/\/psol50.org.br\/psol-entra-com-pedido-de-impeachment-na-camara-do-rio-saiba-os-proximos-passos\/","og_site_name":"PSOL 50","article_publisher":"https:\/\/www.facebook.com\/psol50","article_published_time":"2018-07-10T14:46:40+00:00","og_image":[{"width":1350,"height":899,"url":"https:\/\/psol50.org.br\/inc\/uploads\/2018\/07\/MarceloCrivella_ElzaFiuza_ABr.jpg","type":"image\/jpeg"}],"author":"Comunica\u00e7\u00e3o PSOL","twitter_card":"summary_large_image","twitter_creator":"@psol50","twitter_site":"@psol50","twitter_misc":{"Escrito por":"Comunica\u00e7\u00e3o PSOL","Est. tempo de leitura":"1 minuto"},"schema":{"@context":"https:\/\/schema.org","@graph":[{"@type":"Article","@id":"https:\/\/psol50.org.br\/psol-entra-com-pedido-de-impeachment-na-camara-do-rio-saiba-os-proximos-passos\/#article","isPartOf":{"@id":"https:\/\/psol50.org.br\/psol-entra-com-pedido-de-impeachment-na-camara-do-rio-saiba-os-proximos-passos\/"},"author":{"name":"Comunica\u00e7\u00e3o PSOL","@id":"https:\/\/psol50.org.br\/#\/schema\/person\/475dfa57d0b815993c714c2e96491fcd"},"headline":"PSOL entra com pedido de impeachment na C\u00e2mara do Rio: saiba os pr\u00f3ximos passos","datePublished":"2018-07-10T14:46:40+00:00","mainEntityOfPage":{"@id":"https:\/\/psol50.org.br\/psol-entra-com-pedido-de-impeachment-na-camara-do-rio-saiba-os-proximos-passos\/"},"wordCount":311,"commentCount":0,"publisher":{"@id":"https:\/\/psol50.org.br\/#organization"},"image":{"@id":"https:\/\/psol50.org.br\/psol-entra-com-pedido-de-impeachment-na-camara-do-rio-saiba-os-proximos-passos\/#primaryimage"},"thumbnailUrl":"https:\/\/psol50.org.br\/inc\/uploads\/2018\/07\/MarceloCrivella_ElzaFiuza_ABr.jpg","keywords":["C\u00e2mara Municipal do Rio de Janeiro","crime de responsabilidade","impeachment","improbidade administrativa","Isabel Lessa","Marcelo Crivella","Marcelo Freixo","PSOL","PSOL Carioca","Rio de Janeiro"],"articleSection":["Estados","Not\u00edcias"],"inLanguage":"pt-BR","potentialAction":[{"@type":"CommentAction","name":"Comment","target":["https:\/\/psol50.org.br\/psol-entra-com-pedido-de-impeachment-na-camara-do-rio-saiba-os-proximos-passos\/#respond"]}]},{"@type":"WebPage","@id":"https:\/\/psol50.org.br\/psol-entra-com-pedido-de-impeachment-na-camara-do-rio-saiba-os-proximos-passos\/","url":"https:\/\/psol50.org.br\/psol-entra-com-pedido-de-impeachment-na-camara-do-rio-saiba-os-proximos-passos\/","name":"PSOL entra com pedido de impeachment na C\u00e2mara do Rio: saiba os pr\u00f3ximos passos - PSOL 50","isPartOf":{"@id":"https:\/\/psol50.org.br\/#website"},"primaryImageOfPage":{"@id":"https:\/\/psol50.org.br\/psol-entra-com-pedido-de-impeachment-na-camara-do-rio-saiba-os-proximos-passos\/#primaryimage"},"image":{"@id":"https:\/\/psol50.org.br\/psol-entra-com-pedido-de-impeachment-na-camara-do-rio-saiba-os-proximos-passos\/#primaryimage"},"thumbnailUrl":"https:\/\/psol50.org.br\/inc\/uploads\/2018\/07\/MarceloCrivella_ElzaFiuza_ABr.jpg","datePublished":"2018-07-10T14:46:40+00:00","breadcrumb":{"@id":"https:\/\/psol50.org.br\/psol-entra-com-pedido-de-impeachment-na-camara-do-rio-saiba-os-proximos-passos\/#breadcrumb"},"inLanguage":"pt-BR","potentialAction":[{"@type":"ReadAction","target":["https:\/\/psol50.org.br\/psol-entra-com-pedido-de-impeachment-na-camara-do-rio-saiba-os-proximos-passos\/"]}]},{"@type":"ImageObject","inLanguage":"pt-BR","@id":"https:\/\/psol50.org.br\/psol-entra-com-pedido-de-impeachment-na-camara-do-rio-saiba-os-proximos-passos\/#primaryimage","url":"https:\/\/psol50.org.br\/inc\/uploads\/2018\/07\/MarceloCrivella_ElzaFiuza_ABr.jpg","contentUrl":"https:\/\/psol50.org.br\/inc\/uploads\/2018\/07\/MarceloCrivella_ElzaFiuza_ABr.jpg","width":1350,"height":899},{"@type":"BreadcrumbList","@id":"https:\/\/psol50.org.br\/psol-entra-com-pedido-de-impeachment-na-camara-do-rio-saiba-os-proximos-passos\/#breadcrumb","itemListElement":[{"@type":"ListItem","position":1,"name":"In\u00edcio","item":"https:\/\/psol50.org.br\/"},{"@type":"ListItem","position":2,"name":"PSOL entra com pedido de impeachment na C\u00e2mara do Rio: saiba os pr\u00f3ximos passos"}]},{"@type":"WebSite","@id":"https:\/\/psol50.org.br\/#website","url":"https:\/\/psol50.org.br\/","name":"PSOL 50","description":"Site oficial do Partido Socialismo e Liberdade","publisher":{"@id":"https:\/\/psol50.org.br\/#organization"},"alternateName":"PSOL50","potentialAction":[{"@type":"SearchAction","target":{"@type":"EntryPoint","urlTemplate":"https:\/\/psol50.org.br\/?s={search_term_string}"},"query-input":{"@type":"PropertyValueSpecification","valueRequired":true,"valueName":"search_term_string"}}],"inLanguage":"pt-BR"},{"@type":"Organization","@id":"https:\/\/psol50.org.br\/#organization","name":"PSOL 50","alternateName":"PSOL 50","url":"https:\/\/psol50.org.br\/","logo":{"@type":"ImageObject","inLanguage":"pt-BR","@id":"https:\/\/psol50.org.br\/#\/schema\/logo\/image\/","url":"https:\/\/psol50.org.br\/inc\/uploads\/2018\/07\/capa.png","contentUrl":"https:\/\/psol50.org.br\/inc\/uploads\/2018\/07\/capa.png","width":1350,"height":900,"caption":"PSOL 50"},"image":{"@id":"https:\/\/psol50.org.br\/#\/schema\/logo\/image\/"},"sameAs":["https:\/\/www.facebook.com\/psol50","https:\/\/x.com\/psol50","https:\/\/www.instagram.com\/psol50\/","https:\/\/www.youtube.com\/channel\/UC7SnJS5o1os7a6CaiNabzcg"]},{"@type":"Person","@id":"https:\/\/psol50.org.br\/#\/schema\/person\/475dfa57d0b815993c714c2e96491fcd","name":"Comunica\u00e7\u00e3o PSOL","image":{"@type":"ImageObject","inLanguage":"pt-BR","@id":"https:\/\/psol50.org.br\/#\/schema\/person\/image\/","url":"https:\/\/secure.gravatar.com\/avatar\/b34fc4f4e468a4e51785917065a3db57b841f5c95dba6ad8c73aaf8f66f8f9bf?s=96&d=mm&r=g","contentUrl":"https:\/\/secure.gravatar.com\/avatar\/b34fc4f4e468a4e51785917065a3db57b841f5c95dba6ad8c73aaf8f66f8f9bf?s=96&d=mm&r=g","caption":"Comunica\u00e7\u00e3o PSOL"}}]}},"_links":{"self":[{"href":"https:\/\/psol50.org.br\/rest\/wp\/v2\/posts\/21092","targetHints":{"allow":["GET"]}}],"collection":[{"href":"https:\/\/psol50.org.br\/rest\/wp\/v2\/posts"}],"about":[{"href":"https:\/\/psol50.org.br\/rest\/wp\/v2\/types\/post"}],"author":[{"embeddable":true,"href":"https:\/\/psol50.org.br\/rest\/wp\/v2\/users\/2"}],"replies":[{"embeddable":true,"href":"https:\/\/psol50.org.br\/rest\/wp\/v2\/comments?post=21092"}],"version-history":[{"count":0,"href":"https:\/\/psol50.org.br\/rest\/wp\/v2\/posts\/21092\/revisions"}],"wp:featuredmedia":[{"embeddable":true,"href":"https:\/\/psol50.org.br\/rest\/wp\/v2\/media\/21093"}],"wp:attachment":[{"href":"https:\/\/psol50.org.br\/rest\/wp\/v2\/media?parent=21092"}],"wp:term":[{"taxonomy":"category","embeddable":true,"href":"https:\/\/psol50.org.br\/rest\/wp\/v2\/categories?post=21092"},{"taxonomy":"post_tag","embeddable":true,"href":"https:\/\/psol50.org.br\/rest\/wp\/v2\/tags?post=21092"}],"curies":[{"name":"wp","href":"https:\/\/api.w.org\/{rel}","templated":true}]}}