{"id":21097,"date":"2018-07-10T14:06:10","date_gmt":"2018-07-10T17:06:10","guid":{"rendered":"https:\/\/www.psol50.org.br\/?p=21097"},"modified":"2018-07-10T14:06:10","modified_gmt":"2018-07-10T17:06:10","slug":"por-iniciativa-do-psol-comissao-de-direitos-humanos-ouvira-mae-de-marcos-vinicius-assassinado-na-mare","status":"publish","type":"post","link":"https:\/\/psol50.org.br\/por-iniciativa-do-psol-comissao-de-direitos-humanos-ouvira-mae-de-marcos-vinicius-assassinado-na-mare\/","title":{"rendered":"Por iniciativa do PSOL, Comiss\u00e3o de Direitos Humanos ouvir\u00e1 m\u00e3e de Marcos Vin\u00edcius, assassinado na Mar\u00e9"},"content":{"rendered":"<p><span id=\"fbPhotoSnowliftCaption\" class=\"fbPhotosPhotoCaption\" tabindex=\"0\" aria-live=\"polite\" data-ft=\"{&quot;tn&quot;:&quot;K&quot;}\"><span class=\"hasCaption\">Por iniciativa dos deputados do <a href=\"https:\/\/www.facebook.com\/psolnacamara\" target=\"_blank\" rel=\"noopener\"><strong><span style=\"color: #0000ff;\">PSOL na C\u00e2mara<\/span><\/strong><\/a> <a href=\"https:\/\/www.facebook.com\/chicoalencar\/\" target=\"_blank\" rel=\"noopener\"><strong><span style=\"color: #0000ff;\">Chico Alencar<\/span><\/strong><\/a> (RJ) e <a href=\"https:\/\/www.facebook.com\/luizaerundina\/\" target=\"_blank\" rel=\"noopener\"><strong><span style=\"color: #0000ff;\">Luiza Erundina<\/span><\/strong><\/a> (SP), a Comiss\u00e3o de Direitos Humanos e Minorias da C\u00e2mara dos Deputados (CDHM) aprovou a realiza\u00e7\u00e3o de Audi\u00eancia P\u00fablica nesta quarta-feira (11), \u00e0s 16h, no plen\u00e1rio 9 da C\u00e2mara, para ouvir Bruna da Silva m\u00e3e de Marcus Vin\u00edcius, de 14 anos, assassinado no Complexo da Mar\u00e9 no dia 20 de junho.<span class=\"text_exposed_show\"><\/p>\n<p>Marcus sa\u00eda da escola no momento em que a Pol\u00edcia Civil fazia uma opera\u00e7\u00e3o para cumprir 23 mandados de pris\u00e3o. O menino foi atingido por um tiro nas costas. Outras seis pessoas foram mortas e duas crian\u00e7as ficaram feridas. Segundo a ONG Rio de Paz, ao menos 50 crian\u00e7as de at\u00e9 14 anos foram mortas por balas perdidas no estado desde 2007. S\u00f3 neste ano foram oito.<\/p>\n<p>A blusa do uniforme escolar que Marcus usava naquele dia, manchada de sangue, \u00e9 agora o s\u00edmbolo da luta de Bruna por justi\u00e7a. Ela tem 36 anos e \u00e9 casada com o pedreiro G\u00e9rson da Silva, de 37 anos. Marcus Vin\u00edcius era o filho mais velho. A irm\u00e3 dele, Maria Vit\u00f3ria, tem 12 anos e continua estudando na mesma escola no Complexo da Mar\u00e9, o CIEP Oper\u00e1rio Vicente Mariano.<\/p>\n<p>\u201cA Comiss\u00e3o de Direitos Humanos Minorias tem a miss\u00e3o de receber, avaliar e investigar den\u00fancias relativas a amea\u00e7a ou viola\u00e7\u00e3o de direitos humanos. A Organiza\u00e7\u00e3o N\u00e3o Governamental Redes da Mar\u00e9 contou mais de cem marcas de disparos no ch\u00e3o do conjunto de favelas ap\u00f3s a opera\u00e7\u00e3o da Pol\u00edcia Civil. Esses disparos teriam sido feitos por um helic\u00f3ptero utilizado durante a opera\u00e7\u00e3o\u201d, afirma Luiza Erundina que, junto com o deputado Chico Alencar, pediu a realiza\u00e7\u00e3o da audi\u00eancia p\u00fablica.<\/span><\/span><\/span><\/p>\n<p><a href=\"http:\/\/www2.camara.leg.br\/atividade-legislativa\/comissoes\/comissoes-permanentes\/cdhm\/noticias\/comissao-de-direitos-humanos-ouve-a-mae-do-menino-marcus-vinicius-assassinado-no-complexo-da-mare\" target=\"_blank\" rel=\"noopener\"><strong><span style=\"color: #0000ff;\">Saiba mais sobre a iniciativa<\/span><\/strong><\/a>.<\/p>\n","protected":false},"excerpt":{"rendered":"<p>Por iniciativa dos deputados do PSOL na C\u00e2mara Chico Alencar (RJ) e Luiza Erundina (SP), a Comiss\u00e3o de Direitos Humanos e Minorias da C\u00e2mara dos Deputados (CDHM) aprovou a realiza\u00e7\u00e3o de Audi\u00eancia P\u00fablica nesta quarta-feira (11), \u00e0s 16h, no plen\u00e1rio 9 da C\u00e2mara, para ouvir Bruna da Silva m\u00e3e de Marcus Vin\u00edcius, de 14 anos, [&hellip;]<\/p>\n","protected":false},"author":2,"featured_media":21098,"comment_status":"open","ping_status":"open","sticky":false,"template":"","format":"standard","meta":{"_acf_changed":false,"footnotes":""},"categories":[10,1882,6],"tags":[2638,1802,2639,709,1680,2640,2641,553,2642,417],"class_list":{"0":"post-21097","1":"post","2":"type-post","3":"status-publish","4":"format-standard","5":"has-post-thumbnail","7":"category-acao-parlamentares","8":"category-brasil","9":"category-noticias","10":"tag-assassinado","11":"tag-audiencia-publica","12":"tag-bruna-da-silva","13":"tag-camara-dos-deputados","14":"tag-chico-alencar","15":"tag-comissao-de-direitos-humanos-e-minorias","16":"tag-complexo-da-mare","17":"tag-luiza-erundina","18":"tag-marcus-vinicius","19":"tag-psol-na-camara"},"acf":[],"yoast_head":"<!-- This site is optimized with the Yoast SEO plugin v26.5 - https:\/\/yoast.com\/wordpress\/plugins\/seo\/ -->\n<title>Por iniciativa do PSOL, Comiss\u00e3o de Direitos Humanos ouvir\u00e1 m\u00e3e de Marcos Vin\u00edcius, assassinado na Mar\u00e9 - PSOL 50<\/title>\n<meta name=\"robots\" content=\"index, follow, max-snippet:-1, max-image-preview:large, max-video-preview:-1\" \/>\n<link rel=\"canonical\" href=\"https:\/\/psol50.org.br\/por-iniciativa-do-psol-comissao-de-direitos-humanos-ouvira-mae-de-marcos-vinicius-assassinado-na-mare\/\" \/>\n<meta property=\"og:locale\" content=\"pt_BR\" \/>\n<meta property=\"og:type\" content=\"article\" \/>\n<meta property=\"og:title\" content=\"Por iniciativa do PSOL, Comiss\u00e3o de Direitos Humanos ouvir\u00e1 m\u00e3e de Marcos Vin\u00edcius, assassinado na Mar\u00e9 - PSOL 50\" \/>\n<meta property=\"og:description\" content=\"Por iniciativa dos deputados do PSOL na C\u00e2mara Chico Alencar (RJ) e Luiza Erundina (SP), a Comiss\u00e3o de Direitos Humanos e Minorias da C\u00e2mara dos Deputados (CDHM) aprovou a realiza\u00e7\u00e3o de Audi\u00eancia P\u00fablica nesta quarta-feira (11), \u00e0s 16h, no plen\u00e1rio 9 da C\u00e2mara, para ouvir Bruna da Silva m\u00e3e de Marcus Vin\u00edcius, de 14 anos, [&hellip;]\" \/>\n<meta property=\"og:url\" content=\"https:\/\/psol50.org.br\/por-iniciativa-do-psol-comissao-de-direitos-humanos-ouvira-mae-de-marcos-vinicius-assassinado-na-mare\/\" \/>\n<meta property=\"og:site_name\" content=\"PSOL 50\" \/>\n<meta property=\"article:publisher\" content=\"https:\/\/www.facebook.com\/psol50\" \/>\n<meta property=\"article:published_time\" content=\"2018-07-10T17:06:10+00:00\" \/>\n<meta property=\"og:image\" content=\"https:\/\/psol50.org.br\/inc\/uploads\/2018\/07\/BrunaSilva_FernandoFrazao_ABr.jpg\" \/>\n\t<meta property=\"og:image:width\" content=\"1350\" \/>\n\t<meta property=\"og:image:height\" content=\"759\" \/>\n\t<meta property=\"og:image:type\" content=\"image\/jpeg\" \/>\n<meta name=\"author\" content=\"Comunica\u00e7\u00e3o PSOL\" \/>\n<meta name=\"twitter:card\" content=\"summary_large_image\" \/>\n<meta name=\"twitter:creator\" content=\"@psol50\" \/>\n<meta name=\"twitter:site\" content=\"@psol50\" \/>\n<meta name=\"twitter:label1\" content=\"Escrito por\" \/>\n\t<meta name=\"twitter:data1\" content=\"Comunica\u00e7\u00e3o PSOL\" \/>\n\t<meta name=\"twitter:label2\" content=\"Est. tempo de leitura\" \/>\n\t<meta name=\"twitter:data2\" content=\"2 minutos\" \/>\n<script type=\"application\/ld+json\" class=\"yoast-schema-graph\">{\"@context\":\"https:\/\/schema.org\",\"@graph\":[{\"@type\":\"Article\",\"@id\":\"https:\/\/psol50.org.br\/por-iniciativa-do-psol-comissao-de-direitos-humanos-ouvira-mae-de-marcos-vinicius-assassinado-na-mare\/#article\",\"isPartOf\":{\"@id\":\"https:\/\/psol50.org.br\/por-iniciativa-do-psol-comissao-de-direitos-humanos-ouvira-mae-de-marcos-vinicius-assassinado-na-mare\/\"},\"author\":{\"name\":\"Comunica\u00e7\u00e3o PSOL\",\"@id\":\"https:\/\/psol50.org.br\/#\/schema\/person\/475dfa57d0b815993c714c2e96491fcd\"},\"headline\":\"Por iniciativa do PSOL, Comiss\u00e3o de Direitos Humanos ouvir\u00e1 m\u00e3e de Marcos Vin\u00edcius, assassinado na Mar\u00e9\",\"datePublished\":\"2018-07-10T17:06:10+00:00\",\"mainEntityOfPage\":{\"@id\":\"https:\/\/psol50.org.br\/por-iniciativa-do-psol-comissao-de-direitos-humanos-ouvira-mae-de-marcos-vinicius-assassinado-na-mare\/\"},\"wordCount\":327,\"commentCount\":0,\"publisher\":{\"@id\":\"https:\/\/psol50.org.br\/#organization\"},\"image\":{\"@id\":\"https:\/\/psol50.org.br\/por-iniciativa-do-psol-comissao-de-direitos-humanos-ouvira-mae-de-marcos-vinicius-assassinado-na-mare\/#primaryimage\"},\"thumbnailUrl\":\"https:\/\/psol50.org.br\/inc\/uploads\/2018\/07\/BrunaSilva_FernandoFrazao_ABr.jpg\",\"keywords\":[\"assassinado\",\"audi\u00eancia p\u00fablica\",\"Bruna da Silva\",\"C\u00e2mara dos Deputados\",\"Chico Alencar\",\"Comiss\u00e3o de Direitos Humanos e Minorias\",\"Complexo da Mar\u00e9\",\"Luiza Erundina\",\"Marcus Vin\u00edcius\",\"PSOL na C\u00e2mara\"],\"articleSection\":[\"A\u00e7\u00e3o Parlamentar\",\"Brasil\",\"Not\u00edcias\"],\"inLanguage\":\"pt-BR\",\"potentialAction\":[{\"@type\":\"CommentAction\",\"name\":\"Comment\",\"target\":[\"https:\/\/psol50.org.br\/por-iniciativa-do-psol-comissao-de-direitos-humanos-ouvira-mae-de-marcos-vinicius-assassinado-na-mare\/#respond\"]}]},{\"@type\":\"WebPage\",\"@id\":\"https:\/\/psol50.org.br\/por-iniciativa-do-psol-comissao-de-direitos-humanos-ouvira-mae-de-marcos-vinicius-assassinado-na-mare\/\",\"url\":\"https:\/\/psol50.org.br\/por-iniciativa-do-psol-comissao-de-direitos-humanos-ouvira-mae-de-marcos-vinicius-assassinado-na-mare\/\",\"name\":\"Por iniciativa do PSOL, Comiss\u00e3o de Direitos Humanos ouvir\u00e1 m\u00e3e de Marcos Vin\u00edcius, assassinado na Mar\u00e9 - PSOL 50\",\"isPartOf\":{\"@id\":\"https:\/\/psol50.org.br\/#website\"},\"primaryImageOfPage\":{\"@id\":\"https:\/\/psol50.org.br\/por-iniciativa-do-psol-comissao-de-direitos-humanos-ouvira-mae-de-marcos-vinicius-assassinado-na-mare\/#primaryimage\"},\"image\":{\"@id\":\"https:\/\/psol50.org.br\/por-iniciativa-do-psol-comissao-de-direitos-humanos-ouvira-mae-de-marcos-vinicius-assassinado-na-mare\/#primaryimage\"},\"thumbnailUrl\":\"https:\/\/psol50.org.br\/inc\/uploads\/2018\/07\/BrunaSilva_FernandoFrazao_ABr.jpg\",\"datePublished\":\"2018-07-10T17:06:10+00:00\",\"breadcrumb\":{\"@id\":\"https:\/\/psol50.org.br\/por-iniciativa-do-psol-comissao-de-direitos-humanos-ouvira-mae-de-marcos-vinicius-assassinado-na-mare\/#breadcrumb\"},\"inLanguage\":\"pt-BR\",\"potentialAction\":[{\"@type\":\"ReadAction\",\"target\":[\"https:\/\/psol50.org.br\/por-iniciativa-do-psol-comissao-de-direitos-humanos-ouvira-mae-de-marcos-vinicius-assassinado-na-mare\/\"]}]},{\"@type\":\"ImageObject\",\"inLanguage\":\"pt-BR\",\"@id\":\"https:\/\/psol50.org.br\/por-iniciativa-do-psol-comissao-de-direitos-humanos-ouvira-mae-de-marcos-vinicius-assassinado-na-mare\/#primaryimage\",\"url\":\"https:\/\/psol50.org.br\/inc\/uploads\/2018\/07\/BrunaSilva_FernandoFrazao_ABr.jpg\",\"contentUrl\":\"https:\/\/psol50.org.br\/inc\/uploads\/2018\/07\/BrunaSilva_FernandoFrazao_ABr.jpg\",\"width\":1350,\"height\":759},{\"@type\":\"BreadcrumbList\",\"@id\":\"https:\/\/psol50.org.br\/por-iniciativa-do-psol-comissao-de-direitos-humanos-ouvira-mae-de-marcos-vinicius-assassinado-na-mare\/#breadcrumb\",\"itemListElement\":[{\"@type\":\"ListItem\",\"position\":1,\"name\":\"In\u00edcio\",\"item\":\"https:\/\/psol50.org.br\/\"},{\"@type\":\"ListItem\",\"position\":2,\"name\":\"Por iniciativa do PSOL, Comiss\u00e3o de Direitos Humanos ouvir\u00e1 m\u00e3e de Marcos Vin\u00edcius, assassinado na Mar\u00e9\"}]},{\"@type\":\"WebSite\",\"@id\":\"https:\/\/psol50.org.br\/#website\",\"url\":\"https:\/\/psol50.org.br\/\",\"name\":\"PSOL 50\",\"description\":\"Site oficial do Partido Socialismo e Liberdade\",\"publisher\":{\"@id\":\"https:\/\/psol50.org.br\/#organization\"},\"alternateName\":\"PSOL50\",\"potentialAction\":[{\"@type\":\"SearchAction\",\"target\":{\"@type\":\"EntryPoint\",\"urlTemplate\":\"https:\/\/psol50.org.br\/?s={search_term_string}\"},\"query-input\":{\"@type\":\"PropertyValueSpecification\",\"valueRequired\":true,\"valueName\":\"search_term_string\"}}],\"inLanguage\":\"pt-BR\"},{\"@type\":\"Organization\",\"@id\":\"https:\/\/psol50.org.br\/#organization\",\"name\":\"PSOL 50\",\"alternateName\":\"PSOL 50\",\"url\":\"https:\/\/psol50.org.br\/\",\"logo\":{\"@type\":\"ImageObject\",\"inLanguage\":\"pt-BR\",\"@id\":\"https:\/\/psol50.org.br\/#\/schema\/logo\/image\/\",\"url\":\"https:\/\/psol50.org.br\/inc\/uploads\/2018\/07\/capa.png\",\"contentUrl\":\"https:\/\/psol50.org.br\/inc\/uploads\/2018\/07\/capa.png\",\"width\":1350,\"height\":900,\"caption\":\"PSOL 50\"},\"image\":{\"@id\":\"https:\/\/psol50.org.br\/#\/schema\/logo\/image\/\"},\"sameAs\":[\"https:\/\/www.facebook.com\/psol50\",\"https:\/\/x.com\/psol50\",\"https:\/\/www.instagram.com\/psol50\/\",\"https:\/\/www.youtube.com\/channel\/UC7SnJS5o1os7a6CaiNabzcg\"]},{\"@type\":\"Person\",\"@id\":\"https:\/\/psol50.org.br\/#\/schema\/person\/475dfa57d0b815993c714c2e96491fcd\",\"name\":\"Comunica\u00e7\u00e3o PSOL\",\"image\":{\"@type\":\"ImageObject\",\"inLanguage\":\"pt-BR\",\"@id\":\"https:\/\/psol50.org.br\/#\/schema\/person\/image\/\",\"url\":\"https:\/\/secure.gravatar.com\/avatar\/b34fc4f4e468a4e51785917065a3db57b841f5c95dba6ad8c73aaf8f66f8f9bf?s=96&d=mm&r=g\",\"contentUrl\":\"https:\/\/secure.gravatar.com\/avatar\/b34fc4f4e468a4e51785917065a3db57b841f5c95dba6ad8c73aaf8f66f8f9bf?s=96&d=mm&r=g\",\"caption\":\"Comunica\u00e7\u00e3o PSOL\"}}]}<\/script>\n<!-- \/ Yoast SEO plugin. -->","yoast_head_json":{"title":"Por iniciativa do PSOL, Comiss\u00e3o de Direitos Humanos ouvir\u00e1 m\u00e3e de Marcos Vin\u00edcius, assassinado na Mar\u00e9 - PSOL 50","robots":{"index":"index","follow":"follow","max-snippet":"max-snippet:-1","max-image-preview":"max-image-preview:large","max-video-preview":"max-video-preview:-1"},"canonical":"https:\/\/psol50.org.br\/por-iniciativa-do-psol-comissao-de-direitos-humanos-ouvira-mae-de-marcos-vinicius-assassinado-na-mare\/","og_locale":"pt_BR","og_type":"article","og_title":"Por iniciativa do PSOL, Comiss\u00e3o de Direitos Humanos ouvir\u00e1 m\u00e3e de Marcos Vin\u00edcius, assassinado na Mar\u00e9 - PSOL 50","og_description":"Por iniciativa dos deputados do PSOL na C\u00e2mara Chico Alencar (RJ) e Luiza Erundina (SP), a Comiss\u00e3o de Direitos Humanos e Minorias da C\u00e2mara dos Deputados (CDHM) aprovou a realiza\u00e7\u00e3o de Audi\u00eancia P\u00fablica nesta quarta-feira (11), \u00e0s 16h, no plen\u00e1rio 9 da C\u00e2mara, para ouvir Bruna da Silva m\u00e3e de Marcus Vin\u00edcius, de 14 anos, [&hellip;]","og_url":"https:\/\/psol50.org.br\/por-iniciativa-do-psol-comissao-de-direitos-humanos-ouvira-mae-de-marcos-vinicius-assassinado-na-mare\/","og_site_name":"PSOL 50","article_publisher":"https:\/\/www.facebook.com\/psol50","article_published_time":"2018-07-10T17:06:10+00:00","og_image":[{"width":1350,"height":759,"url":"https:\/\/psol50.org.br\/inc\/uploads\/2018\/07\/BrunaSilva_FernandoFrazao_ABr.jpg","type":"image\/jpeg"}],"author":"Comunica\u00e7\u00e3o PSOL","twitter_card":"summary_large_image","twitter_creator":"@psol50","twitter_site":"@psol50","twitter_misc":{"Escrito por":"Comunica\u00e7\u00e3o PSOL","Est. tempo de leitura":"2 minutos"},"schema":{"@context":"https:\/\/schema.org","@graph":[{"@type":"Article","@id":"https:\/\/psol50.org.br\/por-iniciativa-do-psol-comissao-de-direitos-humanos-ouvira-mae-de-marcos-vinicius-assassinado-na-mare\/#article","isPartOf":{"@id":"https:\/\/psol50.org.br\/por-iniciativa-do-psol-comissao-de-direitos-humanos-ouvira-mae-de-marcos-vinicius-assassinado-na-mare\/"},"author":{"name":"Comunica\u00e7\u00e3o PSOL","@id":"https:\/\/psol50.org.br\/#\/schema\/person\/475dfa57d0b815993c714c2e96491fcd"},"headline":"Por iniciativa do PSOL, Comiss\u00e3o de Direitos Humanos ouvir\u00e1 m\u00e3e de Marcos Vin\u00edcius, assassinado na Mar\u00e9","datePublished":"2018-07-10T17:06:10+00:00","mainEntityOfPage":{"@id":"https:\/\/psol50.org.br\/por-iniciativa-do-psol-comissao-de-direitos-humanos-ouvira-mae-de-marcos-vinicius-assassinado-na-mare\/"},"wordCount":327,"commentCount":0,"publisher":{"@id":"https:\/\/psol50.org.br\/#organization"},"image":{"@id":"https:\/\/psol50.org.br\/por-iniciativa-do-psol-comissao-de-direitos-humanos-ouvira-mae-de-marcos-vinicius-assassinado-na-mare\/#primaryimage"},"thumbnailUrl":"https:\/\/psol50.org.br\/inc\/uploads\/2018\/07\/BrunaSilva_FernandoFrazao_ABr.jpg","keywords":["assassinado","audi\u00eancia p\u00fablica","Bruna da Silva","C\u00e2mara dos Deputados","Chico Alencar","Comiss\u00e3o de Direitos Humanos e Minorias","Complexo da Mar\u00e9","Luiza Erundina","Marcus Vin\u00edcius","PSOL na C\u00e2mara"],"articleSection":["A\u00e7\u00e3o Parlamentar","Brasil","Not\u00edcias"],"inLanguage":"pt-BR","potentialAction":[{"@type":"CommentAction","name":"Comment","target":["https:\/\/psol50.org.br\/por-iniciativa-do-psol-comissao-de-direitos-humanos-ouvira-mae-de-marcos-vinicius-assassinado-na-mare\/#respond"]}]},{"@type":"WebPage","@id":"https:\/\/psol50.org.br\/por-iniciativa-do-psol-comissao-de-direitos-humanos-ouvira-mae-de-marcos-vinicius-assassinado-na-mare\/","url":"https:\/\/psol50.org.br\/por-iniciativa-do-psol-comissao-de-direitos-humanos-ouvira-mae-de-marcos-vinicius-assassinado-na-mare\/","name":"Por iniciativa do PSOL, Comiss\u00e3o de Direitos Humanos ouvir\u00e1 m\u00e3e de Marcos Vin\u00edcius, assassinado na Mar\u00e9 - PSOL 50","isPartOf":{"@id":"https:\/\/psol50.org.br\/#website"},"primaryImageOfPage":{"@id":"https:\/\/psol50.org.br\/por-iniciativa-do-psol-comissao-de-direitos-humanos-ouvira-mae-de-marcos-vinicius-assassinado-na-mare\/#primaryimage"},"image":{"@id":"https:\/\/psol50.org.br\/por-iniciativa-do-psol-comissao-de-direitos-humanos-ouvira-mae-de-marcos-vinicius-assassinado-na-mare\/#primaryimage"},"thumbnailUrl":"https:\/\/psol50.org.br\/inc\/uploads\/2018\/07\/BrunaSilva_FernandoFrazao_ABr.jpg","datePublished":"2018-07-10T17:06:10+00:00","breadcrumb":{"@id":"https:\/\/psol50.org.br\/por-iniciativa-do-psol-comissao-de-direitos-humanos-ouvira-mae-de-marcos-vinicius-assassinado-na-mare\/#breadcrumb"},"inLanguage":"pt-BR","potentialAction":[{"@type":"ReadAction","target":["https:\/\/psol50.org.br\/por-iniciativa-do-psol-comissao-de-direitos-humanos-ouvira-mae-de-marcos-vinicius-assassinado-na-mare\/"]}]},{"@type":"ImageObject","inLanguage":"pt-BR","@id":"https:\/\/psol50.org.br\/por-iniciativa-do-psol-comissao-de-direitos-humanos-ouvira-mae-de-marcos-vinicius-assassinado-na-mare\/#primaryimage","url":"https:\/\/psol50.org.br\/inc\/uploads\/2018\/07\/BrunaSilva_FernandoFrazao_ABr.jpg","contentUrl":"https:\/\/psol50.org.br\/inc\/uploads\/2018\/07\/BrunaSilva_FernandoFrazao_ABr.jpg","width":1350,"height":759},{"@type":"BreadcrumbList","@id":"https:\/\/psol50.org.br\/por-iniciativa-do-psol-comissao-de-direitos-humanos-ouvira-mae-de-marcos-vinicius-assassinado-na-mare\/#breadcrumb","itemListElement":[{"@type":"ListItem","position":1,"name":"In\u00edcio","item":"https:\/\/psol50.org.br\/"},{"@type":"ListItem","position":2,"name":"Por iniciativa do PSOL, Comiss\u00e3o de Direitos Humanos ouvir\u00e1 m\u00e3e de Marcos Vin\u00edcius, assassinado na Mar\u00e9"}]},{"@type":"WebSite","@id":"https:\/\/psol50.org.br\/#website","url":"https:\/\/psol50.org.br\/","name":"PSOL 50","description":"Site oficial do Partido Socialismo e Liberdade","publisher":{"@id":"https:\/\/psol50.org.br\/#organization"},"alternateName":"PSOL50","potentialAction":[{"@type":"SearchAction","target":{"@type":"EntryPoint","urlTemplate":"https:\/\/psol50.org.br\/?s={search_term_string}"},"query-input":{"@type":"PropertyValueSpecification","valueRequired":true,"valueName":"search_term_string"}}],"inLanguage":"pt-BR"},{"@type":"Organization","@id":"https:\/\/psol50.org.br\/#organization","name":"PSOL 50","alternateName":"PSOL 50","url":"https:\/\/psol50.org.br\/","logo":{"@type":"ImageObject","inLanguage":"pt-BR","@id":"https:\/\/psol50.org.br\/#\/schema\/logo\/image\/","url":"https:\/\/psol50.org.br\/inc\/uploads\/2018\/07\/capa.png","contentUrl":"https:\/\/psol50.org.br\/inc\/uploads\/2018\/07\/capa.png","width":1350,"height":900,"caption":"PSOL 50"},"image":{"@id":"https:\/\/psol50.org.br\/#\/schema\/logo\/image\/"},"sameAs":["https:\/\/www.facebook.com\/psol50","https:\/\/x.com\/psol50","https:\/\/www.instagram.com\/psol50\/","https:\/\/www.youtube.com\/channel\/UC7SnJS5o1os7a6CaiNabzcg"]},{"@type":"Person","@id":"https:\/\/psol50.org.br\/#\/schema\/person\/475dfa57d0b815993c714c2e96491fcd","name":"Comunica\u00e7\u00e3o PSOL","image":{"@type":"ImageObject","inLanguage":"pt-BR","@id":"https:\/\/psol50.org.br\/#\/schema\/person\/image\/","url":"https:\/\/secure.gravatar.com\/avatar\/b34fc4f4e468a4e51785917065a3db57b841f5c95dba6ad8c73aaf8f66f8f9bf?s=96&d=mm&r=g","contentUrl":"https:\/\/secure.gravatar.com\/avatar\/b34fc4f4e468a4e51785917065a3db57b841f5c95dba6ad8c73aaf8f66f8f9bf?s=96&d=mm&r=g","caption":"Comunica\u00e7\u00e3o PSOL"}}]}},"_links":{"self":[{"href":"https:\/\/psol50.org.br\/rest\/wp\/v2\/posts\/21097","targetHints":{"allow":["GET"]}}],"collection":[{"href":"https:\/\/psol50.org.br\/rest\/wp\/v2\/posts"}],"about":[{"href":"https:\/\/psol50.org.br\/rest\/wp\/v2\/types\/post"}],"author":[{"embeddable":true,"href":"https:\/\/psol50.org.br\/rest\/wp\/v2\/users\/2"}],"replies":[{"embeddable":true,"href":"https:\/\/psol50.org.br\/rest\/wp\/v2\/comments?post=21097"}],"version-history":[{"count":0,"href":"https:\/\/psol50.org.br\/rest\/wp\/v2\/posts\/21097\/revisions"}],"wp:featuredmedia":[{"embeddable":true,"href":"https:\/\/psol50.org.br\/rest\/wp\/v2\/media\/21098"}],"wp:attachment":[{"href":"https:\/\/psol50.org.br\/rest\/wp\/v2\/media?parent=21097"}],"wp:term":[{"taxonomy":"category","embeddable":true,"href":"https:\/\/psol50.org.br\/rest\/wp\/v2\/categories?post=21097"},{"taxonomy":"post_tag","embeddable":true,"href":"https:\/\/psol50.org.br\/rest\/wp\/v2\/tags?post=21097"}],"curies":[{"name":"wp","href":"https:\/\/api.w.org\/{rel}","templated":true}]}}