{"id":2110,"date":"2013-07-04T00:00:00","date_gmt":"2013-07-04T00:00:00","guid":{"rendered":"http:\/\/psol50.org.br\/arquivo\/2013\/07\/04\/bancada-do-psol-emite-nota-repudiando-pouso-forcado-do-aviao-de-evo-morales-em-viena-e-defendendo-a-soberania-bolivariana\/"},"modified":"2013-07-04T00:00:00","modified_gmt":"2013-07-04T00:00:00","slug":"bancada-do-psol-emite-nota-repudiando-pouso-forcado-do-aviao-de-evo-morales-em-viena-e-defendendo-a-soberania-bolivariana","status":"publish","type":"post","link":"https:\/\/psol50.org.br\/bancada-do-psol-emite-nota-repudiando-pouso-forcado-do-aviao-de-evo-morales-em-viena-e-defendendo-a-soberania-bolivariana\/","title":{"rendered":"Bancada do PSOL emite nota repudiando pouso for\u00e7ado do avi\u00e3o de Evo Morales em Viena e defendendo a soberania Bolivariana"},"content":{"rendered":"<p lang=\"pt-BR\" style=\"margin-bottom: 0cm; line-height: 100%; widows: 2; orphans: 2; text-align: justify;\">\n\t<font color=\"#000000\"><font face=\"Arial, sans-serif\"><font size=\"3\">A bancada do PSOL no Congresso Nacional, formada pelos deputados Ivan Valente (presidente nacional do partido), Chico Alencar e Jean Wyllys e pelo senador Randolfe Rodrigues, emitiu uma nota em que comenta o pouso for\u00e7ado feito pelo avi\u00e3o do presidente da Bol\u00edvia Evo Morales, em Viena, na \u00c1ustria, nesta quarta-feira (03). No texto, os parlamentares afirmam que o fato foi uma flagrante viola\u00e7\u00e3o \u00e0 soberania da Bol\u00edvia, perpetrada por cinco pa\u00edses europeus. \u201cAo procederem assim, insultaram todas as na\u00e7\u00f5es latinoamericanas e, por extens\u00e3o, todos os povos descolonizados. Por isso, nosso Partido manifesta seu rep\u00fadio aos governos desses pa\u00edses\u201d, afirma o texto, que reafirma a defesa do PSOL \u00e0 soberania bolivariana.<\/font><\/font><\/font><\/p>\n<p>\t<font color=\"#000000\"><font face=\"Arial, sans-serif\"><font size=\"3\">Confira abaixo a \u00edntegra do texto.<\/font><\/font><\/font><\/p>\n<p>\t<font color=\"#000000\"><font face=\"Arial, sans-serif\"><font size=\"3\">Nota da Bancada do PSOL<\/font><\/font><\/font><\/p>\n<p class=\"western\" lang=\"pt-BR\" style=\"margin-bottom: 0cm; line-height: 100%; text-align: justify;\">\n\t<font face=\"Arial, sans-serif\"><font size=\"3\"><b>Em defesa da Soberania Bolivariana<\/b><br \/>\n\t<span lang=\"pt-BR\">Ontem<\/span><span lang=\"pt-BR\">, uma flagrante viola\u00e7\u00e3o \u00e0 soberania da Bol\u00edvia foi perpetrada por cinco pa\u00edses europeus. Ao procederem assim, insultaram todas as na\u00e7\u00f5es latinoamericanas e, por extens\u00e3o, todos os povos descolonizados. Por is<\/span><span lang=\"pt-BR\">so, nosso Partido manifesta seu rep\u00fadio aos governos desses pa\u00edses.<\/span><\/font><\/font><\/p>\n<p>\t<font face=\"Arial, sans-serif\"><font size=\"3\"><span lang=\"pt-BR\">O<\/span><span lang=\"pt-BR\"> avi\u00e3o do presidente boliviano, Evo Morales, foi for\u00e7ado a pousar na \u00c1ustria depois que Fran\u00e7a, Portugal, Espanha e It\u00e1lia fecharam seu espa\u00e7o a\u00e9reo devido a supostos temores de que o ex-funcion\u00e1rio da ag\u00eancia de espionagem dos Estados Unidos, Edward Snowden, estivesse a bordo.<\/span><\/font><\/font><\/p>\n<p>\t<font face=\"Arial, sans-serif\"><font size=\"3\"><span lang=\"pt-BR\">As autoridades austr\u00edacas, por sua vez<\/span><span lang=\"pt-BR\">, inspecionaram o avi\u00e3o do governo Boliviano. Diga-se de passagem, n\u00e3o encontraram pessoas sem autoriza\u00e7\u00e3o a bordo. Fechar o espa\u00e7o a\u00e9reo e inspecionar a aeronave sem raz\u00e3o justa constituem viola\u00e7\u00f5es do direito internacional e da soberania boliviana<font color=\"#5d5850\"><font size=\"3\">.<\/font><\/font><\/span><\/font><\/font><\/p>\n<p>\t<font face=\"Arial, sans-serif\"><font size=\"3\"><span lang=\"pt-BR\">Este epis\u00f3dio deixa claro, em primeiro lugar, a submiss\u00e3o dos pa\u00edses europeus <\/span><span lang=\"pt-BR\">nele envolvidos, aos interesses dos Estados Unidos da Am\u00e9rica. Subservientes assim \u00e0 pol\u00edtica internacional dos EUA, os pa\u00edses Fran\u00e7a, Portugal, Espanha, It\u00e1lia e \u00c1ustria, comprometeram sua pr\u00f3pria soberania. <\/span><\/font><\/font><\/p>\n<p>\t<font face=\"Arial, sans-serif\"><font size=\"3\">Passados tantos anos desde as independ\u00eancias das na\u00e7\u00f5es latinoamericanas, muitos governantes europeus, entretanto, parecem n\u00e3o ter perdido o h\u00e1bito de nos ver como col\u00f4nias, ao mesmo tempo em que se comportam como integrantes do imp\u00e9rio americano.<\/font><\/font><\/p>\n<p>\t<font face=\"Arial, sans-serif\"><font size=\"3\"><span lang=\"pt-BR\">Exigimos que os organismos internacionais, especialmente os latinoamericanos, pronunciem-se no sentido de condenar a viola\u00e7\u00e3o perpetrada por esses pa\u00edses contra o presidente Evo Morales. E cobramos que o governo brasileiro, atrav\u00e9s do Itamaraty e do Minist\u00e9rio da Justi\u00e7a, uma postura de solidariedade ao Estado Plurinacional da Bol\u00edvia, criticando claramente o epis\u00f3dio infeliz. <\/span><\/font><\/font><\/p>\n<p>\t<font face=\"Arial, sans-serif\"><font size=\"3\"><span lang=\"pt-BR\">O PSOL, expressa apoio irrestrito ao povo e ao governo bolivarianos. Seguiremos solid\u00e1rios aos processos do bolivarianismo, denunciando toda e qualquer a\u00e7\u00e3o que represente uma viola\u00e7\u00e3o da soberania e da autodetermina\u00e7\u00e3o dos povos. <\/span><\/font><\/font><\/p>\n<p>\t<font face=\"Arial, sans-serif\"><font size=\"3\">Bras\u00edlia, 3 de julho de 201<font size=\"3\">3<\/font><\/font><\/font><br \/>\n\t<font face=\"Arial, sans-serif\"><font size=\"3\">Bancada do Partido Socialismo e Liberdade<\/font><\/font><\/p>\n","protected":false},"excerpt":{"rendered":"<p>A bancada do PSOL no Congresso Nacional, formada pelos deputados Ivan Valente (presidente nacional do partido), Chico Alencar e Jean Wyllys e pelo senador Randolfe Rodrigues, emitiu uma nota em que comenta o pouso for\u00e7ado feito pelo avi\u00e3o do presidente da Bol\u00edvia Evo Morales, em Viena, na \u00c1ustria, nesta quarta-feira (03). No texto, os parlamentares [&hellip;]<\/p>\n","protected":false},"author":2,"featured_media":0,"comment_status":"open","ping_status":"open","sticky":false,"template":"","format":"standard","meta":{"_acf_changed":false,"footnotes":""},"categories":[10,4766],"tags":[22],"class_list":{"0":"post-2110","1":"post","2":"type-post","3":"status-publish","4":"format-standard","6":"category-acao-parlamentares","7":"category-arquivo","8":"tag-psol"},"acf":[],"yoast_head":"<!-- This site is optimized with the Yoast SEO plugin v26.5 - https:\/\/yoast.com\/wordpress\/plugins\/seo\/ -->\n<title>Bancada do PSOL emite nota repudiando pouso for\u00e7ado do avi\u00e3o de Evo Morales em Viena e defendendo a soberania Bolivariana - PSOL 50<\/title>\n<meta name=\"robots\" content=\"index, follow, max-snippet:-1, max-image-preview:large, max-video-preview:-1\" \/>\n<link rel=\"canonical\" href=\"https:\/\/psol50.org.br\/bancada-do-psol-emite-nota-repudiando-pouso-forcado-do-aviao-de-evo-morales-em-viena-e-defendendo-a-soberania-bolivariana\/\" \/>\n<meta property=\"og:locale\" content=\"pt_BR\" \/>\n<meta property=\"og:type\" content=\"article\" \/>\n<meta property=\"og:title\" content=\"Bancada do PSOL emite nota repudiando pouso for\u00e7ado do avi\u00e3o de Evo Morales em Viena e defendendo a soberania Bolivariana - PSOL 50\" \/>\n<meta property=\"og:description\" content=\"A bancada do PSOL no Congresso Nacional, formada pelos deputados Ivan Valente (presidente nacional do partido), Chico Alencar e Jean Wyllys e pelo senador Randolfe Rodrigues, emitiu uma nota em que comenta o pouso for\u00e7ado feito pelo avi\u00e3o do presidente da Bol\u00edvia Evo Morales, em Viena, na \u00c1ustria, nesta quarta-feira (03). No texto, os parlamentares [&hellip;]\" \/>\n<meta property=\"og:url\" content=\"https:\/\/psol50.org.br\/bancada-do-psol-emite-nota-repudiando-pouso-forcado-do-aviao-de-evo-morales-em-viena-e-defendendo-a-soberania-bolivariana\/\" \/>\n<meta property=\"og:site_name\" content=\"PSOL 50\" \/>\n<meta property=\"article:publisher\" content=\"https:\/\/www.facebook.com\/psol50\" \/>\n<meta property=\"article:published_time\" content=\"2013-07-04T00:00:00+00:00\" \/>\n<meta property=\"og:image\" content=\"https:\/\/psol50.org.br\/inc\/uploads\/2018\/07\/capa.png\" \/>\n\t<meta property=\"og:image:width\" content=\"1350\" \/>\n\t<meta property=\"og:image:height\" content=\"900\" \/>\n\t<meta property=\"og:image:type\" content=\"image\/png\" \/>\n<meta name=\"author\" content=\"Comunica\u00e7\u00e3o PSOL\" \/>\n<meta name=\"twitter:card\" content=\"summary_large_image\" \/>\n<meta name=\"twitter:creator\" content=\"@psol50\" \/>\n<meta name=\"twitter:site\" content=\"@psol50\" \/>\n<meta name=\"twitter:label1\" content=\"Escrito por\" \/>\n\t<meta name=\"twitter:data1\" content=\"Comunica\u00e7\u00e3o PSOL\" \/>\n\t<meta name=\"twitter:label2\" content=\"Est. tempo de leitura\" \/>\n\t<meta name=\"twitter:data2\" content=\"2 minutos\" \/>\n<script type=\"application\/ld+json\" class=\"yoast-schema-graph\">{\"@context\":\"https:\/\/schema.org\",\"@graph\":[{\"@type\":\"Article\",\"@id\":\"https:\/\/psol50.org.br\/bancada-do-psol-emite-nota-repudiando-pouso-forcado-do-aviao-de-evo-morales-em-viena-e-defendendo-a-soberania-bolivariana\/#article\",\"isPartOf\":{\"@id\":\"https:\/\/psol50.org.br\/bancada-do-psol-emite-nota-repudiando-pouso-forcado-do-aviao-de-evo-morales-em-viena-e-defendendo-a-soberania-bolivariana\/\"},\"author\":{\"name\":\"Comunica\u00e7\u00e3o PSOL\",\"@id\":\"https:\/\/psol50.org.br\/#\/schema\/person\/475dfa57d0b815993c714c2e96491fcd\"},\"headline\":\"Bancada do PSOL emite nota repudiando pouso for\u00e7ado do avi\u00e3o de Evo Morales em Viena e defendendo a soberania Bolivariana\",\"datePublished\":\"2013-07-04T00:00:00+00:00\",\"mainEntityOfPage\":{\"@id\":\"https:\/\/psol50.org.br\/bancada-do-psol-emite-nota-repudiando-pouso-forcado-do-aviao-de-evo-morales-em-viena-e-defendendo-a-soberania-bolivariana\/\"},\"wordCount\":501,\"commentCount\":0,\"publisher\":{\"@id\":\"https:\/\/psol50.org.br\/#organization\"},\"keywords\":[\"PSOL\"],\"articleSection\":[\"A\u00e7\u00e3o Parlamentar\",\"Arquivo\"],\"inLanguage\":\"pt-BR\",\"potentialAction\":[{\"@type\":\"CommentAction\",\"name\":\"Comment\",\"target\":[\"https:\/\/psol50.org.br\/bancada-do-psol-emite-nota-repudiando-pouso-forcado-do-aviao-de-evo-morales-em-viena-e-defendendo-a-soberania-bolivariana\/#respond\"]}]},{\"@type\":\"WebPage\",\"@id\":\"https:\/\/psol50.org.br\/bancada-do-psol-emite-nota-repudiando-pouso-forcado-do-aviao-de-evo-morales-em-viena-e-defendendo-a-soberania-bolivariana\/\",\"url\":\"https:\/\/psol50.org.br\/bancada-do-psol-emite-nota-repudiando-pouso-forcado-do-aviao-de-evo-morales-em-viena-e-defendendo-a-soberania-bolivariana\/\",\"name\":\"Bancada do PSOL emite nota repudiando pouso for\u00e7ado do avi\u00e3o de Evo Morales em Viena e defendendo a soberania Bolivariana - PSOL 50\",\"isPartOf\":{\"@id\":\"https:\/\/psol50.org.br\/#website\"},\"datePublished\":\"2013-07-04T00:00:00+00:00\",\"breadcrumb\":{\"@id\":\"https:\/\/psol50.org.br\/bancada-do-psol-emite-nota-repudiando-pouso-forcado-do-aviao-de-evo-morales-em-viena-e-defendendo-a-soberania-bolivariana\/#breadcrumb\"},\"inLanguage\":\"pt-BR\",\"potentialAction\":[{\"@type\":\"ReadAction\",\"target\":[\"https:\/\/psol50.org.br\/bancada-do-psol-emite-nota-repudiando-pouso-forcado-do-aviao-de-evo-morales-em-viena-e-defendendo-a-soberania-bolivariana\/\"]}]},{\"@type\":\"BreadcrumbList\",\"@id\":\"https:\/\/psol50.org.br\/bancada-do-psol-emite-nota-repudiando-pouso-forcado-do-aviao-de-evo-morales-em-viena-e-defendendo-a-soberania-bolivariana\/#breadcrumb\",\"itemListElement\":[{\"@type\":\"ListItem\",\"position\":1,\"name\":\"In\u00edcio\",\"item\":\"https:\/\/psol50.org.br\/\"},{\"@type\":\"ListItem\",\"position\":2,\"name\":\"Bancada do PSOL emite nota repudiando pouso for\u00e7ado do avi\u00e3o de Evo Morales em Viena e defendendo a soberania Bolivariana\"}]},{\"@type\":\"WebSite\",\"@id\":\"https:\/\/psol50.org.br\/#website\",\"url\":\"https:\/\/psol50.org.br\/\",\"name\":\"PSOL 50\",\"description\":\"Site oficial do Partido Socialismo e Liberdade\",\"publisher\":{\"@id\":\"https:\/\/psol50.org.br\/#organization\"},\"alternateName\":\"PSOL50\",\"potentialAction\":[{\"@type\":\"SearchAction\",\"target\":{\"@type\":\"EntryPoint\",\"urlTemplate\":\"https:\/\/psol50.org.br\/?s={search_term_string}\"},\"query-input\":{\"@type\":\"PropertyValueSpecification\",\"valueRequired\":true,\"valueName\":\"search_term_string\"}}],\"inLanguage\":\"pt-BR\"},{\"@type\":\"Organization\",\"@id\":\"https:\/\/psol50.org.br\/#organization\",\"name\":\"PSOL 50\",\"alternateName\":\"PSOL 50\",\"url\":\"https:\/\/psol50.org.br\/\",\"logo\":{\"@type\":\"ImageObject\",\"inLanguage\":\"pt-BR\",\"@id\":\"https:\/\/psol50.org.br\/#\/schema\/logo\/image\/\",\"url\":\"https:\/\/psol50.org.br\/inc\/uploads\/2018\/07\/capa.png\",\"contentUrl\":\"https:\/\/psol50.org.br\/inc\/uploads\/2018\/07\/capa.png\",\"width\":1350,\"height\":900,\"caption\":\"PSOL 50\"},\"image\":{\"@id\":\"https:\/\/psol50.org.br\/#\/schema\/logo\/image\/\"},\"sameAs\":[\"https:\/\/www.facebook.com\/psol50\",\"https:\/\/x.com\/psol50\",\"https:\/\/www.instagram.com\/psol50\/\",\"https:\/\/www.youtube.com\/channel\/UC7SnJS5o1os7a6CaiNabzcg\"]},{\"@type\":\"Person\",\"@id\":\"https:\/\/psol50.org.br\/#\/schema\/person\/475dfa57d0b815993c714c2e96491fcd\",\"name\":\"Comunica\u00e7\u00e3o PSOL\",\"image\":{\"@type\":\"ImageObject\",\"inLanguage\":\"pt-BR\",\"@id\":\"https:\/\/psol50.org.br\/#\/schema\/person\/image\/\",\"url\":\"https:\/\/secure.gravatar.com\/avatar\/b34fc4f4e468a4e51785917065a3db57b841f5c95dba6ad8c73aaf8f66f8f9bf?s=96&d=mm&r=g\",\"contentUrl\":\"https:\/\/secure.gravatar.com\/avatar\/b34fc4f4e468a4e51785917065a3db57b841f5c95dba6ad8c73aaf8f66f8f9bf?s=96&d=mm&r=g\",\"caption\":\"Comunica\u00e7\u00e3o PSOL\"}}]}<\/script>\n<!-- \/ Yoast SEO plugin. -->","yoast_head_json":{"title":"Bancada do PSOL emite nota repudiando pouso for\u00e7ado do avi\u00e3o de Evo Morales em Viena e defendendo a soberania Bolivariana - PSOL 50","robots":{"index":"index","follow":"follow","max-snippet":"max-snippet:-1","max-image-preview":"max-image-preview:large","max-video-preview":"max-video-preview:-1"},"canonical":"https:\/\/psol50.org.br\/bancada-do-psol-emite-nota-repudiando-pouso-forcado-do-aviao-de-evo-morales-em-viena-e-defendendo-a-soberania-bolivariana\/","og_locale":"pt_BR","og_type":"article","og_title":"Bancada do PSOL emite nota repudiando pouso for\u00e7ado do avi\u00e3o de Evo Morales em Viena e defendendo a soberania Bolivariana - PSOL 50","og_description":"A bancada do PSOL no Congresso Nacional, formada pelos deputados Ivan Valente (presidente nacional do partido), Chico Alencar e Jean Wyllys e pelo senador Randolfe Rodrigues, emitiu uma nota em que comenta o pouso for\u00e7ado feito pelo avi\u00e3o do presidente da Bol\u00edvia Evo Morales, em Viena, na \u00c1ustria, nesta quarta-feira (03). No texto, os parlamentares [&hellip;]","og_url":"https:\/\/psol50.org.br\/bancada-do-psol-emite-nota-repudiando-pouso-forcado-do-aviao-de-evo-morales-em-viena-e-defendendo-a-soberania-bolivariana\/","og_site_name":"PSOL 50","article_publisher":"https:\/\/www.facebook.com\/psol50","article_published_time":"2013-07-04T00:00:00+00:00","og_image":[{"width":1350,"height":900,"url":"https:\/\/psol50.org.br\/inc\/uploads\/2018\/07\/capa.png","type":"image\/png"}],"author":"Comunica\u00e7\u00e3o PSOL","twitter_card":"summary_large_image","twitter_creator":"@psol50","twitter_site":"@psol50","twitter_misc":{"Escrito por":"Comunica\u00e7\u00e3o PSOL","Est. tempo de leitura":"2 minutos"},"schema":{"@context":"https:\/\/schema.org","@graph":[{"@type":"Article","@id":"https:\/\/psol50.org.br\/bancada-do-psol-emite-nota-repudiando-pouso-forcado-do-aviao-de-evo-morales-em-viena-e-defendendo-a-soberania-bolivariana\/#article","isPartOf":{"@id":"https:\/\/psol50.org.br\/bancada-do-psol-emite-nota-repudiando-pouso-forcado-do-aviao-de-evo-morales-em-viena-e-defendendo-a-soberania-bolivariana\/"},"author":{"name":"Comunica\u00e7\u00e3o PSOL","@id":"https:\/\/psol50.org.br\/#\/schema\/person\/475dfa57d0b815993c714c2e96491fcd"},"headline":"Bancada do PSOL emite nota repudiando pouso for\u00e7ado do avi\u00e3o de Evo Morales em Viena e defendendo a soberania Bolivariana","datePublished":"2013-07-04T00:00:00+00:00","mainEntityOfPage":{"@id":"https:\/\/psol50.org.br\/bancada-do-psol-emite-nota-repudiando-pouso-forcado-do-aviao-de-evo-morales-em-viena-e-defendendo-a-soberania-bolivariana\/"},"wordCount":501,"commentCount":0,"publisher":{"@id":"https:\/\/psol50.org.br\/#organization"},"keywords":["PSOL"],"articleSection":["A\u00e7\u00e3o Parlamentar","Arquivo"],"inLanguage":"pt-BR","potentialAction":[{"@type":"CommentAction","name":"Comment","target":["https:\/\/psol50.org.br\/bancada-do-psol-emite-nota-repudiando-pouso-forcado-do-aviao-de-evo-morales-em-viena-e-defendendo-a-soberania-bolivariana\/#respond"]}]},{"@type":"WebPage","@id":"https:\/\/psol50.org.br\/bancada-do-psol-emite-nota-repudiando-pouso-forcado-do-aviao-de-evo-morales-em-viena-e-defendendo-a-soberania-bolivariana\/","url":"https:\/\/psol50.org.br\/bancada-do-psol-emite-nota-repudiando-pouso-forcado-do-aviao-de-evo-morales-em-viena-e-defendendo-a-soberania-bolivariana\/","name":"Bancada do PSOL emite nota repudiando pouso for\u00e7ado do avi\u00e3o de Evo Morales em Viena e defendendo a soberania Bolivariana - PSOL 50","isPartOf":{"@id":"https:\/\/psol50.org.br\/#website"},"datePublished":"2013-07-04T00:00:00+00:00","breadcrumb":{"@id":"https:\/\/psol50.org.br\/bancada-do-psol-emite-nota-repudiando-pouso-forcado-do-aviao-de-evo-morales-em-viena-e-defendendo-a-soberania-bolivariana\/#breadcrumb"},"inLanguage":"pt-BR","potentialAction":[{"@type":"ReadAction","target":["https:\/\/psol50.org.br\/bancada-do-psol-emite-nota-repudiando-pouso-forcado-do-aviao-de-evo-morales-em-viena-e-defendendo-a-soberania-bolivariana\/"]}]},{"@type":"BreadcrumbList","@id":"https:\/\/psol50.org.br\/bancada-do-psol-emite-nota-repudiando-pouso-forcado-do-aviao-de-evo-morales-em-viena-e-defendendo-a-soberania-bolivariana\/#breadcrumb","itemListElement":[{"@type":"ListItem","position":1,"name":"In\u00edcio","item":"https:\/\/psol50.org.br\/"},{"@type":"ListItem","position":2,"name":"Bancada do PSOL emite nota repudiando pouso for\u00e7ado do avi\u00e3o de Evo Morales em Viena e defendendo a soberania Bolivariana"}]},{"@type":"WebSite","@id":"https:\/\/psol50.org.br\/#website","url":"https:\/\/psol50.org.br\/","name":"PSOL 50","description":"Site oficial do Partido Socialismo e Liberdade","publisher":{"@id":"https:\/\/psol50.org.br\/#organization"},"alternateName":"PSOL50","potentialAction":[{"@type":"SearchAction","target":{"@type":"EntryPoint","urlTemplate":"https:\/\/psol50.org.br\/?s={search_term_string}"},"query-input":{"@type":"PropertyValueSpecification","valueRequired":true,"valueName":"search_term_string"}}],"inLanguage":"pt-BR"},{"@type":"Organization","@id":"https:\/\/psol50.org.br\/#organization","name":"PSOL 50","alternateName":"PSOL 50","url":"https:\/\/psol50.org.br\/","logo":{"@type":"ImageObject","inLanguage":"pt-BR","@id":"https:\/\/psol50.org.br\/#\/schema\/logo\/image\/","url":"https:\/\/psol50.org.br\/inc\/uploads\/2018\/07\/capa.png","contentUrl":"https:\/\/psol50.org.br\/inc\/uploads\/2018\/07\/capa.png","width":1350,"height":900,"caption":"PSOL 50"},"image":{"@id":"https:\/\/psol50.org.br\/#\/schema\/logo\/image\/"},"sameAs":["https:\/\/www.facebook.com\/psol50","https:\/\/x.com\/psol50","https:\/\/www.instagram.com\/psol50\/","https:\/\/www.youtube.com\/channel\/UC7SnJS5o1os7a6CaiNabzcg"]},{"@type":"Person","@id":"https:\/\/psol50.org.br\/#\/schema\/person\/475dfa57d0b815993c714c2e96491fcd","name":"Comunica\u00e7\u00e3o PSOL","image":{"@type":"ImageObject","inLanguage":"pt-BR","@id":"https:\/\/psol50.org.br\/#\/schema\/person\/image\/","url":"https:\/\/secure.gravatar.com\/avatar\/b34fc4f4e468a4e51785917065a3db57b841f5c95dba6ad8c73aaf8f66f8f9bf?s=96&d=mm&r=g","contentUrl":"https:\/\/secure.gravatar.com\/avatar\/b34fc4f4e468a4e51785917065a3db57b841f5c95dba6ad8c73aaf8f66f8f9bf?s=96&d=mm&r=g","caption":"Comunica\u00e7\u00e3o PSOL"}}]}},"_links":{"self":[{"href":"https:\/\/psol50.org.br\/rest\/wp\/v2\/posts\/2110","targetHints":{"allow":["GET"]}}],"collection":[{"href":"https:\/\/psol50.org.br\/rest\/wp\/v2\/posts"}],"about":[{"href":"https:\/\/psol50.org.br\/rest\/wp\/v2\/types\/post"}],"author":[{"embeddable":true,"href":"https:\/\/psol50.org.br\/rest\/wp\/v2\/users\/2"}],"replies":[{"embeddable":true,"href":"https:\/\/psol50.org.br\/rest\/wp\/v2\/comments?post=2110"}],"version-history":[{"count":0,"href":"https:\/\/psol50.org.br\/rest\/wp\/v2\/posts\/2110\/revisions"}],"wp:attachment":[{"href":"https:\/\/psol50.org.br\/rest\/wp\/v2\/media?parent=2110"}],"wp:term":[{"taxonomy":"category","embeddable":true,"href":"https:\/\/psol50.org.br\/rest\/wp\/v2\/categories?post=2110"},{"taxonomy":"post_tag","embeddable":true,"href":"https:\/\/psol50.org.br\/rest\/wp\/v2\/tags?post=2110"}],"curies":[{"name":"wp","href":"https:\/\/api.w.org\/{rel}","templated":true}]}}