{"id":21103,"date":"2018-07-11T10:43:23","date_gmt":"2018-07-11T13:43:23","guid":{"rendered":"https:\/\/www.psol50.org.br\/?p=21103"},"modified":"2018-07-11T10:43:23","modified_gmt":"2018-07-11T13:43:23","slug":"guilherme-boulos-nao-existe-avanco-dos-direitos-sociais-sem-ataque-a-privilegios","status":"publish","type":"post","link":"https:\/\/psol50.org.br\/guilherme-boulos-nao-existe-avanco-dos-direitos-sociais-sem-ataque-a-privilegios\/","title":{"rendered":"Guilherme Boulos | N\u00e3o existe avan\u00e7o dos direitos sociais sem ataque a privil\u00e9gios"},"content":{"rendered":"<p><a href=\"https:\/\/www.poder360.com.br\/opiniao\/eleicoes\/nao-existe-avanco-dos-direitos-sociais-sem-ataque-a-privilegios-diz-boulos\/\" target=\"_blank\" rel=\"noopener\"><strong><span style=\"color: #3366ff;\"><em>Originalmente publicado no Poder360<\/em><\/span><\/strong><\/a><\/p>\n<p>Quando o Senado Federal consumou o golpe contra a presidenta Dilma Rousseff, o pessimismo sobre o que viria em seguida j\u00e1 era grande. Hoje, quase 2 anos depois, a realidade do Brasil se traduz em uma vers\u00e3o piorada da c\u00e9lebre frase do escritor Mill\u00f4r Fernandes: somos um pa\u00eds com um longo passado pela frente. E bota passado nisso.<\/p>\n<p>Hoje est\u00e1 claro que o \u00fanico caminho para tirar o Brasil da lama passa pelo combate vigoroso dos privil\u00e9gios e da l\u00f3gica perversa de mercado que reina nesse pa\u00eds. Tamb\u00e9m \u00e9 evidente que s\u00f3 um governo com real participa\u00e7\u00e3o popular pode fazer esse enfrentamento.<\/p>\n<p>A pol\u00edtica de Temer e seus muito mais de 40 ladr\u00f5es \u00e9 de terra arrasada. Atuam qual uma nuvem de gafanhotos na destrui\u00e7\u00e3o de qualquer tecido social e produtivo que, a muito custo, havia sido conquistado nas \u00faltimas d\u00e9cadas. Da reforma trabalhista neo-escravocrata \u00e0 aprova\u00e7\u00e3o da PEC 95, que congelou gastos com educa\u00e7\u00e3o, sa\u00fade e programas sociais por 20 anos, passando pela venda do nosso pr\u00e9-sal a pre\u00e7o de banana, a t\u00f4nica do governo ileg\u00edtimo \u00e9 o entreguismo.<\/p>\n<p>Nem a ditadura militar ousou destruir conquistas como a CLT e a soberania sobre a explora\u00e7\u00e3o das nossas riquezas. O resultado desse verdadeiro saqueio neo-colonial n\u00e3o se reflete somente na popularidade mais baixa de um presidente em toda a hist\u00f3ria do pa\u00eds. \u00c9 flagrante no aumento da pobreza e da desesperan\u00e7a.<\/p>\n<p>Estamos voltando ao Mapa da Fome, menos de 4 anos depois de ter sa\u00eddo dele. Segundo o IBGE, o n\u00famero de brasileiros em situa\u00e7\u00e3o de extrema pobreza aumentou 11,2% de 2016 para o ano passado, atingindo quase 15 milh\u00f5es de pessoas. De acordo com o mesmo instituto, o desemprego em abril foi de 13,6% e chegou a 14 milh\u00f5es de cidad\u00e3os.<\/p>\n<p>Nesse cen\u00e1rio desalentador, se proliferam propostas oportunistas que flertam com o fascismo e semeiam o \u00f3dio, como as do deputado federal Jair Bolsonaro. Al\u00e9m disso, o autoritarismo se expressa sem freios por meio dos desmandos do atual Judici\u00e1rio e na opera\u00e7\u00e3o condu\u00e7\u00e3o pol\u00edtica da opera\u00e7\u00e3o Lava Jato, que hoje mant\u00e9m o ex-presidente Lula como preso pol\u00edtico. As chicanas de Moro e da PF no \u00faltimo domingo (8.jul) derrubaram todas as m\u00e1scaras e evidenciaram a esculhamba\u00e7\u00e3o das institui\u00e7\u00f5es da Rep\u00fablica.<\/p>\n<p>O momento \u00e9 cr\u00edtico. Mas a realidade brasileira nos pede coragem para construir uma alternativa oposta ao modelo que vem sendo aplicado. E a primeira li\u00e7\u00e3o desses tempos sombrios \u00e9 que n\u00e3o existe avan\u00e7o nos direitos sociais sem atacar os privil\u00e9gios. Um programa para o povo nesse pa\u00eds tem que ser de enfrentamento ao mercado, aos bancos e aos juros absurdos praticados no sistema financeiro. Se n\u00e3o, n\u00e3o h\u00e1 espa\u00e7o para pol\u00edtica social nenhuma.<\/p>\n<p>A l\u00f3gica econ\u00f4mica \u00e9 perversa: quanto mais o Brasil vai para o buraco, mais os bancos enchem o bolso de dinheiro. Em plena crise, o lucro das maiores institui\u00e7\u00f5es financeiras aumentou 21% em 2017, somando mais de R$ 61 bilh\u00f5es. Isso \u00e9 um tapa na cara de quem conta o dinheiro para pagar o \u00f4nibus ou comprar um botij\u00e3o de g\u00e1s. O Brasil merece uma economia a servi\u00e7o do povo e n\u00e3o dos banqueiros.<\/p>\n<p>Outra constata\u00e7\u00e3o fundamental \u00e9 a fal\u00eancia do atual modelo pol\u00edtico. Essa governabilidade baseada na troca de apoio parlamentar por cargos e benef\u00edcios gerou uma profunda descren\u00e7a pol\u00edtica da sociedade brasileira.<\/p>\n<p>Precisamos substituir o tradicional balc\u00e3o de neg\u00f3cios por um sistema genuinamente popular, com plebiscitos e referendos. Um sistema onde o povo seja escutado e decida de forma permanente, n\u00e3o a cada 4 anos. Voto n\u00e3o pode ser cheque em branco para os pol\u00edticos. O crescimento da anti-pol\u00edtica gera o desafio de canalizar esse descontentamento para um projeto de mudan\u00e7a. Justamente nesse esp\u00edrito, constru\u00edmos uma alian\u00e7a in\u00e9dita, que assume com responsabilidade e ousadia o desafio de uma unidade democr\u00e1tica de partidos pol\u00edticos e movimentos sociais plurais. For\u00e7as que est\u00e3o em lugares diferentes, que em muitos aspectos pensam diferente, mas que t\u00eam claro o risco de mais retrocessos em uma na\u00e7\u00e3o que vive, desde 2016, um golpe por dia.<\/p>\n<p>Psol, PCB, MTST, ABIP, movimentos feministas, negros, LGBTs, intelectuais progressistas, trabalhadores urbanos e rurais, entre outros, decidiram construir esse projeto a muitas m\u00e3os, incentivando a discuss\u00e3o e promovendo consensos.<\/p>\n<p>J\u00e1 s\u00e3o mais de 50 debates presenciais em todas as regi\u00f5es do pa\u00eds e mais de 100 mil intera\u00e7\u00f5es online que somam propostas para transformar o Brasil a partir de uma perspectiva de garantia de direitos, trazendo a popula\u00e7\u00e3o para o centro das decis\u00f5es.<\/p>\n<p>\u00c9 hora de nos unirmos para defender a democracia e enfrentar privil\u00e9gios para retomar e aprofundar avan\u00e7os sociais. Para defender um projeto forjado de baixo para cima, no seio da resist\u00eancia e, sobretudo, cuja validade n\u00e3o deve expirar em outubro com as elei\u00e7\u00f5es.<\/p>\n<p>Para defender a constru\u00e7\u00e3o de um novo futuro, que fa\u00e7a o Brasil se livrar de vez dessa \u201cponte para o passado\u201d que s\u00f3 vem gerando mis\u00e9ria e desilus\u00e3o. Porque a luta por um Brasil melhor \u00e9 feita de esperan\u00e7a e coragem.<\/p>\n","protected":false},"excerpt":{"rendered":"<p>Originalmente publicado no Poder360 Quando o Senado Federal consumou o golpe contra a presidenta Dilma Rousseff, o pessimismo sobre o que viria em seguida j\u00e1 era grande. Hoje, quase 2 anos depois, a realidade do Brasil se traduz em uma vers\u00e3o piorada da c\u00e9lebre frase do escritor Mill\u00f4r Fernandes: somos um pa\u00eds com um longo [&hellip;]<\/p>\n","protected":false},"author":2,"featured_media":20113,"comment_status":"open","ping_status":"open","sticky":false,"template":"","format":"standard","meta":{"_acf_changed":false,"footnotes":""},"categories":[3,1882],"tags":[381,977,244,2643],"class_list":{"0":"post-21103","1":"post","2":"type-post","3":"status-publish","4":"format-standard","5":"has-post-thumbnail","7":"category-artigos-e-entrevistas","8":"category-brasil","9":"tag-desigualdade","10":"tag-guilherme-boulos","11":"tag-jair-bolsonaro","12":"tag-poder360"},"acf":[],"yoast_head":"<!-- This site is optimized with the Yoast SEO plugin v26.5 - https:\/\/yoast.com\/wordpress\/plugins\/seo\/ -->\n<title>Guilherme Boulos | N\u00e3o existe avan\u00e7o dos direitos sociais sem ataque a privil\u00e9gios - PSOL 50<\/title>\n<meta name=\"robots\" content=\"index, follow, max-snippet:-1, max-image-preview:large, max-video-preview:-1\" \/>\n<link rel=\"canonical\" href=\"https:\/\/psol50.org.br\/guilherme-boulos-nao-existe-avanco-dos-direitos-sociais-sem-ataque-a-privilegios\/\" \/>\n<meta property=\"og:locale\" content=\"pt_BR\" \/>\n<meta property=\"og:type\" content=\"article\" \/>\n<meta property=\"og:title\" content=\"N\u00e3o existe avan\u00e7o dos direitos sociais sem ataque a privil\u00e9gios\" \/>\n<meta property=\"og:description\" content=\"Leia o artigo de Guilherme Boulos, pr\u00e9-candidato \u00e0 Presid\u00eancia pelo PSOL.\" \/>\n<meta property=\"og:url\" content=\"https:\/\/psol50.org.br\/guilherme-boulos-nao-existe-avanco-dos-direitos-sociais-sem-ataque-a-privilegios\/\" \/>\n<meta property=\"og:site_name\" content=\"PSOL 50\" \/>\n<meta property=\"article:publisher\" content=\"https:\/\/www.facebook.com\/psol50\" \/>\n<meta property=\"article:published_time\" content=\"2018-07-11T13:43:23+00:00\" \/>\n<meta property=\"og:image\" content=\"https:\/\/psol50.org.br\/inc\/uploads\/2018\/03\/GuilhermeBoulos.ConferenciaCidada.MidiaNinja.jpg\" \/>\n\t<meta property=\"og:image:width\" content=\"1350\" \/>\n\t<meta property=\"og:image:height\" content=\"900\" \/>\n\t<meta property=\"og:image:type\" content=\"image\/jpeg\" \/>\n<meta name=\"author\" content=\"Comunica\u00e7\u00e3o PSOL\" \/>\n<meta name=\"twitter:card\" content=\"summary_large_image\" \/>\n<meta name=\"twitter:title\" content=\"N\u00e3o existe avan\u00e7o dos direitos sociais sem ataque a privil\u00e9gios\" \/>\n<meta name=\"twitter:description\" content=\"Leia o artigo de Guilherme Boulos, pr\u00e9-candidato \u00e0 Presid\u00eancia pelo PSOL.\" \/>\n<meta name=\"twitter:creator\" content=\"@psol50\" \/>\n<meta name=\"twitter:site\" content=\"@psol50\" \/>\n<meta name=\"twitter:label1\" content=\"Escrito por\" \/>\n\t<meta name=\"twitter:data1\" content=\"Comunica\u00e7\u00e3o PSOL\" \/>\n\t<meta name=\"twitter:label2\" content=\"Est. tempo de leitura\" \/>\n\t<meta name=\"twitter:data2\" content=\"5 minutos\" \/>\n<script type=\"application\/ld+json\" class=\"yoast-schema-graph\">{\"@context\":\"https:\/\/schema.org\",\"@graph\":[{\"@type\":\"Article\",\"@id\":\"https:\/\/psol50.org.br\/guilherme-boulos-nao-existe-avanco-dos-direitos-sociais-sem-ataque-a-privilegios\/#article\",\"isPartOf\":{\"@id\":\"https:\/\/psol50.org.br\/guilherme-boulos-nao-existe-avanco-dos-direitos-sociais-sem-ataque-a-privilegios\/\"},\"author\":{\"name\":\"Comunica\u00e7\u00e3o PSOL\",\"@id\":\"https:\/\/psol50.org.br\/#\/schema\/person\/475dfa57d0b815993c714c2e96491fcd\"},\"headline\":\"Guilherme Boulos | N\u00e3o existe avan\u00e7o dos direitos sociais sem ataque a privil\u00e9gios\",\"datePublished\":\"2018-07-11T13:43:23+00:00\",\"mainEntityOfPage\":{\"@id\":\"https:\/\/psol50.org.br\/guilherme-boulos-nao-existe-avanco-dos-direitos-sociais-sem-ataque-a-privilegios\/\"},\"wordCount\":916,\"commentCount\":0,\"publisher\":{\"@id\":\"https:\/\/psol50.org.br\/#organization\"},\"image\":{\"@id\":\"https:\/\/psol50.org.br\/guilherme-boulos-nao-existe-avanco-dos-direitos-sociais-sem-ataque-a-privilegios\/#primaryimage\"},\"thumbnailUrl\":\"https:\/\/psol50.org.br\/inc\/uploads\/2018\/03\/GuilhermeBoulos.ConferenciaCidada.MidiaNinja.jpg\",\"keywords\":[\"desigualdade\",\"Guilherme Boulos\",\"Jair Bolsonaro\",\"Poder360\"],\"articleSection\":[\"Artigos\",\"Brasil\"],\"inLanguage\":\"pt-BR\",\"potentialAction\":[{\"@type\":\"CommentAction\",\"name\":\"Comment\",\"target\":[\"https:\/\/psol50.org.br\/guilherme-boulos-nao-existe-avanco-dos-direitos-sociais-sem-ataque-a-privilegios\/#respond\"]}]},{\"@type\":\"WebPage\",\"@id\":\"https:\/\/psol50.org.br\/guilherme-boulos-nao-existe-avanco-dos-direitos-sociais-sem-ataque-a-privilegios\/\",\"url\":\"https:\/\/psol50.org.br\/guilherme-boulos-nao-existe-avanco-dos-direitos-sociais-sem-ataque-a-privilegios\/\",\"name\":\"Guilherme Boulos | N\u00e3o existe avan\u00e7o dos direitos sociais sem ataque a privil\u00e9gios - PSOL 50\",\"isPartOf\":{\"@id\":\"https:\/\/psol50.org.br\/#website\"},\"primaryImageOfPage\":{\"@id\":\"https:\/\/psol50.org.br\/guilherme-boulos-nao-existe-avanco-dos-direitos-sociais-sem-ataque-a-privilegios\/#primaryimage\"},\"image\":{\"@id\":\"https:\/\/psol50.org.br\/guilherme-boulos-nao-existe-avanco-dos-direitos-sociais-sem-ataque-a-privilegios\/#primaryimage\"},\"thumbnailUrl\":\"https:\/\/psol50.org.br\/inc\/uploads\/2018\/03\/GuilhermeBoulos.ConferenciaCidada.MidiaNinja.jpg\",\"datePublished\":\"2018-07-11T13:43:23+00:00\",\"breadcrumb\":{\"@id\":\"https:\/\/psol50.org.br\/guilherme-boulos-nao-existe-avanco-dos-direitos-sociais-sem-ataque-a-privilegios\/#breadcrumb\"},\"inLanguage\":\"pt-BR\",\"potentialAction\":[{\"@type\":\"ReadAction\",\"target\":[\"https:\/\/psol50.org.br\/guilherme-boulos-nao-existe-avanco-dos-direitos-sociais-sem-ataque-a-privilegios\/\"]}]},{\"@type\":\"ImageObject\",\"inLanguage\":\"pt-BR\",\"@id\":\"https:\/\/psol50.org.br\/guilherme-boulos-nao-existe-avanco-dos-direitos-sociais-sem-ataque-a-privilegios\/#primaryimage\",\"url\":\"https:\/\/psol50.org.br\/inc\/uploads\/2018\/03\/GuilhermeBoulos.ConferenciaCidada.MidiaNinja.jpg\",\"contentUrl\":\"https:\/\/psol50.org.br\/inc\/uploads\/2018\/03\/GuilhermeBoulos.ConferenciaCidada.MidiaNinja.jpg\",\"width\":1350,\"height\":900},{\"@type\":\"BreadcrumbList\",\"@id\":\"https:\/\/psol50.org.br\/guilherme-boulos-nao-existe-avanco-dos-direitos-sociais-sem-ataque-a-privilegios\/#breadcrumb\",\"itemListElement\":[{\"@type\":\"ListItem\",\"position\":1,\"name\":\"In\u00edcio\",\"item\":\"https:\/\/psol50.org.br\/\"},{\"@type\":\"ListItem\",\"position\":2,\"name\":\"Guilherme Boulos | N\u00e3o existe avan\u00e7o dos direitos sociais sem ataque a privil\u00e9gios\"}]},{\"@type\":\"WebSite\",\"@id\":\"https:\/\/psol50.org.br\/#website\",\"url\":\"https:\/\/psol50.org.br\/\",\"name\":\"PSOL 50\",\"description\":\"Site oficial do Partido Socialismo e Liberdade\",\"publisher\":{\"@id\":\"https:\/\/psol50.org.br\/#organization\"},\"alternateName\":\"PSOL50\",\"potentialAction\":[{\"@type\":\"SearchAction\",\"target\":{\"@type\":\"EntryPoint\",\"urlTemplate\":\"https:\/\/psol50.org.br\/?s={search_term_string}\"},\"query-input\":{\"@type\":\"PropertyValueSpecification\",\"valueRequired\":true,\"valueName\":\"search_term_string\"}}],\"inLanguage\":\"pt-BR\"},{\"@type\":\"Organization\",\"@id\":\"https:\/\/psol50.org.br\/#organization\",\"name\":\"PSOL 50\",\"alternateName\":\"PSOL 50\",\"url\":\"https:\/\/psol50.org.br\/\",\"logo\":{\"@type\":\"ImageObject\",\"inLanguage\":\"pt-BR\",\"@id\":\"https:\/\/psol50.org.br\/#\/schema\/logo\/image\/\",\"url\":\"https:\/\/psol50.org.br\/inc\/uploads\/2018\/07\/capa.png\",\"contentUrl\":\"https:\/\/psol50.org.br\/inc\/uploads\/2018\/07\/capa.png\",\"width\":1350,\"height\":900,\"caption\":\"PSOL 50\"},\"image\":{\"@id\":\"https:\/\/psol50.org.br\/#\/schema\/logo\/image\/\"},\"sameAs\":[\"https:\/\/www.facebook.com\/psol50\",\"https:\/\/x.com\/psol50\",\"https:\/\/www.instagram.com\/psol50\/\",\"https:\/\/www.youtube.com\/channel\/UC7SnJS5o1os7a6CaiNabzcg\"]},{\"@type\":\"Person\",\"@id\":\"https:\/\/psol50.org.br\/#\/schema\/person\/475dfa57d0b815993c714c2e96491fcd\",\"name\":\"Comunica\u00e7\u00e3o PSOL\",\"image\":{\"@type\":\"ImageObject\",\"inLanguage\":\"pt-BR\",\"@id\":\"https:\/\/psol50.org.br\/#\/schema\/person\/image\/\",\"url\":\"https:\/\/secure.gravatar.com\/avatar\/b34fc4f4e468a4e51785917065a3db57b841f5c95dba6ad8c73aaf8f66f8f9bf?s=96&d=mm&r=g\",\"contentUrl\":\"https:\/\/secure.gravatar.com\/avatar\/b34fc4f4e468a4e51785917065a3db57b841f5c95dba6ad8c73aaf8f66f8f9bf?s=96&d=mm&r=g\",\"caption\":\"Comunica\u00e7\u00e3o PSOL\"}}]}<\/script>\n<!-- \/ Yoast SEO plugin. -->","yoast_head_json":{"title":"Guilherme Boulos | N\u00e3o existe avan\u00e7o dos direitos sociais sem ataque a privil\u00e9gios - PSOL 50","robots":{"index":"index","follow":"follow","max-snippet":"max-snippet:-1","max-image-preview":"max-image-preview:large","max-video-preview":"max-video-preview:-1"},"canonical":"https:\/\/psol50.org.br\/guilherme-boulos-nao-existe-avanco-dos-direitos-sociais-sem-ataque-a-privilegios\/","og_locale":"pt_BR","og_type":"article","og_title":"N\u00e3o existe avan\u00e7o dos direitos sociais sem ataque a privil\u00e9gios","og_description":"Leia o artigo de Guilherme Boulos, pr\u00e9-candidato \u00e0 Presid\u00eancia pelo PSOL.","og_url":"https:\/\/psol50.org.br\/guilherme-boulos-nao-existe-avanco-dos-direitos-sociais-sem-ataque-a-privilegios\/","og_site_name":"PSOL 50","article_publisher":"https:\/\/www.facebook.com\/psol50","article_published_time":"2018-07-11T13:43:23+00:00","og_image":[{"width":1350,"height":900,"url":"https:\/\/psol50.org.br\/inc\/uploads\/2018\/03\/GuilhermeBoulos.ConferenciaCidada.MidiaNinja.jpg","type":"image\/jpeg"}],"author":"Comunica\u00e7\u00e3o PSOL","twitter_card":"summary_large_image","twitter_title":"N\u00e3o existe avan\u00e7o dos direitos sociais sem ataque a privil\u00e9gios","twitter_description":"Leia o artigo de Guilherme Boulos, pr\u00e9-candidato \u00e0 Presid\u00eancia pelo PSOL.","twitter_creator":"@psol50","twitter_site":"@psol50","twitter_misc":{"Escrito por":"Comunica\u00e7\u00e3o PSOL","Est. tempo de leitura":"5 minutos"},"schema":{"@context":"https:\/\/schema.org","@graph":[{"@type":"Article","@id":"https:\/\/psol50.org.br\/guilherme-boulos-nao-existe-avanco-dos-direitos-sociais-sem-ataque-a-privilegios\/#article","isPartOf":{"@id":"https:\/\/psol50.org.br\/guilherme-boulos-nao-existe-avanco-dos-direitos-sociais-sem-ataque-a-privilegios\/"},"author":{"name":"Comunica\u00e7\u00e3o PSOL","@id":"https:\/\/psol50.org.br\/#\/schema\/person\/475dfa57d0b815993c714c2e96491fcd"},"headline":"Guilherme Boulos | N\u00e3o existe avan\u00e7o dos direitos sociais sem ataque a privil\u00e9gios","datePublished":"2018-07-11T13:43:23+00:00","mainEntityOfPage":{"@id":"https:\/\/psol50.org.br\/guilherme-boulos-nao-existe-avanco-dos-direitos-sociais-sem-ataque-a-privilegios\/"},"wordCount":916,"commentCount":0,"publisher":{"@id":"https:\/\/psol50.org.br\/#organization"},"image":{"@id":"https:\/\/psol50.org.br\/guilherme-boulos-nao-existe-avanco-dos-direitos-sociais-sem-ataque-a-privilegios\/#primaryimage"},"thumbnailUrl":"https:\/\/psol50.org.br\/inc\/uploads\/2018\/03\/GuilhermeBoulos.ConferenciaCidada.MidiaNinja.jpg","keywords":["desigualdade","Guilherme Boulos","Jair Bolsonaro","Poder360"],"articleSection":["Artigos","Brasil"],"inLanguage":"pt-BR","potentialAction":[{"@type":"CommentAction","name":"Comment","target":["https:\/\/psol50.org.br\/guilherme-boulos-nao-existe-avanco-dos-direitos-sociais-sem-ataque-a-privilegios\/#respond"]}]},{"@type":"WebPage","@id":"https:\/\/psol50.org.br\/guilherme-boulos-nao-existe-avanco-dos-direitos-sociais-sem-ataque-a-privilegios\/","url":"https:\/\/psol50.org.br\/guilherme-boulos-nao-existe-avanco-dos-direitos-sociais-sem-ataque-a-privilegios\/","name":"Guilherme Boulos | N\u00e3o existe avan\u00e7o dos direitos sociais sem ataque a privil\u00e9gios - PSOL 50","isPartOf":{"@id":"https:\/\/psol50.org.br\/#website"},"primaryImageOfPage":{"@id":"https:\/\/psol50.org.br\/guilherme-boulos-nao-existe-avanco-dos-direitos-sociais-sem-ataque-a-privilegios\/#primaryimage"},"image":{"@id":"https:\/\/psol50.org.br\/guilherme-boulos-nao-existe-avanco-dos-direitos-sociais-sem-ataque-a-privilegios\/#primaryimage"},"thumbnailUrl":"https:\/\/psol50.org.br\/inc\/uploads\/2018\/03\/GuilhermeBoulos.ConferenciaCidada.MidiaNinja.jpg","datePublished":"2018-07-11T13:43:23+00:00","breadcrumb":{"@id":"https:\/\/psol50.org.br\/guilherme-boulos-nao-existe-avanco-dos-direitos-sociais-sem-ataque-a-privilegios\/#breadcrumb"},"inLanguage":"pt-BR","potentialAction":[{"@type":"ReadAction","target":["https:\/\/psol50.org.br\/guilherme-boulos-nao-existe-avanco-dos-direitos-sociais-sem-ataque-a-privilegios\/"]}]},{"@type":"ImageObject","inLanguage":"pt-BR","@id":"https:\/\/psol50.org.br\/guilherme-boulos-nao-existe-avanco-dos-direitos-sociais-sem-ataque-a-privilegios\/#primaryimage","url":"https:\/\/psol50.org.br\/inc\/uploads\/2018\/03\/GuilhermeBoulos.ConferenciaCidada.MidiaNinja.jpg","contentUrl":"https:\/\/psol50.org.br\/inc\/uploads\/2018\/03\/GuilhermeBoulos.ConferenciaCidada.MidiaNinja.jpg","width":1350,"height":900},{"@type":"BreadcrumbList","@id":"https:\/\/psol50.org.br\/guilherme-boulos-nao-existe-avanco-dos-direitos-sociais-sem-ataque-a-privilegios\/#breadcrumb","itemListElement":[{"@type":"ListItem","position":1,"name":"In\u00edcio","item":"https:\/\/psol50.org.br\/"},{"@type":"ListItem","position":2,"name":"Guilherme Boulos | N\u00e3o existe avan\u00e7o dos direitos sociais sem ataque a privil\u00e9gios"}]},{"@type":"WebSite","@id":"https:\/\/psol50.org.br\/#website","url":"https:\/\/psol50.org.br\/","name":"PSOL 50","description":"Site oficial do Partido Socialismo e Liberdade","publisher":{"@id":"https:\/\/psol50.org.br\/#organization"},"alternateName":"PSOL50","potentialAction":[{"@type":"SearchAction","target":{"@type":"EntryPoint","urlTemplate":"https:\/\/psol50.org.br\/?s={search_term_string}"},"query-input":{"@type":"PropertyValueSpecification","valueRequired":true,"valueName":"search_term_string"}}],"inLanguage":"pt-BR"},{"@type":"Organization","@id":"https:\/\/psol50.org.br\/#organization","name":"PSOL 50","alternateName":"PSOL 50","url":"https:\/\/psol50.org.br\/","logo":{"@type":"ImageObject","inLanguage":"pt-BR","@id":"https:\/\/psol50.org.br\/#\/schema\/logo\/image\/","url":"https:\/\/psol50.org.br\/inc\/uploads\/2018\/07\/capa.png","contentUrl":"https:\/\/psol50.org.br\/inc\/uploads\/2018\/07\/capa.png","width":1350,"height":900,"caption":"PSOL 50"},"image":{"@id":"https:\/\/psol50.org.br\/#\/schema\/logo\/image\/"},"sameAs":["https:\/\/www.facebook.com\/psol50","https:\/\/x.com\/psol50","https:\/\/www.instagram.com\/psol50\/","https:\/\/www.youtube.com\/channel\/UC7SnJS5o1os7a6CaiNabzcg"]},{"@type":"Person","@id":"https:\/\/psol50.org.br\/#\/schema\/person\/475dfa57d0b815993c714c2e96491fcd","name":"Comunica\u00e7\u00e3o PSOL","image":{"@type":"ImageObject","inLanguage":"pt-BR","@id":"https:\/\/psol50.org.br\/#\/schema\/person\/image\/","url":"https:\/\/secure.gravatar.com\/avatar\/b34fc4f4e468a4e51785917065a3db57b841f5c95dba6ad8c73aaf8f66f8f9bf?s=96&d=mm&r=g","contentUrl":"https:\/\/secure.gravatar.com\/avatar\/b34fc4f4e468a4e51785917065a3db57b841f5c95dba6ad8c73aaf8f66f8f9bf?s=96&d=mm&r=g","caption":"Comunica\u00e7\u00e3o PSOL"}}]}},"_links":{"self":[{"href":"https:\/\/psol50.org.br\/rest\/wp\/v2\/posts\/21103","targetHints":{"allow":["GET"]}}],"collection":[{"href":"https:\/\/psol50.org.br\/rest\/wp\/v2\/posts"}],"about":[{"href":"https:\/\/psol50.org.br\/rest\/wp\/v2\/types\/post"}],"author":[{"embeddable":true,"href":"https:\/\/psol50.org.br\/rest\/wp\/v2\/users\/2"}],"replies":[{"embeddable":true,"href":"https:\/\/psol50.org.br\/rest\/wp\/v2\/comments?post=21103"}],"version-history":[{"count":0,"href":"https:\/\/psol50.org.br\/rest\/wp\/v2\/posts\/21103\/revisions"}],"wp:featuredmedia":[{"embeddable":true,"href":"https:\/\/psol50.org.br\/rest\/wp\/v2\/media\/20113"}],"wp:attachment":[{"href":"https:\/\/psol50.org.br\/rest\/wp\/v2\/media?parent=21103"}],"wp:term":[{"taxonomy":"category","embeddable":true,"href":"https:\/\/psol50.org.br\/rest\/wp\/v2\/categories?post=21103"},{"taxonomy":"post_tag","embeddable":true,"href":"https:\/\/psol50.org.br\/rest\/wp\/v2\/tags?post=21103"}],"curies":[{"name":"wp","href":"https:\/\/api.w.org\/{rel}","templated":true}]}}