{"id":21105,"date":"2018-07-11T13:04:01","date_gmt":"2018-07-11T16:04:01","guid":{"rendered":"https:\/\/www.psol50.org.br\/?p=21105"},"modified":"2018-07-11T13:04:01","modified_gmt":"2018-07-11T16:04:01","slug":"israel-dutra-managua-julho-de-2018","status":"publish","type":"post","link":"https:\/\/psol50.org.br\/israel-dutra-managua-julho-de-2018\/","title":{"rendered":"Israel Dutra | Man\u00e1gua, Julho de 2018"},"content":{"rendered":"<p>A preciosa revolu\u00e7\u00e3o popular de julho de 1979 comemora seu 39\u00ba anivers\u00e1rio em meio a uma grande trag\u00e9dia. O governo de Daniel Ortega (foto) e Ros\u00e1rio Murillo manobra com a chamada \u201cmesa de di\u00e1logo\u201d para estancar as manifesta\u00e7\u00f5es populares, enquanto utiliza for\u00e7as regulares e for\u00e7as paramilitares para reprimir e matar.<\/p>\n<p>Como forma de sufocar os \u201ctranques\u201d, bloqueios de estrada que paralisaram o pa\u00eds e tem seu epicentro nas cidades conhecidas como basti\u00f5es da revolu\u00e7\u00e3o, Masaya e Leon, o governo acelerou o m\u00e9todo do terror, da tortura, do sequestro e dos assassinatos. Apesar de dolorido, diferentes setores j\u00e1 aceitam a ideia de que Ortega\/Murillo s\u00e3o uma verdadeira ditadura. E uma ditadura assassina. Man\u00e1gua, antes exemplo mundial de liberdade e compromisso, com a grande revolu\u00e7\u00e3o de 1979, \u00e9 hoje s\u00edmbolo da opress\u00e3o e do autoritarismo.<\/p>\n<p>A revolu\u00e7\u00e3o que encantou os cora\u00e7\u00f5es do mundo deixou profundas marcas, fora da Nicar\u00e1gua, inclusive. A cultura pop foi marcada pela tomada do poder na insurrei\u00e7\u00e3o de Man\u00e1gua e a derrubada da fam\u00edlia Somoza. Foi uma revolu\u00e7\u00e3o em meio a uma virada geracional, com o advento mundial de novas formas de cultura como o punk rock.<\/p>\n<p>Quem foi jovem nos anos 80 e 90 em Porto Alegre cantou o refr\u00e3o de \u201cSandina\u201d, da banda Replicantes, onde a alus\u00e3o era direta: \u201cMinha garota foi para Man\u00e1gua\/ lutar pela revolu\u00e7\u00e3o\u201d. Os ga\u00fachos se inspiraram n\u00e3o s\u00f3 na revolu\u00e7\u00e3o do pa\u00eds centro-americano, mas tamb\u00e9m no \u00e1lbum mais cultuado do The Clash, de nome \u201cSandinista\u201d, lan\u00e7ado em dezembro de 1980. Ou seja, o repert\u00f3rio da for\u00e7a do povo nicaraguense comoveu o mundo e gera\u00e7\u00f5es de jovens. Sem falar em outras formas de aprecia\u00e7\u00e3o, como delega\u00e7\u00f5es para brigadas de solidariedade, livros, filmes e reportagens.<\/p>\n<p>A Man\u00e1gua de 2018 chora por seus mortos, tamb\u00e9m jovens, com pouco ou quase nada a perder. \u00c0 diferen\u00e7a de Somoza, hoje o cl\u00e3 Ortega domina, desde sua luxuosa mans\u00e3o, o conjunto do aparato de Estado e tem a favor de si o sil\u00eancio de parte da comunidade internacional. E numa guerra, para n\u00e3o dizer massacre, a quest\u00e3o das not\u00edcias e da sensibilidade da \u201ccomunidade internacional\u201d \u00e9 decisiva.<\/p>\n<p><strong>Um governo com \u201clicen\u00e7a para matar\u201d<br \/>\n<\/strong>Numa entrevista recente, o secret\u00e1rio de Rela\u00e7\u00f5es Internacionais, da FSLN, Jacinto Suarez, justificou assim a repress\u00e3o.<\/p>\n<p>\u201cAqui houve um protesto, inventaram um morto. A\u00ed desencadeou outro efeito: os mortos, os mortos, os mortos. H\u00e1 mortos falsos e mortos verdadeiros. Temos um monte de mortos do nosso lado e do outro lado tamb\u00e9m. Esses manifestantes est\u00e3o armados e voc\u00eas sabem. Talvez n\u00e3o os manifestantes, mas os que promovem os bloqueios de estrada. Veja, quando entraram em Masaya houve tr\u00eas mortos porque resistiram e a pol\u00edcia respondeu.\u201d<\/p>\n<p>A justificativa da burocracia orteguista \u00e9 tr\u00e1gica. Contudo, \u00e9 necess\u00e1ria para garantir o sil\u00eancio c\u00famplice de parte das for\u00e7as que comp\u00f5e o Foro de S\u00e3o Paulo, invisibilizando os resultados e a natureza do massacre em curso contra o povo.<\/p>\n<p>Ortega se aferra o poder e promoveu um banho de sangue no \u00faltimo final de semana, dos dias 7 e 8 de julho. Atrav\u00e9s de bandas paramilitares, fortemente armadas, que desfilam em caminhonetes Hylux, despeja \u00f3dio contra a rebeldia popular. Segundo fontes ligadas \u00e0 organismos de direitos humanos, apenas em duas cidades, Jinotepe e Diriamba, 14 pessoas foram mortas, para estancar os bloqueios e mobiliza\u00e7\u00f5es.<\/p>\n<p>Nesta quinta-feira, 12 de julho, est\u00e1 convocada uma marcha nacional. Na sexta-feira, 13 de julho, se prepara uma greve geral como forma de responder a repress\u00e3o. O fato \u00e9 que o governo recuperou terreno, ao desmontar os bloqueios de estrada, buscando esmagar com sangue a repress\u00e3o. As negocia\u00e7\u00f5es fajutas ajudam o governo a \u201crespirar\u201d diante a opini\u00e3o p\u00fablica, ganhar tempo e armar nos seus subterr\u00e2neos a persegui\u00e7\u00e3o e a repress\u00e3o seletiva. O impasse das semanas anteriores come\u00e7a a pesar contra os setores em luta, desorganizados e desarmados. Instalar o caos \u00e9 a t\u00e1tica orteguista para aplacar os opositores internos e justificar suas medidas externamente, escudados em posi\u00e7\u00f5es dos setores campistas da esquerda e da centro-esquerda internacional.<\/p>\n<p>As cifras impressionam. S\u00e3o mais de 300 mortos.<\/p>\n<p><strong>Romper o cerco do sil\u00eancio!<br \/>\n<\/strong>Diversas vozes se levantam no mundo. Apesar do bloqueio das correntes do Foro de S\u00e3o Paulo, intelectuais e ativistas do mundo questionam a pol\u00edtica e os m\u00e9todos de Ortega e a da atual FSLN. Al\u00e9m do manifesto que circula nas redes sociais com nomes de peso, a escritora colombiana Laura Restrepo tem organizado iniciativas em favor da luta democr\u00e1tica do povo nicaraguense. Boaventura de Souza Santos escreveu um artigo (https:\/\/www.jornada.com.mx\/2018\/07\/07\/mundo\/022a1mun) onde cobra que \u201c boa parte da esquerda internacional e mundial manteve( e segue mantendo) o mesmo sil\u00eancio c\u00famplice? \u201c<\/p>\n<p>O cantor e compositor que fez a can\u00e7\u00e3o que se tornaria o hino da revolu\u00e7\u00e3o, Meijia Godoy, regravou a celebre \u201cAguante Monimb\u00f3\u201d, agora em homenagens aos m\u00e1rtires recentes.<\/p>\n<p>No Brasil, a vers\u00e3o em portugu\u00eas do manifesto come\u00e7a a circular. Diversos grupos de nicaraguenses t\u00eam feito debates e palestras para romper o sil\u00eancio. Estivemos em Porto Alegre, atrav\u00e9s do mandato do vereador Roberto Robaina, num painel com a professora universit\u00e1ria Ana Mercedes Icaza e a soci\u00f3loga Ana Marcela Sarria, numa brilhante exposi\u00e7\u00e3o sobre o contexto atual da Nicar\u00e1gua e o terrorismo de estado.<\/p>\n<p>Numa batalha di\u00e1ria o sil\u00eancio se torna cumplicidade com o governo assassino de Ortega. \u00c9 necess\u00e1rio denunciar e fazer circular a solidariedade, exigindo a ruptura imediata das rela\u00e7\u00f5es diplom\u00e1ticas com o governo da Nicar\u00e1gua, bem como ir \u00e0s ruas, universidades, sindicatos, locais de trabalho e estudo para colocar no centro do debate o processo em curso.<\/p>\n<p>Os setores democr\u00e1ticos e a esquerda como um todo devem se pronunciar imediatamente contra a repress\u00e3o. Os organismos e ativistas de direitos humanos devem fazer o mesmo. A Man\u00e1gua de julho de 2018 n\u00e3o pode ficar sozinha!<\/p>\n","protected":false},"excerpt":{"rendered":"<p>A preciosa revolu\u00e7\u00e3o popular de julho de 1979 comemora seu 39\u00ba anivers\u00e1rio em meio a uma grande trag\u00e9dia. O governo de Daniel Ortega (foto) e Ros\u00e1rio Murillo manobra com a chamada \u201cmesa de di\u00e1logo\u201d para estancar as manifesta\u00e7\u00f5es populares, enquanto utiliza for\u00e7as regulares e for\u00e7as paramilitares para reprimir e matar. Como forma de sufocar os [&hellip;]<\/p>\n","protected":false},"author":2,"featured_media":21107,"comment_status":"open","ping_status":"open","sticky":false,"template":"","format":"standard","meta":{"_acf_changed":false,"footnotes":""},"categories":[707],"tags":[2644,2645,1454,2646,2520,2647,2648],"class_list":{"0":"post-21105","1":"post","2":"type-post","3":"status-publish","4":"format-standard","5":"has-post-thumbnail","7":"category-secr-ri","8":"tag-daniel-ortega","9":"tag-frente-sandinista-de-libertacao-nacional","10":"tag-israel-dutra","11":"tag-managua","12":"tag-nicaragua","13":"tag-revolucao-popular","14":"tag-rosario-murillo"},"acf":[],"yoast_head":"<!-- This site is optimized with the Yoast SEO plugin v26.5 - https:\/\/yoast.com\/wordpress\/plugins\/seo\/ -->\n<title>Israel Dutra | Man\u00e1gua, Julho de 2018 - PSOL 50<\/title>\n<meta name=\"robots\" content=\"index, follow, max-snippet:-1, max-image-preview:large, max-video-preview:-1\" \/>\n<link rel=\"canonical\" href=\"https:\/\/psol50.org.br\/israel-dutra-managua-julho-de-2018\/\" \/>\n<meta property=\"og:locale\" content=\"pt_BR\" \/>\n<meta property=\"og:type\" content=\"article\" \/>\n<meta property=\"og:title\" content=\"Israel Dutra | Man\u00e1gua, Julho de 2018 - PSOL 50\" \/>\n<meta property=\"og:description\" content=\"A preciosa revolu\u00e7\u00e3o popular de julho de 1979 comemora seu 39\u00ba anivers\u00e1rio em meio a uma grande trag\u00e9dia. O governo de Daniel Ortega (foto) e Ros\u00e1rio Murillo manobra com a chamada \u201cmesa de di\u00e1logo\u201d para estancar as manifesta\u00e7\u00f5es populares, enquanto utiliza for\u00e7as regulares e for\u00e7as paramilitares para reprimir e matar. Como forma de sufocar os [&hellip;]\" \/>\n<meta property=\"og:url\" content=\"https:\/\/psol50.org.br\/israel-dutra-managua-julho-de-2018\/\" \/>\n<meta property=\"og:site_name\" content=\"PSOL 50\" \/>\n<meta property=\"article:publisher\" content=\"https:\/\/www.facebook.com\/psol50\" \/>\n<meta property=\"article:published_time\" content=\"2018-07-11T16:04:01+00:00\" \/>\n<meta property=\"og:image\" content=\"https:\/\/psol50.org.br\/inc\/uploads\/2018\/07\/DanielOrtega_ElDiarioDelCibao.jpeg\" \/>\n\t<meta property=\"og:image:width\" content=\"1350\" \/>\n\t<meta property=\"og:image:height\" content=\"1167\" \/>\n\t<meta property=\"og:image:type\" content=\"image\/jpeg\" \/>\n<meta name=\"author\" content=\"Comunica\u00e7\u00e3o PSOL\" \/>\n<meta name=\"twitter:card\" content=\"summary_large_image\" \/>\n<meta name=\"twitter:creator\" content=\"@psol50\" \/>\n<meta name=\"twitter:site\" content=\"@psol50\" \/>\n<meta name=\"twitter:label1\" content=\"Escrito por\" \/>\n\t<meta name=\"twitter:data1\" content=\"Comunica\u00e7\u00e3o PSOL\" \/>\n\t<meta name=\"twitter:label2\" content=\"Est. tempo de leitura\" \/>\n\t<meta name=\"twitter:data2\" content=\"5 minutos\" \/>\n<script type=\"application\/ld+json\" class=\"yoast-schema-graph\">{\"@context\":\"https:\/\/schema.org\",\"@graph\":[{\"@type\":\"Article\",\"@id\":\"https:\/\/psol50.org.br\/israel-dutra-managua-julho-de-2018\/#article\",\"isPartOf\":{\"@id\":\"https:\/\/psol50.org.br\/israel-dutra-managua-julho-de-2018\/\"},\"author\":{\"name\":\"Comunica\u00e7\u00e3o PSOL\",\"@id\":\"https:\/\/psol50.org.br\/#\/schema\/person\/475dfa57d0b815993c714c2e96491fcd\"},\"headline\":\"Israel Dutra | Man\u00e1gua, Julho de 2018\",\"datePublished\":\"2018-07-11T16:04:01+00:00\",\"mainEntityOfPage\":{\"@id\":\"https:\/\/psol50.org.br\/israel-dutra-managua-julho-de-2018\/\"},\"wordCount\":1047,\"commentCount\":0,\"publisher\":{\"@id\":\"https:\/\/psol50.org.br\/#organization\"},\"image\":{\"@id\":\"https:\/\/psol50.org.br\/israel-dutra-managua-julho-de-2018\/#primaryimage\"},\"thumbnailUrl\":\"https:\/\/psol50.org.br\/inc\/uploads\/2018\/07\/DanielOrtega_ElDiarioDelCibao.jpeg\",\"keywords\":[\"Daniel Ortega\",\"Frente Sandinista de Liberta\u00e7\u00e3o Nacional\",\"Israel Dutra\",\"Man\u00e1gua\",\"Nicar\u00e1gua\",\"revolu\u00e7\u00e3o popular\",\"Ros\u00e1rio Murillo\"],\"articleSection\":[\"Secr. de RI\"],\"inLanguage\":\"pt-BR\",\"potentialAction\":[{\"@type\":\"CommentAction\",\"name\":\"Comment\",\"target\":[\"https:\/\/psol50.org.br\/israel-dutra-managua-julho-de-2018\/#respond\"]}]},{\"@type\":\"WebPage\",\"@id\":\"https:\/\/psol50.org.br\/israel-dutra-managua-julho-de-2018\/\",\"url\":\"https:\/\/psol50.org.br\/israel-dutra-managua-julho-de-2018\/\",\"name\":\"Israel Dutra | Man\u00e1gua, Julho de 2018 - PSOL 50\",\"isPartOf\":{\"@id\":\"https:\/\/psol50.org.br\/#website\"},\"primaryImageOfPage\":{\"@id\":\"https:\/\/psol50.org.br\/israel-dutra-managua-julho-de-2018\/#primaryimage\"},\"image\":{\"@id\":\"https:\/\/psol50.org.br\/israel-dutra-managua-julho-de-2018\/#primaryimage\"},\"thumbnailUrl\":\"https:\/\/psol50.org.br\/inc\/uploads\/2018\/07\/DanielOrtega_ElDiarioDelCibao.jpeg\",\"datePublished\":\"2018-07-11T16:04:01+00:00\",\"breadcrumb\":{\"@id\":\"https:\/\/psol50.org.br\/israel-dutra-managua-julho-de-2018\/#breadcrumb\"},\"inLanguage\":\"pt-BR\",\"potentialAction\":[{\"@type\":\"ReadAction\",\"target\":[\"https:\/\/psol50.org.br\/israel-dutra-managua-julho-de-2018\/\"]}]},{\"@type\":\"ImageObject\",\"inLanguage\":\"pt-BR\",\"@id\":\"https:\/\/psol50.org.br\/israel-dutra-managua-julho-de-2018\/#primaryimage\",\"url\":\"https:\/\/psol50.org.br\/inc\/uploads\/2018\/07\/DanielOrtega_ElDiarioDelCibao.jpeg\",\"contentUrl\":\"https:\/\/psol50.org.br\/inc\/uploads\/2018\/07\/DanielOrtega_ElDiarioDelCibao.jpeg\",\"width\":1350,\"height\":1167},{\"@type\":\"BreadcrumbList\",\"@id\":\"https:\/\/psol50.org.br\/israel-dutra-managua-julho-de-2018\/#breadcrumb\",\"itemListElement\":[{\"@type\":\"ListItem\",\"position\":1,\"name\":\"In\u00edcio\",\"item\":\"https:\/\/psol50.org.br\/\"},{\"@type\":\"ListItem\",\"position\":2,\"name\":\"Israel Dutra | Man\u00e1gua, Julho de 2018\"}]},{\"@type\":\"WebSite\",\"@id\":\"https:\/\/psol50.org.br\/#website\",\"url\":\"https:\/\/psol50.org.br\/\",\"name\":\"PSOL 50\",\"description\":\"Site oficial do Partido Socialismo e Liberdade\",\"publisher\":{\"@id\":\"https:\/\/psol50.org.br\/#organization\"},\"alternateName\":\"PSOL50\",\"potentialAction\":[{\"@type\":\"SearchAction\",\"target\":{\"@type\":\"EntryPoint\",\"urlTemplate\":\"https:\/\/psol50.org.br\/?s={search_term_string}\"},\"query-input\":{\"@type\":\"PropertyValueSpecification\",\"valueRequired\":true,\"valueName\":\"search_term_string\"}}],\"inLanguage\":\"pt-BR\"},{\"@type\":\"Organization\",\"@id\":\"https:\/\/psol50.org.br\/#organization\",\"name\":\"PSOL 50\",\"alternateName\":\"PSOL 50\",\"url\":\"https:\/\/psol50.org.br\/\",\"logo\":{\"@type\":\"ImageObject\",\"inLanguage\":\"pt-BR\",\"@id\":\"https:\/\/psol50.org.br\/#\/schema\/logo\/image\/\",\"url\":\"https:\/\/psol50.org.br\/inc\/uploads\/2018\/07\/capa.png\",\"contentUrl\":\"https:\/\/psol50.org.br\/inc\/uploads\/2018\/07\/capa.png\",\"width\":1350,\"height\":900,\"caption\":\"PSOL 50\"},\"image\":{\"@id\":\"https:\/\/psol50.org.br\/#\/schema\/logo\/image\/\"},\"sameAs\":[\"https:\/\/www.facebook.com\/psol50\",\"https:\/\/x.com\/psol50\",\"https:\/\/www.instagram.com\/psol50\/\",\"https:\/\/www.youtube.com\/channel\/UC7SnJS5o1os7a6CaiNabzcg\"]},{\"@type\":\"Person\",\"@id\":\"https:\/\/psol50.org.br\/#\/schema\/person\/475dfa57d0b815993c714c2e96491fcd\",\"name\":\"Comunica\u00e7\u00e3o PSOL\",\"image\":{\"@type\":\"ImageObject\",\"inLanguage\":\"pt-BR\",\"@id\":\"https:\/\/psol50.org.br\/#\/schema\/person\/image\/\",\"url\":\"https:\/\/secure.gravatar.com\/avatar\/b34fc4f4e468a4e51785917065a3db57b841f5c95dba6ad8c73aaf8f66f8f9bf?s=96&d=mm&r=g\",\"contentUrl\":\"https:\/\/secure.gravatar.com\/avatar\/b34fc4f4e468a4e51785917065a3db57b841f5c95dba6ad8c73aaf8f66f8f9bf?s=96&d=mm&r=g\",\"caption\":\"Comunica\u00e7\u00e3o PSOL\"}}]}<\/script>\n<!-- \/ Yoast SEO plugin. -->","yoast_head_json":{"title":"Israel Dutra | Man\u00e1gua, Julho de 2018 - PSOL 50","robots":{"index":"index","follow":"follow","max-snippet":"max-snippet:-1","max-image-preview":"max-image-preview:large","max-video-preview":"max-video-preview:-1"},"canonical":"https:\/\/psol50.org.br\/israel-dutra-managua-julho-de-2018\/","og_locale":"pt_BR","og_type":"article","og_title":"Israel Dutra | Man\u00e1gua, Julho de 2018 - PSOL 50","og_description":"A preciosa revolu\u00e7\u00e3o popular de julho de 1979 comemora seu 39\u00ba anivers\u00e1rio em meio a uma grande trag\u00e9dia. O governo de Daniel Ortega (foto) e Ros\u00e1rio Murillo manobra com a chamada \u201cmesa de di\u00e1logo\u201d para estancar as manifesta\u00e7\u00f5es populares, enquanto utiliza for\u00e7as regulares e for\u00e7as paramilitares para reprimir e matar. Como forma de sufocar os [&hellip;]","og_url":"https:\/\/psol50.org.br\/israel-dutra-managua-julho-de-2018\/","og_site_name":"PSOL 50","article_publisher":"https:\/\/www.facebook.com\/psol50","article_published_time":"2018-07-11T16:04:01+00:00","og_image":[{"width":1350,"height":1167,"url":"https:\/\/psol50.org.br\/inc\/uploads\/2018\/07\/DanielOrtega_ElDiarioDelCibao.jpeg","type":"image\/jpeg"}],"author":"Comunica\u00e7\u00e3o PSOL","twitter_card":"summary_large_image","twitter_creator":"@psol50","twitter_site":"@psol50","twitter_misc":{"Escrito por":"Comunica\u00e7\u00e3o PSOL","Est. tempo de leitura":"5 minutos"},"schema":{"@context":"https:\/\/schema.org","@graph":[{"@type":"Article","@id":"https:\/\/psol50.org.br\/israel-dutra-managua-julho-de-2018\/#article","isPartOf":{"@id":"https:\/\/psol50.org.br\/israel-dutra-managua-julho-de-2018\/"},"author":{"name":"Comunica\u00e7\u00e3o PSOL","@id":"https:\/\/psol50.org.br\/#\/schema\/person\/475dfa57d0b815993c714c2e96491fcd"},"headline":"Israel Dutra | Man\u00e1gua, Julho de 2018","datePublished":"2018-07-11T16:04:01+00:00","mainEntityOfPage":{"@id":"https:\/\/psol50.org.br\/israel-dutra-managua-julho-de-2018\/"},"wordCount":1047,"commentCount":0,"publisher":{"@id":"https:\/\/psol50.org.br\/#organization"},"image":{"@id":"https:\/\/psol50.org.br\/israel-dutra-managua-julho-de-2018\/#primaryimage"},"thumbnailUrl":"https:\/\/psol50.org.br\/inc\/uploads\/2018\/07\/DanielOrtega_ElDiarioDelCibao.jpeg","keywords":["Daniel Ortega","Frente Sandinista de Liberta\u00e7\u00e3o Nacional","Israel Dutra","Man\u00e1gua","Nicar\u00e1gua","revolu\u00e7\u00e3o popular","Ros\u00e1rio Murillo"],"articleSection":["Secr. de RI"],"inLanguage":"pt-BR","potentialAction":[{"@type":"CommentAction","name":"Comment","target":["https:\/\/psol50.org.br\/israel-dutra-managua-julho-de-2018\/#respond"]}]},{"@type":"WebPage","@id":"https:\/\/psol50.org.br\/israel-dutra-managua-julho-de-2018\/","url":"https:\/\/psol50.org.br\/israel-dutra-managua-julho-de-2018\/","name":"Israel Dutra | Man\u00e1gua, Julho de 2018 - PSOL 50","isPartOf":{"@id":"https:\/\/psol50.org.br\/#website"},"primaryImageOfPage":{"@id":"https:\/\/psol50.org.br\/israel-dutra-managua-julho-de-2018\/#primaryimage"},"image":{"@id":"https:\/\/psol50.org.br\/israel-dutra-managua-julho-de-2018\/#primaryimage"},"thumbnailUrl":"https:\/\/psol50.org.br\/inc\/uploads\/2018\/07\/DanielOrtega_ElDiarioDelCibao.jpeg","datePublished":"2018-07-11T16:04:01+00:00","breadcrumb":{"@id":"https:\/\/psol50.org.br\/israel-dutra-managua-julho-de-2018\/#breadcrumb"},"inLanguage":"pt-BR","potentialAction":[{"@type":"ReadAction","target":["https:\/\/psol50.org.br\/israel-dutra-managua-julho-de-2018\/"]}]},{"@type":"ImageObject","inLanguage":"pt-BR","@id":"https:\/\/psol50.org.br\/israel-dutra-managua-julho-de-2018\/#primaryimage","url":"https:\/\/psol50.org.br\/inc\/uploads\/2018\/07\/DanielOrtega_ElDiarioDelCibao.jpeg","contentUrl":"https:\/\/psol50.org.br\/inc\/uploads\/2018\/07\/DanielOrtega_ElDiarioDelCibao.jpeg","width":1350,"height":1167},{"@type":"BreadcrumbList","@id":"https:\/\/psol50.org.br\/israel-dutra-managua-julho-de-2018\/#breadcrumb","itemListElement":[{"@type":"ListItem","position":1,"name":"In\u00edcio","item":"https:\/\/psol50.org.br\/"},{"@type":"ListItem","position":2,"name":"Israel Dutra | Man\u00e1gua, Julho de 2018"}]},{"@type":"WebSite","@id":"https:\/\/psol50.org.br\/#website","url":"https:\/\/psol50.org.br\/","name":"PSOL 50","description":"Site oficial do Partido Socialismo e Liberdade","publisher":{"@id":"https:\/\/psol50.org.br\/#organization"},"alternateName":"PSOL50","potentialAction":[{"@type":"SearchAction","target":{"@type":"EntryPoint","urlTemplate":"https:\/\/psol50.org.br\/?s={search_term_string}"},"query-input":{"@type":"PropertyValueSpecification","valueRequired":true,"valueName":"search_term_string"}}],"inLanguage":"pt-BR"},{"@type":"Organization","@id":"https:\/\/psol50.org.br\/#organization","name":"PSOL 50","alternateName":"PSOL 50","url":"https:\/\/psol50.org.br\/","logo":{"@type":"ImageObject","inLanguage":"pt-BR","@id":"https:\/\/psol50.org.br\/#\/schema\/logo\/image\/","url":"https:\/\/psol50.org.br\/inc\/uploads\/2018\/07\/capa.png","contentUrl":"https:\/\/psol50.org.br\/inc\/uploads\/2018\/07\/capa.png","width":1350,"height":900,"caption":"PSOL 50"},"image":{"@id":"https:\/\/psol50.org.br\/#\/schema\/logo\/image\/"},"sameAs":["https:\/\/www.facebook.com\/psol50","https:\/\/x.com\/psol50","https:\/\/www.instagram.com\/psol50\/","https:\/\/www.youtube.com\/channel\/UC7SnJS5o1os7a6CaiNabzcg"]},{"@type":"Person","@id":"https:\/\/psol50.org.br\/#\/schema\/person\/475dfa57d0b815993c714c2e96491fcd","name":"Comunica\u00e7\u00e3o PSOL","image":{"@type":"ImageObject","inLanguage":"pt-BR","@id":"https:\/\/psol50.org.br\/#\/schema\/person\/image\/","url":"https:\/\/secure.gravatar.com\/avatar\/b34fc4f4e468a4e51785917065a3db57b841f5c95dba6ad8c73aaf8f66f8f9bf?s=96&d=mm&r=g","contentUrl":"https:\/\/secure.gravatar.com\/avatar\/b34fc4f4e468a4e51785917065a3db57b841f5c95dba6ad8c73aaf8f66f8f9bf?s=96&d=mm&r=g","caption":"Comunica\u00e7\u00e3o PSOL"}}]}},"_links":{"self":[{"href":"https:\/\/psol50.org.br\/rest\/wp\/v2\/posts\/21105","targetHints":{"allow":["GET"]}}],"collection":[{"href":"https:\/\/psol50.org.br\/rest\/wp\/v2\/posts"}],"about":[{"href":"https:\/\/psol50.org.br\/rest\/wp\/v2\/types\/post"}],"author":[{"embeddable":true,"href":"https:\/\/psol50.org.br\/rest\/wp\/v2\/users\/2"}],"replies":[{"embeddable":true,"href":"https:\/\/psol50.org.br\/rest\/wp\/v2\/comments?post=21105"}],"version-history":[{"count":0,"href":"https:\/\/psol50.org.br\/rest\/wp\/v2\/posts\/21105\/revisions"}],"wp:featuredmedia":[{"embeddable":true,"href":"https:\/\/psol50.org.br\/rest\/wp\/v2\/media\/21107"}],"wp:attachment":[{"href":"https:\/\/psol50.org.br\/rest\/wp\/v2\/media?parent=21105"}],"wp:term":[{"taxonomy":"category","embeddable":true,"href":"https:\/\/psol50.org.br\/rest\/wp\/v2\/categories?post=21105"},{"taxonomy":"post_tag","embeddable":true,"href":"https:\/\/psol50.org.br\/rest\/wp\/v2\/tags?post=21105"}],"curies":[{"name":"wp","href":"https:\/\/api.w.org\/{rel}","templated":true}]}}