{"id":2111,"date":"2013-07-08T00:00:00","date_gmt":"2013-07-08T00:00:00","guid":{"rendered":"http:\/\/psol50.org.br\/arquivo\/2013\/07\/08\/no-dia-11-de-julho-dia-nacional-de-luta-o-brasil-vai-parar\/"},"modified":"2013-07-08T00:00:00","modified_gmt":"2013-07-08T00:00:00","slug":"no-dia-11-de-julho-dia-nacional-de-luta-o-brasil-vai-parar","status":"publish","type":"post","link":"https:\/\/psol50.org.br\/no-dia-11-de-julho-dia-nacional-de-luta-o-brasil-vai-parar\/","title":{"rendered":"No dia 11 de julho, Dia Nacional de Luta, o Brasil vai parar"},"content":{"rendered":"<div style=\"text-align: justify;\">\n\t<em>Do site do PSOL Nacional, Leonor Costa<\/p>\n<p>\tCentrais sindicais convocam manifesta\u00e7\u00f5es e paralisa\u00e7\u00f5es em todo o pa\u00eds e refor\u00e7am pauta de reivindica\u00e7\u00f5es dos trabalhadores. PSOL orienta milit\u00e2ncia a participar das mobiliza\u00e7\u00f5es<\/em><br \/>\n\t&nbsp;<br \/>\n\tDando sequ\u00eancia \u00e0 jornada de manifesta\u00e7\u00f5es que tomou conta do pa\u00eds nas \u00faltimas semanas, a classe trabalhadora ir\u00e1 novamente \u00e0s ruas para pautar suas reivindica\u00e7\u00f5es hist\u00f3ricas e dizer aos governos e patr\u00f5es que os trabalhadores n\u00e3o aceitar\u00e3o as medidas de retirada de direitos. No dia 11 de julho, pr\u00f3xima quinta-feira, ser\u00e1 promovido o Dia Nacional de Luta, convocada pelas centrais sindicais, com o apoio de v\u00e1rias organiza\u00e7\u00f5es sociais e partidos de esquerda, entre os quais o PSOL, que convoca a sua milit\u00e2ncia a participar das diversas atividades de luta em seus estados. A orienta\u00e7\u00e3o \u00e9 que seja promovido todo o tipo de mobiliza\u00e7\u00e3o, nos locais de trabalho e nas ruas, e que as categorias que tiverem condi\u00e7\u00f5es de parar os trabalhos devem promover greves de 24 horas ou paralisa\u00e7\u00f5es.<br \/>\n\t&nbsp;<br \/>\n\tAs v\u00e1rias entidades sindicais de \u00e2mbito nacional est\u00e3o jogando peso no dia 11 de julho e convocando suas bases para participar das mobiliza\u00e7\u00f5es unificadas. Em documento enviado \u00e0 categoria, o Andes-SN (Sindicato Nacional dos Docentes do Ensino Superior), afirma que &#8220;nesse momento em que a manifesta\u00e7\u00e3o contundente da popula\u00e7\u00e3o ganha uma inflex\u00e3o marcante para toda a sociedade, \u00e9 necess\u00e1rio que os setores organizados na luta cotidiana e cont\u00ednua dos trabalhadores reforcem sua atua\u00e7\u00e3o, chamem a aten\u00e7\u00e3o para as nossas pautas, pelas quais temos lutado h\u00e1 anos, e demonstrem que a luta de nossos sindicatos \u00e9 tamb\u00e9m do povo brasileiro&#8221;.<br \/>\n\t&nbsp;<br \/>\n\tTamb\u00e9m em documento, a Intersindical avalia que desde que as mobiliza\u00e7\u00f5es alavancadas pela juventude ganharam as ruas ficou patente a necessidade de os trabalhadores e trabalhadoras se somarem \u00e0 luta. &#8220;Para fortalecer as reivindica\u00e7\u00f5es da juventude e dos que vivem do trabalho, e impedir o sequestro da pauta pela direita, \u00e9 necess\u00e1rio que os trabalhadores e a juventude entrem em cena de forma unit\u00e1ria&#8221;, ressalta a Intersindical, convocando os seus sindicatos de base a participar do dia 11 de julho.<br \/>\n\t&nbsp;<br \/>\n\tA Intersindical lembra, ainda, que a luta em defesa do passe livre e o amplo apoio de massas pela redu\u00e7\u00e3o das tarifas e melhoria no transporte coletivo foi o primeiro grande passo para que a maioria do povo brasileiro seja ouvida e respeitada em seus direitos. &#8220;E o dia 11 de julho deve se configurar em outro grande momento para colocar no centro do debate as bandeiras que expressam as reais necessidades da juventude e da classe trabalhadora. A luta por investimentos massivos na sa\u00fade, educa\u00e7\u00e3o e transporte p\u00fablicos, o rep\u00fadio \u00e0 precariza\u00e7\u00e3o do trabalho expressa no PL 4330 da terceiriza\u00e7\u00e3o, o fim do fator previdenci\u00e1rio, o fim das privatiza\u00e7\u00f5es, particularmente dos leil\u00f5es do petr\u00f3leo, as Reformas Agr\u00e1ria e Urbana e a redu\u00e7\u00e3o da jornada de trabalho expressam, em linhas gerais, essas necessidades&#8221;, enfatiza a entidade.<br \/>\n\t&nbsp;<br \/>\n\tPara a CSP-Conlutas, a classe trabalhadora brasileira precisa ocupar o seu lugar nesta luta, entrar nela com todas as suas for\u00e7as, de forma organizada, e em defesa de suas reivindica\u00e7\u00f5es. &#8220;Somos parte e apoiamos as manifesta\u00e7\u00f5es que est\u00e3o nas ruas, apoiamos suas bandeiras. Precisamos com nossa a\u00e7\u00e3o, fortalecer esse processo de lutas e agregar \u00e0s bandeiras das ruas, as reivindica\u00e7\u00f5es da nossa classe&#8221;, ressalta.&nbsp;<br \/>\n\t&nbsp;<br \/>\n\tAl\u00e9m da agenda das centrais sindicais e movimentos sociais, o PSOL tamb\u00e9m divulga sua plataforma para a Reforma Pol\u00edtica. Veja <a href=\"http:\/\/www.psol50.org.br\/site\/paginas\/44\/reforma-politica-do-psol\">aqui<\/a> as propostas do partido.&nbsp;<\/div>\n<p>&nbsp;<\/p>\n","protected":false},"excerpt":{"rendered":"<p>Do site do PSOL Nacional, Leonor Costa Centrais sindicais convocam manifesta\u00e7\u00f5es e paralisa\u00e7\u00f5es em todo o pa\u00eds e refor\u00e7am pauta de reivindica\u00e7\u00f5es dos trabalhadores. PSOL orienta milit\u00e2ncia a participar das mobiliza\u00e7\u00f5es &nbsp; Dando sequ\u00eancia \u00e0 jornada de manifesta\u00e7\u00f5es que tomou conta do pa\u00eds nas \u00faltimas semanas, a classe trabalhadora ir\u00e1 novamente \u00e0s ruas para pautar [&hellip;]<\/p>\n","protected":false},"author":2,"featured_media":0,"comment_status":"open","ping_status":"open","sticky":false,"template":"","format":"standard","meta":{"_acf_changed":false,"footnotes":""},"categories":[4766,1104],"tags":[],"class_list":{"0":"post-2111","1":"post","2":"type-post","3":"status-publish","4":"format-standard","6":"category-arquivo","7":"category-movimento"},"acf":[],"yoast_head":"<!-- This site is optimized with the Yoast SEO plugin v26.5 - https:\/\/yoast.com\/wordpress\/plugins\/seo\/ -->\n<title>No dia 11 de julho, Dia Nacional de Luta, o Brasil vai parar - PSOL 50<\/title>\n<meta name=\"robots\" content=\"index, follow, max-snippet:-1, max-image-preview:large, max-video-preview:-1\" \/>\n<link rel=\"canonical\" href=\"https:\/\/psol50.org.br\/no-dia-11-de-julho-dia-nacional-de-luta-o-brasil-vai-parar\/\" \/>\n<meta property=\"og:locale\" content=\"pt_BR\" \/>\n<meta property=\"og:type\" content=\"article\" \/>\n<meta property=\"og:title\" content=\"No dia 11 de julho, Dia Nacional de Luta, o Brasil vai parar - PSOL 50\" \/>\n<meta property=\"og:description\" content=\"Do site do PSOL Nacional, Leonor Costa Centrais sindicais convocam manifesta\u00e7\u00f5es e paralisa\u00e7\u00f5es em todo o pa\u00eds e refor\u00e7am pauta de reivindica\u00e7\u00f5es dos trabalhadores. PSOL orienta milit\u00e2ncia a participar das mobiliza\u00e7\u00f5es &nbsp; Dando sequ\u00eancia \u00e0 jornada de manifesta\u00e7\u00f5es que tomou conta do pa\u00eds nas \u00faltimas semanas, a classe trabalhadora ir\u00e1 novamente \u00e0s ruas para pautar [&hellip;]\" \/>\n<meta property=\"og:url\" content=\"https:\/\/psol50.org.br\/no-dia-11-de-julho-dia-nacional-de-luta-o-brasil-vai-parar\/\" \/>\n<meta property=\"og:site_name\" content=\"PSOL 50\" \/>\n<meta property=\"article:publisher\" content=\"https:\/\/www.facebook.com\/psol50\" \/>\n<meta property=\"article:published_time\" content=\"2013-07-08T00:00:00+00:00\" \/>\n<meta property=\"og:image\" content=\"https:\/\/psol50.org.br\/inc\/uploads\/2018\/07\/capa.png\" \/>\n\t<meta property=\"og:image:width\" content=\"1350\" \/>\n\t<meta property=\"og:image:height\" content=\"900\" \/>\n\t<meta property=\"og:image:type\" content=\"image\/png\" \/>\n<meta name=\"author\" content=\"Comunica\u00e7\u00e3o PSOL\" \/>\n<meta name=\"twitter:card\" content=\"summary_large_image\" \/>\n<meta name=\"twitter:creator\" content=\"@psol50\" \/>\n<meta name=\"twitter:site\" content=\"@psol50\" \/>\n<meta name=\"twitter:label1\" content=\"Escrito por\" \/>\n\t<meta name=\"twitter:data1\" content=\"Comunica\u00e7\u00e3o PSOL\" \/>\n\t<meta name=\"twitter:label2\" content=\"Est. tempo de leitura\" \/>\n\t<meta name=\"twitter:data2\" content=\"3 minutos\" \/>\n<script type=\"application\/ld+json\" class=\"yoast-schema-graph\">{\"@context\":\"https:\/\/schema.org\",\"@graph\":[{\"@type\":\"Article\",\"@id\":\"https:\/\/psol50.org.br\/no-dia-11-de-julho-dia-nacional-de-luta-o-brasil-vai-parar\/#article\",\"isPartOf\":{\"@id\":\"https:\/\/psol50.org.br\/no-dia-11-de-julho-dia-nacional-de-luta-o-brasil-vai-parar\/\"},\"author\":{\"name\":\"Comunica\u00e7\u00e3o PSOL\",\"@id\":\"https:\/\/psol50.org.br\/#\/schema\/person\/475dfa57d0b815993c714c2e96491fcd\"},\"headline\":\"No dia 11 de julho, Dia Nacional de Luta, o Brasil vai parar\",\"datePublished\":\"2013-07-08T00:00:00+00:00\",\"mainEntityOfPage\":{\"@id\":\"https:\/\/psol50.org.br\/no-dia-11-de-julho-dia-nacional-de-luta-o-brasil-vai-parar\/\"},\"wordCount\":632,\"commentCount\":0,\"publisher\":{\"@id\":\"https:\/\/psol50.org.br\/#organization\"},\"articleSection\":[\"Arquivo\",\"Movimento\"],\"inLanguage\":\"pt-BR\",\"potentialAction\":[{\"@type\":\"CommentAction\",\"name\":\"Comment\",\"target\":[\"https:\/\/psol50.org.br\/no-dia-11-de-julho-dia-nacional-de-luta-o-brasil-vai-parar\/#respond\"]}]},{\"@type\":\"WebPage\",\"@id\":\"https:\/\/psol50.org.br\/no-dia-11-de-julho-dia-nacional-de-luta-o-brasil-vai-parar\/\",\"url\":\"https:\/\/psol50.org.br\/no-dia-11-de-julho-dia-nacional-de-luta-o-brasil-vai-parar\/\",\"name\":\"No dia 11 de julho, Dia Nacional de Luta, o Brasil vai parar - PSOL 50\",\"isPartOf\":{\"@id\":\"https:\/\/psol50.org.br\/#website\"},\"datePublished\":\"2013-07-08T00:00:00+00:00\",\"breadcrumb\":{\"@id\":\"https:\/\/psol50.org.br\/no-dia-11-de-julho-dia-nacional-de-luta-o-brasil-vai-parar\/#breadcrumb\"},\"inLanguage\":\"pt-BR\",\"potentialAction\":[{\"@type\":\"ReadAction\",\"target\":[\"https:\/\/psol50.org.br\/no-dia-11-de-julho-dia-nacional-de-luta-o-brasil-vai-parar\/\"]}]},{\"@type\":\"BreadcrumbList\",\"@id\":\"https:\/\/psol50.org.br\/no-dia-11-de-julho-dia-nacional-de-luta-o-brasil-vai-parar\/#breadcrumb\",\"itemListElement\":[{\"@type\":\"ListItem\",\"position\":1,\"name\":\"In\u00edcio\",\"item\":\"https:\/\/psol50.org.br\/\"},{\"@type\":\"ListItem\",\"position\":2,\"name\":\"No dia 11 de julho, Dia Nacional de Luta, o Brasil vai parar\"}]},{\"@type\":\"WebSite\",\"@id\":\"https:\/\/psol50.org.br\/#website\",\"url\":\"https:\/\/psol50.org.br\/\",\"name\":\"PSOL 50\",\"description\":\"Site oficial do Partido Socialismo e Liberdade\",\"publisher\":{\"@id\":\"https:\/\/psol50.org.br\/#organization\"},\"alternateName\":\"PSOL50\",\"potentialAction\":[{\"@type\":\"SearchAction\",\"target\":{\"@type\":\"EntryPoint\",\"urlTemplate\":\"https:\/\/psol50.org.br\/?s={search_term_string}\"},\"query-input\":{\"@type\":\"PropertyValueSpecification\",\"valueRequired\":true,\"valueName\":\"search_term_string\"}}],\"inLanguage\":\"pt-BR\"},{\"@type\":\"Organization\",\"@id\":\"https:\/\/psol50.org.br\/#organization\",\"name\":\"PSOL 50\",\"alternateName\":\"PSOL 50\",\"url\":\"https:\/\/psol50.org.br\/\",\"logo\":{\"@type\":\"ImageObject\",\"inLanguage\":\"pt-BR\",\"@id\":\"https:\/\/psol50.org.br\/#\/schema\/logo\/image\/\",\"url\":\"https:\/\/psol50.org.br\/inc\/uploads\/2018\/07\/capa.png\",\"contentUrl\":\"https:\/\/psol50.org.br\/inc\/uploads\/2018\/07\/capa.png\",\"width\":1350,\"height\":900,\"caption\":\"PSOL 50\"},\"image\":{\"@id\":\"https:\/\/psol50.org.br\/#\/schema\/logo\/image\/\"},\"sameAs\":[\"https:\/\/www.facebook.com\/psol50\",\"https:\/\/x.com\/psol50\",\"https:\/\/www.instagram.com\/psol50\/\",\"https:\/\/www.youtube.com\/channel\/UC7SnJS5o1os7a6CaiNabzcg\"]},{\"@type\":\"Person\",\"@id\":\"https:\/\/psol50.org.br\/#\/schema\/person\/475dfa57d0b815993c714c2e96491fcd\",\"name\":\"Comunica\u00e7\u00e3o PSOL\",\"image\":{\"@type\":\"ImageObject\",\"inLanguage\":\"pt-BR\",\"@id\":\"https:\/\/psol50.org.br\/#\/schema\/person\/image\/\",\"url\":\"https:\/\/secure.gravatar.com\/avatar\/b34fc4f4e468a4e51785917065a3db57b841f5c95dba6ad8c73aaf8f66f8f9bf?s=96&d=mm&r=g\",\"contentUrl\":\"https:\/\/secure.gravatar.com\/avatar\/b34fc4f4e468a4e51785917065a3db57b841f5c95dba6ad8c73aaf8f66f8f9bf?s=96&d=mm&r=g\",\"caption\":\"Comunica\u00e7\u00e3o PSOL\"}}]}<\/script>\n<!-- \/ Yoast SEO plugin. -->","yoast_head_json":{"title":"No dia 11 de julho, Dia Nacional de Luta, o Brasil vai parar - PSOL 50","robots":{"index":"index","follow":"follow","max-snippet":"max-snippet:-1","max-image-preview":"max-image-preview:large","max-video-preview":"max-video-preview:-1"},"canonical":"https:\/\/psol50.org.br\/no-dia-11-de-julho-dia-nacional-de-luta-o-brasil-vai-parar\/","og_locale":"pt_BR","og_type":"article","og_title":"No dia 11 de julho, Dia Nacional de Luta, o Brasil vai parar - PSOL 50","og_description":"Do site do PSOL Nacional, Leonor Costa Centrais sindicais convocam manifesta\u00e7\u00f5es e paralisa\u00e7\u00f5es em todo o pa\u00eds e refor\u00e7am pauta de reivindica\u00e7\u00f5es dos trabalhadores. PSOL orienta milit\u00e2ncia a participar das mobiliza\u00e7\u00f5es &nbsp; Dando sequ\u00eancia \u00e0 jornada de manifesta\u00e7\u00f5es que tomou conta do pa\u00eds nas \u00faltimas semanas, a classe trabalhadora ir\u00e1 novamente \u00e0s ruas para pautar [&hellip;]","og_url":"https:\/\/psol50.org.br\/no-dia-11-de-julho-dia-nacional-de-luta-o-brasil-vai-parar\/","og_site_name":"PSOL 50","article_publisher":"https:\/\/www.facebook.com\/psol50","article_published_time":"2013-07-08T00:00:00+00:00","og_image":[{"width":1350,"height":900,"url":"https:\/\/psol50.org.br\/inc\/uploads\/2018\/07\/capa.png","type":"image\/png"}],"author":"Comunica\u00e7\u00e3o PSOL","twitter_card":"summary_large_image","twitter_creator":"@psol50","twitter_site":"@psol50","twitter_misc":{"Escrito por":"Comunica\u00e7\u00e3o PSOL","Est. tempo de leitura":"3 minutos"},"schema":{"@context":"https:\/\/schema.org","@graph":[{"@type":"Article","@id":"https:\/\/psol50.org.br\/no-dia-11-de-julho-dia-nacional-de-luta-o-brasil-vai-parar\/#article","isPartOf":{"@id":"https:\/\/psol50.org.br\/no-dia-11-de-julho-dia-nacional-de-luta-o-brasil-vai-parar\/"},"author":{"name":"Comunica\u00e7\u00e3o PSOL","@id":"https:\/\/psol50.org.br\/#\/schema\/person\/475dfa57d0b815993c714c2e96491fcd"},"headline":"No dia 11 de julho, Dia Nacional de Luta, o Brasil vai parar","datePublished":"2013-07-08T00:00:00+00:00","mainEntityOfPage":{"@id":"https:\/\/psol50.org.br\/no-dia-11-de-julho-dia-nacional-de-luta-o-brasil-vai-parar\/"},"wordCount":632,"commentCount":0,"publisher":{"@id":"https:\/\/psol50.org.br\/#organization"},"articleSection":["Arquivo","Movimento"],"inLanguage":"pt-BR","potentialAction":[{"@type":"CommentAction","name":"Comment","target":["https:\/\/psol50.org.br\/no-dia-11-de-julho-dia-nacional-de-luta-o-brasil-vai-parar\/#respond"]}]},{"@type":"WebPage","@id":"https:\/\/psol50.org.br\/no-dia-11-de-julho-dia-nacional-de-luta-o-brasil-vai-parar\/","url":"https:\/\/psol50.org.br\/no-dia-11-de-julho-dia-nacional-de-luta-o-brasil-vai-parar\/","name":"No dia 11 de julho, Dia Nacional de Luta, o Brasil vai parar - PSOL 50","isPartOf":{"@id":"https:\/\/psol50.org.br\/#website"},"datePublished":"2013-07-08T00:00:00+00:00","breadcrumb":{"@id":"https:\/\/psol50.org.br\/no-dia-11-de-julho-dia-nacional-de-luta-o-brasil-vai-parar\/#breadcrumb"},"inLanguage":"pt-BR","potentialAction":[{"@type":"ReadAction","target":["https:\/\/psol50.org.br\/no-dia-11-de-julho-dia-nacional-de-luta-o-brasil-vai-parar\/"]}]},{"@type":"BreadcrumbList","@id":"https:\/\/psol50.org.br\/no-dia-11-de-julho-dia-nacional-de-luta-o-brasil-vai-parar\/#breadcrumb","itemListElement":[{"@type":"ListItem","position":1,"name":"In\u00edcio","item":"https:\/\/psol50.org.br\/"},{"@type":"ListItem","position":2,"name":"No dia 11 de julho, Dia Nacional de Luta, o Brasil vai parar"}]},{"@type":"WebSite","@id":"https:\/\/psol50.org.br\/#website","url":"https:\/\/psol50.org.br\/","name":"PSOL 50","description":"Site oficial do Partido Socialismo e Liberdade","publisher":{"@id":"https:\/\/psol50.org.br\/#organization"},"alternateName":"PSOL50","potentialAction":[{"@type":"SearchAction","target":{"@type":"EntryPoint","urlTemplate":"https:\/\/psol50.org.br\/?s={search_term_string}"},"query-input":{"@type":"PropertyValueSpecification","valueRequired":true,"valueName":"search_term_string"}}],"inLanguage":"pt-BR"},{"@type":"Organization","@id":"https:\/\/psol50.org.br\/#organization","name":"PSOL 50","alternateName":"PSOL 50","url":"https:\/\/psol50.org.br\/","logo":{"@type":"ImageObject","inLanguage":"pt-BR","@id":"https:\/\/psol50.org.br\/#\/schema\/logo\/image\/","url":"https:\/\/psol50.org.br\/inc\/uploads\/2018\/07\/capa.png","contentUrl":"https:\/\/psol50.org.br\/inc\/uploads\/2018\/07\/capa.png","width":1350,"height":900,"caption":"PSOL 50"},"image":{"@id":"https:\/\/psol50.org.br\/#\/schema\/logo\/image\/"},"sameAs":["https:\/\/www.facebook.com\/psol50","https:\/\/x.com\/psol50","https:\/\/www.instagram.com\/psol50\/","https:\/\/www.youtube.com\/channel\/UC7SnJS5o1os7a6CaiNabzcg"]},{"@type":"Person","@id":"https:\/\/psol50.org.br\/#\/schema\/person\/475dfa57d0b815993c714c2e96491fcd","name":"Comunica\u00e7\u00e3o PSOL","image":{"@type":"ImageObject","inLanguage":"pt-BR","@id":"https:\/\/psol50.org.br\/#\/schema\/person\/image\/","url":"https:\/\/secure.gravatar.com\/avatar\/b34fc4f4e468a4e51785917065a3db57b841f5c95dba6ad8c73aaf8f66f8f9bf?s=96&d=mm&r=g","contentUrl":"https:\/\/secure.gravatar.com\/avatar\/b34fc4f4e468a4e51785917065a3db57b841f5c95dba6ad8c73aaf8f66f8f9bf?s=96&d=mm&r=g","caption":"Comunica\u00e7\u00e3o PSOL"}}]}},"_links":{"self":[{"href":"https:\/\/psol50.org.br\/rest\/wp\/v2\/posts\/2111","targetHints":{"allow":["GET"]}}],"collection":[{"href":"https:\/\/psol50.org.br\/rest\/wp\/v2\/posts"}],"about":[{"href":"https:\/\/psol50.org.br\/rest\/wp\/v2\/types\/post"}],"author":[{"embeddable":true,"href":"https:\/\/psol50.org.br\/rest\/wp\/v2\/users\/2"}],"replies":[{"embeddable":true,"href":"https:\/\/psol50.org.br\/rest\/wp\/v2\/comments?post=2111"}],"version-history":[{"count":0,"href":"https:\/\/psol50.org.br\/rest\/wp\/v2\/posts\/2111\/revisions"}],"wp:attachment":[{"href":"https:\/\/psol50.org.br\/rest\/wp\/v2\/media?parent=2111"}],"wp:term":[{"taxonomy":"category","embeddable":true,"href":"https:\/\/psol50.org.br\/rest\/wp\/v2\/categories?post=2111"},{"taxonomy":"post_tag","embeddable":true,"href":"https:\/\/psol50.org.br\/rest\/wp\/v2\/tags?post=2111"}],"curies":[{"name":"wp","href":"https:\/\/api.w.org\/{rel}","templated":true}]}}