{"id":21118,"date":"2018-07-13T16:45:05","date_gmt":"2018-07-13T19:45:05","guid":{"rendered":"https:\/\/www.psol50.org.br\/?p=21118"},"modified":"2018-07-13T16:45:05","modified_gmt":"2018-07-13T19:45:05","slug":"psol-do-espirito-santo-indica-andre-moreira-para-disputar-governo-estadual","status":"publish","type":"post","link":"https:\/\/psol50.org.br\/psol-do-espirito-santo-indica-andre-moreira-para-disputar-governo-estadual\/","title":{"rendered":"PSOL do Esp\u00edrito Santo indica Andr\u00e9 Moreira para disputar governo estadual"},"content":{"rendered":"<p>O advogado <a href=\"https:\/\/www.facebook.com\/andreluiz.moreira.9404\" target=\"_blank\" rel=\"noopener\"><strong><span style=\"color: #0000ff;\">Andr\u00e9 Moreira<\/span><\/strong><\/a> ser\u00e1 o candidato do PSOL ao governo do Esp\u00edrito Santo. A indica\u00e7\u00e3o foi confirmada durante o lan\u00e7amento da pr\u00e9-candidatura no dia 29 de junho, que tamb\u00e9m confirmou a alian\u00e7a do PSOL com o PCB nas elei\u00e7\u00e3o de outubro.<\/p>\n<p>O partido tamb\u00e9m definiu os nomes que disputar\u00e3o as duas vagas ao Senado: a professora da rede p\u00fablica estadual Liu Katrini (PSOL) e o servidor da empresa de transporte p\u00fablico do estado Mauro Ribeiro (PCB). A conven\u00e7\u00e3o eleitoral que confirmar\u00e1 as duas chapas majorit\u00e1rias ser\u00e1 no dia 4 de agosto. At\u00e9 l\u00e1, o partido indicar\u00e1 o nome do candidato a vice governador.<\/p>\n<p>Advogado e militante das pautas de direitos humanos, Andr\u00e9 Moreira foi membro do Conselho de Direitos Humanos do Esp\u00edrito Santo, como representante da OAB-ES. Tamb\u00e9m foi presidente do Conselho da Crian\u00e7a e do Adolescente do estado. Em 2016, representou o PSOL na disputa \u00e0 Prefeitura de Vit\u00f3ria.<\/p>\n<p>Com a desist\u00eancia do atual governador Paulo Hartung, do MDB, em se candidatar \u00e0 reelei\u00e7\u00e3o , Moreira avalia que o cen\u00e1rio eleitoral do Esp\u00edrito Santo torna-se totalmente incerto. A expectativa \u00e9 que o PSOL aproveite as contradi\u00e7\u00f5es e diverg\u00eancias entre os candidatos da direita para conseguir o apoio dos capixabas que querem melhores condi\u00e7\u00f5es de vida e de trabalho para o Estado.<\/p>\n","protected":false},"excerpt":{"rendered":"<p>O advogado Andr\u00e9 Moreira ser\u00e1 o candidato do PSOL ao governo do Esp\u00edrito Santo. A indica\u00e7\u00e3o foi confirmada durante o lan\u00e7amento da pr\u00e9-candidatura no dia 29 de junho, que tamb\u00e9m confirmou a alian\u00e7a do PSOL com o PCB nas elei\u00e7\u00e3o de outubro. O partido tamb\u00e9m definiu os nomes que disputar\u00e3o as duas vagas ao Senado: [&hellip;]<\/p>\n","protected":false},"author":2,"featured_media":21122,"comment_status":"open","ping_status":"open","sticky":false,"template":"","format":"standard","meta":{"_acf_changed":false,"footnotes":""},"categories":[2165,654,6],"tags":[2651,1100,2447,2313,22],"class_list":{"0":"post-21118","1":"post","2":"type-post","3":"status-publish","4":"format-standard","5":"has-post-thumbnail","7":"category-eleicoes-2018","8":"category-estados","9":"category-noticias","10":"tag-andre-moreira","11":"tag-espirito-santo","12":"tag-governo-estadual","13":"tag-pre-candidato","14":"tag-psol"},"acf":[],"yoast_head":"<!-- This site is optimized with the Yoast SEO plugin v26.5 - https:\/\/yoast.com\/wordpress\/plugins\/seo\/ -->\n<title>PSOL do Esp\u00edrito Santo indica Andr\u00e9 Moreira para disputar governo estadual - PSOL 50<\/title>\n<meta name=\"robots\" content=\"index, follow, max-snippet:-1, max-image-preview:large, max-video-preview:-1\" \/>\n<link rel=\"canonical\" href=\"https:\/\/psol50.org.br\/psol-do-espirito-santo-indica-andre-moreira-para-disputar-governo-estadual\/\" \/>\n<meta property=\"og:locale\" content=\"pt_BR\" \/>\n<meta property=\"og:type\" content=\"article\" \/>\n<meta property=\"og:title\" content=\"PSOL do Esp\u00edrito Santo indica Andr\u00e9 Moreira para disputar governo estadual - PSOL 50\" \/>\n<meta property=\"og:description\" content=\"O advogado Andr\u00e9 Moreira ser\u00e1 o candidato do PSOL ao governo do Esp\u00edrito Santo. A indica\u00e7\u00e3o foi confirmada durante o lan\u00e7amento da pr\u00e9-candidatura no dia 29 de junho, que tamb\u00e9m confirmou a alian\u00e7a do PSOL com o PCB nas elei\u00e7\u00e3o de outubro. O partido tamb\u00e9m definiu os nomes que disputar\u00e3o as duas vagas ao Senado: [&hellip;]\" \/>\n<meta property=\"og:url\" content=\"https:\/\/psol50.org.br\/psol-do-espirito-santo-indica-andre-moreira-para-disputar-governo-estadual\/\" \/>\n<meta property=\"og:site_name\" content=\"PSOL 50\" \/>\n<meta property=\"article:publisher\" content=\"https:\/\/www.facebook.com\/psol50\" \/>\n<meta property=\"article:published_time\" content=\"2018-07-13T19:45:05+00:00\" \/>\n<meta property=\"og:image\" content=\"https:\/\/psol50.org.br\/inc\/uploads\/2018\/07\/AndreMoreira_ES-1.jpg\" \/>\n\t<meta property=\"og:image:width\" content=\"1350\" \/>\n\t<meta property=\"og:image:height\" content=\"900\" \/>\n\t<meta property=\"og:image:type\" content=\"image\/jpeg\" \/>\n<meta name=\"author\" content=\"Comunica\u00e7\u00e3o PSOL\" \/>\n<meta name=\"twitter:card\" content=\"summary_large_image\" \/>\n<meta name=\"twitter:creator\" content=\"@psol50\" \/>\n<meta name=\"twitter:site\" content=\"@psol50\" \/>\n<meta name=\"twitter:label1\" content=\"Escrito por\" \/>\n\t<meta name=\"twitter:data1\" content=\"Comunica\u00e7\u00e3o PSOL\" \/>\n\t<meta name=\"twitter:label2\" content=\"Est. tempo de leitura\" \/>\n\t<meta name=\"twitter:data2\" content=\"1 minuto\" \/>\n<script type=\"application\/ld+json\" class=\"yoast-schema-graph\">{\"@context\":\"https:\/\/schema.org\",\"@graph\":[{\"@type\":\"Article\",\"@id\":\"https:\/\/psol50.org.br\/psol-do-espirito-santo-indica-andre-moreira-para-disputar-governo-estadual\/#article\",\"isPartOf\":{\"@id\":\"https:\/\/psol50.org.br\/psol-do-espirito-santo-indica-andre-moreira-para-disputar-governo-estadual\/\"},\"author\":{\"name\":\"Comunica\u00e7\u00e3o PSOL\",\"@id\":\"https:\/\/psol50.org.br\/#\/schema\/person\/475dfa57d0b815993c714c2e96491fcd\"},\"headline\":\"PSOL do Esp\u00edrito Santo indica Andr\u00e9 Moreira para disputar governo estadual\",\"datePublished\":\"2018-07-13T19:45:05+00:00\",\"mainEntityOfPage\":{\"@id\":\"https:\/\/psol50.org.br\/psol-do-espirito-santo-indica-andre-moreira-para-disputar-governo-estadual\/\"},\"wordCount\":242,\"commentCount\":0,\"publisher\":{\"@id\":\"https:\/\/psol50.org.br\/#organization\"},\"image\":{\"@id\":\"https:\/\/psol50.org.br\/psol-do-espirito-santo-indica-andre-moreira-para-disputar-governo-estadual\/#primaryimage\"},\"thumbnailUrl\":\"https:\/\/psol50.org.br\/inc\/uploads\/2018\/07\/AndreMoreira_ES-1.jpg\",\"keywords\":[\"Andr\u00e9 Moreira\",\"Esp\u00edrito Santo\",\"governo estadual\",\"pr\u00e9-candidato\",\"PSOL\"],\"articleSection\":[\"Elei\u00e7\u00f5es 2018\",\"Estados\",\"Not\u00edcias\"],\"inLanguage\":\"pt-BR\",\"potentialAction\":[{\"@type\":\"CommentAction\",\"name\":\"Comment\",\"target\":[\"https:\/\/psol50.org.br\/psol-do-espirito-santo-indica-andre-moreira-para-disputar-governo-estadual\/#respond\"]}]},{\"@type\":\"WebPage\",\"@id\":\"https:\/\/psol50.org.br\/psol-do-espirito-santo-indica-andre-moreira-para-disputar-governo-estadual\/\",\"url\":\"https:\/\/psol50.org.br\/psol-do-espirito-santo-indica-andre-moreira-para-disputar-governo-estadual\/\",\"name\":\"PSOL do Esp\u00edrito Santo indica Andr\u00e9 Moreira para disputar governo estadual - PSOL 50\",\"isPartOf\":{\"@id\":\"https:\/\/psol50.org.br\/#website\"},\"primaryImageOfPage\":{\"@id\":\"https:\/\/psol50.org.br\/psol-do-espirito-santo-indica-andre-moreira-para-disputar-governo-estadual\/#primaryimage\"},\"image\":{\"@id\":\"https:\/\/psol50.org.br\/psol-do-espirito-santo-indica-andre-moreira-para-disputar-governo-estadual\/#primaryimage\"},\"thumbnailUrl\":\"https:\/\/psol50.org.br\/inc\/uploads\/2018\/07\/AndreMoreira_ES-1.jpg\",\"datePublished\":\"2018-07-13T19:45:05+00:00\",\"breadcrumb\":{\"@id\":\"https:\/\/psol50.org.br\/psol-do-espirito-santo-indica-andre-moreira-para-disputar-governo-estadual\/#breadcrumb\"},\"inLanguage\":\"pt-BR\",\"potentialAction\":[{\"@type\":\"ReadAction\",\"target\":[\"https:\/\/psol50.org.br\/psol-do-espirito-santo-indica-andre-moreira-para-disputar-governo-estadual\/\"]}]},{\"@type\":\"ImageObject\",\"inLanguage\":\"pt-BR\",\"@id\":\"https:\/\/psol50.org.br\/psol-do-espirito-santo-indica-andre-moreira-para-disputar-governo-estadual\/#primaryimage\",\"url\":\"https:\/\/psol50.org.br\/inc\/uploads\/2018\/07\/AndreMoreira_ES-1.jpg\",\"contentUrl\":\"https:\/\/psol50.org.br\/inc\/uploads\/2018\/07\/AndreMoreira_ES-1.jpg\",\"width\":1350,\"height\":900},{\"@type\":\"BreadcrumbList\",\"@id\":\"https:\/\/psol50.org.br\/psol-do-espirito-santo-indica-andre-moreira-para-disputar-governo-estadual\/#breadcrumb\",\"itemListElement\":[{\"@type\":\"ListItem\",\"position\":1,\"name\":\"In\u00edcio\",\"item\":\"https:\/\/psol50.org.br\/\"},{\"@type\":\"ListItem\",\"position\":2,\"name\":\"PSOL do Esp\u00edrito Santo indica Andr\u00e9 Moreira para disputar governo estadual\"}]},{\"@type\":\"WebSite\",\"@id\":\"https:\/\/psol50.org.br\/#website\",\"url\":\"https:\/\/psol50.org.br\/\",\"name\":\"PSOL 50\",\"description\":\"Site oficial do Partido Socialismo e Liberdade\",\"publisher\":{\"@id\":\"https:\/\/psol50.org.br\/#organization\"},\"alternateName\":\"PSOL50\",\"potentialAction\":[{\"@type\":\"SearchAction\",\"target\":{\"@type\":\"EntryPoint\",\"urlTemplate\":\"https:\/\/psol50.org.br\/?s={search_term_string}\"},\"query-input\":{\"@type\":\"PropertyValueSpecification\",\"valueRequired\":true,\"valueName\":\"search_term_string\"}}],\"inLanguage\":\"pt-BR\"},{\"@type\":\"Organization\",\"@id\":\"https:\/\/psol50.org.br\/#organization\",\"name\":\"PSOL 50\",\"alternateName\":\"PSOL 50\",\"url\":\"https:\/\/psol50.org.br\/\",\"logo\":{\"@type\":\"ImageObject\",\"inLanguage\":\"pt-BR\",\"@id\":\"https:\/\/psol50.org.br\/#\/schema\/logo\/image\/\",\"url\":\"https:\/\/psol50.org.br\/inc\/uploads\/2018\/07\/capa.png\",\"contentUrl\":\"https:\/\/psol50.org.br\/inc\/uploads\/2018\/07\/capa.png\",\"width\":1350,\"height\":900,\"caption\":\"PSOL 50\"},\"image\":{\"@id\":\"https:\/\/psol50.org.br\/#\/schema\/logo\/image\/\"},\"sameAs\":[\"https:\/\/www.facebook.com\/psol50\",\"https:\/\/x.com\/psol50\",\"https:\/\/www.instagram.com\/psol50\/\",\"https:\/\/www.youtube.com\/channel\/UC7SnJS5o1os7a6CaiNabzcg\"]},{\"@type\":\"Person\",\"@id\":\"https:\/\/psol50.org.br\/#\/schema\/person\/475dfa57d0b815993c714c2e96491fcd\",\"name\":\"Comunica\u00e7\u00e3o PSOL\",\"image\":{\"@type\":\"ImageObject\",\"inLanguage\":\"pt-BR\",\"@id\":\"https:\/\/psol50.org.br\/#\/schema\/person\/image\/\",\"url\":\"https:\/\/secure.gravatar.com\/avatar\/b34fc4f4e468a4e51785917065a3db57b841f5c95dba6ad8c73aaf8f66f8f9bf?s=96&d=mm&r=g\",\"contentUrl\":\"https:\/\/secure.gravatar.com\/avatar\/b34fc4f4e468a4e51785917065a3db57b841f5c95dba6ad8c73aaf8f66f8f9bf?s=96&d=mm&r=g\",\"caption\":\"Comunica\u00e7\u00e3o PSOL\"}}]}<\/script>\n<!-- \/ Yoast SEO plugin. -->","yoast_head_json":{"title":"PSOL do Esp\u00edrito Santo indica Andr\u00e9 Moreira para disputar governo estadual - PSOL 50","robots":{"index":"index","follow":"follow","max-snippet":"max-snippet:-1","max-image-preview":"max-image-preview:large","max-video-preview":"max-video-preview:-1"},"canonical":"https:\/\/psol50.org.br\/psol-do-espirito-santo-indica-andre-moreira-para-disputar-governo-estadual\/","og_locale":"pt_BR","og_type":"article","og_title":"PSOL do Esp\u00edrito Santo indica Andr\u00e9 Moreira para disputar governo estadual - PSOL 50","og_description":"O advogado Andr\u00e9 Moreira ser\u00e1 o candidato do PSOL ao governo do Esp\u00edrito Santo. A indica\u00e7\u00e3o foi confirmada durante o lan\u00e7amento da pr\u00e9-candidatura no dia 29 de junho, que tamb\u00e9m confirmou a alian\u00e7a do PSOL com o PCB nas elei\u00e7\u00e3o de outubro. O partido tamb\u00e9m definiu os nomes que disputar\u00e3o as duas vagas ao Senado: [&hellip;]","og_url":"https:\/\/psol50.org.br\/psol-do-espirito-santo-indica-andre-moreira-para-disputar-governo-estadual\/","og_site_name":"PSOL 50","article_publisher":"https:\/\/www.facebook.com\/psol50","article_published_time":"2018-07-13T19:45:05+00:00","og_image":[{"width":1350,"height":900,"url":"https:\/\/psol50.org.br\/inc\/uploads\/2018\/07\/AndreMoreira_ES-1.jpg","type":"image\/jpeg"}],"author":"Comunica\u00e7\u00e3o PSOL","twitter_card":"summary_large_image","twitter_creator":"@psol50","twitter_site":"@psol50","twitter_misc":{"Escrito por":"Comunica\u00e7\u00e3o PSOL","Est. tempo de leitura":"1 minuto"},"schema":{"@context":"https:\/\/schema.org","@graph":[{"@type":"Article","@id":"https:\/\/psol50.org.br\/psol-do-espirito-santo-indica-andre-moreira-para-disputar-governo-estadual\/#article","isPartOf":{"@id":"https:\/\/psol50.org.br\/psol-do-espirito-santo-indica-andre-moreira-para-disputar-governo-estadual\/"},"author":{"name":"Comunica\u00e7\u00e3o PSOL","@id":"https:\/\/psol50.org.br\/#\/schema\/person\/475dfa57d0b815993c714c2e96491fcd"},"headline":"PSOL do Esp\u00edrito Santo indica Andr\u00e9 Moreira para disputar governo estadual","datePublished":"2018-07-13T19:45:05+00:00","mainEntityOfPage":{"@id":"https:\/\/psol50.org.br\/psol-do-espirito-santo-indica-andre-moreira-para-disputar-governo-estadual\/"},"wordCount":242,"commentCount":0,"publisher":{"@id":"https:\/\/psol50.org.br\/#organization"},"image":{"@id":"https:\/\/psol50.org.br\/psol-do-espirito-santo-indica-andre-moreira-para-disputar-governo-estadual\/#primaryimage"},"thumbnailUrl":"https:\/\/psol50.org.br\/inc\/uploads\/2018\/07\/AndreMoreira_ES-1.jpg","keywords":["Andr\u00e9 Moreira","Esp\u00edrito Santo","governo estadual","pr\u00e9-candidato","PSOL"],"articleSection":["Elei\u00e7\u00f5es 2018","Estados","Not\u00edcias"],"inLanguage":"pt-BR","potentialAction":[{"@type":"CommentAction","name":"Comment","target":["https:\/\/psol50.org.br\/psol-do-espirito-santo-indica-andre-moreira-para-disputar-governo-estadual\/#respond"]}]},{"@type":"WebPage","@id":"https:\/\/psol50.org.br\/psol-do-espirito-santo-indica-andre-moreira-para-disputar-governo-estadual\/","url":"https:\/\/psol50.org.br\/psol-do-espirito-santo-indica-andre-moreira-para-disputar-governo-estadual\/","name":"PSOL do Esp\u00edrito Santo indica Andr\u00e9 Moreira para disputar governo estadual - PSOL 50","isPartOf":{"@id":"https:\/\/psol50.org.br\/#website"},"primaryImageOfPage":{"@id":"https:\/\/psol50.org.br\/psol-do-espirito-santo-indica-andre-moreira-para-disputar-governo-estadual\/#primaryimage"},"image":{"@id":"https:\/\/psol50.org.br\/psol-do-espirito-santo-indica-andre-moreira-para-disputar-governo-estadual\/#primaryimage"},"thumbnailUrl":"https:\/\/psol50.org.br\/inc\/uploads\/2018\/07\/AndreMoreira_ES-1.jpg","datePublished":"2018-07-13T19:45:05+00:00","breadcrumb":{"@id":"https:\/\/psol50.org.br\/psol-do-espirito-santo-indica-andre-moreira-para-disputar-governo-estadual\/#breadcrumb"},"inLanguage":"pt-BR","potentialAction":[{"@type":"ReadAction","target":["https:\/\/psol50.org.br\/psol-do-espirito-santo-indica-andre-moreira-para-disputar-governo-estadual\/"]}]},{"@type":"ImageObject","inLanguage":"pt-BR","@id":"https:\/\/psol50.org.br\/psol-do-espirito-santo-indica-andre-moreira-para-disputar-governo-estadual\/#primaryimage","url":"https:\/\/psol50.org.br\/inc\/uploads\/2018\/07\/AndreMoreira_ES-1.jpg","contentUrl":"https:\/\/psol50.org.br\/inc\/uploads\/2018\/07\/AndreMoreira_ES-1.jpg","width":1350,"height":900},{"@type":"BreadcrumbList","@id":"https:\/\/psol50.org.br\/psol-do-espirito-santo-indica-andre-moreira-para-disputar-governo-estadual\/#breadcrumb","itemListElement":[{"@type":"ListItem","position":1,"name":"In\u00edcio","item":"https:\/\/psol50.org.br\/"},{"@type":"ListItem","position":2,"name":"PSOL do Esp\u00edrito Santo indica Andr\u00e9 Moreira para disputar governo estadual"}]},{"@type":"WebSite","@id":"https:\/\/psol50.org.br\/#website","url":"https:\/\/psol50.org.br\/","name":"PSOL 50","description":"Site oficial do Partido Socialismo e Liberdade","publisher":{"@id":"https:\/\/psol50.org.br\/#organization"},"alternateName":"PSOL50","potentialAction":[{"@type":"SearchAction","target":{"@type":"EntryPoint","urlTemplate":"https:\/\/psol50.org.br\/?s={search_term_string}"},"query-input":{"@type":"PropertyValueSpecification","valueRequired":true,"valueName":"search_term_string"}}],"inLanguage":"pt-BR"},{"@type":"Organization","@id":"https:\/\/psol50.org.br\/#organization","name":"PSOL 50","alternateName":"PSOL 50","url":"https:\/\/psol50.org.br\/","logo":{"@type":"ImageObject","inLanguage":"pt-BR","@id":"https:\/\/psol50.org.br\/#\/schema\/logo\/image\/","url":"https:\/\/psol50.org.br\/inc\/uploads\/2018\/07\/capa.png","contentUrl":"https:\/\/psol50.org.br\/inc\/uploads\/2018\/07\/capa.png","width":1350,"height":900,"caption":"PSOL 50"},"image":{"@id":"https:\/\/psol50.org.br\/#\/schema\/logo\/image\/"},"sameAs":["https:\/\/www.facebook.com\/psol50","https:\/\/x.com\/psol50","https:\/\/www.instagram.com\/psol50\/","https:\/\/www.youtube.com\/channel\/UC7SnJS5o1os7a6CaiNabzcg"]},{"@type":"Person","@id":"https:\/\/psol50.org.br\/#\/schema\/person\/475dfa57d0b815993c714c2e96491fcd","name":"Comunica\u00e7\u00e3o PSOL","image":{"@type":"ImageObject","inLanguage":"pt-BR","@id":"https:\/\/psol50.org.br\/#\/schema\/person\/image\/","url":"https:\/\/secure.gravatar.com\/avatar\/b34fc4f4e468a4e51785917065a3db57b841f5c95dba6ad8c73aaf8f66f8f9bf?s=96&d=mm&r=g","contentUrl":"https:\/\/secure.gravatar.com\/avatar\/b34fc4f4e468a4e51785917065a3db57b841f5c95dba6ad8c73aaf8f66f8f9bf?s=96&d=mm&r=g","caption":"Comunica\u00e7\u00e3o PSOL"}}]}},"_links":{"self":[{"href":"https:\/\/psol50.org.br\/rest\/wp\/v2\/posts\/21118","targetHints":{"allow":["GET"]}}],"collection":[{"href":"https:\/\/psol50.org.br\/rest\/wp\/v2\/posts"}],"about":[{"href":"https:\/\/psol50.org.br\/rest\/wp\/v2\/types\/post"}],"author":[{"embeddable":true,"href":"https:\/\/psol50.org.br\/rest\/wp\/v2\/users\/2"}],"replies":[{"embeddable":true,"href":"https:\/\/psol50.org.br\/rest\/wp\/v2\/comments?post=21118"}],"version-history":[{"count":0,"href":"https:\/\/psol50.org.br\/rest\/wp\/v2\/posts\/21118\/revisions"}],"wp:featuredmedia":[{"embeddable":true,"href":"https:\/\/psol50.org.br\/rest\/wp\/v2\/media\/21122"}],"wp:attachment":[{"href":"https:\/\/psol50.org.br\/rest\/wp\/v2\/media?parent=21118"}],"wp:term":[{"taxonomy":"category","embeddable":true,"href":"https:\/\/psol50.org.br\/rest\/wp\/v2\/categories?post=21118"},{"taxonomy":"post_tag","embeddable":true,"href":"https:\/\/psol50.org.br\/rest\/wp\/v2\/tags?post=21118"}],"curies":[{"name":"wp","href":"https:\/\/api.w.org\/{rel}","templated":true}]}}