{"id":21126,"date":"2018-07-16T15:58:02","date_gmt":"2018-07-16T18:58:02","guid":{"rendered":"https:\/\/www.psol50.org.br\/?p=21126"},"modified":"2018-07-16T15:58:02","modified_gmt":"2018-07-16T18:58:02","slug":"professor-da-rede-estadual-e-escolhido-pre-candidato-ao-governo-pelo-psol-do-parana","status":"publish","type":"post","link":"https:\/\/psol50.org.br\/professor-da-rede-estadual-e-escolhido-pre-candidato-ao-governo-pelo-psol-do-parana\/","title":{"rendered":"Professor da rede estadual \u00e9 escolhido pr\u00e9-candidato ao governo pelo PSOL do Paran\u00e1"},"content":{"rendered":"<p>O PSOL do Paran\u00e1 j\u00e1 tem os nomes que representar\u00e3o o partido na disputa ao governo do estado, nas elei\u00e7\u00f5es de 7 de outubro. O professor <a href=\"https:\/\/www.facebook.com\/professorpivapsol\/\" target=\"_blank\" rel=\"noopener\"><strong><span style=\"color: #0000ff;\">Luiz Romero Piva<\/span><\/strong><\/a> (foto acima, meio) assumir\u00e1 o desafio de apresentar as propostas do partido \u00e0 popula\u00e7\u00e3o paranaense. Junto com ele na chapa majorit\u00e1ria estar\u00e1 a assistente social e servidora do TJ-PR <a href=\"https:\/\/www.facebook.com\/fernanda.camargo.9083\" target=\"_blank\" rel=\"noopener\"><strong><span style=\"color: #0000ff;\">Fernanda Camargo<\/span><\/strong><\/a>, como candidata a co-governadora.<\/p>\n<p>Professor da rede estadual e militante hist\u00f3rico da oposi\u00e7\u00e3o \u00e0 dire\u00e7\u00e3o da APP Sindical (Sindicado dos Professores do Estado do PR), Piva ter\u00e1 seu nome homologado em conven\u00e7\u00e3o eleitoral marcada para o dia 27 de julho, em Curitiba. Na ocasi\u00e3o, tamb\u00e9m ser\u00e1 formalizada a coliga\u00e7\u00e3o com o PCB.<\/p>\n<p>Ao lado de Fernanda, que tamb\u00e9m \u00e9 professora universit\u00e1ria, feminista e militante pelos direitos da crian\u00e7a e do adolescente, Piva levar\u00e1 \u00e0 popula\u00e7\u00e3o alternativas para melhorar as condi\u00e7\u00f5es de vida do Estado e que enfrentar\u00e3o \u00e0 pol\u00edtica colocada em pr\u00e1tica pelos governos de Beto Richa (PSDB) e seus aliados.<\/p>\n<p>Para o Senado, o partido indicou a professora do ensino superior <a href=\"https:\/\/www.facebook.com\/jacqueparmigiani\/\" target=\"_blank\" rel=\"noopener\"><strong><span style=\"color: #0000ff;\">Jacqueline Parmigiani<\/span><\/strong><\/a> e o servidor p\u00fablico da educa\u00e7\u00e3o estadual <a href=\"https:\/\/www.facebook.com\/rodrigotomazinialegriaaofuturo\/\" target=\"_blank\" rel=\"noopener\"><strong><span style=\"color: #0000ff;\">Rodrigo Tomazini<\/span><\/strong><\/a> (ambos na foto de destaque).<\/p>\n<p>O PSOL-PR explica que a plataforma de campanha compreender\u00e1 o respeito ao povo trabalhador, \u00e0s lutas, aos servi\u00e7os p\u00fablicos e ao meio ambiente. &#8220;A gest\u00e3o p\u00fablica deve ser com e para o povo trabalhador, que \u00e9 quem constr\u00f3i o Paran\u00e1. Defendemos a reforma agr\u00e1ria, valoriza\u00e7\u00e3o da agricultura familiar e da produ\u00e7\u00e3o de alimentos org\u00e2nicos. As pautas de mulheres, da juventude, de negras e negros, da comunidade LGBTI, devem ser contempladas tamb\u00e9m na garantia de pol\u00edticas sociais fortalecidas e inclusivas, constru\u00eddas a partir da ampla participa\u00e7\u00e3o do povo. As lutas do povo trabalhador s\u00e3o nosso norte, o que nos guia nessa caminhada, a exemplo da luta de professoras e professores no 29 de abril e as ocupa\u00e7\u00f5es de escolas que tomaram o estado na defesa pela educa\u00e7\u00e3o, e a luta quilombola pela demarca\u00e7\u00e3o de terras no Oeste do Paran\u00e1&#8221;, destacam os pr\u00e9-candidatos.<\/p>\n<p>&nbsp;<\/p>\n","protected":false},"excerpt":{"rendered":"<p>O PSOL do Paran\u00e1 j\u00e1 tem os nomes que representar\u00e3o o partido na disputa ao governo do estado, nas elei\u00e7\u00f5es de 7 de outubro. O professor Luiz Romero Piva (foto acima, meio) assumir\u00e1 o desafio de apresentar as propostas do partido \u00e0 popula\u00e7\u00e3o paranaense. Junto com ele na chapa majorit\u00e1ria estar\u00e1 a assistente social e [&hellip;]<\/p>\n","protected":false},"author":2,"featured_media":21130,"comment_status":"open","ping_status":"open","sticky":false,"template":"","format":"standard","meta":{"_acf_changed":false,"footnotes":""},"categories":[2165,654,6],"tags":[2653,2654,2655,2656,526,2657,2658,2659],"class_list":{"0":"post-21126","1":"post","2":"type-post","3":"status-publish","4":"format-standard","5":"has-post-thumbnail","7":"category-eleicoes-2018","8":"category-estados","9":"category-noticias","10":"tag-co-governadora","11":"tag-fernanda-camargo","12":"tag-jacqueline-parmigiani","13":"tag-luiz-romero-piva","14":"tag-parana","15":"tag-pre-candidato-ao-governo","16":"tag-psol-pr","17":"tag-rodrigo-tomazini"},"acf":[],"yoast_head":"<!-- This site is optimized with the Yoast SEO plugin v26.5 - https:\/\/yoast.com\/wordpress\/plugins\/seo\/ -->\n<title>Professor da rede estadual \u00e9 escolhido pr\u00e9-candidato ao governo pelo PSOL do Paran\u00e1 - PSOL 50<\/title>\n<meta name=\"robots\" content=\"index, follow, max-snippet:-1, max-image-preview:large, max-video-preview:-1\" \/>\n<link rel=\"canonical\" href=\"https:\/\/psol50.org.br\/professor-da-rede-estadual-e-escolhido-pre-candidato-ao-governo-pelo-psol-do-parana\/\" \/>\n<meta property=\"og:locale\" content=\"pt_BR\" \/>\n<meta property=\"og:type\" content=\"article\" \/>\n<meta property=\"og:title\" content=\"Professor da rede estadual \u00e9 escolhido pr\u00e9-candidato ao governo pelo PSOL do Paran\u00e1 - PSOL 50\" \/>\n<meta property=\"og:description\" content=\"O PSOL do Paran\u00e1 j\u00e1 tem os nomes que representar\u00e3o o partido na disputa ao governo do estado, nas elei\u00e7\u00f5es de 7 de outubro. O professor Luiz Romero Piva (foto acima, meio) assumir\u00e1 o desafio de apresentar as propostas do partido \u00e0 popula\u00e7\u00e3o paranaense. Junto com ele na chapa majorit\u00e1ria estar\u00e1 a assistente social e [&hellip;]\" \/>\n<meta property=\"og:url\" content=\"https:\/\/psol50.org.br\/professor-da-rede-estadual-e-escolhido-pre-candidato-ao-governo-pelo-psol-do-parana\/\" \/>\n<meta property=\"og:site_name\" content=\"PSOL 50\" \/>\n<meta property=\"article:publisher\" content=\"https:\/\/www.facebook.com\/psol50\" \/>\n<meta property=\"article:published_time\" content=\"2018-07-16T18:58:02+00:00\" \/>\n<meta property=\"og:image\" content=\"https:\/\/psol50.org.br\/inc\/uploads\/2018\/07\/Chapa_PR.jpg\" \/>\n\t<meta property=\"og:image:width\" content=\"1350\" \/>\n\t<meta property=\"og:image:height\" content=\"793\" \/>\n\t<meta property=\"og:image:type\" content=\"image\/jpeg\" \/>\n<meta name=\"author\" content=\"Comunica\u00e7\u00e3o PSOL\" \/>\n<meta name=\"twitter:card\" content=\"summary_large_image\" \/>\n<meta name=\"twitter:creator\" content=\"@psol50\" \/>\n<meta name=\"twitter:site\" content=\"@psol50\" \/>\n<meta name=\"twitter:label1\" content=\"Escrito por\" \/>\n\t<meta name=\"twitter:data1\" content=\"Comunica\u00e7\u00e3o PSOL\" \/>\n\t<meta name=\"twitter:label2\" content=\"Est. tempo de leitura\" \/>\n\t<meta name=\"twitter:data2\" content=\"2 minutos\" \/>\n<script type=\"application\/ld+json\" class=\"yoast-schema-graph\">{\"@context\":\"https:\/\/schema.org\",\"@graph\":[{\"@type\":\"Article\",\"@id\":\"https:\/\/psol50.org.br\/professor-da-rede-estadual-e-escolhido-pre-candidato-ao-governo-pelo-psol-do-parana\/#article\",\"isPartOf\":{\"@id\":\"https:\/\/psol50.org.br\/professor-da-rede-estadual-e-escolhido-pre-candidato-ao-governo-pelo-psol-do-parana\/\"},\"author\":{\"name\":\"Comunica\u00e7\u00e3o PSOL\",\"@id\":\"https:\/\/psol50.org.br\/#\/schema\/person\/475dfa57d0b815993c714c2e96491fcd\"},\"headline\":\"Professor da rede estadual \u00e9 escolhido pr\u00e9-candidato ao governo pelo PSOL do Paran\u00e1\",\"datePublished\":\"2018-07-16T18:58:02+00:00\",\"mainEntityOfPage\":{\"@id\":\"https:\/\/psol50.org.br\/professor-da-rede-estadual-e-escolhido-pre-candidato-ao-governo-pelo-psol-do-parana\/\"},\"wordCount\":373,\"commentCount\":0,\"publisher\":{\"@id\":\"https:\/\/psol50.org.br\/#organization\"},\"image\":{\"@id\":\"https:\/\/psol50.org.br\/professor-da-rede-estadual-e-escolhido-pre-candidato-ao-governo-pelo-psol-do-parana\/#primaryimage\"},\"thumbnailUrl\":\"https:\/\/psol50.org.br\/inc\/uploads\/2018\/07\/Chapa_PR.jpg\",\"keywords\":[\"co-governadora\",\"Fernanda Camargo\",\"Jacqueline Parmigiani\",\"Luiz Romero Piva\",\"Paran\u00e1\",\"pr\u00e9-candidato ao governo\",\"PSOL-PR\",\"Rodrigo Tomazini\"],\"articleSection\":[\"Elei\u00e7\u00f5es 2018\",\"Estados\",\"Not\u00edcias\"],\"inLanguage\":\"pt-BR\",\"potentialAction\":[{\"@type\":\"CommentAction\",\"name\":\"Comment\",\"target\":[\"https:\/\/psol50.org.br\/professor-da-rede-estadual-e-escolhido-pre-candidato-ao-governo-pelo-psol-do-parana\/#respond\"]}]},{\"@type\":\"WebPage\",\"@id\":\"https:\/\/psol50.org.br\/professor-da-rede-estadual-e-escolhido-pre-candidato-ao-governo-pelo-psol-do-parana\/\",\"url\":\"https:\/\/psol50.org.br\/professor-da-rede-estadual-e-escolhido-pre-candidato-ao-governo-pelo-psol-do-parana\/\",\"name\":\"Professor da rede estadual \u00e9 escolhido pr\u00e9-candidato ao governo pelo PSOL do Paran\u00e1 - PSOL 50\",\"isPartOf\":{\"@id\":\"https:\/\/psol50.org.br\/#website\"},\"primaryImageOfPage\":{\"@id\":\"https:\/\/psol50.org.br\/professor-da-rede-estadual-e-escolhido-pre-candidato-ao-governo-pelo-psol-do-parana\/#primaryimage\"},\"image\":{\"@id\":\"https:\/\/psol50.org.br\/professor-da-rede-estadual-e-escolhido-pre-candidato-ao-governo-pelo-psol-do-parana\/#primaryimage\"},\"thumbnailUrl\":\"https:\/\/psol50.org.br\/inc\/uploads\/2018\/07\/Chapa_PR.jpg\",\"datePublished\":\"2018-07-16T18:58:02+00:00\",\"breadcrumb\":{\"@id\":\"https:\/\/psol50.org.br\/professor-da-rede-estadual-e-escolhido-pre-candidato-ao-governo-pelo-psol-do-parana\/#breadcrumb\"},\"inLanguage\":\"pt-BR\",\"potentialAction\":[{\"@type\":\"ReadAction\",\"target\":[\"https:\/\/psol50.org.br\/professor-da-rede-estadual-e-escolhido-pre-candidato-ao-governo-pelo-psol-do-parana\/\"]}]},{\"@type\":\"ImageObject\",\"inLanguage\":\"pt-BR\",\"@id\":\"https:\/\/psol50.org.br\/professor-da-rede-estadual-e-escolhido-pre-candidato-ao-governo-pelo-psol-do-parana\/#primaryimage\",\"url\":\"https:\/\/psol50.org.br\/inc\/uploads\/2018\/07\/Chapa_PR.jpg\",\"contentUrl\":\"https:\/\/psol50.org.br\/inc\/uploads\/2018\/07\/Chapa_PR.jpg\",\"width\":1350,\"height\":793},{\"@type\":\"BreadcrumbList\",\"@id\":\"https:\/\/psol50.org.br\/professor-da-rede-estadual-e-escolhido-pre-candidato-ao-governo-pelo-psol-do-parana\/#breadcrumb\",\"itemListElement\":[{\"@type\":\"ListItem\",\"position\":1,\"name\":\"In\u00edcio\",\"item\":\"https:\/\/psol50.org.br\/\"},{\"@type\":\"ListItem\",\"position\":2,\"name\":\"Professor da rede estadual \u00e9 escolhido pr\u00e9-candidato ao governo pelo PSOL do Paran\u00e1\"}]},{\"@type\":\"WebSite\",\"@id\":\"https:\/\/psol50.org.br\/#website\",\"url\":\"https:\/\/psol50.org.br\/\",\"name\":\"PSOL 50\",\"description\":\"Site oficial do Partido Socialismo e Liberdade\",\"publisher\":{\"@id\":\"https:\/\/psol50.org.br\/#organization\"},\"alternateName\":\"PSOL50\",\"potentialAction\":[{\"@type\":\"SearchAction\",\"target\":{\"@type\":\"EntryPoint\",\"urlTemplate\":\"https:\/\/psol50.org.br\/?s={search_term_string}\"},\"query-input\":{\"@type\":\"PropertyValueSpecification\",\"valueRequired\":true,\"valueName\":\"search_term_string\"}}],\"inLanguage\":\"pt-BR\"},{\"@type\":\"Organization\",\"@id\":\"https:\/\/psol50.org.br\/#organization\",\"name\":\"PSOL 50\",\"alternateName\":\"PSOL 50\",\"url\":\"https:\/\/psol50.org.br\/\",\"logo\":{\"@type\":\"ImageObject\",\"inLanguage\":\"pt-BR\",\"@id\":\"https:\/\/psol50.org.br\/#\/schema\/logo\/image\/\",\"url\":\"https:\/\/psol50.org.br\/inc\/uploads\/2018\/07\/capa.png\",\"contentUrl\":\"https:\/\/psol50.org.br\/inc\/uploads\/2018\/07\/capa.png\",\"width\":1350,\"height\":900,\"caption\":\"PSOL 50\"},\"image\":{\"@id\":\"https:\/\/psol50.org.br\/#\/schema\/logo\/image\/\"},\"sameAs\":[\"https:\/\/www.facebook.com\/psol50\",\"https:\/\/x.com\/psol50\",\"https:\/\/www.instagram.com\/psol50\/\",\"https:\/\/www.youtube.com\/channel\/UC7SnJS5o1os7a6CaiNabzcg\"]},{\"@type\":\"Person\",\"@id\":\"https:\/\/psol50.org.br\/#\/schema\/person\/475dfa57d0b815993c714c2e96491fcd\",\"name\":\"Comunica\u00e7\u00e3o PSOL\",\"image\":{\"@type\":\"ImageObject\",\"inLanguage\":\"pt-BR\",\"@id\":\"https:\/\/psol50.org.br\/#\/schema\/person\/image\/\",\"url\":\"https:\/\/secure.gravatar.com\/avatar\/b34fc4f4e468a4e51785917065a3db57b841f5c95dba6ad8c73aaf8f66f8f9bf?s=96&d=mm&r=g\",\"contentUrl\":\"https:\/\/secure.gravatar.com\/avatar\/b34fc4f4e468a4e51785917065a3db57b841f5c95dba6ad8c73aaf8f66f8f9bf?s=96&d=mm&r=g\",\"caption\":\"Comunica\u00e7\u00e3o PSOL\"}}]}<\/script>\n<!-- \/ Yoast SEO plugin. -->","yoast_head_json":{"title":"Professor da rede estadual \u00e9 escolhido pr\u00e9-candidato ao governo pelo PSOL do Paran\u00e1 - PSOL 50","robots":{"index":"index","follow":"follow","max-snippet":"max-snippet:-1","max-image-preview":"max-image-preview:large","max-video-preview":"max-video-preview:-1"},"canonical":"https:\/\/psol50.org.br\/professor-da-rede-estadual-e-escolhido-pre-candidato-ao-governo-pelo-psol-do-parana\/","og_locale":"pt_BR","og_type":"article","og_title":"Professor da rede estadual \u00e9 escolhido pr\u00e9-candidato ao governo pelo PSOL do Paran\u00e1 - PSOL 50","og_description":"O PSOL do Paran\u00e1 j\u00e1 tem os nomes que representar\u00e3o o partido na disputa ao governo do estado, nas elei\u00e7\u00f5es de 7 de outubro. O professor Luiz Romero Piva (foto acima, meio) assumir\u00e1 o desafio de apresentar as propostas do partido \u00e0 popula\u00e7\u00e3o paranaense. Junto com ele na chapa majorit\u00e1ria estar\u00e1 a assistente social e [&hellip;]","og_url":"https:\/\/psol50.org.br\/professor-da-rede-estadual-e-escolhido-pre-candidato-ao-governo-pelo-psol-do-parana\/","og_site_name":"PSOL 50","article_publisher":"https:\/\/www.facebook.com\/psol50","article_published_time":"2018-07-16T18:58:02+00:00","og_image":[{"width":1350,"height":793,"url":"https:\/\/psol50.org.br\/inc\/uploads\/2018\/07\/Chapa_PR.jpg","type":"image\/jpeg"}],"author":"Comunica\u00e7\u00e3o PSOL","twitter_card":"summary_large_image","twitter_creator":"@psol50","twitter_site":"@psol50","twitter_misc":{"Escrito por":"Comunica\u00e7\u00e3o PSOL","Est. tempo de leitura":"2 minutos"},"schema":{"@context":"https:\/\/schema.org","@graph":[{"@type":"Article","@id":"https:\/\/psol50.org.br\/professor-da-rede-estadual-e-escolhido-pre-candidato-ao-governo-pelo-psol-do-parana\/#article","isPartOf":{"@id":"https:\/\/psol50.org.br\/professor-da-rede-estadual-e-escolhido-pre-candidato-ao-governo-pelo-psol-do-parana\/"},"author":{"name":"Comunica\u00e7\u00e3o PSOL","@id":"https:\/\/psol50.org.br\/#\/schema\/person\/475dfa57d0b815993c714c2e96491fcd"},"headline":"Professor da rede estadual \u00e9 escolhido pr\u00e9-candidato ao governo pelo PSOL do Paran\u00e1","datePublished":"2018-07-16T18:58:02+00:00","mainEntityOfPage":{"@id":"https:\/\/psol50.org.br\/professor-da-rede-estadual-e-escolhido-pre-candidato-ao-governo-pelo-psol-do-parana\/"},"wordCount":373,"commentCount":0,"publisher":{"@id":"https:\/\/psol50.org.br\/#organization"},"image":{"@id":"https:\/\/psol50.org.br\/professor-da-rede-estadual-e-escolhido-pre-candidato-ao-governo-pelo-psol-do-parana\/#primaryimage"},"thumbnailUrl":"https:\/\/psol50.org.br\/inc\/uploads\/2018\/07\/Chapa_PR.jpg","keywords":["co-governadora","Fernanda Camargo","Jacqueline Parmigiani","Luiz Romero Piva","Paran\u00e1","pr\u00e9-candidato ao governo","PSOL-PR","Rodrigo Tomazini"],"articleSection":["Elei\u00e7\u00f5es 2018","Estados","Not\u00edcias"],"inLanguage":"pt-BR","potentialAction":[{"@type":"CommentAction","name":"Comment","target":["https:\/\/psol50.org.br\/professor-da-rede-estadual-e-escolhido-pre-candidato-ao-governo-pelo-psol-do-parana\/#respond"]}]},{"@type":"WebPage","@id":"https:\/\/psol50.org.br\/professor-da-rede-estadual-e-escolhido-pre-candidato-ao-governo-pelo-psol-do-parana\/","url":"https:\/\/psol50.org.br\/professor-da-rede-estadual-e-escolhido-pre-candidato-ao-governo-pelo-psol-do-parana\/","name":"Professor da rede estadual \u00e9 escolhido pr\u00e9-candidato ao governo pelo PSOL do Paran\u00e1 - PSOL 50","isPartOf":{"@id":"https:\/\/psol50.org.br\/#website"},"primaryImageOfPage":{"@id":"https:\/\/psol50.org.br\/professor-da-rede-estadual-e-escolhido-pre-candidato-ao-governo-pelo-psol-do-parana\/#primaryimage"},"image":{"@id":"https:\/\/psol50.org.br\/professor-da-rede-estadual-e-escolhido-pre-candidato-ao-governo-pelo-psol-do-parana\/#primaryimage"},"thumbnailUrl":"https:\/\/psol50.org.br\/inc\/uploads\/2018\/07\/Chapa_PR.jpg","datePublished":"2018-07-16T18:58:02+00:00","breadcrumb":{"@id":"https:\/\/psol50.org.br\/professor-da-rede-estadual-e-escolhido-pre-candidato-ao-governo-pelo-psol-do-parana\/#breadcrumb"},"inLanguage":"pt-BR","potentialAction":[{"@type":"ReadAction","target":["https:\/\/psol50.org.br\/professor-da-rede-estadual-e-escolhido-pre-candidato-ao-governo-pelo-psol-do-parana\/"]}]},{"@type":"ImageObject","inLanguage":"pt-BR","@id":"https:\/\/psol50.org.br\/professor-da-rede-estadual-e-escolhido-pre-candidato-ao-governo-pelo-psol-do-parana\/#primaryimage","url":"https:\/\/psol50.org.br\/inc\/uploads\/2018\/07\/Chapa_PR.jpg","contentUrl":"https:\/\/psol50.org.br\/inc\/uploads\/2018\/07\/Chapa_PR.jpg","width":1350,"height":793},{"@type":"BreadcrumbList","@id":"https:\/\/psol50.org.br\/professor-da-rede-estadual-e-escolhido-pre-candidato-ao-governo-pelo-psol-do-parana\/#breadcrumb","itemListElement":[{"@type":"ListItem","position":1,"name":"In\u00edcio","item":"https:\/\/psol50.org.br\/"},{"@type":"ListItem","position":2,"name":"Professor da rede estadual \u00e9 escolhido pr\u00e9-candidato ao governo pelo PSOL do Paran\u00e1"}]},{"@type":"WebSite","@id":"https:\/\/psol50.org.br\/#website","url":"https:\/\/psol50.org.br\/","name":"PSOL 50","description":"Site oficial do Partido Socialismo e Liberdade","publisher":{"@id":"https:\/\/psol50.org.br\/#organization"},"alternateName":"PSOL50","potentialAction":[{"@type":"SearchAction","target":{"@type":"EntryPoint","urlTemplate":"https:\/\/psol50.org.br\/?s={search_term_string}"},"query-input":{"@type":"PropertyValueSpecification","valueRequired":true,"valueName":"search_term_string"}}],"inLanguage":"pt-BR"},{"@type":"Organization","@id":"https:\/\/psol50.org.br\/#organization","name":"PSOL 50","alternateName":"PSOL 50","url":"https:\/\/psol50.org.br\/","logo":{"@type":"ImageObject","inLanguage":"pt-BR","@id":"https:\/\/psol50.org.br\/#\/schema\/logo\/image\/","url":"https:\/\/psol50.org.br\/inc\/uploads\/2018\/07\/capa.png","contentUrl":"https:\/\/psol50.org.br\/inc\/uploads\/2018\/07\/capa.png","width":1350,"height":900,"caption":"PSOL 50"},"image":{"@id":"https:\/\/psol50.org.br\/#\/schema\/logo\/image\/"},"sameAs":["https:\/\/www.facebook.com\/psol50","https:\/\/x.com\/psol50","https:\/\/www.instagram.com\/psol50\/","https:\/\/www.youtube.com\/channel\/UC7SnJS5o1os7a6CaiNabzcg"]},{"@type":"Person","@id":"https:\/\/psol50.org.br\/#\/schema\/person\/475dfa57d0b815993c714c2e96491fcd","name":"Comunica\u00e7\u00e3o PSOL","image":{"@type":"ImageObject","inLanguage":"pt-BR","@id":"https:\/\/psol50.org.br\/#\/schema\/person\/image\/","url":"https:\/\/secure.gravatar.com\/avatar\/b34fc4f4e468a4e51785917065a3db57b841f5c95dba6ad8c73aaf8f66f8f9bf?s=96&d=mm&r=g","contentUrl":"https:\/\/secure.gravatar.com\/avatar\/b34fc4f4e468a4e51785917065a3db57b841f5c95dba6ad8c73aaf8f66f8f9bf?s=96&d=mm&r=g","caption":"Comunica\u00e7\u00e3o PSOL"}}]}},"_links":{"self":[{"href":"https:\/\/psol50.org.br\/rest\/wp\/v2\/posts\/21126","targetHints":{"allow":["GET"]}}],"collection":[{"href":"https:\/\/psol50.org.br\/rest\/wp\/v2\/posts"}],"about":[{"href":"https:\/\/psol50.org.br\/rest\/wp\/v2\/types\/post"}],"author":[{"embeddable":true,"href":"https:\/\/psol50.org.br\/rest\/wp\/v2\/users\/2"}],"replies":[{"embeddable":true,"href":"https:\/\/psol50.org.br\/rest\/wp\/v2\/comments?post=21126"}],"version-history":[{"count":0,"href":"https:\/\/psol50.org.br\/rest\/wp\/v2\/posts\/21126\/revisions"}],"wp:featuredmedia":[{"embeddable":true,"href":"https:\/\/psol50.org.br\/rest\/wp\/v2\/media\/21130"}],"wp:attachment":[{"href":"https:\/\/psol50.org.br\/rest\/wp\/v2\/media?parent=21126"}],"wp:term":[{"taxonomy":"category","embeddable":true,"href":"https:\/\/psol50.org.br\/rest\/wp\/v2\/categories?post=21126"},{"taxonomy":"post_tag","embeddable":true,"href":"https:\/\/psol50.org.br\/rest\/wp\/v2\/tags?post=21126"}],"curies":[{"name":"wp","href":"https:\/\/api.w.org\/{rel}","templated":true}]}}