{"id":2113,"date":"2013-07-08T00:00:00","date_gmt":"2013-07-08T00:00:00","guid":{"rendered":"http:\/\/psol50.org.br\/arquivo\/2013\/07\/08\/psol-apresenta-projeto-com-criterios-para-uso-de-avioes-da-fab\/"},"modified":"2013-07-08T00:00:00","modified_gmt":"2013-07-08T00:00:00","slug":"psol-apresenta-projeto-com-criterios-para-uso-de-avioes-da-fab","status":"publish","type":"post","link":"https:\/\/psol50.org.br\/psol-apresenta-projeto-com-criterios-para-uso-de-avioes-da-fab\/","title":{"rendered":"PSOL apresenta projeto com crit\u00e9rios para uso de avi\u00f5es da FAB"},"content":{"rendered":"<div style=\"text-align: justify;\">\n\t<em>Proposta de Chico Alencar determina publicidade no Portal da Transpar\u00eancia e pro\u00edbe embarque de pessoas estranhas ao motivo da viagem<\/em><br \/>\n\t&nbsp;<br \/>\n\tO deputado Chico Alencar (PSOL\/RJ) protocolou, na \u00faltima quinta-feira (04), projeto de lei que estabelece crit\u00e9rios para a utiliza\u00e7\u00e3o de avi\u00f5es da For\u00e7a A\u00e9rea Brasileira (FAB) por autoridades p\u00fablicas.<br \/>\n\t&nbsp;<br \/>\n\t\u201cO projeto \u00e9 para disciplinar de vez o uso de avi\u00f5es da FAB. Lembro que o problema \u00e9 antigo. Em 2007, apresentei requerimento de informa\u00e7\u00f5es a respeito ao Minist\u00e9rio da Defesa, mas a resposta foi totalmente insuficiente\u201d, diz Chico Alencar.<br \/>\n\t&nbsp;<br \/>\n\tDe acordo com o projeto, a utiliza\u00e7\u00e3o de aeronaves deve ser limitada a autoridades p\u00fablicas e assessores que tenham motivo com o objetivo da viagem e veda a companhia de pessoas estranhas ao assunto (artigos 1\u00ba e 3\u00ba). O PL tamb\u00e9m determina a divulga\u00e7\u00e3o no Portal da Transpar\u00eancia de todas as solicita\u00e7\u00f5es de uso das aeronaves, motivo e data da viagem e lista de passageiros (artigo 7\u00ba).<br \/>\n\t&nbsp;<br \/>\n\t\u201cEssa caixa preta s\u00f3 acaba por for\u00e7a de lei, obrigando a colocar cada viagem no Portal da Transpar\u00eancia do governo federal. Quem sabe a confiss\u00e3o de \u2018erro\u2019 do Henrique Alves, combinada com a impaci\u00eancia das ruas, acabe de vez com esses \u2018voos festivos?\u2019\u201d, afirma o deputado Chico Alencar.<\/div>\n<p>&nbsp;<\/p>\n","protected":false},"excerpt":{"rendered":"<p>Proposta de Chico Alencar determina publicidade no Portal da Transpar\u00eancia e pro\u00edbe embarque de pessoas estranhas ao motivo da viagem &nbsp; O deputado Chico Alencar (PSOL\/RJ) protocolou, na \u00faltima quinta-feira (04), projeto de lei que estabelece crit\u00e9rios para a utiliza\u00e7\u00e3o de avi\u00f5es da For\u00e7a A\u00e9rea Brasileira (FAB) por autoridades p\u00fablicas. &nbsp; \u201cO projeto \u00e9 para [&hellip;]<\/p>\n","protected":false},"author":2,"featured_media":0,"comment_status":"open","ping_status":"open","sticky":false,"template":"","format":"standard","meta":{"_acf_changed":false,"footnotes":""},"categories":[4766],"tags":[22],"class_list":{"0":"post-2113","1":"post","2":"type-post","3":"status-publish","4":"format-standard","6":"category-arquivo","7":"tag-psol"},"acf":[],"yoast_head":"<!-- This site is optimized with the Yoast SEO plugin v26.5 - https:\/\/yoast.com\/wordpress\/plugins\/seo\/ -->\n<title>PSOL apresenta projeto com crit\u00e9rios para uso de avi\u00f5es da FAB - PSOL 50<\/title>\n<meta name=\"robots\" content=\"index, follow, max-snippet:-1, max-image-preview:large, max-video-preview:-1\" \/>\n<link rel=\"canonical\" href=\"https:\/\/psol50.org.br\/psol-apresenta-projeto-com-criterios-para-uso-de-avioes-da-fab\/\" \/>\n<meta property=\"og:locale\" content=\"pt_BR\" \/>\n<meta property=\"og:type\" content=\"article\" \/>\n<meta property=\"og:title\" content=\"PSOL apresenta projeto com crit\u00e9rios para uso de avi\u00f5es da FAB - PSOL 50\" \/>\n<meta property=\"og:description\" content=\"Proposta de Chico Alencar determina publicidade no Portal da Transpar\u00eancia e pro\u00edbe embarque de pessoas estranhas ao motivo da viagem &nbsp; O deputado Chico Alencar (PSOL\/RJ) protocolou, na \u00faltima quinta-feira (04), projeto de lei que estabelece crit\u00e9rios para a utiliza\u00e7\u00e3o de avi\u00f5es da For\u00e7a A\u00e9rea Brasileira (FAB) por autoridades p\u00fablicas. &nbsp; \u201cO projeto \u00e9 para [&hellip;]\" \/>\n<meta property=\"og:url\" content=\"https:\/\/psol50.org.br\/psol-apresenta-projeto-com-criterios-para-uso-de-avioes-da-fab\/\" \/>\n<meta property=\"og:site_name\" content=\"PSOL 50\" \/>\n<meta property=\"article:publisher\" content=\"https:\/\/www.facebook.com\/psol50\" \/>\n<meta property=\"article:published_time\" content=\"2013-07-08T00:00:00+00:00\" \/>\n<meta property=\"og:image\" content=\"https:\/\/psol50.org.br\/inc\/uploads\/2018\/07\/capa.png\" \/>\n\t<meta property=\"og:image:width\" content=\"1350\" \/>\n\t<meta property=\"og:image:height\" content=\"900\" \/>\n\t<meta property=\"og:image:type\" content=\"image\/png\" \/>\n<meta name=\"author\" content=\"Comunica\u00e7\u00e3o PSOL\" \/>\n<meta name=\"twitter:card\" content=\"summary_large_image\" \/>\n<meta name=\"twitter:creator\" content=\"@psol50\" \/>\n<meta name=\"twitter:site\" content=\"@psol50\" \/>\n<meta name=\"twitter:label1\" content=\"Escrito por\" \/>\n\t<meta name=\"twitter:data1\" content=\"Comunica\u00e7\u00e3o PSOL\" \/>\n\t<meta name=\"twitter:label2\" content=\"Est. tempo de leitura\" \/>\n\t<meta name=\"twitter:data2\" content=\"1 minuto\" \/>\n<script type=\"application\/ld+json\" class=\"yoast-schema-graph\">{\"@context\":\"https:\/\/schema.org\",\"@graph\":[{\"@type\":\"Article\",\"@id\":\"https:\/\/psol50.org.br\/psol-apresenta-projeto-com-criterios-para-uso-de-avioes-da-fab\/#article\",\"isPartOf\":{\"@id\":\"https:\/\/psol50.org.br\/psol-apresenta-projeto-com-criterios-para-uso-de-avioes-da-fab\/\"},\"author\":{\"name\":\"Comunica\u00e7\u00e3o PSOL\",\"@id\":\"https:\/\/psol50.org.br\/#\/schema\/person\/475dfa57d0b815993c714c2e96491fcd\"},\"headline\":\"PSOL apresenta projeto com crit\u00e9rios para uso de avi\u00f5es da FAB\",\"datePublished\":\"2013-07-08T00:00:00+00:00\",\"mainEntityOfPage\":{\"@id\":\"https:\/\/psol50.org.br\/psol-apresenta-projeto-com-criterios-para-uso-de-avioes-da-fab\/\"},\"wordCount\":237,\"commentCount\":0,\"publisher\":{\"@id\":\"https:\/\/psol50.org.br\/#organization\"},\"keywords\":[\"PSOL\"],\"articleSection\":[\"Arquivo\"],\"inLanguage\":\"pt-BR\",\"potentialAction\":[{\"@type\":\"CommentAction\",\"name\":\"Comment\",\"target\":[\"https:\/\/psol50.org.br\/psol-apresenta-projeto-com-criterios-para-uso-de-avioes-da-fab\/#respond\"]}]},{\"@type\":\"WebPage\",\"@id\":\"https:\/\/psol50.org.br\/psol-apresenta-projeto-com-criterios-para-uso-de-avioes-da-fab\/\",\"url\":\"https:\/\/psol50.org.br\/psol-apresenta-projeto-com-criterios-para-uso-de-avioes-da-fab\/\",\"name\":\"PSOL apresenta projeto com crit\u00e9rios para uso de avi\u00f5es da FAB - PSOL 50\",\"isPartOf\":{\"@id\":\"https:\/\/psol50.org.br\/#website\"},\"datePublished\":\"2013-07-08T00:00:00+00:00\",\"breadcrumb\":{\"@id\":\"https:\/\/psol50.org.br\/psol-apresenta-projeto-com-criterios-para-uso-de-avioes-da-fab\/#breadcrumb\"},\"inLanguage\":\"pt-BR\",\"potentialAction\":[{\"@type\":\"ReadAction\",\"target\":[\"https:\/\/psol50.org.br\/psol-apresenta-projeto-com-criterios-para-uso-de-avioes-da-fab\/\"]}]},{\"@type\":\"BreadcrumbList\",\"@id\":\"https:\/\/psol50.org.br\/psol-apresenta-projeto-com-criterios-para-uso-de-avioes-da-fab\/#breadcrumb\",\"itemListElement\":[{\"@type\":\"ListItem\",\"position\":1,\"name\":\"In\u00edcio\",\"item\":\"https:\/\/psol50.org.br\/\"},{\"@type\":\"ListItem\",\"position\":2,\"name\":\"PSOL apresenta projeto com crit\u00e9rios para uso de avi\u00f5es da FAB\"}]},{\"@type\":\"WebSite\",\"@id\":\"https:\/\/psol50.org.br\/#website\",\"url\":\"https:\/\/psol50.org.br\/\",\"name\":\"PSOL 50\",\"description\":\"Site oficial do Partido Socialismo e Liberdade\",\"publisher\":{\"@id\":\"https:\/\/psol50.org.br\/#organization\"},\"alternateName\":\"PSOL50\",\"potentialAction\":[{\"@type\":\"SearchAction\",\"target\":{\"@type\":\"EntryPoint\",\"urlTemplate\":\"https:\/\/psol50.org.br\/?s={search_term_string}\"},\"query-input\":{\"@type\":\"PropertyValueSpecification\",\"valueRequired\":true,\"valueName\":\"search_term_string\"}}],\"inLanguage\":\"pt-BR\"},{\"@type\":\"Organization\",\"@id\":\"https:\/\/psol50.org.br\/#organization\",\"name\":\"PSOL 50\",\"alternateName\":\"PSOL 50\",\"url\":\"https:\/\/psol50.org.br\/\",\"logo\":{\"@type\":\"ImageObject\",\"inLanguage\":\"pt-BR\",\"@id\":\"https:\/\/psol50.org.br\/#\/schema\/logo\/image\/\",\"url\":\"https:\/\/psol50.org.br\/inc\/uploads\/2018\/07\/capa.png\",\"contentUrl\":\"https:\/\/psol50.org.br\/inc\/uploads\/2018\/07\/capa.png\",\"width\":1350,\"height\":900,\"caption\":\"PSOL 50\"},\"image\":{\"@id\":\"https:\/\/psol50.org.br\/#\/schema\/logo\/image\/\"},\"sameAs\":[\"https:\/\/www.facebook.com\/psol50\",\"https:\/\/x.com\/psol50\",\"https:\/\/www.instagram.com\/psol50\/\",\"https:\/\/www.youtube.com\/channel\/UC7SnJS5o1os7a6CaiNabzcg\"]},{\"@type\":\"Person\",\"@id\":\"https:\/\/psol50.org.br\/#\/schema\/person\/475dfa57d0b815993c714c2e96491fcd\",\"name\":\"Comunica\u00e7\u00e3o PSOL\",\"image\":{\"@type\":\"ImageObject\",\"inLanguage\":\"pt-BR\",\"@id\":\"https:\/\/psol50.org.br\/#\/schema\/person\/image\/\",\"url\":\"https:\/\/secure.gravatar.com\/avatar\/b34fc4f4e468a4e51785917065a3db57b841f5c95dba6ad8c73aaf8f66f8f9bf?s=96&d=mm&r=g\",\"contentUrl\":\"https:\/\/secure.gravatar.com\/avatar\/b34fc4f4e468a4e51785917065a3db57b841f5c95dba6ad8c73aaf8f66f8f9bf?s=96&d=mm&r=g\",\"caption\":\"Comunica\u00e7\u00e3o PSOL\"}}]}<\/script>\n<!-- \/ Yoast SEO plugin. -->","yoast_head_json":{"title":"PSOL apresenta projeto com crit\u00e9rios para uso de avi\u00f5es da FAB - PSOL 50","robots":{"index":"index","follow":"follow","max-snippet":"max-snippet:-1","max-image-preview":"max-image-preview:large","max-video-preview":"max-video-preview:-1"},"canonical":"https:\/\/psol50.org.br\/psol-apresenta-projeto-com-criterios-para-uso-de-avioes-da-fab\/","og_locale":"pt_BR","og_type":"article","og_title":"PSOL apresenta projeto com crit\u00e9rios para uso de avi\u00f5es da FAB - PSOL 50","og_description":"Proposta de Chico Alencar determina publicidade no Portal da Transpar\u00eancia e pro\u00edbe embarque de pessoas estranhas ao motivo da viagem &nbsp; O deputado Chico Alencar (PSOL\/RJ) protocolou, na \u00faltima quinta-feira (04), projeto de lei que estabelece crit\u00e9rios para a utiliza\u00e7\u00e3o de avi\u00f5es da For\u00e7a A\u00e9rea Brasileira (FAB) por autoridades p\u00fablicas. &nbsp; \u201cO projeto \u00e9 para [&hellip;]","og_url":"https:\/\/psol50.org.br\/psol-apresenta-projeto-com-criterios-para-uso-de-avioes-da-fab\/","og_site_name":"PSOL 50","article_publisher":"https:\/\/www.facebook.com\/psol50","article_published_time":"2013-07-08T00:00:00+00:00","og_image":[{"width":1350,"height":900,"url":"https:\/\/psol50.org.br\/inc\/uploads\/2018\/07\/capa.png","type":"image\/png"}],"author":"Comunica\u00e7\u00e3o PSOL","twitter_card":"summary_large_image","twitter_creator":"@psol50","twitter_site":"@psol50","twitter_misc":{"Escrito por":"Comunica\u00e7\u00e3o PSOL","Est. tempo de leitura":"1 minuto"},"schema":{"@context":"https:\/\/schema.org","@graph":[{"@type":"Article","@id":"https:\/\/psol50.org.br\/psol-apresenta-projeto-com-criterios-para-uso-de-avioes-da-fab\/#article","isPartOf":{"@id":"https:\/\/psol50.org.br\/psol-apresenta-projeto-com-criterios-para-uso-de-avioes-da-fab\/"},"author":{"name":"Comunica\u00e7\u00e3o PSOL","@id":"https:\/\/psol50.org.br\/#\/schema\/person\/475dfa57d0b815993c714c2e96491fcd"},"headline":"PSOL apresenta projeto com crit\u00e9rios para uso de avi\u00f5es da FAB","datePublished":"2013-07-08T00:00:00+00:00","mainEntityOfPage":{"@id":"https:\/\/psol50.org.br\/psol-apresenta-projeto-com-criterios-para-uso-de-avioes-da-fab\/"},"wordCount":237,"commentCount":0,"publisher":{"@id":"https:\/\/psol50.org.br\/#organization"},"keywords":["PSOL"],"articleSection":["Arquivo"],"inLanguage":"pt-BR","potentialAction":[{"@type":"CommentAction","name":"Comment","target":["https:\/\/psol50.org.br\/psol-apresenta-projeto-com-criterios-para-uso-de-avioes-da-fab\/#respond"]}]},{"@type":"WebPage","@id":"https:\/\/psol50.org.br\/psol-apresenta-projeto-com-criterios-para-uso-de-avioes-da-fab\/","url":"https:\/\/psol50.org.br\/psol-apresenta-projeto-com-criterios-para-uso-de-avioes-da-fab\/","name":"PSOL apresenta projeto com crit\u00e9rios para uso de avi\u00f5es da FAB - PSOL 50","isPartOf":{"@id":"https:\/\/psol50.org.br\/#website"},"datePublished":"2013-07-08T00:00:00+00:00","breadcrumb":{"@id":"https:\/\/psol50.org.br\/psol-apresenta-projeto-com-criterios-para-uso-de-avioes-da-fab\/#breadcrumb"},"inLanguage":"pt-BR","potentialAction":[{"@type":"ReadAction","target":["https:\/\/psol50.org.br\/psol-apresenta-projeto-com-criterios-para-uso-de-avioes-da-fab\/"]}]},{"@type":"BreadcrumbList","@id":"https:\/\/psol50.org.br\/psol-apresenta-projeto-com-criterios-para-uso-de-avioes-da-fab\/#breadcrumb","itemListElement":[{"@type":"ListItem","position":1,"name":"In\u00edcio","item":"https:\/\/psol50.org.br\/"},{"@type":"ListItem","position":2,"name":"PSOL apresenta projeto com crit\u00e9rios para uso de avi\u00f5es da FAB"}]},{"@type":"WebSite","@id":"https:\/\/psol50.org.br\/#website","url":"https:\/\/psol50.org.br\/","name":"PSOL 50","description":"Site oficial do Partido Socialismo e Liberdade","publisher":{"@id":"https:\/\/psol50.org.br\/#organization"},"alternateName":"PSOL50","potentialAction":[{"@type":"SearchAction","target":{"@type":"EntryPoint","urlTemplate":"https:\/\/psol50.org.br\/?s={search_term_string}"},"query-input":{"@type":"PropertyValueSpecification","valueRequired":true,"valueName":"search_term_string"}}],"inLanguage":"pt-BR"},{"@type":"Organization","@id":"https:\/\/psol50.org.br\/#organization","name":"PSOL 50","alternateName":"PSOL 50","url":"https:\/\/psol50.org.br\/","logo":{"@type":"ImageObject","inLanguage":"pt-BR","@id":"https:\/\/psol50.org.br\/#\/schema\/logo\/image\/","url":"https:\/\/psol50.org.br\/inc\/uploads\/2018\/07\/capa.png","contentUrl":"https:\/\/psol50.org.br\/inc\/uploads\/2018\/07\/capa.png","width":1350,"height":900,"caption":"PSOL 50"},"image":{"@id":"https:\/\/psol50.org.br\/#\/schema\/logo\/image\/"},"sameAs":["https:\/\/www.facebook.com\/psol50","https:\/\/x.com\/psol50","https:\/\/www.instagram.com\/psol50\/","https:\/\/www.youtube.com\/channel\/UC7SnJS5o1os7a6CaiNabzcg"]},{"@type":"Person","@id":"https:\/\/psol50.org.br\/#\/schema\/person\/475dfa57d0b815993c714c2e96491fcd","name":"Comunica\u00e7\u00e3o PSOL","image":{"@type":"ImageObject","inLanguage":"pt-BR","@id":"https:\/\/psol50.org.br\/#\/schema\/person\/image\/","url":"https:\/\/secure.gravatar.com\/avatar\/b34fc4f4e468a4e51785917065a3db57b841f5c95dba6ad8c73aaf8f66f8f9bf?s=96&d=mm&r=g","contentUrl":"https:\/\/secure.gravatar.com\/avatar\/b34fc4f4e468a4e51785917065a3db57b841f5c95dba6ad8c73aaf8f66f8f9bf?s=96&d=mm&r=g","caption":"Comunica\u00e7\u00e3o PSOL"}}]}},"_links":{"self":[{"href":"https:\/\/psol50.org.br\/rest\/wp\/v2\/posts\/2113","targetHints":{"allow":["GET"]}}],"collection":[{"href":"https:\/\/psol50.org.br\/rest\/wp\/v2\/posts"}],"about":[{"href":"https:\/\/psol50.org.br\/rest\/wp\/v2\/types\/post"}],"author":[{"embeddable":true,"href":"https:\/\/psol50.org.br\/rest\/wp\/v2\/users\/2"}],"replies":[{"embeddable":true,"href":"https:\/\/psol50.org.br\/rest\/wp\/v2\/comments?post=2113"}],"version-history":[{"count":0,"href":"https:\/\/psol50.org.br\/rest\/wp\/v2\/posts\/2113\/revisions"}],"wp:attachment":[{"href":"https:\/\/psol50.org.br\/rest\/wp\/v2\/media?parent=2113"}],"wp:term":[{"taxonomy":"category","embeddable":true,"href":"https:\/\/psol50.org.br\/rest\/wp\/v2\/categories?post=2113"},{"taxonomy":"post_tag","embeddable":true,"href":"https:\/\/psol50.org.br\/rest\/wp\/v2\/tags?post=2113"}],"curies":[{"name":"wp","href":"https:\/\/api.w.org\/{rel}","templated":true}]}}