{"id":21134,"date":"2018-07-17T19:44:03","date_gmt":"2018-07-17T22:44:03","guid":{"rendered":"https:\/\/www.psol50.org.br\/?p=21134"},"modified":"2018-07-17T19:44:03","modified_gmt":"2018-07-17T22:44:03","slug":"convencao-eleitoral-do-psol-confirmara-chapa-guilherme-boulos-e-sonia-guajajara-a-presidencia-da-republica","status":"publish","type":"post","link":"https:\/\/psol50.org.br\/convencao-eleitoral-do-psol-confirmara-chapa-guilherme-boulos-e-sonia-guajajara-a-presidencia-da-republica\/","title":{"rendered":"Conven\u00e7\u00e3o eleitoral do PSOL confirmar\u00e1 chapa Guilherme Boulos e S\u00f4nia Guajajara \u00e0 Presid\u00eancia da Rep\u00fablica"},"content":{"rendered":"<p>O PSOL realiza neste s\u00e1bado (21\/07), no Hotel Excelsior (Avenida Ipiranga, 770, Centro), em S\u00e3o Paulo, sua conven\u00e7\u00e3o eleitoral para confirmar a escolha de Guilherme Boulos e S\u00f4nia Guajajara como candidatos pelo partido nas elei\u00e7\u00f5es de outubro, na disputa ao Pal\u00e1cio do Planalto. A conven\u00e7\u00e3o ser\u00e1 composta pelos 61 membros do Diret\u00f3rio Nacional, que ter\u00e3o direito a voto, e contar\u00e1, ainda, com a presen\u00e7a de parlamentares do partido, de pr\u00e9-candidatos aos governos estaduais, \u00e0 C\u00e2mara dos Deputados, ao Senado Federal e \u00e0s assembleias legislativas, e de militantes do MTST (Movimento dos Trabalhadores Sem Teto), do PCB e de organiza\u00e7\u00f5es ind\u00edgenas.<\/p>\n<p>O evento ter\u00e1 dois per\u00edodos. A parte da manh\u00e3, que vai debater e votar o programa do PSOL para as elei\u00e7\u00f5es de 2018; e a parte da tarde, que homologar\u00e1 a coliga\u00e7\u00e3o e a chapa presidencial, aprovada pela Confer\u00eancia Eleitoral Nacional do PSOL, realizada em mar\u00e7o de 2018.<\/p>\n<p>Ap\u00f3s o ato pol\u00edtico, o partido realizar\u00e1, \u00e0s 16h30, uma coletiva de imprensa, oportunidade em que o presidente nacional do PSOL, Juliano Medeiros, e os pr\u00e9-candidatos Guilherme Boulos e S\u00f4nia Guajajara responder\u00e3o \u00e0s perguntas dos ve\u00edculos presentes.<\/p>\n","protected":false},"excerpt":{"rendered":"<p>O PSOL realiza neste s\u00e1bado (21\/07), no Hotel Excelsior (Avenida Ipiranga, 770, Centro), em S\u00e3o Paulo, sua conven\u00e7\u00e3o eleitoral para confirmar a escolha de Guilherme Boulos e S\u00f4nia Guajajara como candidatos pelo partido nas elei\u00e7\u00f5es de outubro, na disputa ao Pal\u00e1cio do Planalto. A conven\u00e7\u00e3o ser\u00e1 composta pelos 61 membros do Diret\u00f3rio Nacional, que ter\u00e3o [&hellip;]<\/p>\n","protected":false},"author":2,"featured_media":21137,"comment_status":"open","ping_status":"open","sticky":false,"template":"","format":"standard","meta":{"_acf_changed":false,"footnotes":""},"categories":[1882,2165,6,14],"tags":[2660,1604,977,283,1170],"class_list":{"0":"post-21134","1":"post","2":"type-post","3":"status-publish","4":"format-standard","5":"has-post-thumbnail","7":"category-brasil","8":"category-eleicoes-2018","9":"category-noticias","10":"category-partido","11":"tag-convencao-eleitoral","12":"tag-eleicoes-2018","13":"tag-guilherme-boulos","14":"tag-presidente","15":"tag-sonia-guajajara"},"acf":[],"yoast_head":"<!-- This site is optimized with the Yoast SEO plugin v26.5 - https:\/\/yoast.com\/wordpress\/plugins\/seo\/ -->\n<title>Conven\u00e7\u00e3o eleitoral do PSOL confirmar\u00e1 chapa Guilherme Boulos e S\u00f4nia Guajajara \u00e0 Presid\u00eancia da Rep\u00fablica - PSOL 50<\/title>\n<meta name=\"robots\" content=\"index, follow, max-snippet:-1, max-image-preview:large, max-video-preview:-1\" \/>\n<link rel=\"canonical\" href=\"https:\/\/psol50.org.br\/convencao-eleitoral-do-psol-confirmara-chapa-guilherme-boulos-e-sonia-guajajara-a-presidencia-da-republica\/\" \/>\n<meta property=\"og:locale\" content=\"pt_BR\" \/>\n<meta property=\"og:type\" content=\"article\" \/>\n<meta property=\"og:title\" content=\"PSOL realiza Conven\u00e7\u00e3o para oficializar chapa Boulos e Sonia neste s\u00e1bado\" \/>\n<meta property=\"og:description\" content=\"#BoulosESonia #Vamos2018\" \/>\n<meta property=\"og:url\" content=\"https:\/\/psol50.org.br\/convencao-eleitoral-do-psol-confirmara-chapa-guilherme-boulos-e-sonia-guajajara-a-presidencia-da-republica\/\" \/>\n<meta property=\"og:site_name\" content=\"PSOL 50\" \/>\n<meta property=\"article:publisher\" content=\"https:\/\/www.facebook.com\/psol50\" \/>\n<meta property=\"article:published_time\" content=\"2018-07-17T22:44:03+00:00\" \/>\n<meta property=\"og:image\" content=\"https:\/\/psol50.org.br\/inc\/uploads\/2018\/07\/capa.png\" \/>\n\t<meta property=\"og:image:width\" content=\"1350\" \/>\n\t<meta property=\"og:image:height\" content=\"900\" \/>\n\t<meta property=\"og:image:type\" content=\"image\/png\" \/>\n<meta name=\"author\" content=\"Comunica\u00e7\u00e3o PSOL\" \/>\n<meta name=\"twitter:card\" content=\"summary_large_image\" \/>\n<meta name=\"twitter:title\" content=\"PSOL realiza Conven\u00e7\u00e3o para oficializar chapa Boulos e Sonia neste s\u00e1bado\" \/>\n<meta name=\"twitter:description\" content=\"#BoulosESonia #Vamos2018\" \/>\n<meta name=\"twitter:image\" content=\"https:\/\/www.psol50.org.br\/inc\/uploads\/2018\/07\/CONVENC\u0327A\u0303O_cards-03.png\" \/>\n<meta name=\"twitter:creator\" content=\"@psol50\" \/>\n<meta name=\"twitter:site\" content=\"@psol50\" \/>\n<meta name=\"twitter:label1\" content=\"Escrito por\" \/>\n\t<meta name=\"twitter:data1\" content=\"Comunica\u00e7\u00e3o PSOL\" \/>\n\t<meta name=\"twitter:label2\" content=\"Est. tempo de leitura\" \/>\n\t<meta name=\"twitter:data2\" content=\"1 minuto\" \/>\n<script type=\"application\/ld+json\" class=\"yoast-schema-graph\">{\"@context\":\"https:\/\/schema.org\",\"@graph\":[{\"@type\":\"Article\",\"@id\":\"https:\/\/psol50.org.br\/convencao-eleitoral-do-psol-confirmara-chapa-guilherme-boulos-e-sonia-guajajara-a-presidencia-da-republica\/#article\",\"isPartOf\":{\"@id\":\"https:\/\/psol50.org.br\/convencao-eleitoral-do-psol-confirmara-chapa-guilherme-boulos-e-sonia-guajajara-a-presidencia-da-republica\/\"},\"author\":{\"name\":\"Comunica\u00e7\u00e3o PSOL\",\"@id\":\"https:\/\/psol50.org.br\/#\/schema\/person\/475dfa57d0b815993c714c2e96491fcd\"},\"headline\":\"Conven\u00e7\u00e3o eleitoral do PSOL confirmar\u00e1 chapa Guilherme Boulos e S\u00f4nia Guajajara \u00e0 Presid\u00eancia da Rep\u00fablica\",\"datePublished\":\"2018-07-17T22:44:03+00:00\",\"mainEntityOfPage\":{\"@id\":\"https:\/\/psol50.org.br\/convencao-eleitoral-do-psol-confirmara-chapa-guilherme-boulos-e-sonia-guajajara-a-presidencia-da-republica\/\"},\"wordCount\":222,\"commentCount\":0,\"publisher\":{\"@id\":\"https:\/\/psol50.org.br\/#organization\"},\"image\":{\"@id\":\"https:\/\/psol50.org.br\/convencao-eleitoral-do-psol-confirmara-chapa-guilherme-boulos-e-sonia-guajajara-a-presidencia-da-republica\/#primaryimage\"},\"thumbnailUrl\":\"\",\"keywords\":[\"conven\u00e7\u00e3o eleitoral\",\"Elei\u00e7\u00f5es 2018\",\"Guilherme Boulos\",\"presidente\",\"S\u00f4nia Guajajara\"],\"articleSection\":[\"Brasil\",\"Elei\u00e7\u00f5es 2018\",\"Not\u00edcias\",\"Partido\"],\"inLanguage\":\"pt-BR\",\"potentialAction\":[{\"@type\":\"CommentAction\",\"name\":\"Comment\",\"target\":[\"https:\/\/psol50.org.br\/convencao-eleitoral-do-psol-confirmara-chapa-guilherme-boulos-e-sonia-guajajara-a-presidencia-da-republica\/#respond\"]}]},{\"@type\":\"WebPage\",\"@id\":\"https:\/\/psol50.org.br\/convencao-eleitoral-do-psol-confirmara-chapa-guilherme-boulos-e-sonia-guajajara-a-presidencia-da-republica\/\",\"url\":\"https:\/\/psol50.org.br\/convencao-eleitoral-do-psol-confirmara-chapa-guilherme-boulos-e-sonia-guajajara-a-presidencia-da-republica\/\",\"name\":\"Conven\u00e7\u00e3o eleitoral do PSOL confirmar\u00e1 chapa Guilherme Boulos e S\u00f4nia Guajajara \u00e0 Presid\u00eancia da Rep\u00fablica - PSOL 50\",\"isPartOf\":{\"@id\":\"https:\/\/psol50.org.br\/#website\"},\"primaryImageOfPage\":{\"@id\":\"https:\/\/psol50.org.br\/convencao-eleitoral-do-psol-confirmara-chapa-guilherme-boulos-e-sonia-guajajara-a-presidencia-da-republica\/#primaryimage\"},\"image\":{\"@id\":\"https:\/\/psol50.org.br\/convencao-eleitoral-do-psol-confirmara-chapa-guilherme-boulos-e-sonia-guajajara-a-presidencia-da-republica\/#primaryimage\"},\"thumbnailUrl\":\"\",\"datePublished\":\"2018-07-17T22:44:03+00:00\",\"breadcrumb\":{\"@id\":\"https:\/\/psol50.org.br\/convencao-eleitoral-do-psol-confirmara-chapa-guilherme-boulos-e-sonia-guajajara-a-presidencia-da-republica\/#breadcrumb\"},\"inLanguage\":\"pt-BR\",\"potentialAction\":[{\"@type\":\"ReadAction\",\"target\":[\"https:\/\/psol50.org.br\/convencao-eleitoral-do-psol-confirmara-chapa-guilherme-boulos-e-sonia-guajajara-a-presidencia-da-republica\/\"]}]},{\"@type\":\"ImageObject\",\"inLanguage\":\"pt-BR\",\"@id\":\"https:\/\/psol50.org.br\/convencao-eleitoral-do-psol-confirmara-chapa-guilherme-boulos-e-sonia-guajajara-a-presidencia-da-republica\/#primaryimage\",\"url\":\"\",\"contentUrl\":\"\"},{\"@type\":\"BreadcrumbList\",\"@id\":\"https:\/\/psol50.org.br\/convencao-eleitoral-do-psol-confirmara-chapa-guilherme-boulos-e-sonia-guajajara-a-presidencia-da-republica\/#breadcrumb\",\"itemListElement\":[{\"@type\":\"ListItem\",\"position\":1,\"name\":\"In\u00edcio\",\"item\":\"https:\/\/psol50.org.br\/\"},{\"@type\":\"ListItem\",\"position\":2,\"name\":\"Conven\u00e7\u00e3o eleitoral do PSOL confirmar\u00e1 chapa Guilherme Boulos e S\u00f4nia Guajajara \u00e0 Presid\u00eancia da Rep\u00fablica\"}]},{\"@type\":\"WebSite\",\"@id\":\"https:\/\/psol50.org.br\/#website\",\"url\":\"https:\/\/psol50.org.br\/\",\"name\":\"PSOL 50\",\"description\":\"Site oficial do Partido Socialismo e Liberdade\",\"publisher\":{\"@id\":\"https:\/\/psol50.org.br\/#organization\"},\"alternateName\":\"PSOL50\",\"potentialAction\":[{\"@type\":\"SearchAction\",\"target\":{\"@type\":\"EntryPoint\",\"urlTemplate\":\"https:\/\/psol50.org.br\/?s={search_term_string}\"},\"query-input\":{\"@type\":\"PropertyValueSpecification\",\"valueRequired\":true,\"valueName\":\"search_term_string\"}}],\"inLanguage\":\"pt-BR\"},{\"@type\":\"Organization\",\"@id\":\"https:\/\/psol50.org.br\/#organization\",\"name\":\"PSOL 50\",\"alternateName\":\"PSOL 50\",\"url\":\"https:\/\/psol50.org.br\/\",\"logo\":{\"@type\":\"ImageObject\",\"inLanguage\":\"pt-BR\",\"@id\":\"https:\/\/psol50.org.br\/#\/schema\/logo\/image\/\",\"url\":\"https:\/\/psol50.org.br\/inc\/uploads\/2018\/07\/capa.png\",\"contentUrl\":\"https:\/\/psol50.org.br\/inc\/uploads\/2018\/07\/capa.png\",\"width\":1350,\"height\":900,\"caption\":\"PSOL 50\"},\"image\":{\"@id\":\"https:\/\/psol50.org.br\/#\/schema\/logo\/image\/\"},\"sameAs\":[\"https:\/\/www.facebook.com\/psol50\",\"https:\/\/x.com\/psol50\",\"https:\/\/www.instagram.com\/psol50\/\",\"https:\/\/www.youtube.com\/channel\/UC7SnJS5o1os7a6CaiNabzcg\"]},{\"@type\":\"Person\",\"@id\":\"https:\/\/psol50.org.br\/#\/schema\/person\/475dfa57d0b815993c714c2e96491fcd\",\"name\":\"Comunica\u00e7\u00e3o PSOL\",\"image\":{\"@type\":\"ImageObject\",\"inLanguage\":\"pt-BR\",\"@id\":\"https:\/\/psol50.org.br\/#\/schema\/person\/image\/\",\"url\":\"https:\/\/secure.gravatar.com\/avatar\/b34fc4f4e468a4e51785917065a3db57b841f5c95dba6ad8c73aaf8f66f8f9bf?s=96&d=mm&r=g\",\"contentUrl\":\"https:\/\/secure.gravatar.com\/avatar\/b34fc4f4e468a4e51785917065a3db57b841f5c95dba6ad8c73aaf8f66f8f9bf?s=96&d=mm&r=g\",\"caption\":\"Comunica\u00e7\u00e3o PSOL\"}}]}<\/script>\n<!-- \/ Yoast SEO plugin. -->","yoast_head_json":{"title":"Conven\u00e7\u00e3o eleitoral do PSOL confirmar\u00e1 chapa Guilherme Boulos e S\u00f4nia Guajajara \u00e0 Presid\u00eancia da Rep\u00fablica - PSOL 50","robots":{"index":"index","follow":"follow","max-snippet":"max-snippet:-1","max-image-preview":"max-image-preview:large","max-video-preview":"max-video-preview:-1"},"canonical":"https:\/\/psol50.org.br\/convencao-eleitoral-do-psol-confirmara-chapa-guilherme-boulos-e-sonia-guajajara-a-presidencia-da-republica\/","og_locale":"pt_BR","og_type":"article","og_title":"PSOL realiza Conven\u00e7\u00e3o para oficializar chapa Boulos e Sonia neste s\u00e1bado","og_description":"#BoulosESonia #Vamos2018","og_url":"https:\/\/psol50.org.br\/convencao-eleitoral-do-psol-confirmara-chapa-guilherme-boulos-e-sonia-guajajara-a-presidencia-da-republica\/","og_site_name":"PSOL 50","article_publisher":"https:\/\/www.facebook.com\/psol50","article_published_time":"2018-07-17T22:44:03+00:00","og_image":[{"width":1350,"height":900,"url":"https:\/\/psol50.org.br\/inc\/uploads\/2018\/07\/capa.png","type":"image\/png"}],"author":"Comunica\u00e7\u00e3o PSOL","twitter_card":"summary_large_image","twitter_title":"PSOL realiza Conven\u00e7\u00e3o para oficializar chapa Boulos e Sonia neste s\u00e1bado","twitter_description":"#BoulosESonia #Vamos2018","twitter_image":"https:\/\/www.psol50.org.br\/inc\/uploads\/2018\/07\/CONVENC\u0327A\u0303O_cards-03.png","twitter_creator":"@psol50","twitter_site":"@psol50","twitter_misc":{"Escrito por":"Comunica\u00e7\u00e3o PSOL","Est. tempo de leitura":"1 minuto"},"schema":{"@context":"https:\/\/schema.org","@graph":[{"@type":"Article","@id":"https:\/\/psol50.org.br\/convencao-eleitoral-do-psol-confirmara-chapa-guilherme-boulos-e-sonia-guajajara-a-presidencia-da-republica\/#article","isPartOf":{"@id":"https:\/\/psol50.org.br\/convencao-eleitoral-do-psol-confirmara-chapa-guilherme-boulos-e-sonia-guajajara-a-presidencia-da-republica\/"},"author":{"name":"Comunica\u00e7\u00e3o PSOL","@id":"https:\/\/psol50.org.br\/#\/schema\/person\/475dfa57d0b815993c714c2e96491fcd"},"headline":"Conven\u00e7\u00e3o eleitoral do PSOL confirmar\u00e1 chapa Guilherme Boulos e S\u00f4nia Guajajara \u00e0 Presid\u00eancia da Rep\u00fablica","datePublished":"2018-07-17T22:44:03+00:00","mainEntityOfPage":{"@id":"https:\/\/psol50.org.br\/convencao-eleitoral-do-psol-confirmara-chapa-guilherme-boulos-e-sonia-guajajara-a-presidencia-da-republica\/"},"wordCount":222,"commentCount":0,"publisher":{"@id":"https:\/\/psol50.org.br\/#organization"},"image":{"@id":"https:\/\/psol50.org.br\/convencao-eleitoral-do-psol-confirmara-chapa-guilherme-boulos-e-sonia-guajajara-a-presidencia-da-republica\/#primaryimage"},"thumbnailUrl":"","keywords":["conven\u00e7\u00e3o eleitoral","Elei\u00e7\u00f5es 2018","Guilherme Boulos","presidente","S\u00f4nia Guajajara"],"articleSection":["Brasil","Elei\u00e7\u00f5es 2018","Not\u00edcias","Partido"],"inLanguage":"pt-BR","potentialAction":[{"@type":"CommentAction","name":"Comment","target":["https:\/\/psol50.org.br\/convencao-eleitoral-do-psol-confirmara-chapa-guilherme-boulos-e-sonia-guajajara-a-presidencia-da-republica\/#respond"]}]},{"@type":"WebPage","@id":"https:\/\/psol50.org.br\/convencao-eleitoral-do-psol-confirmara-chapa-guilherme-boulos-e-sonia-guajajara-a-presidencia-da-republica\/","url":"https:\/\/psol50.org.br\/convencao-eleitoral-do-psol-confirmara-chapa-guilherme-boulos-e-sonia-guajajara-a-presidencia-da-republica\/","name":"Conven\u00e7\u00e3o eleitoral do PSOL confirmar\u00e1 chapa Guilherme Boulos e S\u00f4nia Guajajara \u00e0 Presid\u00eancia da Rep\u00fablica - PSOL 50","isPartOf":{"@id":"https:\/\/psol50.org.br\/#website"},"primaryImageOfPage":{"@id":"https:\/\/psol50.org.br\/convencao-eleitoral-do-psol-confirmara-chapa-guilherme-boulos-e-sonia-guajajara-a-presidencia-da-republica\/#primaryimage"},"image":{"@id":"https:\/\/psol50.org.br\/convencao-eleitoral-do-psol-confirmara-chapa-guilherme-boulos-e-sonia-guajajara-a-presidencia-da-republica\/#primaryimage"},"thumbnailUrl":"","datePublished":"2018-07-17T22:44:03+00:00","breadcrumb":{"@id":"https:\/\/psol50.org.br\/convencao-eleitoral-do-psol-confirmara-chapa-guilherme-boulos-e-sonia-guajajara-a-presidencia-da-republica\/#breadcrumb"},"inLanguage":"pt-BR","potentialAction":[{"@type":"ReadAction","target":["https:\/\/psol50.org.br\/convencao-eleitoral-do-psol-confirmara-chapa-guilherme-boulos-e-sonia-guajajara-a-presidencia-da-republica\/"]}]},{"@type":"ImageObject","inLanguage":"pt-BR","@id":"https:\/\/psol50.org.br\/convencao-eleitoral-do-psol-confirmara-chapa-guilherme-boulos-e-sonia-guajajara-a-presidencia-da-republica\/#primaryimage","url":"","contentUrl":""},{"@type":"BreadcrumbList","@id":"https:\/\/psol50.org.br\/convencao-eleitoral-do-psol-confirmara-chapa-guilherme-boulos-e-sonia-guajajara-a-presidencia-da-republica\/#breadcrumb","itemListElement":[{"@type":"ListItem","position":1,"name":"In\u00edcio","item":"https:\/\/psol50.org.br\/"},{"@type":"ListItem","position":2,"name":"Conven\u00e7\u00e3o eleitoral do PSOL confirmar\u00e1 chapa Guilherme Boulos e S\u00f4nia Guajajara \u00e0 Presid\u00eancia da Rep\u00fablica"}]},{"@type":"WebSite","@id":"https:\/\/psol50.org.br\/#website","url":"https:\/\/psol50.org.br\/","name":"PSOL 50","description":"Site oficial do Partido Socialismo e Liberdade","publisher":{"@id":"https:\/\/psol50.org.br\/#organization"},"alternateName":"PSOL50","potentialAction":[{"@type":"SearchAction","target":{"@type":"EntryPoint","urlTemplate":"https:\/\/psol50.org.br\/?s={search_term_string}"},"query-input":{"@type":"PropertyValueSpecification","valueRequired":true,"valueName":"search_term_string"}}],"inLanguage":"pt-BR"},{"@type":"Organization","@id":"https:\/\/psol50.org.br\/#organization","name":"PSOL 50","alternateName":"PSOL 50","url":"https:\/\/psol50.org.br\/","logo":{"@type":"ImageObject","inLanguage":"pt-BR","@id":"https:\/\/psol50.org.br\/#\/schema\/logo\/image\/","url":"https:\/\/psol50.org.br\/inc\/uploads\/2018\/07\/capa.png","contentUrl":"https:\/\/psol50.org.br\/inc\/uploads\/2018\/07\/capa.png","width":1350,"height":900,"caption":"PSOL 50"},"image":{"@id":"https:\/\/psol50.org.br\/#\/schema\/logo\/image\/"},"sameAs":["https:\/\/www.facebook.com\/psol50","https:\/\/x.com\/psol50","https:\/\/www.instagram.com\/psol50\/","https:\/\/www.youtube.com\/channel\/UC7SnJS5o1os7a6CaiNabzcg"]},{"@type":"Person","@id":"https:\/\/psol50.org.br\/#\/schema\/person\/475dfa57d0b815993c714c2e96491fcd","name":"Comunica\u00e7\u00e3o PSOL","image":{"@type":"ImageObject","inLanguage":"pt-BR","@id":"https:\/\/psol50.org.br\/#\/schema\/person\/image\/","url":"https:\/\/secure.gravatar.com\/avatar\/b34fc4f4e468a4e51785917065a3db57b841f5c95dba6ad8c73aaf8f66f8f9bf?s=96&d=mm&r=g","contentUrl":"https:\/\/secure.gravatar.com\/avatar\/b34fc4f4e468a4e51785917065a3db57b841f5c95dba6ad8c73aaf8f66f8f9bf?s=96&d=mm&r=g","caption":"Comunica\u00e7\u00e3o PSOL"}}]}},"_links":{"self":[{"href":"https:\/\/psol50.org.br\/rest\/wp\/v2\/posts\/21134","targetHints":{"allow":["GET"]}}],"collection":[{"href":"https:\/\/psol50.org.br\/rest\/wp\/v2\/posts"}],"about":[{"href":"https:\/\/psol50.org.br\/rest\/wp\/v2\/types\/post"}],"author":[{"embeddable":true,"href":"https:\/\/psol50.org.br\/rest\/wp\/v2\/users\/2"}],"replies":[{"embeddable":true,"href":"https:\/\/psol50.org.br\/rest\/wp\/v2\/comments?post=21134"}],"version-history":[{"count":0,"href":"https:\/\/psol50.org.br\/rest\/wp\/v2\/posts\/21134\/revisions"}],"wp:featuredmedia":[{"embeddable":true,"href":"https:\/\/psol50.org.br\/rest\/"}],"wp:attachment":[{"href":"https:\/\/psol50.org.br\/rest\/wp\/v2\/media?parent=21134"}],"wp:term":[{"taxonomy":"category","embeddable":true,"href":"https:\/\/psol50.org.br\/rest\/wp\/v2\/categories?post=21134"},{"taxonomy":"post_tag","embeddable":true,"href":"https:\/\/psol50.org.br\/rest\/wp\/v2\/tags?post=21134"}],"curies":[{"name":"wp","href":"https:\/\/api.w.org\/{rel}","templated":true}]}}