{"id":21161,"date":"2018-07-23T10:54:37","date_gmt":"2018-07-23T13:54:37","guid":{"rendered":"https:\/\/www.psol50.org.br\/?p=21161"},"modified":"2018-07-23T10:54:37","modified_gmt":"2018-07-23T13:54:37","slug":"toda-solidariedade-a-luta-do-povo-haitiano","status":"publish","type":"post","link":"https:\/\/psol50.org.br\/toda-solidariedade-a-luta-do-povo-haitiano\/","title":{"rendered":"Toda solidariedade \u00e0 luta do povo haitiano"},"content":{"rendered":"<p>Uma insurrei\u00e7\u00e3o popular colocou em cheque os planos de ajuste do Fundo Monet\u00e1rio Internacional (FMI) para o Haiti. O an\u00fancio do fim dos subs\u00eddios aos produtos derivados do petr\u00f3leo gerou um aumento de at\u00e9 51% nos combust\u00edveis e atingiu de imediato o setor de transportes e o abastecimento de energia, dando in\u00edcio as maiores mobiliza\u00e7\u00f5es das \u00faltimas duas d\u00e9cadas no pa\u00eds. Entre os dias 6 e 8 de julho, barricadas foram erguidas nas ruas e os s\u00edmbolos do poder como pr\u00e9dios governamentais, centros comerciais e os escandalosos hot\u00e9is de luxo constru\u00eddos com investimento p\u00fablico foram incendiados e destru\u00eddos pela popula\u00e7\u00e3o. O segundo momento veio sob a forma de greve geral, a partir do chamado dos trabalhadores de transporte que se alastrou pelo pa\u00eds nos dias 9 e 10, resultando na revoga\u00e7\u00e3o dos reajustes draconianos e a ren\u00fancia do primeiro-ministro Jack Guy Lafontant.<\/p>\n<p>Nesse momento, o presidente Jovenal Moise (Partido T\u00e8t Kale) tenta acalmar os \u00e2nimos populares criando expectativa sobre a escolha do novo primeiro-ministro, mas a verdade \u00e9 que n\u00e3o possui legimitidade alguma para governar. Eleito num pleito fraudulento em 2016 \u2013 com cerca de 80% de absten\u00e7\u00e3o -, tenta agora costurar um grande acordo nacional entre a fracionada elite haitiana e a MINUJUSTH (Miss\u00e3o das Na\u00e7\u00f5es Unidas de Apoio \u00e0 Justi\u00e7a no Haiti), entretanto, tal miss\u00e3o \u00e9 feita sem abrir m\u00e3o das negocia\u00e7\u00f5es com o FMI, que insiste no fim dos subs\u00eddios, em privatiza\u00e7\u00f5es e na manuten\u00e7\u00e3o da pol\u00edtica econ\u00f4mica em curso.<\/p>\n<p>A crise social e humanit\u00e1ria se agrava ano ap\u00f3s ano. A sequ\u00eancia tr\u00e1gica de terremotos debilitou a prec\u00e1ria rede de infra-estrutura da ilha e hoje quase 40% da popula\u00e7\u00e3o n\u00e3o tem acesso \u00e0 agua pot\u00e1vel e 76% vive sem saneamento b\u00e1sico. A epidemia de c\u00f3lera, trazida por soldados nepaleses da antiga MINUSTAH (Miss\u00e3o das Na\u00e7\u00f5es Unidas para a Estabiliza\u00e7\u00e3o no Haiti ), j\u00e1 matou mais de 10 mil pessoas e nenhuma medida reparat\u00f3ria foi tomada pela ONU. Com a alta da moeda estadunidense, a dolariza\u00e7\u00e3o da economia tem provocado crescimento da infla\u00e7\u00e3o \u2013 entre 11% e 15% &#8211; enquanto o sal\u00e1rio m\u00e9dio gira em torno de U$ 6 di\u00e1rios e 70% da popula\u00e7\u00e3o est\u00e1 desempregada.<\/p>\n<p>A solidariedade dos movimentos sociais e organiza\u00e7\u00f5es pol\u00edticas brasileiras faz-se necess\u00e1ria. Entre 2004 e 2017, o Itamary esteve \u00e0 frente da ocupa\u00e7\u00e3o militar no Haiti, que agora comprova seu balan\u00e7o negativo com a crescente crise social. Travestida de \u201cajuda humanit\u00e1ria\u201d, a MINUSTAH foi a sa\u00edda encontrada pelo imperialismo para terceirizar mais uma ocupa\u00e7\u00e3o na ilha e funcionou como tropa pr\u00f3-implementa\u00e7\u00e3o do novo regime de explora\u00e7\u00e3o no pa\u00eds, al\u00e9m de um macabro campo de treinamento para a\u00e7\u00f5es como as ocupa\u00e7\u00f5es de favela pelo Ex\u00e9rcito no Rio de Janeiro.<\/p>\n<p>O povo haitiano honra sua hist\u00f3ria rebelde mais uma vez. Com o esp\u00edrito dos primeiros homens e mulheres a se libertarem do julgo colonial no s\u00e9culo XIX, agora conclamam os povos latino-americanos a resistirem aos planos de recoloniza\u00e7\u00e3o, em defesa dos direitos sociais e da autodetermina\u00e7\u00e3o dos povos!<\/p>\n<p><strong>Executiva Nacional do PSOL<\/strong><\/p>\n<p><strong>Julho de 2018<\/strong><\/p>\n","protected":false},"excerpt":{"rendered":"<p>Uma insurrei\u00e7\u00e3o popular colocou em cheque os planos de ajuste do Fundo Monet\u00e1rio Internacional (FMI) para o Haiti. O an\u00fancio do fim dos subs\u00eddios aos produtos derivados do petr\u00f3leo gerou um aumento de at\u00e9 51% nos combust\u00edveis e atingiu de imediato o setor de transportes e o abastecimento de energia, dando in\u00edcio as maiores mobiliza\u00e7\u00f5es [&hellip;]<\/p>\n","protected":false},"author":2,"featured_media":21163,"comment_status":"open","ping_status":"open","sticky":false,"template":"","format":"standard","meta":{"_acf_changed":false,"footnotes":""},"categories":[1882,836,6,14,72],"tags":[242,1740,1216,243],"class_list":{"0":"post-21161","1":"post","2":"type-post","3":"status-publish","4":"format-standard","5":"has-post-thumbnail","7":"category-brasil","8":"category-internacional","9":"category-noticias","10":"category-partido","11":"category-resolucoes","12":"tag-executiva-nacional-do-psol","13":"tag-haiti","14":"tag-internacional","15":"tag-nota-do-psol"},"acf":[],"yoast_head":"<!-- This site is optimized with the Yoast SEO plugin v26.5 - https:\/\/yoast.com\/wordpress\/plugins\/seo\/ -->\n<title>Toda solidariedade \u00e0 luta do povo haitiano - PSOL 50<\/title>\n<meta name=\"robots\" content=\"index, follow, max-snippet:-1, max-image-preview:large, max-video-preview:-1\" \/>\n<link rel=\"canonical\" href=\"https:\/\/psol50.org.br\/toda-solidariedade-a-luta-do-povo-haitiano\/\" \/>\n<meta property=\"og:locale\" content=\"pt_BR\" \/>\n<meta property=\"og:type\" content=\"article\" \/>\n<meta property=\"og:title\" content=\"Toda solidariedade \u00e0 luta do povo haitiano - PSOL 50\" \/>\n<meta property=\"og:description\" content=\"Uma insurrei\u00e7\u00e3o popular colocou em cheque os planos de ajuste do Fundo Monet\u00e1rio Internacional (FMI) para o Haiti. O an\u00fancio do fim dos subs\u00eddios aos produtos derivados do petr\u00f3leo gerou um aumento de at\u00e9 51% nos combust\u00edveis e atingiu de imediato o setor de transportes e o abastecimento de energia, dando in\u00edcio as maiores mobiliza\u00e7\u00f5es [&hellip;]\" \/>\n<meta property=\"og:url\" content=\"https:\/\/psol50.org.br\/toda-solidariedade-a-luta-do-povo-haitiano\/\" \/>\n<meta property=\"og:site_name\" content=\"PSOL 50\" \/>\n<meta property=\"article:publisher\" content=\"https:\/\/www.facebook.com\/psol50\" \/>\n<meta property=\"article:published_time\" content=\"2018-07-23T13:54:37+00:00\" \/>\n<meta property=\"og:image\" content=\"https:\/\/psol50.org.br\/inc\/uploads\/2018\/07\/capa.png\" \/>\n\t<meta property=\"og:image:width\" content=\"1350\" \/>\n\t<meta property=\"og:image:height\" content=\"900\" \/>\n\t<meta property=\"og:image:type\" content=\"image\/png\" \/>\n<meta name=\"author\" content=\"Comunica\u00e7\u00e3o PSOL\" \/>\n<meta name=\"twitter:card\" content=\"summary_large_image\" \/>\n<meta name=\"twitter:creator\" content=\"@psol50\" \/>\n<meta name=\"twitter:site\" content=\"@psol50\" \/>\n<meta name=\"twitter:label1\" content=\"Escrito por\" \/>\n\t<meta name=\"twitter:data1\" content=\"Comunica\u00e7\u00e3o PSOL\" \/>\n\t<meta name=\"twitter:label2\" content=\"Est. tempo de leitura\" \/>\n\t<meta name=\"twitter:data2\" content=\"3 minutos\" \/>\n<script type=\"application\/ld+json\" class=\"yoast-schema-graph\">{\"@context\":\"https:\/\/schema.org\",\"@graph\":[{\"@type\":\"Article\",\"@id\":\"https:\/\/psol50.org.br\/toda-solidariedade-a-luta-do-povo-haitiano\/#article\",\"isPartOf\":{\"@id\":\"https:\/\/psol50.org.br\/toda-solidariedade-a-luta-do-povo-haitiano\/\"},\"author\":{\"name\":\"Comunica\u00e7\u00e3o PSOL\",\"@id\":\"https:\/\/psol50.org.br\/#\/schema\/person\/475dfa57d0b815993c714c2e96491fcd\"},\"headline\":\"Toda solidariedade \u00e0 luta do povo haitiano\",\"datePublished\":\"2018-07-23T13:54:37+00:00\",\"mainEntityOfPage\":{\"@id\":\"https:\/\/psol50.org.br\/toda-solidariedade-a-luta-do-povo-haitiano\/\"},\"wordCount\":556,\"commentCount\":0,\"publisher\":{\"@id\":\"https:\/\/psol50.org.br\/#organization\"},\"image\":{\"@id\":\"https:\/\/psol50.org.br\/toda-solidariedade-a-luta-do-povo-haitiano\/#primaryimage\"},\"thumbnailUrl\":\"https:\/\/psol50.org.br\/inc\/uploads\/2018\/07\/capa.png\",\"keywords\":[\"Executiva Nacional do PSOL\",\"Haiti\",\"Internacional\",\"Nota do PSOL\"],\"articleSection\":[\"Brasil\",\"Internacional\",\"Not\u00edcias\",\"Partido\",\"Resolu\u00e7\u00f5es\"],\"inLanguage\":\"pt-BR\",\"potentialAction\":[{\"@type\":\"CommentAction\",\"name\":\"Comment\",\"target\":[\"https:\/\/psol50.org.br\/toda-solidariedade-a-luta-do-povo-haitiano\/#respond\"]}]},{\"@type\":\"WebPage\",\"@id\":\"https:\/\/psol50.org.br\/toda-solidariedade-a-luta-do-povo-haitiano\/\",\"url\":\"https:\/\/psol50.org.br\/toda-solidariedade-a-luta-do-povo-haitiano\/\",\"name\":\"Toda solidariedade \u00e0 luta do povo haitiano - PSOL 50\",\"isPartOf\":{\"@id\":\"https:\/\/psol50.org.br\/#website\"},\"primaryImageOfPage\":{\"@id\":\"https:\/\/psol50.org.br\/toda-solidariedade-a-luta-do-povo-haitiano\/#primaryimage\"},\"image\":{\"@id\":\"https:\/\/psol50.org.br\/toda-solidariedade-a-luta-do-povo-haitiano\/#primaryimage\"},\"thumbnailUrl\":\"https:\/\/psol50.org.br\/inc\/uploads\/2018\/07\/capa.png\",\"datePublished\":\"2018-07-23T13:54:37+00:00\",\"breadcrumb\":{\"@id\":\"https:\/\/psol50.org.br\/toda-solidariedade-a-luta-do-povo-haitiano\/#breadcrumb\"},\"inLanguage\":\"pt-BR\",\"potentialAction\":[{\"@type\":\"ReadAction\",\"target\":[\"https:\/\/psol50.org.br\/toda-solidariedade-a-luta-do-povo-haitiano\/\"]}]},{\"@type\":\"ImageObject\",\"inLanguage\":\"pt-BR\",\"@id\":\"https:\/\/psol50.org.br\/toda-solidariedade-a-luta-do-povo-haitiano\/#primaryimage\",\"url\":\"https:\/\/psol50.org.br\/inc\/uploads\/2018\/07\/capa.png\",\"contentUrl\":\"https:\/\/psol50.org.br\/inc\/uploads\/2018\/07\/capa.png\",\"width\":1350,\"height\":900},{\"@type\":\"BreadcrumbList\",\"@id\":\"https:\/\/psol50.org.br\/toda-solidariedade-a-luta-do-povo-haitiano\/#breadcrumb\",\"itemListElement\":[{\"@type\":\"ListItem\",\"position\":1,\"name\":\"In\u00edcio\",\"item\":\"https:\/\/psol50.org.br\/\"},{\"@type\":\"ListItem\",\"position\":2,\"name\":\"Toda solidariedade \u00e0 luta do povo haitiano\"}]},{\"@type\":\"WebSite\",\"@id\":\"https:\/\/psol50.org.br\/#website\",\"url\":\"https:\/\/psol50.org.br\/\",\"name\":\"PSOL 50\",\"description\":\"Site oficial do Partido Socialismo e Liberdade\",\"publisher\":{\"@id\":\"https:\/\/psol50.org.br\/#organization\"},\"alternateName\":\"PSOL50\",\"potentialAction\":[{\"@type\":\"SearchAction\",\"target\":{\"@type\":\"EntryPoint\",\"urlTemplate\":\"https:\/\/psol50.org.br\/?s={search_term_string}\"},\"query-input\":{\"@type\":\"PropertyValueSpecification\",\"valueRequired\":true,\"valueName\":\"search_term_string\"}}],\"inLanguage\":\"pt-BR\"},{\"@type\":\"Organization\",\"@id\":\"https:\/\/psol50.org.br\/#organization\",\"name\":\"PSOL 50\",\"alternateName\":\"PSOL 50\",\"url\":\"https:\/\/psol50.org.br\/\",\"logo\":{\"@type\":\"ImageObject\",\"inLanguage\":\"pt-BR\",\"@id\":\"https:\/\/psol50.org.br\/#\/schema\/logo\/image\/\",\"url\":\"https:\/\/psol50.org.br\/inc\/uploads\/2018\/07\/capa.png\",\"contentUrl\":\"https:\/\/psol50.org.br\/inc\/uploads\/2018\/07\/capa.png\",\"width\":1350,\"height\":900,\"caption\":\"PSOL 50\"},\"image\":{\"@id\":\"https:\/\/psol50.org.br\/#\/schema\/logo\/image\/\"},\"sameAs\":[\"https:\/\/www.facebook.com\/psol50\",\"https:\/\/x.com\/psol50\",\"https:\/\/www.instagram.com\/psol50\/\",\"https:\/\/www.youtube.com\/channel\/UC7SnJS5o1os7a6CaiNabzcg\"]},{\"@type\":\"Person\",\"@id\":\"https:\/\/psol50.org.br\/#\/schema\/person\/475dfa57d0b815993c714c2e96491fcd\",\"name\":\"Comunica\u00e7\u00e3o PSOL\",\"image\":{\"@type\":\"ImageObject\",\"inLanguage\":\"pt-BR\",\"@id\":\"https:\/\/psol50.org.br\/#\/schema\/person\/image\/\",\"url\":\"https:\/\/secure.gravatar.com\/avatar\/b34fc4f4e468a4e51785917065a3db57b841f5c95dba6ad8c73aaf8f66f8f9bf?s=96&d=mm&r=g\",\"contentUrl\":\"https:\/\/secure.gravatar.com\/avatar\/b34fc4f4e468a4e51785917065a3db57b841f5c95dba6ad8c73aaf8f66f8f9bf?s=96&d=mm&r=g\",\"caption\":\"Comunica\u00e7\u00e3o PSOL\"}}]}<\/script>\n<!-- \/ Yoast SEO plugin. -->","yoast_head_json":{"title":"Toda solidariedade \u00e0 luta do povo haitiano - PSOL 50","robots":{"index":"index","follow":"follow","max-snippet":"max-snippet:-1","max-image-preview":"max-image-preview:large","max-video-preview":"max-video-preview:-1"},"canonical":"https:\/\/psol50.org.br\/toda-solidariedade-a-luta-do-povo-haitiano\/","og_locale":"pt_BR","og_type":"article","og_title":"Toda solidariedade \u00e0 luta do povo haitiano - PSOL 50","og_description":"Uma insurrei\u00e7\u00e3o popular colocou em cheque os planos de ajuste do Fundo Monet\u00e1rio Internacional (FMI) para o Haiti. O an\u00fancio do fim dos subs\u00eddios aos produtos derivados do petr\u00f3leo gerou um aumento de at\u00e9 51% nos combust\u00edveis e atingiu de imediato o setor de transportes e o abastecimento de energia, dando in\u00edcio as maiores mobiliza\u00e7\u00f5es [&hellip;]","og_url":"https:\/\/psol50.org.br\/toda-solidariedade-a-luta-do-povo-haitiano\/","og_site_name":"PSOL 50","article_publisher":"https:\/\/www.facebook.com\/psol50","article_published_time":"2018-07-23T13:54:37+00:00","og_image":[{"width":1350,"height":900,"url":"https:\/\/psol50.org.br\/inc\/uploads\/2018\/07\/capa.png","type":"image\/png"}],"author":"Comunica\u00e7\u00e3o PSOL","twitter_card":"summary_large_image","twitter_creator":"@psol50","twitter_site":"@psol50","twitter_misc":{"Escrito por":"Comunica\u00e7\u00e3o PSOL","Est. tempo de leitura":"3 minutos"},"schema":{"@context":"https:\/\/schema.org","@graph":[{"@type":"Article","@id":"https:\/\/psol50.org.br\/toda-solidariedade-a-luta-do-povo-haitiano\/#article","isPartOf":{"@id":"https:\/\/psol50.org.br\/toda-solidariedade-a-luta-do-povo-haitiano\/"},"author":{"name":"Comunica\u00e7\u00e3o PSOL","@id":"https:\/\/psol50.org.br\/#\/schema\/person\/475dfa57d0b815993c714c2e96491fcd"},"headline":"Toda solidariedade \u00e0 luta do povo haitiano","datePublished":"2018-07-23T13:54:37+00:00","mainEntityOfPage":{"@id":"https:\/\/psol50.org.br\/toda-solidariedade-a-luta-do-povo-haitiano\/"},"wordCount":556,"commentCount":0,"publisher":{"@id":"https:\/\/psol50.org.br\/#organization"},"image":{"@id":"https:\/\/psol50.org.br\/toda-solidariedade-a-luta-do-povo-haitiano\/#primaryimage"},"thumbnailUrl":"https:\/\/psol50.org.br\/inc\/uploads\/2018\/07\/capa.png","keywords":["Executiva Nacional do PSOL","Haiti","Internacional","Nota do PSOL"],"articleSection":["Brasil","Internacional","Not\u00edcias","Partido","Resolu\u00e7\u00f5es"],"inLanguage":"pt-BR","potentialAction":[{"@type":"CommentAction","name":"Comment","target":["https:\/\/psol50.org.br\/toda-solidariedade-a-luta-do-povo-haitiano\/#respond"]}]},{"@type":"WebPage","@id":"https:\/\/psol50.org.br\/toda-solidariedade-a-luta-do-povo-haitiano\/","url":"https:\/\/psol50.org.br\/toda-solidariedade-a-luta-do-povo-haitiano\/","name":"Toda solidariedade \u00e0 luta do povo haitiano - PSOL 50","isPartOf":{"@id":"https:\/\/psol50.org.br\/#website"},"primaryImageOfPage":{"@id":"https:\/\/psol50.org.br\/toda-solidariedade-a-luta-do-povo-haitiano\/#primaryimage"},"image":{"@id":"https:\/\/psol50.org.br\/toda-solidariedade-a-luta-do-povo-haitiano\/#primaryimage"},"thumbnailUrl":"https:\/\/psol50.org.br\/inc\/uploads\/2018\/07\/capa.png","datePublished":"2018-07-23T13:54:37+00:00","breadcrumb":{"@id":"https:\/\/psol50.org.br\/toda-solidariedade-a-luta-do-povo-haitiano\/#breadcrumb"},"inLanguage":"pt-BR","potentialAction":[{"@type":"ReadAction","target":["https:\/\/psol50.org.br\/toda-solidariedade-a-luta-do-povo-haitiano\/"]}]},{"@type":"ImageObject","inLanguage":"pt-BR","@id":"https:\/\/psol50.org.br\/toda-solidariedade-a-luta-do-povo-haitiano\/#primaryimage","url":"https:\/\/psol50.org.br\/inc\/uploads\/2018\/07\/capa.png","contentUrl":"https:\/\/psol50.org.br\/inc\/uploads\/2018\/07\/capa.png","width":1350,"height":900},{"@type":"BreadcrumbList","@id":"https:\/\/psol50.org.br\/toda-solidariedade-a-luta-do-povo-haitiano\/#breadcrumb","itemListElement":[{"@type":"ListItem","position":1,"name":"In\u00edcio","item":"https:\/\/psol50.org.br\/"},{"@type":"ListItem","position":2,"name":"Toda solidariedade \u00e0 luta do povo haitiano"}]},{"@type":"WebSite","@id":"https:\/\/psol50.org.br\/#website","url":"https:\/\/psol50.org.br\/","name":"PSOL 50","description":"Site oficial do Partido Socialismo e Liberdade","publisher":{"@id":"https:\/\/psol50.org.br\/#organization"},"alternateName":"PSOL50","potentialAction":[{"@type":"SearchAction","target":{"@type":"EntryPoint","urlTemplate":"https:\/\/psol50.org.br\/?s={search_term_string}"},"query-input":{"@type":"PropertyValueSpecification","valueRequired":true,"valueName":"search_term_string"}}],"inLanguage":"pt-BR"},{"@type":"Organization","@id":"https:\/\/psol50.org.br\/#organization","name":"PSOL 50","alternateName":"PSOL 50","url":"https:\/\/psol50.org.br\/","logo":{"@type":"ImageObject","inLanguage":"pt-BR","@id":"https:\/\/psol50.org.br\/#\/schema\/logo\/image\/","url":"https:\/\/psol50.org.br\/inc\/uploads\/2018\/07\/capa.png","contentUrl":"https:\/\/psol50.org.br\/inc\/uploads\/2018\/07\/capa.png","width":1350,"height":900,"caption":"PSOL 50"},"image":{"@id":"https:\/\/psol50.org.br\/#\/schema\/logo\/image\/"},"sameAs":["https:\/\/www.facebook.com\/psol50","https:\/\/x.com\/psol50","https:\/\/www.instagram.com\/psol50\/","https:\/\/www.youtube.com\/channel\/UC7SnJS5o1os7a6CaiNabzcg"]},{"@type":"Person","@id":"https:\/\/psol50.org.br\/#\/schema\/person\/475dfa57d0b815993c714c2e96491fcd","name":"Comunica\u00e7\u00e3o PSOL","image":{"@type":"ImageObject","inLanguage":"pt-BR","@id":"https:\/\/psol50.org.br\/#\/schema\/person\/image\/","url":"https:\/\/secure.gravatar.com\/avatar\/b34fc4f4e468a4e51785917065a3db57b841f5c95dba6ad8c73aaf8f66f8f9bf?s=96&d=mm&r=g","contentUrl":"https:\/\/secure.gravatar.com\/avatar\/b34fc4f4e468a4e51785917065a3db57b841f5c95dba6ad8c73aaf8f66f8f9bf?s=96&d=mm&r=g","caption":"Comunica\u00e7\u00e3o PSOL"}}]}},"_links":{"self":[{"href":"https:\/\/psol50.org.br\/rest\/wp\/v2\/posts\/21161","targetHints":{"allow":["GET"]}}],"collection":[{"href":"https:\/\/psol50.org.br\/rest\/wp\/v2\/posts"}],"about":[{"href":"https:\/\/psol50.org.br\/rest\/wp\/v2\/types\/post"}],"author":[{"embeddable":true,"href":"https:\/\/psol50.org.br\/rest\/wp\/v2\/users\/2"}],"replies":[{"embeddable":true,"href":"https:\/\/psol50.org.br\/rest\/wp\/v2\/comments?post=21161"}],"version-history":[{"count":0,"href":"https:\/\/psol50.org.br\/rest\/wp\/v2\/posts\/21161\/revisions"}],"wp:featuredmedia":[{"embeddable":true,"href":"https:\/\/psol50.org.br\/rest\/wp\/v2\/media\/21163"}],"wp:attachment":[{"href":"https:\/\/psol50.org.br\/rest\/wp\/v2\/media?parent=21161"}],"wp:term":[{"taxonomy":"category","embeddable":true,"href":"https:\/\/psol50.org.br\/rest\/wp\/v2\/categories?post=21161"},{"taxonomy":"post_tag","embeddable":true,"href":"https:\/\/psol50.org.br\/rest\/wp\/v2\/tags?post=21161"}],"curies":[{"name":"wp","href":"https:\/\/api.w.org\/{rel}","templated":true}]}}