{"id":2120,"date":"2013-07-11T00:00:00","date_gmt":"2013-07-11T00:00:00","guid":{"rendered":"http:\/\/psol50.org.br\/arquivo\/2013\/07\/11\/manifestantes-permanecem-na-assembleia-legislativa-do-espirito-santo-ate-votacao-do-fim-do-pedagio-na-ponte\/"},"modified":"2013-07-11T00:00:00","modified_gmt":"2013-07-11T00:00:00","slug":"manifestantes-permanecem-na-assembleia-legislativa-do-espirito-santo-ate-votacao-do-fim-do-pedagio-na-ponte","status":"publish","type":"post","link":"https:\/\/psol50.org.br\/manifestantes-permanecem-na-assembleia-legislativa-do-espirito-santo-ate-votacao-do-fim-do-pedagio-na-ponte\/","title":{"rendered":"Manifestantes permanecem na Assembleia Legislativa do Esp\u00edrito Santo at\u00e9 vota\u00e7\u00e3o do fim do ped\u00e1gio na ponte"},"content":{"rendered":"<div style=\"text-align: justify;\">\n\t<em>Do site do PSOL Nacional, Leonor Costa<\/em><\/p>\n<p>\t<em>Desde a ter\u00e7a-feira passada (02) ocupa\u00e7\u00e3o na ALES exige que projeto que acaba com a cobran\u00e7a do ped\u00e1gio na ponte que liga Vit\u00f3ria \u00e0 Vila Velha seja aprovado. Pedido de vista retirou o projeto de pauta e manifestantes afirmam que s\u00f3 saem ap\u00f3s vota\u00e7\u00e3o <\/em><br \/>\n\t&nbsp;<br \/>\n\tCerca de 150 pessoas, entre estudantes, integrantes do movimento passe livre e militantes de organiza\u00e7\u00f5es de esquerda, ocupam, desde o \u00faltimo dia 2 de julho, as depend\u00eancias da Assembleia Legislativa do Esp\u00edrito Santo, em Vit\u00f3ria. Na pauta de reivindica\u00e7\u00f5es est\u00e1 o fim do pagamento do ped\u00e1gio na Terceira ponte que liga a capital do Estado (Vit\u00f3ria) \u00e0 vizinha Vila Velha. O valor de R$ 1,90 \u00e9 cobrado nos dois sentidos da ponte e quem mora em Vila Velha e, por exemplo, trabalha em Vit\u00f3ria paga esse valor duas vezes todos os dias.<br \/>\n\t&nbsp;<br \/>\n\tSegundo o presidente do PSOL do Esp\u00edrito Santo, Andr\u00e9 Carvalho, que participa da ocupa\u00e7\u00e3o desde o in\u00edcio, a manifesta\u00e7\u00e3o come\u00e7ou na \u00faltima ter\u00e7a-feira (02), quando o projeto que acaba com o ped\u00e1gio (PDL 69\/201) estava previsto para ser votado no plen\u00e1rio da Assembleia. No entanto, um pedido de vista, apresentado pelo relator deputado Gildevan Fernandes, do PV, retirou o projeto da pauta.<br \/>\n\t&nbsp;<br \/>\n\tDe acordo com Andr\u00e9, a manobra causou espanto imediato nos manifestantes, que acompanhavam a sess\u00e3o da galeria do plen\u00e1rio, uma vez que j\u00e1 havia um acordo para que o projeto fosse votado naquele dia. \u201cAssim que soubemos da retirada do projeto da pauta, descemos para falar com os deputados e entender o que estava acontecendo\u201d, explica Andr\u00e9 Carvalho. Ao chegarem ao corredor de acesso ao Plen\u00e1rio, os manifestantes se depararam com homens da Tropa de Choque do Batalh\u00e3o de Miss\u00f5es Especiais (BME) da Pol\u00edcia Militar. Os policias lan\u00e7aram spray de pimenta na tentativa de dispersar os manifestantes, mas depois de muita press\u00e3o e enfrentamento com a PM, eles conseguiram entrar na sala da presid\u00eancia da ALES, por volta das 18h da mesma ter\u00e7a-feira.<br \/>\n\t&nbsp;<br \/>\n\tNa quarta-feira (03), houve uma reuni\u00e3o dos integrantes da ocupa\u00e7\u00e3o com o presidente da Assembleia Legislativa, deputado Teodorico Pherra\u00e7o (DEM), oportunidade em que foi estabelecida uma negocia\u00e7\u00e3o e fechado um acordo que permite a perman\u00eancia das pessoas at\u00e9 a vota\u00e7\u00e3o do projeto. Agora, a ocupa\u00e7\u00e3o est\u00e1 concentrada no segundo andar do pr\u00e9dio da ALES, em um audit\u00f3rio pr\u00f3ximo ao restaurante. \u201cCom o compromisso dos deputados de retomarem os trabalhos do plen\u00e1rio e votarem o projeto, decidimos sair da presid\u00eancia e ocupar outra \u00e1rea\u201d, explica Andr\u00e9 Carvalho. No entanto, segundo o presidente do PSOL, a promessa de que eles retomariam os trabalhos legislativos n\u00e3o foi cumprida e a maioria dos deputados decidiu obstruir as sess\u00f5es de segunda, ter\u00e7a e quarta-feira desta semana. O argumento dos parlamentares para n\u00e3o trabalhar \u00e9 a seguran\u00e7a, que, segundo eles, est\u00e1 amea\u00e7ada com a perman\u00eancia dos manifestantes na Casa.<br \/>\n\t&nbsp;<br \/>\n\t\u201cA Mesa Diretora pediu que sa\u00edssemos da Casa para que eles pudessem votar os projetos, inclusive o que acaba com a cobran\u00e7a do ped\u00e1gio na 3\u00aa ponte, mas a maioria decidiu sair somente depois da vota\u00e7\u00e3o da mat\u00e9ria\u201d, ressalta Andr\u00e9 Carvalho. A decis\u00e3o foi tomada em assembleia nesta quinta-feira (11) e a orienta\u00e7\u00e3o \u00e9 manter a ocupa\u00e7\u00e3o enquanto os deputados n\u00e3o aprovem o projeto. A data prevista para a vota\u00e7\u00e3o \u00e9 a pr\u00f3xima segunda-feira, 15 de julho.<br \/>\n\t&nbsp;<br \/>\n\tComo resultado da press\u00e3o da ocupa\u00e7\u00e3o, foi determinada, pelo Tribunal de Contas do Estado, a realiza\u00e7\u00e3o de uma auditoria nas contas da empresa concession\u00e1ria da ponte. O objetivo \u00e9 verificar se h\u00e1 adequa\u00e7\u00f5es legais a fazer na cobran\u00e7a para usar a ponte e rodovia concedidas por licita\u00e7\u00e3o. Mas a disposi\u00e7\u00e3o dos militantes \u00e9 continuar mobilizados at\u00e9 que o valor seja definitivamente revogado. &nbsp;<\/div>\n","protected":false},"excerpt":{"rendered":"<p>Do site do PSOL Nacional, Leonor Costa Desde a ter\u00e7a-feira passada (02) ocupa\u00e7\u00e3o na ALES exige que projeto que acaba com a cobran\u00e7a do ped\u00e1gio na ponte que liga Vit\u00f3ria \u00e0 Vila Velha seja aprovado. Pedido de vista retirou o projeto de pauta e manifestantes afirmam que s\u00f3 saem ap\u00f3s vota\u00e7\u00e3o &nbsp; Cerca de 150 [&hellip;]<\/p>\n","protected":false},"author":2,"featured_media":0,"comment_status":"open","ping_status":"open","sticky":false,"template":"","format":"standard","meta":{"_acf_changed":false,"footnotes":""},"categories":[4766],"tags":[],"class_list":{"0":"post-2120","1":"post","2":"type-post","3":"status-publish","4":"format-standard","6":"category-arquivo"},"acf":[],"yoast_head":"<!-- This site is optimized with the Yoast SEO plugin v26.5 - https:\/\/yoast.com\/wordpress\/plugins\/seo\/ -->\n<title>Manifestantes permanecem na Assembleia Legislativa do Esp\u00edrito Santo at\u00e9 vota\u00e7\u00e3o do fim do ped\u00e1gio na ponte - PSOL 50<\/title>\n<meta name=\"robots\" content=\"index, follow, max-snippet:-1, max-image-preview:large, max-video-preview:-1\" \/>\n<link rel=\"canonical\" href=\"https:\/\/psol50.org.br\/manifestantes-permanecem-na-assembleia-legislativa-do-espirito-santo-ate-votacao-do-fim-do-pedagio-na-ponte\/\" \/>\n<meta property=\"og:locale\" content=\"pt_BR\" \/>\n<meta property=\"og:type\" content=\"article\" \/>\n<meta property=\"og:title\" content=\"Manifestantes permanecem na Assembleia Legislativa do Esp\u00edrito Santo at\u00e9 vota\u00e7\u00e3o do fim do ped\u00e1gio na ponte - PSOL 50\" \/>\n<meta property=\"og:description\" content=\"Do site do PSOL Nacional, Leonor Costa Desde a ter\u00e7a-feira passada (02) ocupa\u00e7\u00e3o na ALES exige que projeto que acaba com a cobran\u00e7a do ped\u00e1gio na ponte que liga Vit\u00f3ria \u00e0 Vila Velha seja aprovado. Pedido de vista retirou o projeto de pauta e manifestantes afirmam que s\u00f3 saem ap\u00f3s vota\u00e7\u00e3o &nbsp; Cerca de 150 [&hellip;]\" \/>\n<meta property=\"og:url\" content=\"https:\/\/psol50.org.br\/manifestantes-permanecem-na-assembleia-legislativa-do-espirito-santo-ate-votacao-do-fim-do-pedagio-na-ponte\/\" \/>\n<meta property=\"og:site_name\" content=\"PSOL 50\" \/>\n<meta property=\"article:publisher\" content=\"https:\/\/www.facebook.com\/psol50\" \/>\n<meta property=\"article:published_time\" content=\"2013-07-11T00:00:00+00:00\" \/>\n<meta property=\"og:image\" content=\"https:\/\/psol50.org.br\/inc\/uploads\/2018\/07\/capa.png\" \/>\n\t<meta property=\"og:image:width\" content=\"1350\" \/>\n\t<meta property=\"og:image:height\" content=\"900\" \/>\n\t<meta property=\"og:image:type\" content=\"image\/png\" \/>\n<meta name=\"author\" content=\"Comunica\u00e7\u00e3o PSOL\" \/>\n<meta name=\"twitter:card\" content=\"summary_large_image\" \/>\n<meta name=\"twitter:creator\" content=\"@psol50\" \/>\n<meta name=\"twitter:site\" content=\"@psol50\" \/>\n<meta name=\"twitter:label1\" content=\"Escrito por\" \/>\n\t<meta name=\"twitter:data1\" content=\"Comunica\u00e7\u00e3o PSOL\" \/>\n\t<meta name=\"twitter:label2\" content=\"Est. tempo de leitura\" \/>\n\t<meta name=\"twitter:data2\" content=\"3 minutos\" \/>\n<script type=\"application\/ld+json\" class=\"yoast-schema-graph\">{\"@context\":\"https:\/\/schema.org\",\"@graph\":[{\"@type\":\"Article\",\"@id\":\"https:\/\/psol50.org.br\/manifestantes-permanecem-na-assembleia-legislativa-do-espirito-santo-ate-votacao-do-fim-do-pedagio-na-ponte\/#article\",\"isPartOf\":{\"@id\":\"https:\/\/psol50.org.br\/manifestantes-permanecem-na-assembleia-legislativa-do-espirito-santo-ate-votacao-do-fim-do-pedagio-na-ponte\/\"},\"author\":{\"name\":\"Comunica\u00e7\u00e3o PSOL\",\"@id\":\"https:\/\/psol50.org.br\/#\/schema\/person\/475dfa57d0b815993c714c2e96491fcd\"},\"headline\":\"Manifestantes permanecem na Assembleia Legislativa do Esp\u00edrito Santo at\u00e9 vota\u00e7\u00e3o do fim do ped\u00e1gio na ponte\",\"datePublished\":\"2013-07-11T00:00:00+00:00\",\"mainEntityOfPage\":{\"@id\":\"https:\/\/psol50.org.br\/manifestantes-permanecem-na-assembleia-legislativa-do-espirito-santo-ate-votacao-do-fim-do-pedagio-na-ponte\/\"},\"wordCount\":689,\"commentCount\":0,\"publisher\":{\"@id\":\"https:\/\/psol50.org.br\/#organization\"},\"articleSection\":[\"Arquivo\"],\"inLanguage\":\"pt-BR\",\"potentialAction\":[{\"@type\":\"CommentAction\",\"name\":\"Comment\",\"target\":[\"https:\/\/psol50.org.br\/manifestantes-permanecem-na-assembleia-legislativa-do-espirito-santo-ate-votacao-do-fim-do-pedagio-na-ponte\/#respond\"]}]},{\"@type\":\"WebPage\",\"@id\":\"https:\/\/psol50.org.br\/manifestantes-permanecem-na-assembleia-legislativa-do-espirito-santo-ate-votacao-do-fim-do-pedagio-na-ponte\/\",\"url\":\"https:\/\/psol50.org.br\/manifestantes-permanecem-na-assembleia-legislativa-do-espirito-santo-ate-votacao-do-fim-do-pedagio-na-ponte\/\",\"name\":\"Manifestantes permanecem na Assembleia Legislativa do Esp\u00edrito Santo at\u00e9 vota\u00e7\u00e3o do fim do ped\u00e1gio na ponte - PSOL 50\",\"isPartOf\":{\"@id\":\"https:\/\/psol50.org.br\/#website\"},\"datePublished\":\"2013-07-11T00:00:00+00:00\",\"breadcrumb\":{\"@id\":\"https:\/\/psol50.org.br\/manifestantes-permanecem-na-assembleia-legislativa-do-espirito-santo-ate-votacao-do-fim-do-pedagio-na-ponte\/#breadcrumb\"},\"inLanguage\":\"pt-BR\",\"potentialAction\":[{\"@type\":\"ReadAction\",\"target\":[\"https:\/\/psol50.org.br\/manifestantes-permanecem-na-assembleia-legislativa-do-espirito-santo-ate-votacao-do-fim-do-pedagio-na-ponte\/\"]}]},{\"@type\":\"BreadcrumbList\",\"@id\":\"https:\/\/psol50.org.br\/manifestantes-permanecem-na-assembleia-legislativa-do-espirito-santo-ate-votacao-do-fim-do-pedagio-na-ponte\/#breadcrumb\",\"itemListElement\":[{\"@type\":\"ListItem\",\"position\":1,\"name\":\"In\u00edcio\",\"item\":\"https:\/\/psol50.org.br\/\"},{\"@type\":\"ListItem\",\"position\":2,\"name\":\"Manifestantes permanecem na Assembleia Legislativa do Esp\u00edrito Santo at\u00e9 vota\u00e7\u00e3o do fim do ped\u00e1gio na ponte\"}]},{\"@type\":\"WebSite\",\"@id\":\"https:\/\/psol50.org.br\/#website\",\"url\":\"https:\/\/psol50.org.br\/\",\"name\":\"PSOL 50\",\"description\":\"Site oficial do Partido Socialismo e Liberdade\",\"publisher\":{\"@id\":\"https:\/\/psol50.org.br\/#organization\"},\"alternateName\":\"PSOL50\",\"potentialAction\":[{\"@type\":\"SearchAction\",\"target\":{\"@type\":\"EntryPoint\",\"urlTemplate\":\"https:\/\/psol50.org.br\/?s={search_term_string}\"},\"query-input\":{\"@type\":\"PropertyValueSpecification\",\"valueRequired\":true,\"valueName\":\"search_term_string\"}}],\"inLanguage\":\"pt-BR\"},{\"@type\":\"Organization\",\"@id\":\"https:\/\/psol50.org.br\/#organization\",\"name\":\"PSOL 50\",\"alternateName\":\"PSOL 50\",\"url\":\"https:\/\/psol50.org.br\/\",\"logo\":{\"@type\":\"ImageObject\",\"inLanguage\":\"pt-BR\",\"@id\":\"https:\/\/psol50.org.br\/#\/schema\/logo\/image\/\",\"url\":\"https:\/\/psol50.org.br\/inc\/uploads\/2018\/07\/capa.png\",\"contentUrl\":\"https:\/\/psol50.org.br\/inc\/uploads\/2018\/07\/capa.png\",\"width\":1350,\"height\":900,\"caption\":\"PSOL 50\"},\"image\":{\"@id\":\"https:\/\/psol50.org.br\/#\/schema\/logo\/image\/\"},\"sameAs\":[\"https:\/\/www.facebook.com\/psol50\",\"https:\/\/x.com\/psol50\",\"https:\/\/www.instagram.com\/psol50\/\",\"https:\/\/www.youtube.com\/channel\/UC7SnJS5o1os7a6CaiNabzcg\"]},{\"@type\":\"Person\",\"@id\":\"https:\/\/psol50.org.br\/#\/schema\/person\/475dfa57d0b815993c714c2e96491fcd\",\"name\":\"Comunica\u00e7\u00e3o PSOL\",\"image\":{\"@type\":\"ImageObject\",\"inLanguage\":\"pt-BR\",\"@id\":\"https:\/\/psol50.org.br\/#\/schema\/person\/image\/\",\"url\":\"https:\/\/secure.gravatar.com\/avatar\/b34fc4f4e468a4e51785917065a3db57b841f5c95dba6ad8c73aaf8f66f8f9bf?s=96&d=mm&r=g\",\"contentUrl\":\"https:\/\/secure.gravatar.com\/avatar\/b34fc4f4e468a4e51785917065a3db57b841f5c95dba6ad8c73aaf8f66f8f9bf?s=96&d=mm&r=g\",\"caption\":\"Comunica\u00e7\u00e3o PSOL\"}}]}<\/script>\n<!-- \/ Yoast SEO plugin. -->","yoast_head_json":{"title":"Manifestantes permanecem na Assembleia Legislativa do Esp\u00edrito Santo at\u00e9 vota\u00e7\u00e3o do fim do ped\u00e1gio na ponte - PSOL 50","robots":{"index":"index","follow":"follow","max-snippet":"max-snippet:-1","max-image-preview":"max-image-preview:large","max-video-preview":"max-video-preview:-1"},"canonical":"https:\/\/psol50.org.br\/manifestantes-permanecem-na-assembleia-legislativa-do-espirito-santo-ate-votacao-do-fim-do-pedagio-na-ponte\/","og_locale":"pt_BR","og_type":"article","og_title":"Manifestantes permanecem na Assembleia Legislativa do Esp\u00edrito Santo at\u00e9 vota\u00e7\u00e3o do fim do ped\u00e1gio na ponte - PSOL 50","og_description":"Do site do PSOL Nacional, Leonor Costa Desde a ter\u00e7a-feira passada (02) ocupa\u00e7\u00e3o na ALES exige que projeto que acaba com a cobran\u00e7a do ped\u00e1gio na ponte que liga Vit\u00f3ria \u00e0 Vila Velha seja aprovado. Pedido de vista retirou o projeto de pauta e manifestantes afirmam que s\u00f3 saem ap\u00f3s vota\u00e7\u00e3o &nbsp; Cerca de 150 [&hellip;]","og_url":"https:\/\/psol50.org.br\/manifestantes-permanecem-na-assembleia-legislativa-do-espirito-santo-ate-votacao-do-fim-do-pedagio-na-ponte\/","og_site_name":"PSOL 50","article_publisher":"https:\/\/www.facebook.com\/psol50","article_published_time":"2013-07-11T00:00:00+00:00","og_image":[{"width":1350,"height":900,"url":"https:\/\/psol50.org.br\/inc\/uploads\/2018\/07\/capa.png","type":"image\/png"}],"author":"Comunica\u00e7\u00e3o PSOL","twitter_card":"summary_large_image","twitter_creator":"@psol50","twitter_site":"@psol50","twitter_misc":{"Escrito por":"Comunica\u00e7\u00e3o PSOL","Est. tempo de leitura":"3 minutos"},"schema":{"@context":"https:\/\/schema.org","@graph":[{"@type":"Article","@id":"https:\/\/psol50.org.br\/manifestantes-permanecem-na-assembleia-legislativa-do-espirito-santo-ate-votacao-do-fim-do-pedagio-na-ponte\/#article","isPartOf":{"@id":"https:\/\/psol50.org.br\/manifestantes-permanecem-na-assembleia-legislativa-do-espirito-santo-ate-votacao-do-fim-do-pedagio-na-ponte\/"},"author":{"name":"Comunica\u00e7\u00e3o PSOL","@id":"https:\/\/psol50.org.br\/#\/schema\/person\/475dfa57d0b815993c714c2e96491fcd"},"headline":"Manifestantes permanecem na Assembleia Legislativa do Esp\u00edrito Santo at\u00e9 vota\u00e7\u00e3o do fim do ped\u00e1gio na ponte","datePublished":"2013-07-11T00:00:00+00:00","mainEntityOfPage":{"@id":"https:\/\/psol50.org.br\/manifestantes-permanecem-na-assembleia-legislativa-do-espirito-santo-ate-votacao-do-fim-do-pedagio-na-ponte\/"},"wordCount":689,"commentCount":0,"publisher":{"@id":"https:\/\/psol50.org.br\/#organization"},"articleSection":["Arquivo"],"inLanguage":"pt-BR","potentialAction":[{"@type":"CommentAction","name":"Comment","target":["https:\/\/psol50.org.br\/manifestantes-permanecem-na-assembleia-legislativa-do-espirito-santo-ate-votacao-do-fim-do-pedagio-na-ponte\/#respond"]}]},{"@type":"WebPage","@id":"https:\/\/psol50.org.br\/manifestantes-permanecem-na-assembleia-legislativa-do-espirito-santo-ate-votacao-do-fim-do-pedagio-na-ponte\/","url":"https:\/\/psol50.org.br\/manifestantes-permanecem-na-assembleia-legislativa-do-espirito-santo-ate-votacao-do-fim-do-pedagio-na-ponte\/","name":"Manifestantes permanecem na Assembleia Legislativa do Esp\u00edrito Santo at\u00e9 vota\u00e7\u00e3o do fim do ped\u00e1gio na ponte - PSOL 50","isPartOf":{"@id":"https:\/\/psol50.org.br\/#website"},"datePublished":"2013-07-11T00:00:00+00:00","breadcrumb":{"@id":"https:\/\/psol50.org.br\/manifestantes-permanecem-na-assembleia-legislativa-do-espirito-santo-ate-votacao-do-fim-do-pedagio-na-ponte\/#breadcrumb"},"inLanguage":"pt-BR","potentialAction":[{"@type":"ReadAction","target":["https:\/\/psol50.org.br\/manifestantes-permanecem-na-assembleia-legislativa-do-espirito-santo-ate-votacao-do-fim-do-pedagio-na-ponte\/"]}]},{"@type":"BreadcrumbList","@id":"https:\/\/psol50.org.br\/manifestantes-permanecem-na-assembleia-legislativa-do-espirito-santo-ate-votacao-do-fim-do-pedagio-na-ponte\/#breadcrumb","itemListElement":[{"@type":"ListItem","position":1,"name":"In\u00edcio","item":"https:\/\/psol50.org.br\/"},{"@type":"ListItem","position":2,"name":"Manifestantes permanecem na Assembleia Legislativa do Esp\u00edrito Santo at\u00e9 vota\u00e7\u00e3o do fim do ped\u00e1gio na ponte"}]},{"@type":"WebSite","@id":"https:\/\/psol50.org.br\/#website","url":"https:\/\/psol50.org.br\/","name":"PSOL 50","description":"Site oficial do Partido Socialismo e Liberdade","publisher":{"@id":"https:\/\/psol50.org.br\/#organization"},"alternateName":"PSOL50","potentialAction":[{"@type":"SearchAction","target":{"@type":"EntryPoint","urlTemplate":"https:\/\/psol50.org.br\/?s={search_term_string}"},"query-input":{"@type":"PropertyValueSpecification","valueRequired":true,"valueName":"search_term_string"}}],"inLanguage":"pt-BR"},{"@type":"Organization","@id":"https:\/\/psol50.org.br\/#organization","name":"PSOL 50","alternateName":"PSOL 50","url":"https:\/\/psol50.org.br\/","logo":{"@type":"ImageObject","inLanguage":"pt-BR","@id":"https:\/\/psol50.org.br\/#\/schema\/logo\/image\/","url":"https:\/\/psol50.org.br\/inc\/uploads\/2018\/07\/capa.png","contentUrl":"https:\/\/psol50.org.br\/inc\/uploads\/2018\/07\/capa.png","width":1350,"height":900,"caption":"PSOL 50"},"image":{"@id":"https:\/\/psol50.org.br\/#\/schema\/logo\/image\/"},"sameAs":["https:\/\/www.facebook.com\/psol50","https:\/\/x.com\/psol50","https:\/\/www.instagram.com\/psol50\/","https:\/\/www.youtube.com\/channel\/UC7SnJS5o1os7a6CaiNabzcg"]},{"@type":"Person","@id":"https:\/\/psol50.org.br\/#\/schema\/person\/475dfa57d0b815993c714c2e96491fcd","name":"Comunica\u00e7\u00e3o PSOL","image":{"@type":"ImageObject","inLanguage":"pt-BR","@id":"https:\/\/psol50.org.br\/#\/schema\/person\/image\/","url":"https:\/\/secure.gravatar.com\/avatar\/b34fc4f4e468a4e51785917065a3db57b841f5c95dba6ad8c73aaf8f66f8f9bf?s=96&d=mm&r=g","contentUrl":"https:\/\/secure.gravatar.com\/avatar\/b34fc4f4e468a4e51785917065a3db57b841f5c95dba6ad8c73aaf8f66f8f9bf?s=96&d=mm&r=g","caption":"Comunica\u00e7\u00e3o PSOL"}}]}},"_links":{"self":[{"href":"https:\/\/psol50.org.br\/rest\/wp\/v2\/posts\/2120","targetHints":{"allow":["GET"]}}],"collection":[{"href":"https:\/\/psol50.org.br\/rest\/wp\/v2\/posts"}],"about":[{"href":"https:\/\/psol50.org.br\/rest\/wp\/v2\/types\/post"}],"author":[{"embeddable":true,"href":"https:\/\/psol50.org.br\/rest\/wp\/v2\/users\/2"}],"replies":[{"embeddable":true,"href":"https:\/\/psol50.org.br\/rest\/wp\/v2\/comments?post=2120"}],"version-history":[{"count":0,"href":"https:\/\/psol50.org.br\/rest\/wp\/v2\/posts\/2120\/revisions"}],"wp:attachment":[{"href":"https:\/\/psol50.org.br\/rest\/wp\/v2\/media?parent=2120"}],"wp:term":[{"taxonomy":"category","embeddable":true,"href":"https:\/\/psol50.org.br\/rest\/wp\/v2\/categories?post=2120"},{"taxonomy":"post_tag","embeddable":true,"href":"https:\/\/psol50.org.br\/rest\/wp\/v2\/tags?post=2120"}],"curies":[{"name":"wp","href":"https:\/\/api.w.org\/{rel}","templated":true}]}}