{"id":21209,"date":"2018-07-31T16:07:16","date_gmt":"2018-07-31T19:07:16","guid":{"rendered":"https:\/\/www.psol50.org.br\/?p=21209"},"modified":"2018-07-31T16:07:16","modified_gmt":"2018-07-31T19:07:16","slug":"mulheres-se-mobilizam-para-acompanhar-em-brasilia-audiencias-sobre-acao-que-descriminaliza-o-aborto","status":"publish","type":"post","link":"https:\/\/psol50.org.br\/mulheres-se-mobilizam-para-acompanhar-em-brasilia-audiencias-sobre-acao-que-descriminaliza-o-aborto\/","title":{"rendered":"Mulheres se mobilizam para acompanhar, em Bras\u00edlia, audi\u00eancias sobre a\u00e7\u00e3o que descriminaliza o aborto"},"content":{"rendered":"<p>Mulheres de todas as regi\u00f5es do pa\u00eds chegar\u00e3o em Bras\u00edlia nesta sexta-feira (03) para participar do <a href=\"https:\/\/www.facebook.com\/events\/1679233825465542\/\" target=\"_blank\" rel=\"noopener\"><strong><span style=\"color: #0000ff;\">Festival Pela Vida das Mulheres<\/span><\/strong><\/a>, que acontecer\u00e1 at\u00e9 o dia 6 de agosto. A atividade, que est\u00e1 sendo organizada por aproximadamente 200 organiza\u00e7\u00f5es feministas e entidades que atuam em defesa das pautas dos direitos humanos, \u00e9 parte da mobiliza\u00e7\u00e3o articulada em torno das audi\u00eancias p\u00fablicas do Supremo Tribunal Federal (STF) sobre a <a href=\"https:\/\/www.psol50.org.br\/entenda-a-acao-do-psol-pela-descriminalizacao-do-aborto\/\" target=\"_blank\" rel=\"noopener\"><strong><span style=\"color: #0000ff;\">ADPF 442<\/span><\/strong><\/a>, de autoria do PSOL e da Anis &#8211; Instituto de Bio\u00e9tica, que defende a descriminaliza\u00e7\u00e3o do aborto at\u00e9 a 12\u00aa semana de gravidez.<\/p>\n<p>As audi\u00eancias est\u00e3o marcadas para os dias 3 e 6 e contar\u00e3o com a participa\u00e7\u00e3o de representantes de entidades favor\u00e1veis e contr\u00e1rias \u00e0 a\u00e7\u00e3o. A advogada Luciana Boiteux, que assina a ADPF, representar\u00e1 o partido nas audi\u00eancias.<\/p>\n<p>&#8220;A ADPF representa um passo muito importante na legaliza\u00e7\u00e3o do aborto no Brasil, ao trazer uma nova esperan\u00e7a \u00e0 luta do movimento feminista em nosso pa\u00eds, especialmente diante do cen\u00e1rio internacional. Na Europa, todos os pa\u00edses j\u00e1 legalizaram, at\u00e9 a cat\u00f3lica Irlanda que recentemente legalizou o aborto. Na Am\u00e9rica Latina e na \u00c1frica, contudo, a maioria dos pa\u00edses ainda criminaliza mulheres por tal crime, embora tenhamos tido avan\u00e7os recentes na Bol\u00edvia e no Chile, mas especialmente na Argentina, que aprovou na C\u00e2mara a legaliza\u00e7\u00e3o do aborto com milhares de mulheres nas ruas com len\u00e7os verdes, o que ainda ser\u00e1 votado no Senado no pr\u00f3ximo dia 08\/08&#8221;, ressalta Boiteux, em <a href=\"https:\/\/www.psol50.org.br\/luciana-boiteux-porque-precisamos-tanto-legalizar-o-aborto-a-adpf-442\/\" target=\"_blank\" rel=\"noopener\"><strong><span style=\"color: #0000ff;\">artigo<\/span><\/strong><\/a> <span style=\"color: #0000ff;\"><span style=\"color: #000000;\">publicado no blog #Agora\u00c9QueS\u00e3oElas<\/span><\/span>.<\/p>\n<p>A <a href=\"https:\/\/www.facebook.com\/mulheresdopsol\/\" target=\"_blank\" rel=\"noopener\"><strong><span style=\"color: #0000ff;\">Setorial Nacional de Mulheres do PSOL<\/span><\/strong><\/a> tem mobilizado as militantes do partido em todo o pa\u00eds para vir a Bras\u00edlia, participar do Festival e acompanhar as audi\u00eancias p\u00fablicas. Para a mobiliza\u00e7\u00e3o, a coordena\u00e7\u00e3o da Setorial elaborou uma campanha com diversos materiais para as redes sociais, que incluem cards, v\u00eddeos e textos ressaltando a import\u00e2ncia da aprova\u00e7\u00e3o da ADPF e desmentindo diversos mitos em torno da interrup\u00e7\u00e3o da gravidez indesejada.<\/p>\n<p>https:\/\/www.facebook.com\/mulheresdopsol\/photos\/a.406345916226750.1073741828.392367724291236\/895734700621200\/?type=3&#038;theater<\/p>\n<p>&nbsp;<\/p>\n<p>Com o tema &#8220;<a href=\"https:\/\/www.facebook.com\/nempresanemmorta\/\" target=\"_blank\" rel=\"noopener\"><strong><span style=\"color: #0000ff;\">Nem presa, nem morta<\/span><\/strong><\/a>!&#8221;, o Festival ter\u00e1 uma vasta programa\u00e7\u00e3o, com diversas atra\u00e7\u00f5es que ocorrer\u00e3o ao longo dos tr\u00eas dias. Rodas de conversa, espa\u00e7os de acolhimento, oficinas, manifesta\u00e7\u00f5es culturais e art\u00edsticas, proje\u00e7\u00e3o da audi\u00eancia ao vivo e shows compor\u00e3o a agenda de mobiliza\u00e7\u00e3o das feministas.<\/p>\n<p>Na sexta-feira (03), as ativistas sair\u00e3o em caminhada, \u00e0s 17h, do Museu Nacional da Rep\u00fablica em dire\u00e7\u00e3o ao STF, onde estar\u00e1 ocorrendo a audi\u00eancia sobre a ADPF (<a href=\"https:\/\/www.facebook.com\/events\/1355177301281133\/\" target=\"_blank\" rel=\"noopener\"><span style=\"color: #0000ff;\"><strong>confira mais no evento<\/strong><\/span><\/a>). Na segunda-feira (06), elas se juntar\u00e3o \u00e0s 5h, tamb\u00e9m na porta do Supremo, para o Amanhecer Pela Vida das Mulheres (<a href=\"https:\/\/www.facebook.com\/events\/190210091852779\/\" target=\"_blank\" rel=\"noopener\"><strong><span style=\"color: #0000ff;\">saiba mais<\/span><\/strong><\/a>).<\/p>\n<p>[divide color=&#8221;#&#8221;]<\/p>\n<p><strong>Confira a programa\u00e7\u00e3o:<\/strong><\/p>\n<p><img loading=\"lazy\" decoding=\"async\" class=\"alignleft size-medium wp-image-21212\" src=\"https:\/\/www.psol50.org.br\/inc\/uploads\/2018\/07\/Programacao_Festival_1-424x600.jpg\" alt=\"\" width=\"424\" height=\"600\" \/><\/p>\n<p><img loading=\"lazy\" decoding=\"async\" class=\"alignleft size-medium wp-image-21214\" src=\"https:\/\/www.psol50.org.br\/inc\/uploads\/2018\/07\/Programacao_Festival_3-424x600.jpg\" alt=\"\" width=\"424\" height=\"600\" \/><\/p>\n<p><img loading=\"lazy\" decoding=\"async\" class=\"alignleft size-medium wp-image-21213\" src=\"https:\/\/www.psol50.org.br\/inc\/uploads\/2018\/07\/Programacao_Festival_2-424x600.jpg\" alt=\"\" width=\"424\" height=\"600\" \/><\/p>\n<p>[divide color=&#8221;#&#8221;]<\/p>\n<p><strong>Confira, abaixo, os v\u00eddeos divulgadas pela Setorial com as parlamentares do PSOL:<\/strong><\/p>\n<p>https:\/\/www.facebook.com\/mulheresdopsol\/videos\/883676125160391\/<\/p>\n<p>https:\/\/www.facebook.com\/mulheresdopsol\/videos\/886851751509495\/<\/p>\n<p>https:\/\/www.facebook.com\/mulheresdopsol\/videos\/889077664620237\/<\/p>\n<p>https:\/\/www.facebook.com\/mulheresdopsol\/videos\/890718564456147\/<\/p>\n<p>https:\/\/www.facebook.com\/mulheresdopsol\/videos\/895721030622567\/<\/p>\n","protected":false},"excerpt":{"rendered":"<p>Mulheres de todas as regi\u00f5es do pa\u00eds chegar\u00e3o em Bras\u00edlia nesta sexta-feira (03) para participar do Festival Pela Vida das Mulheres, que acontecer\u00e1 at\u00e9 o dia 6 de agosto. A atividade, que est\u00e1 sendo organizada por aproximadamente 200 organiza\u00e7\u00f5es feministas e entidades que atuam em defesa das pautas dos direitos humanos, \u00e9 parte da mobiliza\u00e7\u00e3o [&hellip;]<\/p>\n","protected":false},"author":2,"featured_media":21210,"comment_status":"open","ping_status":"open","sticky":false,"template":"","format":"standard","meta":{"_acf_changed":false,"footnotes":""},"categories":[1882,1104,6],"tags":[824,2384,2385,2668,979,2669,2670,22,2671,45],"class_list":{"0":"post-21209","1":"post","2":"type-post","3":"status-publish","4":"format-standard","5":"has-post-thumbnail","7":"category-brasil","8":"category-movimento","9":"category-noticias","10":"tag-aborto","11":"tag-adpf-442","12":"tag-anis-instituto-de-bioetica","13":"tag-audiencias-publicas","14":"tag-descriminalizacao","15":"tag-festival-pela-vida-das-mulheres","16":"tag-luciana-boiteux","17":"tag-psol","18":"tag-setorial-nacional-de-mulheres","19":"tag-stf"},"acf":[],"yoast_head":"<!-- This site is optimized with the Yoast SEO plugin v26.5 - https:\/\/yoast.com\/wordpress\/plugins\/seo\/ -->\n<title>Mulheres se mobilizam para acompanhar, em Bras\u00edlia, audi\u00eancias sobre a\u00e7\u00e3o que descriminaliza o aborto - PSOL 50<\/title>\n<meta name=\"robots\" content=\"index, follow, max-snippet:-1, max-image-preview:large, max-video-preview:-1\" \/>\n<link rel=\"canonical\" href=\"https:\/\/psol50.org.br\/mulheres-se-mobilizam-para-acompanhar-em-brasilia-audiencias-sobre-acao-que-descriminaliza-o-aborto\/\" \/>\n<meta property=\"og:locale\" content=\"pt_BR\" \/>\n<meta property=\"og:type\" content=\"article\" \/>\n<meta property=\"og:title\" content=\"Mulheres se mobilizam para acompanhar, em Bras\u00edlia, audi\u00eancias sobre a\u00e7\u00e3o que descriminaliza o aborto - PSOL 50\" \/>\n<meta property=\"og:description\" content=\"Mulheres de todas as regi\u00f5es do pa\u00eds chegar\u00e3o em Bras\u00edlia nesta sexta-feira (03) para participar do Festival Pela Vida das Mulheres, que acontecer\u00e1 at\u00e9 o dia 6 de agosto. A atividade, que est\u00e1 sendo organizada por aproximadamente 200 organiza\u00e7\u00f5es feministas e entidades que atuam em defesa das pautas dos direitos humanos, \u00e9 parte da mobiliza\u00e7\u00e3o [&hellip;]\" \/>\n<meta property=\"og:url\" content=\"https:\/\/psol50.org.br\/mulheres-se-mobilizam-para-acompanhar-em-brasilia-audiencias-sobre-acao-que-descriminaliza-o-aborto\/\" \/>\n<meta property=\"og:site_name\" content=\"PSOL 50\" \/>\n<meta property=\"article:publisher\" content=\"https:\/\/www.facebook.com\/psol50\" \/>\n<meta property=\"article:published_time\" content=\"2018-07-31T19:07:16+00:00\" \/>\n<meta property=\"og:image\" content=\"https:\/\/psol50.org.br\/inc\/uploads\/2018\/07\/abortolegal_carrossel.png\" \/>\n\t<meta property=\"og:image:width\" content=\"1350\" \/>\n\t<meta property=\"og:image:height\" content=\"900\" \/>\n\t<meta property=\"og:image:type\" content=\"image\/png\" \/>\n<meta name=\"author\" content=\"Comunica\u00e7\u00e3o PSOL\" \/>\n<meta name=\"twitter:card\" content=\"summary_large_image\" \/>\n<meta name=\"twitter:creator\" content=\"@psol50\" \/>\n<meta name=\"twitter:site\" content=\"@psol50\" \/>\n<meta name=\"twitter:label1\" content=\"Escrito por\" \/>\n\t<meta name=\"twitter:data1\" content=\"Comunica\u00e7\u00e3o PSOL\" \/>\n\t<meta name=\"twitter:label2\" content=\"Est. tempo de leitura\" \/>\n\t<meta name=\"twitter:data2\" content=\"3 minutos\" \/>\n<script type=\"application\/ld+json\" class=\"yoast-schema-graph\">{\"@context\":\"https:\/\/schema.org\",\"@graph\":[{\"@type\":\"Article\",\"@id\":\"https:\/\/psol50.org.br\/mulheres-se-mobilizam-para-acompanhar-em-brasilia-audiencias-sobre-acao-que-descriminaliza-o-aborto\/#article\",\"isPartOf\":{\"@id\":\"https:\/\/psol50.org.br\/mulheres-se-mobilizam-para-acompanhar-em-brasilia-audiencias-sobre-acao-que-descriminaliza-o-aborto\/\"},\"author\":{\"name\":\"Comunica\u00e7\u00e3o PSOL\",\"@id\":\"https:\/\/psol50.org.br\/#\/schema\/person\/475dfa57d0b815993c714c2e96491fcd\"},\"headline\":\"Mulheres se mobilizam para acompanhar, em Bras\u00edlia, audi\u00eancias sobre a\u00e7\u00e3o que descriminaliza o aborto\",\"datePublished\":\"2018-07-31T19:07:16+00:00\",\"mainEntityOfPage\":{\"@id\":\"https:\/\/psol50.org.br\/mulheres-se-mobilizam-para-acompanhar-em-brasilia-audiencias-sobre-acao-que-descriminaliza-o-aborto\/\"},\"wordCount\":542,\"commentCount\":0,\"publisher\":{\"@id\":\"https:\/\/psol50.org.br\/#organization\"},\"image\":{\"@id\":\"https:\/\/psol50.org.br\/mulheres-se-mobilizam-para-acompanhar-em-brasilia-audiencias-sobre-acao-que-descriminaliza-o-aborto\/#primaryimage\"},\"thumbnailUrl\":\"https:\/\/psol50.org.br\/inc\/uploads\/2018\/07\/abortolegal_carrossel.png\",\"keywords\":[\"aborto\",\"ADPF 442\",\"Anis Instituto de Bio\u00e9tica\",\"audi\u00eancias p\u00fablicas\",\"descriminaliza\u00e7\u00e3o\",\"Festival Pela Vida das Mulheres\",\"Luciana Boiteux\",\"PSOL\",\"Setorial Nacional de Mulheres\",\"STF\"],\"articleSection\":[\"Brasil\",\"Movimento\",\"Not\u00edcias\"],\"inLanguage\":\"pt-BR\",\"potentialAction\":[{\"@type\":\"CommentAction\",\"name\":\"Comment\",\"target\":[\"https:\/\/psol50.org.br\/mulheres-se-mobilizam-para-acompanhar-em-brasilia-audiencias-sobre-acao-que-descriminaliza-o-aborto\/#respond\"]}]},{\"@type\":\"WebPage\",\"@id\":\"https:\/\/psol50.org.br\/mulheres-se-mobilizam-para-acompanhar-em-brasilia-audiencias-sobre-acao-que-descriminaliza-o-aborto\/\",\"url\":\"https:\/\/psol50.org.br\/mulheres-se-mobilizam-para-acompanhar-em-brasilia-audiencias-sobre-acao-que-descriminaliza-o-aborto\/\",\"name\":\"Mulheres se mobilizam para acompanhar, em Bras\u00edlia, audi\u00eancias sobre a\u00e7\u00e3o que descriminaliza o aborto - PSOL 50\",\"isPartOf\":{\"@id\":\"https:\/\/psol50.org.br\/#website\"},\"primaryImageOfPage\":{\"@id\":\"https:\/\/psol50.org.br\/mulheres-se-mobilizam-para-acompanhar-em-brasilia-audiencias-sobre-acao-que-descriminaliza-o-aborto\/#primaryimage\"},\"image\":{\"@id\":\"https:\/\/psol50.org.br\/mulheres-se-mobilizam-para-acompanhar-em-brasilia-audiencias-sobre-acao-que-descriminaliza-o-aborto\/#primaryimage\"},\"thumbnailUrl\":\"https:\/\/psol50.org.br\/inc\/uploads\/2018\/07\/abortolegal_carrossel.png\",\"datePublished\":\"2018-07-31T19:07:16+00:00\",\"breadcrumb\":{\"@id\":\"https:\/\/psol50.org.br\/mulheres-se-mobilizam-para-acompanhar-em-brasilia-audiencias-sobre-acao-que-descriminaliza-o-aborto\/#breadcrumb\"},\"inLanguage\":\"pt-BR\",\"potentialAction\":[{\"@type\":\"ReadAction\",\"target\":[\"https:\/\/psol50.org.br\/mulheres-se-mobilizam-para-acompanhar-em-brasilia-audiencias-sobre-acao-que-descriminaliza-o-aborto\/\"]}]},{\"@type\":\"ImageObject\",\"inLanguage\":\"pt-BR\",\"@id\":\"https:\/\/psol50.org.br\/mulheres-se-mobilizam-para-acompanhar-em-brasilia-audiencias-sobre-acao-que-descriminaliza-o-aborto\/#primaryimage\",\"url\":\"https:\/\/psol50.org.br\/inc\/uploads\/2018\/07\/abortolegal_carrossel.png\",\"contentUrl\":\"https:\/\/psol50.org.br\/inc\/uploads\/2018\/07\/abortolegal_carrossel.png\",\"width\":1350,\"height\":900},{\"@type\":\"BreadcrumbList\",\"@id\":\"https:\/\/psol50.org.br\/mulheres-se-mobilizam-para-acompanhar-em-brasilia-audiencias-sobre-acao-que-descriminaliza-o-aborto\/#breadcrumb\",\"itemListElement\":[{\"@type\":\"ListItem\",\"position\":1,\"name\":\"In\u00edcio\",\"item\":\"https:\/\/psol50.org.br\/\"},{\"@type\":\"ListItem\",\"position\":2,\"name\":\"Mulheres se mobilizam para acompanhar, em Bras\u00edlia, audi\u00eancias sobre a\u00e7\u00e3o que descriminaliza o aborto\"}]},{\"@type\":\"WebSite\",\"@id\":\"https:\/\/psol50.org.br\/#website\",\"url\":\"https:\/\/psol50.org.br\/\",\"name\":\"PSOL 50\",\"description\":\"Site oficial do Partido Socialismo e Liberdade\",\"publisher\":{\"@id\":\"https:\/\/psol50.org.br\/#organization\"},\"alternateName\":\"PSOL50\",\"potentialAction\":[{\"@type\":\"SearchAction\",\"target\":{\"@type\":\"EntryPoint\",\"urlTemplate\":\"https:\/\/psol50.org.br\/?s={search_term_string}\"},\"query-input\":{\"@type\":\"PropertyValueSpecification\",\"valueRequired\":true,\"valueName\":\"search_term_string\"}}],\"inLanguage\":\"pt-BR\"},{\"@type\":\"Organization\",\"@id\":\"https:\/\/psol50.org.br\/#organization\",\"name\":\"PSOL 50\",\"alternateName\":\"PSOL 50\",\"url\":\"https:\/\/psol50.org.br\/\",\"logo\":{\"@type\":\"ImageObject\",\"inLanguage\":\"pt-BR\",\"@id\":\"https:\/\/psol50.org.br\/#\/schema\/logo\/image\/\",\"url\":\"https:\/\/psol50.org.br\/inc\/uploads\/2018\/07\/capa.png\",\"contentUrl\":\"https:\/\/psol50.org.br\/inc\/uploads\/2018\/07\/capa.png\",\"width\":1350,\"height\":900,\"caption\":\"PSOL 50\"},\"image\":{\"@id\":\"https:\/\/psol50.org.br\/#\/schema\/logo\/image\/\"},\"sameAs\":[\"https:\/\/www.facebook.com\/psol50\",\"https:\/\/x.com\/psol50\",\"https:\/\/www.instagram.com\/psol50\/\",\"https:\/\/www.youtube.com\/channel\/UC7SnJS5o1os7a6CaiNabzcg\"]},{\"@type\":\"Person\",\"@id\":\"https:\/\/psol50.org.br\/#\/schema\/person\/475dfa57d0b815993c714c2e96491fcd\",\"name\":\"Comunica\u00e7\u00e3o PSOL\",\"image\":{\"@type\":\"ImageObject\",\"inLanguage\":\"pt-BR\",\"@id\":\"https:\/\/psol50.org.br\/#\/schema\/person\/image\/\",\"url\":\"https:\/\/secure.gravatar.com\/avatar\/b34fc4f4e468a4e51785917065a3db57b841f5c95dba6ad8c73aaf8f66f8f9bf?s=96&d=mm&r=g\",\"contentUrl\":\"https:\/\/secure.gravatar.com\/avatar\/b34fc4f4e468a4e51785917065a3db57b841f5c95dba6ad8c73aaf8f66f8f9bf?s=96&d=mm&r=g\",\"caption\":\"Comunica\u00e7\u00e3o PSOL\"}}]}<\/script>\n<!-- \/ Yoast SEO plugin. -->","yoast_head_json":{"title":"Mulheres se mobilizam para acompanhar, em Bras\u00edlia, audi\u00eancias sobre a\u00e7\u00e3o que descriminaliza o aborto - PSOL 50","robots":{"index":"index","follow":"follow","max-snippet":"max-snippet:-1","max-image-preview":"max-image-preview:large","max-video-preview":"max-video-preview:-1"},"canonical":"https:\/\/psol50.org.br\/mulheres-se-mobilizam-para-acompanhar-em-brasilia-audiencias-sobre-acao-que-descriminaliza-o-aborto\/","og_locale":"pt_BR","og_type":"article","og_title":"Mulheres se mobilizam para acompanhar, em Bras\u00edlia, audi\u00eancias sobre a\u00e7\u00e3o que descriminaliza o aborto - PSOL 50","og_description":"Mulheres de todas as regi\u00f5es do pa\u00eds chegar\u00e3o em Bras\u00edlia nesta sexta-feira (03) para participar do Festival Pela Vida das Mulheres, que acontecer\u00e1 at\u00e9 o dia 6 de agosto. A atividade, que est\u00e1 sendo organizada por aproximadamente 200 organiza\u00e7\u00f5es feministas e entidades que atuam em defesa das pautas dos direitos humanos, \u00e9 parte da mobiliza\u00e7\u00e3o [&hellip;]","og_url":"https:\/\/psol50.org.br\/mulheres-se-mobilizam-para-acompanhar-em-brasilia-audiencias-sobre-acao-que-descriminaliza-o-aborto\/","og_site_name":"PSOL 50","article_publisher":"https:\/\/www.facebook.com\/psol50","article_published_time":"2018-07-31T19:07:16+00:00","og_image":[{"width":1350,"height":900,"url":"https:\/\/psol50.org.br\/inc\/uploads\/2018\/07\/abortolegal_carrossel.png","type":"image\/png"}],"author":"Comunica\u00e7\u00e3o PSOL","twitter_card":"summary_large_image","twitter_creator":"@psol50","twitter_site":"@psol50","twitter_misc":{"Escrito por":"Comunica\u00e7\u00e3o PSOL","Est. tempo de leitura":"3 minutos"},"schema":{"@context":"https:\/\/schema.org","@graph":[{"@type":"Article","@id":"https:\/\/psol50.org.br\/mulheres-se-mobilizam-para-acompanhar-em-brasilia-audiencias-sobre-acao-que-descriminaliza-o-aborto\/#article","isPartOf":{"@id":"https:\/\/psol50.org.br\/mulheres-se-mobilizam-para-acompanhar-em-brasilia-audiencias-sobre-acao-que-descriminaliza-o-aborto\/"},"author":{"name":"Comunica\u00e7\u00e3o PSOL","@id":"https:\/\/psol50.org.br\/#\/schema\/person\/475dfa57d0b815993c714c2e96491fcd"},"headline":"Mulheres se mobilizam para acompanhar, em Bras\u00edlia, audi\u00eancias sobre a\u00e7\u00e3o que descriminaliza o aborto","datePublished":"2018-07-31T19:07:16+00:00","mainEntityOfPage":{"@id":"https:\/\/psol50.org.br\/mulheres-se-mobilizam-para-acompanhar-em-brasilia-audiencias-sobre-acao-que-descriminaliza-o-aborto\/"},"wordCount":542,"commentCount":0,"publisher":{"@id":"https:\/\/psol50.org.br\/#organization"},"image":{"@id":"https:\/\/psol50.org.br\/mulheres-se-mobilizam-para-acompanhar-em-brasilia-audiencias-sobre-acao-que-descriminaliza-o-aborto\/#primaryimage"},"thumbnailUrl":"https:\/\/psol50.org.br\/inc\/uploads\/2018\/07\/abortolegal_carrossel.png","keywords":["aborto","ADPF 442","Anis Instituto de Bio\u00e9tica","audi\u00eancias p\u00fablicas","descriminaliza\u00e7\u00e3o","Festival Pela Vida das Mulheres","Luciana Boiteux","PSOL","Setorial Nacional de Mulheres","STF"],"articleSection":["Brasil","Movimento","Not\u00edcias"],"inLanguage":"pt-BR","potentialAction":[{"@type":"CommentAction","name":"Comment","target":["https:\/\/psol50.org.br\/mulheres-se-mobilizam-para-acompanhar-em-brasilia-audiencias-sobre-acao-que-descriminaliza-o-aborto\/#respond"]}]},{"@type":"WebPage","@id":"https:\/\/psol50.org.br\/mulheres-se-mobilizam-para-acompanhar-em-brasilia-audiencias-sobre-acao-que-descriminaliza-o-aborto\/","url":"https:\/\/psol50.org.br\/mulheres-se-mobilizam-para-acompanhar-em-brasilia-audiencias-sobre-acao-que-descriminaliza-o-aborto\/","name":"Mulheres se mobilizam para acompanhar, em Bras\u00edlia, audi\u00eancias sobre a\u00e7\u00e3o que descriminaliza o aborto - PSOL 50","isPartOf":{"@id":"https:\/\/psol50.org.br\/#website"},"primaryImageOfPage":{"@id":"https:\/\/psol50.org.br\/mulheres-se-mobilizam-para-acompanhar-em-brasilia-audiencias-sobre-acao-que-descriminaliza-o-aborto\/#primaryimage"},"image":{"@id":"https:\/\/psol50.org.br\/mulheres-se-mobilizam-para-acompanhar-em-brasilia-audiencias-sobre-acao-que-descriminaliza-o-aborto\/#primaryimage"},"thumbnailUrl":"https:\/\/psol50.org.br\/inc\/uploads\/2018\/07\/abortolegal_carrossel.png","datePublished":"2018-07-31T19:07:16+00:00","breadcrumb":{"@id":"https:\/\/psol50.org.br\/mulheres-se-mobilizam-para-acompanhar-em-brasilia-audiencias-sobre-acao-que-descriminaliza-o-aborto\/#breadcrumb"},"inLanguage":"pt-BR","potentialAction":[{"@type":"ReadAction","target":["https:\/\/psol50.org.br\/mulheres-se-mobilizam-para-acompanhar-em-brasilia-audiencias-sobre-acao-que-descriminaliza-o-aborto\/"]}]},{"@type":"ImageObject","inLanguage":"pt-BR","@id":"https:\/\/psol50.org.br\/mulheres-se-mobilizam-para-acompanhar-em-brasilia-audiencias-sobre-acao-que-descriminaliza-o-aborto\/#primaryimage","url":"https:\/\/psol50.org.br\/inc\/uploads\/2018\/07\/abortolegal_carrossel.png","contentUrl":"https:\/\/psol50.org.br\/inc\/uploads\/2018\/07\/abortolegal_carrossel.png","width":1350,"height":900},{"@type":"BreadcrumbList","@id":"https:\/\/psol50.org.br\/mulheres-se-mobilizam-para-acompanhar-em-brasilia-audiencias-sobre-acao-que-descriminaliza-o-aborto\/#breadcrumb","itemListElement":[{"@type":"ListItem","position":1,"name":"In\u00edcio","item":"https:\/\/psol50.org.br\/"},{"@type":"ListItem","position":2,"name":"Mulheres se mobilizam para acompanhar, em Bras\u00edlia, audi\u00eancias sobre a\u00e7\u00e3o que descriminaliza o aborto"}]},{"@type":"WebSite","@id":"https:\/\/psol50.org.br\/#website","url":"https:\/\/psol50.org.br\/","name":"PSOL 50","description":"Site oficial do Partido Socialismo e Liberdade","publisher":{"@id":"https:\/\/psol50.org.br\/#organization"},"alternateName":"PSOL50","potentialAction":[{"@type":"SearchAction","target":{"@type":"EntryPoint","urlTemplate":"https:\/\/psol50.org.br\/?s={search_term_string}"},"query-input":{"@type":"PropertyValueSpecification","valueRequired":true,"valueName":"search_term_string"}}],"inLanguage":"pt-BR"},{"@type":"Organization","@id":"https:\/\/psol50.org.br\/#organization","name":"PSOL 50","alternateName":"PSOL 50","url":"https:\/\/psol50.org.br\/","logo":{"@type":"ImageObject","inLanguage":"pt-BR","@id":"https:\/\/psol50.org.br\/#\/schema\/logo\/image\/","url":"https:\/\/psol50.org.br\/inc\/uploads\/2018\/07\/capa.png","contentUrl":"https:\/\/psol50.org.br\/inc\/uploads\/2018\/07\/capa.png","width":1350,"height":900,"caption":"PSOL 50"},"image":{"@id":"https:\/\/psol50.org.br\/#\/schema\/logo\/image\/"},"sameAs":["https:\/\/www.facebook.com\/psol50","https:\/\/x.com\/psol50","https:\/\/www.instagram.com\/psol50\/","https:\/\/www.youtube.com\/channel\/UC7SnJS5o1os7a6CaiNabzcg"]},{"@type":"Person","@id":"https:\/\/psol50.org.br\/#\/schema\/person\/475dfa57d0b815993c714c2e96491fcd","name":"Comunica\u00e7\u00e3o PSOL","image":{"@type":"ImageObject","inLanguage":"pt-BR","@id":"https:\/\/psol50.org.br\/#\/schema\/person\/image\/","url":"https:\/\/secure.gravatar.com\/avatar\/b34fc4f4e468a4e51785917065a3db57b841f5c95dba6ad8c73aaf8f66f8f9bf?s=96&d=mm&r=g","contentUrl":"https:\/\/secure.gravatar.com\/avatar\/b34fc4f4e468a4e51785917065a3db57b841f5c95dba6ad8c73aaf8f66f8f9bf?s=96&d=mm&r=g","caption":"Comunica\u00e7\u00e3o PSOL"}}]}},"_links":{"self":[{"href":"https:\/\/psol50.org.br\/rest\/wp\/v2\/posts\/21209","targetHints":{"allow":["GET"]}}],"collection":[{"href":"https:\/\/psol50.org.br\/rest\/wp\/v2\/posts"}],"about":[{"href":"https:\/\/psol50.org.br\/rest\/wp\/v2\/types\/post"}],"author":[{"embeddable":true,"href":"https:\/\/psol50.org.br\/rest\/wp\/v2\/users\/2"}],"replies":[{"embeddable":true,"href":"https:\/\/psol50.org.br\/rest\/wp\/v2\/comments?post=21209"}],"version-history":[{"count":0,"href":"https:\/\/psol50.org.br\/rest\/wp\/v2\/posts\/21209\/revisions"}],"wp:featuredmedia":[{"embeddable":true,"href":"https:\/\/psol50.org.br\/rest\/wp\/v2\/media\/21210"}],"wp:attachment":[{"href":"https:\/\/psol50.org.br\/rest\/wp\/v2\/media?parent=21209"}],"wp:term":[{"taxonomy":"category","embeddable":true,"href":"https:\/\/psol50.org.br\/rest\/wp\/v2\/categories?post=21209"},{"taxonomy":"post_tag","embeddable":true,"href":"https:\/\/psol50.org.br\/rest\/wp\/v2\/tags?post=21209"}],"curies":[{"name":"wp","href":"https:\/\/api.w.org\/{rel}","templated":true}]}}