{"id":2122,"date":"2013-07-11T00:00:00","date_gmt":"2013-07-11T00:00:00","guid":{"rendered":"http:\/\/psol50.org.br\/arquivo\/2013\/07\/11\/em-dia-de-luta-trabalhadores-cobram-democratizacao-dos-meios-de-comunicacao-reforma-agraria-e-revogacao-da-reforma-da-previdencia\/"},"modified":"2013-07-11T00:00:00","modified_gmt":"2013-07-11T00:00:00","slug":"em-dia-de-luta-trabalhadores-cobram-democratizacao-dos-meios-de-comunicacao-reforma-agraria-e-revogacao-da-reforma-da-previdencia","status":"publish","type":"post","link":"https:\/\/psol50.org.br\/em-dia-de-luta-trabalhadores-cobram-democratizacao-dos-meios-de-comunicacao-reforma-agraria-e-revogacao-da-reforma-da-previdencia\/","title":{"rendered":"Em Dia de Luta, trabalhadores cobram democratiza\u00e7\u00e3o dos meios de comunica\u00e7\u00e3o, reforma agr\u00e1ria e revoga\u00e7\u00e3o da Reforma da Previd\u00eancia"},"content":{"rendered":"<p class=\"western\" style=\"margin-bottom: 0cm; text-align: justify;\">\n\t<em>Do site do PSOL Nacional, Leonor Costa<\/em><\/p>\n<p>\t<i>Cerca de 5 mil pessoas caminharam pela Esplanada dos Minist\u00e9rios, durante ato convocado pela centrais sindicais. Mobiliza\u00e7\u00f5es tamb\u00e9m ocorreram em outras cidades do pa\u00eds e apresentam pauta unificada da classe trabalhadora<\/i><\/p>\n<p>\tA classe trabalhadora foi \u00e0s ruas nesta quinta-feira (11), em todo o pa\u00eds, nos atos convocados por v\u00e1rias centrais sindicais. O Dia Nacional de Luta, que d\u00e1 continuidade a uma s\u00e9rie de manifesta\u00e7\u00f5es promovidas no pa\u00eds nas \u00faltimas semanas, colocou para a popula\u00e7\u00e3o em geral as principais reivindica\u00e7\u00f5es dos trabalhadores do setor p\u00fablico e privado, da cidade e do campo. Redu\u00e7\u00e3o do pre\u00e7o das passagens e melhoria na qualidade dos transportes p\u00fablicos, mais investimentos na sa\u00fade e na educa\u00e7\u00e3o, fim dos leil\u00f5es das reservas de petr\u00f3leo, contra o projeto que regulamenta a terceiriza\u00e7\u00e3o (PL 4330), reforma agr\u00e1ria e democratiza\u00e7\u00e3o dos meios de comunica\u00e7\u00e3o foram alguns dos eixos da pauta de reivindica\u00e7\u00f5es apresentadas hoje, nos v\u00e1rios atos realizados pa\u00eds afora. Pelo menos 156 cidades de todos os estados do Brasil e do Distrito Federal tiveram protestos nesta quinta-feira (11). Durante todo o dia, mais de 80 trechos de rodovias em 18 estados foram parcial ou totalmente bloqueadas por manifestantes. Estima-se que mais de 100 mil pessoas tenham participado dos protestos em n\u00edvel nacional.<\/p>\n<p>\tEm Bras\u00edlia, a manifesta\u00e7\u00e3o reuniu cerca de 5 mil pessoas e passou na porta de alguns minist\u00e9rios que integram o n\u00facleo duro das \u00e1reas econ\u00f4mica e social do governo Dilma. Saindo do Museu Nacional, onde a concentra\u00e7\u00e3o foi por volta das 15h, os trabalhadores, estudantes e militantes sociais passaram pelo Bloco C do Minist\u00e9rio do Planejamento, onde fica a Secretaria de Rela\u00e7\u00f5es de Trabalho que negocia a pauta dos servidores federais com as entidades sindicais, do Minist\u00e9rio do Desenvolvimento Agr\u00e1rio, respons\u00e1vel pela pauta da Reforma Agr\u00e1ria, e do Minist\u00e9rio da Agricultura, que tem administrado os interesses do agroneg\u00f3cio no pa\u00eds, conforme avalia\u00e7\u00e3o de lideran\u00e7as sociais. Por volta das 18h, a marcha chegou \u00e0 frente do Congresso Nacional, onde foi realizado o ato de encerramento, com interven\u00e7\u00f5es dos dirigentes sindicais e dos movimentos sociais, como MST, Via Campesina e FNDC (F\u00f3rum Nacional pela Democratiza\u00e7\u00e3o da Comunica\u00e7\u00e3o).<\/p>\n<p>\t\u201cEsse minist\u00e9rio n\u00e3o produz alimento. Mas esse minist\u00e9rio produz a soja, o latif\u00fandio e o agroneg\u00f3cio\u201d, disse uma militante da Via Campesina, no ato em frente ao Minist\u00e9rio da Agricultura.<\/p>\n<p>\tJ\u00e1 em frente ao Congresso Nacional, a secret\u00e1ria executiva do FNDC, Maria Mello, apresentou a pauta do movimento que luta contra o monop\u00f3lio dos meios de comunica\u00e7\u00e3o. A militante defendeu um novo marco regulat\u00f3rio das comunica\u00e7\u00f5es, previsto no Projeto de Iniciativa Popular encampado pelo movimento, a aprova\u00e7\u00e3o do projeto do Marco Civil da Internet, que estabelece direitos e deveres na internet brasileira, e fim da criminaliza\u00e7\u00e3o contra aqueles que fazem comunica\u00e7\u00e3o popular e comunit\u00e1ria no pa\u00eds. \u201cVamos levar as nossas propostas adiante e continuaremos nas ruas\u201d, ressaltou, enquanto os manifestantes gritavam \u201cO povo n\u00e3o \u00e9 bobo, abaixo a Rede Globo\u201d. Nesse momento, em coro, tamb\u00e9m deram um salva de vaias ao ministro das Comunica\u00e7\u00f5es, Paulo Bernardo.<\/p>\n<p>\tNa avalia\u00e7\u00e3o do servidor p\u00fablico aposentado Edilson Muniz, o ato de hoje, embora n\u00e3o tenha sido numeroso se comparado aos outros que ocorreram em junho, atendeu as expectativas, j\u00e1 que contou com a participa\u00e7\u00e3o dos v\u00e1rios setores da classe trabalhadora. \u201cA marcha trouxe a pauta concreta dos trabalhadores e tamb\u00e9m unificou os v\u00e1rios movimentos sociais. N\u00e3o foi uma manifesta\u00e7\u00e3o massiva, mas bastante participativa e com as nossas reivindica\u00e7\u00f5es hist\u00f3ricas\u201d, afirmou.<\/p>\n<p>\tSegundo Edilson, que tamb\u00e9m \u00e9 militante do PSOL, para os servidores p\u00fablicos federais a reivindica\u00e7\u00e3o central \u00e9 a revoga\u00e7\u00e3o da Reforma da Previd\u00eancia, aprovada em 2003, no primeiro ano do governo Lula. \u201cEssa reforma foi feita ilegalmente e isso j\u00e1 est\u00e1 comprovado, n\u00e3o somos n\u00f3s que estamos falando. Ent\u00e3o \u00e9 uma reforma eivada de v\u00edcios e o ato de quem votou, muitos (deputados) comprovadamente envolvidos no esquema do mensal\u00e3o, \u00e9 nulo\u201d, criticou.<\/p>\n<p class=\"western\" style=\"margin-bottom: 0cm\">\n\t&nbsp;<\/p>\n<p class=\"western\" style=\"margin-bottom: 0cm\">\n\t&nbsp;<\/p>\n<p class=\"western\" style=\"margin-bottom: 0cm\">\n\t&nbsp;<\/p>\n<p class=\"western\" style=\"margin-bottom: 0cm\">\n\t&nbsp;<\/p>\n","protected":false},"excerpt":{"rendered":"<p>Do site do PSOL Nacional, Leonor Costa Cerca de 5 mil pessoas caminharam pela Esplanada dos Minist\u00e9rios, durante ato convocado pela centrais sindicais. Mobiliza\u00e7\u00f5es tamb\u00e9m ocorreram em outras cidades do pa\u00eds e apresentam pauta unificada da classe trabalhadora A classe trabalhadora foi \u00e0s ruas nesta quinta-feira (11), em todo o pa\u00eds, nos atos convocados por [&hellip;]<\/p>\n","protected":false},"author":2,"featured_media":0,"comment_status":"open","ping_status":"open","sticky":false,"template":"","format":"standard","meta":{"_acf_changed":false,"footnotes":""},"categories":[4766],"tags":[],"class_list":{"0":"post-2122","1":"post","2":"type-post","3":"status-publish","4":"format-standard","6":"category-arquivo"},"acf":[],"yoast_head":"<!-- This site is optimized with the Yoast SEO plugin v26.5 - https:\/\/yoast.com\/wordpress\/plugins\/seo\/ -->\n<title>Em Dia de Luta, trabalhadores cobram democratiza\u00e7\u00e3o dos meios de comunica\u00e7\u00e3o, reforma agr\u00e1ria e revoga\u00e7\u00e3o da Reforma da Previd\u00eancia - PSOL 50<\/title>\n<meta name=\"robots\" content=\"index, follow, max-snippet:-1, max-image-preview:large, max-video-preview:-1\" \/>\n<link rel=\"canonical\" href=\"https:\/\/psol50.org.br\/em-dia-de-luta-trabalhadores-cobram-democratizacao-dos-meios-de-comunicacao-reforma-agraria-e-revogacao-da-reforma-da-previdencia\/\" \/>\n<meta property=\"og:locale\" content=\"pt_BR\" \/>\n<meta property=\"og:type\" content=\"article\" \/>\n<meta property=\"og:title\" content=\"Em Dia de Luta, trabalhadores cobram democratiza\u00e7\u00e3o dos meios de comunica\u00e7\u00e3o, reforma agr\u00e1ria e revoga\u00e7\u00e3o da Reforma da Previd\u00eancia - PSOL 50\" \/>\n<meta property=\"og:description\" content=\"Do site do PSOL Nacional, Leonor Costa Cerca de 5 mil pessoas caminharam pela Esplanada dos Minist\u00e9rios, durante ato convocado pela centrais sindicais. Mobiliza\u00e7\u00f5es tamb\u00e9m ocorreram em outras cidades do pa\u00eds e apresentam pauta unificada da classe trabalhadora A classe trabalhadora foi \u00e0s ruas nesta quinta-feira (11), em todo o pa\u00eds, nos atos convocados por [&hellip;]\" \/>\n<meta property=\"og:url\" content=\"https:\/\/psol50.org.br\/em-dia-de-luta-trabalhadores-cobram-democratizacao-dos-meios-de-comunicacao-reforma-agraria-e-revogacao-da-reforma-da-previdencia\/\" \/>\n<meta property=\"og:site_name\" content=\"PSOL 50\" \/>\n<meta property=\"article:publisher\" content=\"https:\/\/www.facebook.com\/psol50\" \/>\n<meta property=\"article:published_time\" content=\"2013-07-11T00:00:00+00:00\" \/>\n<meta property=\"og:image\" content=\"https:\/\/psol50.org.br\/inc\/uploads\/2018\/07\/capa.png\" \/>\n\t<meta property=\"og:image:width\" content=\"1350\" \/>\n\t<meta property=\"og:image:height\" content=\"900\" \/>\n\t<meta property=\"og:image:type\" content=\"image\/png\" \/>\n<meta name=\"author\" content=\"Comunica\u00e7\u00e3o PSOL\" \/>\n<meta name=\"twitter:card\" content=\"summary_large_image\" \/>\n<meta name=\"twitter:creator\" content=\"@psol50\" \/>\n<meta name=\"twitter:site\" content=\"@psol50\" \/>\n<meta name=\"twitter:label1\" content=\"Escrito por\" \/>\n\t<meta name=\"twitter:data1\" content=\"Comunica\u00e7\u00e3o PSOL\" \/>\n\t<meta name=\"twitter:label2\" content=\"Est. tempo de leitura\" \/>\n\t<meta name=\"twitter:data2\" content=\"4 minutos\" \/>\n<script type=\"application\/ld+json\" class=\"yoast-schema-graph\">{\"@context\":\"https:\/\/schema.org\",\"@graph\":[{\"@type\":\"Article\",\"@id\":\"https:\/\/psol50.org.br\/em-dia-de-luta-trabalhadores-cobram-democratizacao-dos-meios-de-comunicacao-reforma-agraria-e-revogacao-da-reforma-da-previdencia\/#article\",\"isPartOf\":{\"@id\":\"https:\/\/psol50.org.br\/em-dia-de-luta-trabalhadores-cobram-democratizacao-dos-meios-de-comunicacao-reforma-agraria-e-revogacao-da-reforma-da-previdencia\/\"},\"author\":{\"name\":\"Comunica\u00e7\u00e3o PSOL\",\"@id\":\"https:\/\/psol50.org.br\/#\/schema\/person\/475dfa57d0b815993c714c2e96491fcd\"},\"headline\":\"Em Dia de Luta, trabalhadores cobram democratiza\u00e7\u00e3o dos meios de comunica\u00e7\u00e3o, reforma agr\u00e1ria e revoga\u00e7\u00e3o da Reforma da Previd\u00eancia\",\"datePublished\":\"2013-07-11T00:00:00+00:00\",\"mainEntityOfPage\":{\"@id\":\"https:\/\/psol50.org.br\/em-dia-de-luta-trabalhadores-cobram-democratizacao-dos-meios-de-comunicacao-reforma-agraria-e-revogacao-da-reforma-da-previdencia\/\"},\"wordCount\":743,\"commentCount\":0,\"publisher\":{\"@id\":\"https:\/\/psol50.org.br\/#organization\"},\"articleSection\":[\"Arquivo\"],\"inLanguage\":\"pt-BR\",\"potentialAction\":[{\"@type\":\"CommentAction\",\"name\":\"Comment\",\"target\":[\"https:\/\/psol50.org.br\/em-dia-de-luta-trabalhadores-cobram-democratizacao-dos-meios-de-comunicacao-reforma-agraria-e-revogacao-da-reforma-da-previdencia\/#respond\"]}]},{\"@type\":\"WebPage\",\"@id\":\"https:\/\/psol50.org.br\/em-dia-de-luta-trabalhadores-cobram-democratizacao-dos-meios-de-comunicacao-reforma-agraria-e-revogacao-da-reforma-da-previdencia\/\",\"url\":\"https:\/\/psol50.org.br\/em-dia-de-luta-trabalhadores-cobram-democratizacao-dos-meios-de-comunicacao-reforma-agraria-e-revogacao-da-reforma-da-previdencia\/\",\"name\":\"Em Dia de Luta, trabalhadores cobram democratiza\u00e7\u00e3o dos meios de comunica\u00e7\u00e3o, reforma agr\u00e1ria e revoga\u00e7\u00e3o da Reforma da Previd\u00eancia - PSOL 50\",\"isPartOf\":{\"@id\":\"https:\/\/psol50.org.br\/#website\"},\"datePublished\":\"2013-07-11T00:00:00+00:00\",\"breadcrumb\":{\"@id\":\"https:\/\/psol50.org.br\/em-dia-de-luta-trabalhadores-cobram-democratizacao-dos-meios-de-comunicacao-reforma-agraria-e-revogacao-da-reforma-da-previdencia\/#breadcrumb\"},\"inLanguage\":\"pt-BR\",\"potentialAction\":[{\"@type\":\"ReadAction\",\"target\":[\"https:\/\/psol50.org.br\/em-dia-de-luta-trabalhadores-cobram-democratizacao-dos-meios-de-comunicacao-reforma-agraria-e-revogacao-da-reforma-da-previdencia\/\"]}]},{\"@type\":\"BreadcrumbList\",\"@id\":\"https:\/\/psol50.org.br\/em-dia-de-luta-trabalhadores-cobram-democratizacao-dos-meios-de-comunicacao-reforma-agraria-e-revogacao-da-reforma-da-previdencia\/#breadcrumb\",\"itemListElement\":[{\"@type\":\"ListItem\",\"position\":1,\"name\":\"In\u00edcio\",\"item\":\"https:\/\/psol50.org.br\/\"},{\"@type\":\"ListItem\",\"position\":2,\"name\":\"Em Dia de Luta, trabalhadores cobram democratiza\u00e7\u00e3o dos meios de comunica\u00e7\u00e3o, reforma agr\u00e1ria e revoga\u00e7\u00e3o da Reforma da Previd\u00eancia\"}]},{\"@type\":\"WebSite\",\"@id\":\"https:\/\/psol50.org.br\/#website\",\"url\":\"https:\/\/psol50.org.br\/\",\"name\":\"PSOL 50\",\"description\":\"Site oficial do Partido Socialismo e Liberdade\",\"publisher\":{\"@id\":\"https:\/\/psol50.org.br\/#organization\"},\"alternateName\":\"PSOL50\",\"potentialAction\":[{\"@type\":\"SearchAction\",\"target\":{\"@type\":\"EntryPoint\",\"urlTemplate\":\"https:\/\/psol50.org.br\/?s={search_term_string}\"},\"query-input\":{\"@type\":\"PropertyValueSpecification\",\"valueRequired\":true,\"valueName\":\"search_term_string\"}}],\"inLanguage\":\"pt-BR\"},{\"@type\":\"Organization\",\"@id\":\"https:\/\/psol50.org.br\/#organization\",\"name\":\"PSOL 50\",\"alternateName\":\"PSOL 50\",\"url\":\"https:\/\/psol50.org.br\/\",\"logo\":{\"@type\":\"ImageObject\",\"inLanguage\":\"pt-BR\",\"@id\":\"https:\/\/psol50.org.br\/#\/schema\/logo\/image\/\",\"url\":\"https:\/\/psol50.org.br\/inc\/uploads\/2018\/07\/capa.png\",\"contentUrl\":\"https:\/\/psol50.org.br\/inc\/uploads\/2018\/07\/capa.png\",\"width\":1350,\"height\":900,\"caption\":\"PSOL 50\"},\"image\":{\"@id\":\"https:\/\/psol50.org.br\/#\/schema\/logo\/image\/\"},\"sameAs\":[\"https:\/\/www.facebook.com\/psol50\",\"https:\/\/x.com\/psol50\",\"https:\/\/www.instagram.com\/psol50\/\",\"https:\/\/www.youtube.com\/channel\/UC7SnJS5o1os7a6CaiNabzcg\"]},{\"@type\":\"Person\",\"@id\":\"https:\/\/psol50.org.br\/#\/schema\/person\/475dfa57d0b815993c714c2e96491fcd\",\"name\":\"Comunica\u00e7\u00e3o PSOL\",\"image\":{\"@type\":\"ImageObject\",\"inLanguage\":\"pt-BR\",\"@id\":\"https:\/\/psol50.org.br\/#\/schema\/person\/image\/\",\"url\":\"https:\/\/secure.gravatar.com\/avatar\/b34fc4f4e468a4e51785917065a3db57b841f5c95dba6ad8c73aaf8f66f8f9bf?s=96&d=mm&r=g\",\"contentUrl\":\"https:\/\/secure.gravatar.com\/avatar\/b34fc4f4e468a4e51785917065a3db57b841f5c95dba6ad8c73aaf8f66f8f9bf?s=96&d=mm&r=g\",\"caption\":\"Comunica\u00e7\u00e3o PSOL\"}}]}<\/script>\n<!-- \/ Yoast SEO plugin. -->","yoast_head_json":{"title":"Em Dia de Luta, trabalhadores cobram democratiza\u00e7\u00e3o dos meios de comunica\u00e7\u00e3o, reforma agr\u00e1ria e revoga\u00e7\u00e3o da Reforma da Previd\u00eancia - PSOL 50","robots":{"index":"index","follow":"follow","max-snippet":"max-snippet:-1","max-image-preview":"max-image-preview:large","max-video-preview":"max-video-preview:-1"},"canonical":"https:\/\/psol50.org.br\/em-dia-de-luta-trabalhadores-cobram-democratizacao-dos-meios-de-comunicacao-reforma-agraria-e-revogacao-da-reforma-da-previdencia\/","og_locale":"pt_BR","og_type":"article","og_title":"Em Dia de Luta, trabalhadores cobram democratiza\u00e7\u00e3o dos meios de comunica\u00e7\u00e3o, reforma agr\u00e1ria e revoga\u00e7\u00e3o da Reforma da Previd\u00eancia - PSOL 50","og_description":"Do site do PSOL Nacional, Leonor Costa Cerca de 5 mil pessoas caminharam pela Esplanada dos Minist\u00e9rios, durante ato convocado pela centrais sindicais. Mobiliza\u00e7\u00f5es tamb\u00e9m ocorreram em outras cidades do pa\u00eds e apresentam pauta unificada da classe trabalhadora A classe trabalhadora foi \u00e0s ruas nesta quinta-feira (11), em todo o pa\u00eds, nos atos convocados por [&hellip;]","og_url":"https:\/\/psol50.org.br\/em-dia-de-luta-trabalhadores-cobram-democratizacao-dos-meios-de-comunicacao-reforma-agraria-e-revogacao-da-reforma-da-previdencia\/","og_site_name":"PSOL 50","article_publisher":"https:\/\/www.facebook.com\/psol50","article_published_time":"2013-07-11T00:00:00+00:00","og_image":[{"width":1350,"height":900,"url":"https:\/\/psol50.org.br\/inc\/uploads\/2018\/07\/capa.png","type":"image\/png"}],"author":"Comunica\u00e7\u00e3o PSOL","twitter_card":"summary_large_image","twitter_creator":"@psol50","twitter_site":"@psol50","twitter_misc":{"Escrito por":"Comunica\u00e7\u00e3o PSOL","Est. tempo de leitura":"4 minutos"},"schema":{"@context":"https:\/\/schema.org","@graph":[{"@type":"Article","@id":"https:\/\/psol50.org.br\/em-dia-de-luta-trabalhadores-cobram-democratizacao-dos-meios-de-comunicacao-reforma-agraria-e-revogacao-da-reforma-da-previdencia\/#article","isPartOf":{"@id":"https:\/\/psol50.org.br\/em-dia-de-luta-trabalhadores-cobram-democratizacao-dos-meios-de-comunicacao-reforma-agraria-e-revogacao-da-reforma-da-previdencia\/"},"author":{"name":"Comunica\u00e7\u00e3o PSOL","@id":"https:\/\/psol50.org.br\/#\/schema\/person\/475dfa57d0b815993c714c2e96491fcd"},"headline":"Em Dia de Luta, trabalhadores cobram democratiza\u00e7\u00e3o dos meios de comunica\u00e7\u00e3o, reforma agr\u00e1ria e revoga\u00e7\u00e3o da Reforma da Previd\u00eancia","datePublished":"2013-07-11T00:00:00+00:00","mainEntityOfPage":{"@id":"https:\/\/psol50.org.br\/em-dia-de-luta-trabalhadores-cobram-democratizacao-dos-meios-de-comunicacao-reforma-agraria-e-revogacao-da-reforma-da-previdencia\/"},"wordCount":743,"commentCount":0,"publisher":{"@id":"https:\/\/psol50.org.br\/#organization"},"articleSection":["Arquivo"],"inLanguage":"pt-BR","potentialAction":[{"@type":"CommentAction","name":"Comment","target":["https:\/\/psol50.org.br\/em-dia-de-luta-trabalhadores-cobram-democratizacao-dos-meios-de-comunicacao-reforma-agraria-e-revogacao-da-reforma-da-previdencia\/#respond"]}]},{"@type":"WebPage","@id":"https:\/\/psol50.org.br\/em-dia-de-luta-trabalhadores-cobram-democratizacao-dos-meios-de-comunicacao-reforma-agraria-e-revogacao-da-reforma-da-previdencia\/","url":"https:\/\/psol50.org.br\/em-dia-de-luta-trabalhadores-cobram-democratizacao-dos-meios-de-comunicacao-reforma-agraria-e-revogacao-da-reforma-da-previdencia\/","name":"Em Dia de Luta, trabalhadores cobram democratiza\u00e7\u00e3o dos meios de comunica\u00e7\u00e3o, reforma agr\u00e1ria e revoga\u00e7\u00e3o da Reforma da Previd\u00eancia - PSOL 50","isPartOf":{"@id":"https:\/\/psol50.org.br\/#website"},"datePublished":"2013-07-11T00:00:00+00:00","breadcrumb":{"@id":"https:\/\/psol50.org.br\/em-dia-de-luta-trabalhadores-cobram-democratizacao-dos-meios-de-comunicacao-reforma-agraria-e-revogacao-da-reforma-da-previdencia\/#breadcrumb"},"inLanguage":"pt-BR","potentialAction":[{"@type":"ReadAction","target":["https:\/\/psol50.org.br\/em-dia-de-luta-trabalhadores-cobram-democratizacao-dos-meios-de-comunicacao-reforma-agraria-e-revogacao-da-reforma-da-previdencia\/"]}]},{"@type":"BreadcrumbList","@id":"https:\/\/psol50.org.br\/em-dia-de-luta-trabalhadores-cobram-democratizacao-dos-meios-de-comunicacao-reforma-agraria-e-revogacao-da-reforma-da-previdencia\/#breadcrumb","itemListElement":[{"@type":"ListItem","position":1,"name":"In\u00edcio","item":"https:\/\/psol50.org.br\/"},{"@type":"ListItem","position":2,"name":"Em Dia de Luta, trabalhadores cobram democratiza\u00e7\u00e3o dos meios de comunica\u00e7\u00e3o, reforma agr\u00e1ria e revoga\u00e7\u00e3o da Reforma da Previd\u00eancia"}]},{"@type":"WebSite","@id":"https:\/\/psol50.org.br\/#website","url":"https:\/\/psol50.org.br\/","name":"PSOL 50","description":"Site oficial do Partido Socialismo e Liberdade","publisher":{"@id":"https:\/\/psol50.org.br\/#organization"},"alternateName":"PSOL50","potentialAction":[{"@type":"SearchAction","target":{"@type":"EntryPoint","urlTemplate":"https:\/\/psol50.org.br\/?s={search_term_string}"},"query-input":{"@type":"PropertyValueSpecification","valueRequired":true,"valueName":"search_term_string"}}],"inLanguage":"pt-BR"},{"@type":"Organization","@id":"https:\/\/psol50.org.br\/#organization","name":"PSOL 50","alternateName":"PSOL 50","url":"https:\/\/psol50.org.br\/","logo":{"@type":"ImageObject","inLanguage":"pt-BR","@id":"https:\/\/psol50.org.br\/#\/schema\/logo\/image\/","url":"https:\/\/psol50.org.br\/inc\/uploads\/2018\/07\/capa.png","contentUrl":"https:\/\/psol50.org.br\/inc\/uploads\/2018\/07\/capa.png","width":1350,"height":900,"caption":"PSOL 50"},"image":{"@id":"https:\/\/psol50.org.br\/#\/schema\/logo\/image\/"},"sameAs":["https:\/\/www.facebook.com\/psol50","https:\/\/x.com\/psol50","https:\/\/www.instagram.com\/psol50\/","https:\/\/www.youtube.com\/channel\/UC7SnJS5o1os7a6CaiNabzcg"]},{"@type":"Person","@id":"https:\/\/psol50.org.br\/#\/schema\/person\/475dfa57d0b815993c714c2e96491fcd","name":"Comunica\u00e7\u00e3o PSOL","image":{"@type":"ImageObject","inLanguage":"pt-BR","@id":"https:\/\/psol50.org.br\/#\/schema\/person\/image\/","url":"https:\/\/secure.gravatar.com\/avatar\/b34fc4f4e468a4e51785917065a3db57b841f5c95dba6ad8c73aaf8f66f8f9bf?s=96&d=mm&r=g","contentUrl":"https:\/\/secure.gravatar.com\/avatar\/b34fc4f4e468a4e51785917065a3db57b841f5c95dba6ad8c73aaf8f66f8f9bf?s=96&d=mm&r=g","caption":"Comunica\u00e7\u00e3o PSOL"}}]}},"_links":{"self":[{"href":"https:\/\/psol50.org.br\/rest\/wp\/v2\/posts\/2122","targetHints":{"allow":["GET"]}}],"collection":[{"href":"https:\/\/psol50.org.br\/rest\/wp\/v2\/posts"}],"about":[{"href":"https:\/\/psol50.org.br\/rest\/wp\/v2\/types\/post"}],"author":[{"embeddable":true,"href":"https:\/\/psol50.org.br\/rest\/wp\/v2\/users\/2"}],"replies":[{"embeddable":true,"href":"https:\/\/psol50.org.br\/rest\/wp\/v2\/comments?post=2122"}],"version-history":[{"count":0,"href":"https:\/\/psol50.org.br\/rest\/wp\/v2\/posts\/2122\/revisions"}],"wp:attachment":[{"href":"https:\/\/psol50.org.br\/rest\/wp\/v2\/media?parent=2122"}],"wp:term":[{"taxonomy":"category","embeddable":true,"href":"https:\/\/psol50.org.br\/rest\/wp\/v2\/categories?post=2122"},{"taxonomy":"post_tag","embeddable":true,"href":"https:\/\/psol50.org.br\/rest\/wp\/v2\/tags?post=2122"}],"curies":[{"name":"wp","href":"https:\/\/api.w.org\/{rel}","templated":true}]}}