{"id":21221,"date":"2018-07-31T16:00:52","date_gmt":"2018-07-31T19:00:52","guid":{"rendered":"https:\/\/www.psol50.org.br\/?p=21221"},"modified":"2018-07-31T16:00:52","modified_gmt":"2018-07-31T19:00:52","slug":"luciana-boiteux-porque-precisamos-tanto-legalizar-o-aborto-a-adpf-442","status":"publish","type":"post","link":"https:\/\/psol50.org.br\/luciana-boiteux-porque-precisamos-tanto-legalizar-o-aborto-a-adpf-442\/","title":{"rendered":"Luciana Boiteux | Porque precisamos tanto legalizar o aborto: a ADPF 442"},"content":{"rendered":"<p><em><span style=\"font-size: 14px;\">Artigo publicado originalmente no blog <a href=\"https:\/\/agoraequesaoelas.blogfolha.uol.com.br\/2018\/07\/30\/porque-precisamos-tanto-legalizar-o-aborto-a-adpf-442\/\" target=\"_blank\" rel=\"noopener\"><span style=\"color: #0000ff;\"><strong>#Agora\u00c9QueS\u00e3oElas<\/strong><\/span><\/a>, da Folha de S.Paulo<\/span><\/em><\/p>\n<p>A ADPF, Argui\u00e7\u00e3o de Descumprimento de Preceito Fundamental, n. 442, protocolada pelo PSOL com apoio do Instituto Anis, questiona perante o Supremo Tribunal Federal a viola\u00e7\u00e3o de direitos fundamentais das mulheres diante da manuten\u00e7\u00e3o dos artigos 124 e 126 do C\u00f3digo Penal de 1940, que hoje criminalizam o aborto com apenas tr\u00eas exce\u00e7\u00f5es, risco de vida e gravidez resultante de estupro, al\u00e9m do feto anenc\u00e9falo, inclu\u00eddo posteriormente.<\/p>\n<p>Tal criminaliza\u00e7\u00e3o viola v\u00e1rios direitos das mulheres: dignidade, cidadania, direito \u00e0 vida, \u00e0 igualdade, \u00e0 liberdade, direito de n\u00e3o ser torturada, o direito \u00e0 sa\u00fade e ao planejamento familiar, previstos na Constitui\u00e7\u00e3o de 1988. \u00c9 mais do que urgente argumentar pela vida das mulheres contra uma criminaliza\u00e7\u00e3o do s\u00e9culo passado, antes da lei do div\u00f3rcio e da p\u00edlula anticoncepcional.<\/p>\n<p>Essa op\u00e7\u00e3o de enfrentar o tema no STF surge diante do bloqueio das tentativas de avan\u00e7o do debate no Parlamento, formado apenas por 11% de mulheres. Mesmo o excelente Projeto de Lei n. 882\/15, do Deputado Jean Wyllys, de legalizar o aborto acabou sendo impedido pela for\u00e7a da bancada evang\u00e9lica, que ainda tenta nos fazer recuar com a PEC 181, o Estatuto do Nascituro e o famigerado PL 5069\/13.<\/p>\n<p>Enquanto voc\u00ea est\u00e1 lendo esse texto, a cada minuto uma mulher brasileira decide fazer um aborto, e vai realizar esse procedimento, ainda que na ilegalidade e com todos os riscos. A Pesquisa Nacional sobre Aborto, realizada pela Anis em 2016, mostrou que uma em cada cinco mulheres, aos 40 anos, j\u00e1 havia feito pelo menos um aborto. S\u00f3 no ano de 2015, estima-se que 503 mil mulheres fizeram aborto. E elas s\u00e3o mulheres comuns, a maioria \u00e9 jovem, tem mais de um filho e segue uma religi\u00e3o. Portanto, mesmo sendo crime, mulheres fazem abortos, ou seja, a criminaliza\u00e7\u00e3o n\u00e3o impede que isso ocorra, mas as submete aos riscos de um aborto inseguro.<\/p>\n<p>Isso porque a interrup\u00e7\u00e3o da gravidez na ilegalidade, segundo a mesma pesquisa citada, traz consequ\u00eancias graves: 67% dessas mulheres que fizeram aborto tiveram que ser internadas, enquanto que estudos internacionais recentes apontam para entre 8 e 18% de mortes maternas como decorrentes de abortos inseguros, a maioria de mulheres negras e pobres.<\/p>\n<p>\u00c9, ent\u00e3o, pela vida das mulheres que precisamos legalizar o aborto. Hoje, a ADPF 442 conta com n\u00famero recorde de <em>amicus curiae<\/em> que ingressaram com pedido de habilita\u00e7\u00e3o no caso. Seguindo seu tr\u00e2mite, a relatora, Ministra Rosa Weber, determinou a realiza\u00e7\u00e3o de audi\u00eancia p\u00fablica nos dias 03 e 06 de agosto, destinada a ouvir experts, sociedade civil e organiza\u00e7\u00f5es que atuam no tema, de forma a trazer para o caso informa\u00e7\u00f5es \u00fateis ao julgamento final, que ainda n\u00e3o tem data.<\/p>\n<p>A ADPF representa um passo muito importante na legaliza\u00e7\u00e3o do aborto no Brasil, ao trazer uma nova esperan\u00e7a \u00e0 luta do movimento feminista em nosso pa\u00eds, especialmente diante do cen\u00e1rio internacional. Na Europa, todos os pa\u00edses j\u00e1 legalizaram, at\u00e9 a cat\u00f3lica Irlanda que recentemente legalizou o aborto. Na Am\u00e9rica Latina e na \u00c1frica, contudo, a maioria dos pa\u00edses ainda criminaliza mulheres por tal crime, embora tenhamos tido avan\u00e7os recentes na Bol\u00edvia e no Chile, mas especialmente na Argentina, que aprovou na C\u00e2mara a legaliza\u00e7\u00e3o do aborto com milhares de mulheres nas ruas com len\u00e7os verdes, o que ainda ser\u00e1 votado no Senado no pr\u00f3ximo dia 08\/08.<\/p>\n<p>Esperamos que essa onda verde que veio da Argentina possa soprar no Planalto Central e fortalecer a ADPF 442 que poder\u00e1 descriminalizar o aborto e garantir a normatiza\u00e7\u00e3o necess\u00e1ria para legalizar o aborto no Brasil. Aborto seguro, legal e gratuito, \u00e9 o que as argentinas pedem nas ruas, e o que n\u00f3s pedimos tamb\u00e9m. Porque legalizar o aborto \u00e9 defender a vida das mulheres.<\/p>\n","protected":false},"excerpt":{"rendered":"<p>Artigo publicado originalmente no blog #Agora\u00c9QueS\u00e3oElas, da Folha de S.Paulo A ADPF, Argui\u00e7\u00e3o de Descumprimento de Preceito Fundamental, n. 442, protocolada pelo PSOL com apoio do Instituto Anis, questiona perante o Supremo Tribunal Federal a viola\u00e7\u00e3o de direitos fundamentais das mulheres diante da manuten\u00e7\u00e3o dos artigos 124 e 126 do C\u00f3digo Penal de 1940, que [&hellip;]<\/p>\n","protected":false},"author":2,"featured_media":20848,"comment_status":"open","ping_status":"open","sticky":false,"template":"","format":"standard","meta":{"_acf_changed":false,"footnotes":""},"categories":[1882,1104,49],"tags":[824,2384,2668,979,2672,2670,45],"class_list":{"0":"post-21221","1":"post","2":"type-post","3":"status-publish","4":"format-standard","5":"has-post-thumbnail","7":"category-brasil","8":"category-movimento","9":"category-mulheres","10":"tag-aborto","11":"tag-adpf-442","12":"tag-audiencias-publicas","13":"tag-descriminalizacao","14":"tag-gravidez-indesejada","15":"tag-luciana-boiteux","16":"tag-stf"},"acf":[],"yoast_head":"<!-- This site is optimized with the Yoast SEO plugin v26.5 - https:\/\/yoast.com\/wordpress\/plugins\/seo\/ -->\n<title>Luciana Boiteux | Porque precisamos tanto legalizar o aborto: a ADPF 442 - PSOL 50<\/title>\n<meta name=\"robots\" content=\"index, follow, max-snippet:-1, max-image-preview:large, max-video-preview:-1\" \/>\n<link rel=\"canonical\" href=\"https:\/\/psol50.org.br\/luciana-boiteux-porque-precisamos-tanto-legalizar-o-aborto-a-adpf-442\/\" \/>\n<meta property=\"og:locale\" content=\"pt_BR\" \/>\n<meta property=\"og:type\" content=\"article\" \/>\n<meta property=\"og:title\" content=\"Porque precisamos tanto legalizar o aborto: a ADPF 442\" \/>\n<meta property=\"og:description\" content=\"A advogada Luciana Boiteux destaca a import\u00e2ncia da mobiliza\u00e7\u00e3o em defesa da a\u00e7\u00e3o do PSOL, que ser\u00e1 debatida em audi\u00eancias no STF\" \/>\n<meta property=\"og:url\" content=\"https:\/\/psol50.org.br\/luciana-boiteux-porque-precisamos-tanto-legalizar-o-aborto-a-adpf-442\/\" \/>\n<meta property=\"og:site_name\" content=\"PSOL 50\" \/>\n<meta property=\"article:publisher\" content=\"https:\/\/www.facebook.com\/psol50\" \/>\n<meta property=\"article:published_time\" content=\"2018-07-31T19:00:52+00:00\" \/>\n<meta property=\"og:image\" content=\"https:\/\/psol50.org.br\/inc\/uploads\/2018\/05\/Irlandesas_Legalizacao_Aborto_Reproducao_Twitter.jpg\" \/>\n\t<meta property=\"og:image:width\" content=\"1350\" \/>\n\t<meta property=\"og:image:height\" content=\"1012\" \/>\n\t<meta property=\"og:image:type\" content=\"image\/jpeg\" \/>\n<meta name=\"author\" content=\"Comunica\u00e7\u00e3o PSOL\" \/>\n<meta name=\"twitter:card\" content=\"summary_large_image\" \/>\n<meta name=\"twitter:creator\" content=\"@psol50\" \/>\n<meta name=\"twitter:site\" content=\"@psol50\" \/>\n<meta name=\"twitter:label1\" content=\"Escrito por\" \/>\n\t<meta name=\"twitter:data1\" content=\"Comunica\u00e7\u00e3o PSOL\" \/>\n\t<meta name=\"twitter:label2\" content=\"Est. tempo de leitura\" \/>\n\t<meta name=\"twitter:data2\" content=\"3 minutos\" \/>\n<script type=\"application\/ld+json\" class=\"yoast-schema-graph\">{\"@context\":\"https:\/\/schema.org\",\"@graph\":[{\"@type\":\"Article\",\"@id\":\"https:\/\/psol50.org.br\/luciana-boiteux-porque-precisamos-tanto-legalizar-o-aborto-a-adpf-442\/#article\",\"isPartOf\":{\"@id\":\"https:\/\/psol50.org.br\/luciana-boiteux-porque-precisamos-tanto-legalizar-o-aborto-a-adpf-442\/\"},\"author\":{\"name\":\"Comunica\u00e7\u00e3o PSOL\",\"@id\":\"https:\/\/psol50.org.br\/#\/schema\/person\/475dfa57d0b815993c714c2e96491fcd\"},\"headline\":\"Luciana Boiteux | Porque precisamos tanto legalizar o aborto: a ADPF 442\",\"datePublished\":\"2018-07-31T19:00:52+00:00\",\"mainEntityOfPage\":{\"@id\":\"https:\/\/psol50.org.br\/luciana-boiteux-porque-precisamos-tanto-legalizar-o-aborto-a-adpf-442\/\"},\"wordCount\":657,\"commentCount\":0,\"publisher\":{\"@id\":\"https:\/\/psol50.org.br\/#organization\"},\"image\":{\"@id\":\"https:\/\/psol50.org.br\/luciana-boiteux-porque-precisamos-tanto-legalizar-o-aborto-a-adpf-442\/#primaryimage\"},\"thumbnailUrl\":\"https:\/\/psol50.org.br\/inc\/uploads\/2018\/05\/Irlandesas_Legalizacao_Aborto_Reproducao_Twitter.jpg\",\"keywords\":[\"aborto\",\"ADPF 442\",\"audi\u00eancias p\u00fablicas\",\"descriminaliza\u00e7\u00e3o\",\"gravidez indesejada\",\"Luciana Boiteux\",\"STF\"],\"articleSection\":[\"Brasil\",\"Movimento\",\"Mulheres\"],\"inLanguage\":\"pt-BR\",\"potentialAction\":[{\"@type\":\"CommentAction\",\"name\":\"Comment\",\"target\":[\"https:\/\/psol50.org.br\/luciana-boiteux-porque-precisamos-tanto-legalizar-o-aborto-a-adpf-442\/#respond\"]}]},{\"@type\":\"WebPage\",\"@id\":\"https:\/\/psol50.org.br\/luciana-boiteux-porque-precisamos-tanto-legalizar-o-aborto-a-adpf-442\/\",\"url\":\"https:\/\/psol50.org.br\/luciana-boiteux-porque-precisamos-tanto-legalizar-o-aborto-a-adpf-442\/\",\"name\":\"Luciana Boiteux | Porque precisamos tanto legalizar o aborto: a ADPF 442 - PSOL 50\",\"isPartOf\":{\"@id\":\"https:\/\/psol50.org.br\/#website\"},\"primaryImageOfPage\":{\"@id\":\"https:\/\/psol50.org.br\/luciana-boiteux-porque-precisamos-tanto-legalizar-o-aborto-a-adpf-442\/#primaryimage\"},\"image\":{\"@id\":\"https:\/\/psol50.org.br\/luciana-boiteux-porque-precisamos-tanto-legalizar-o-aborto-a-adpf-442\/#primaryimage\"},\"thumbnailUrl\":\"https:\/\/psol50.org.br\/inc\/uploads\/2018\/05\/Irlandesas_Legalizacao_Aborto_Reproducao_Twitter.jpg\",\"datePublished\":\"2018-07-31T19:00:52+00:00\",\"breadcrumb\":{\"@id\":\"https:\/\/psol50.org.br\/luciana-boiteux-porque-precisamos-tanto-legalizar-o-aborto-a-adpf-442\/#breadcrumb\"},\"inLanguage\":\"pt-BR\",\"potentialAction\":[{\"@type\":\"ReadAction\",\"target\":[\"https:\/\/psol50.org.br\/luciana-boiteux-porque-precisamos-tanto-legalizar-o-aborto-a-adpf-442\/\"]}]},{\"@type\":\"ImageObject\",\"inLanguage\":\"pt-BR\",\"@id\":\"https:\/\/psol50.org.br\/luciana-boiteux-porque-precisamos-tanto-legalizar-o-aborto-a-adpf-442\/#primaryimage\",\"url\":\"https:\/\/psol50.org.br\/inc\/uploads\/2018\/05\/Irlandesas_Legalizacao_Aborto_Reproducao_Twitter.jpg\",\"contentUrl\":\"https:\/\/psol50.org.br\/inc\/uploads\/2018\/05\/Irlandesas_Legalizacao_Aborto_Reproducao_Twitter.jpg\",\"width\":1350,\"height\":1012,\"caption\":\"Irlandesas_Legalizacao_Aborto_Reprodu\u00e7\u00e3o_Twitter\"},{\"@type\":\"BreadcrumbList\",\"@id\":\"https:\/\/psol50.org.br\/luciana-boiteux-porque-precisamos-tanto-legalizar-o-aborto-a-adpf-442\/#breadcrumb\",\"itemListElement\":[{\"@type\":\"ListItem\",\"position\":1,\"name\":\"In\u00edcio\",\"item\":\"https:\/\/psol50.org.br\/\"},{\"@type\":\"ListItem\",\"position\":2,\"name\":\"Luciana Boiteux | Porque precisamos tanto legalizar o aborto: a ADPF 442\"}]},{\"@type\":\"WebSite\",\"@id\":\"https:\/\/psol50.org.br\/#website\",\"url\":\"https:\/\/psol50.org.br\/\",\"name\":\"PSOL 50\",\"description\":\"Site oficial do Partido Socialismo e Liberdade\",\"publisher\":{\"@id\":\"https:\/\/psol50.org.br\/#organization\"},\"alternateName\":\"PSOL50\",\"potentialAction\":[{\"@type\":\"SearchAction\",\"target\":{\"@type\":\"EntryPoint\",\"urlTemplate\":\"https:\/\/psol50.org.br\/?s={search_term_string}\"},\"query-input\":{\"@type\":\"PropertyValueSpecification\",\"valueRequired\":true,\"valueName\":\"search_term_string\"}}],\"inLanguage\":\"pt-BR\"},{\"@type\":\"Organization\",\"@id\":\"https:\/\/psol50.org.br\/#organization\",\"name\":\"PSOL 50\",\"alternateName\":\"PSOL 50\",\"url\":\"https:\/\/psol50.org.br\/\",\"logo\":{\"@type\":\"ImageObject\",\"inLanguage\":\"pt-BR\",\"@id\":\"https:\/\/psol50.org.br\/#\/schema\/logo\/image\/\",\"url\":\"https:\/\/psol50.org.br\/inc\/uploads\/2018\/07\/capa.png\",\"contentUrl\":\"https:\/\/psol50.org.br\/inc\/uploads\/2018\/07\/capa.png\",\"width\":1350,\"height\":900,\"caption\":\"PSOL 50\"},\"image\":{\"@id\":\"https:\/\/psol50.org.br\/#\/schema\/logo\/image\/\"},\"sameAs\":[\"https:\/\/www.facebook.com\/psol50\",\"https:\/\/x.com\/psol50\",\"https:\/\/www.instagram.com\/psol50\/\",\"https:\/\/www.youtube.com\/channel\/UC7SnJS5o1os7a6CaiNabzcg\"]},{\"@type\":\"Person\",\"@id\":\"https:\/\/psol50.org.br\/#\/schema\/person\/475dfa57d0b815993c714c2e96491fcd\",\"name\":\"Comunica\u00e7\u00e3o PSOL\",\"image\":{\"@type\":\"ImageObject\",\"inLanguage\":\"pt-BR\",\"@id\":\"https:\/\/psol50.org.br\/#\/schema\/person\/image\/\",\"url\":\"https:\/\/secure.gravatar.com\/avatar\/b34fc4f4e468a4e51785917065a3db57b841f5c95dba6ad8c73aaf8f66f8f9bf?s=96&d=mm&r=g\",\"contentUrl\":\"https:\/\/secure.gravatar.com\/avatar\/b34fc4f4e468a4e51785917065a3db57b841f5c95dba6ad8c73aaf8f66f8f9bf?s=96&d=mm&r=g\",\"caption\":\"Comunica\u00e7\u00e3o PSOL\"}}]}<\/script>\n<!-- \/ Yoast SEO plugin. -->","yoast_head_json":{"title":"Luciana Boiteux | Porque precisamos tanto legalizar o aborto: a ADPF 442 - PSOL 50","robots":{"index":"index","follow":"follow","max-snippet":"max-snippet:-1","max-image-preview":"max-image-preview:large","max-video-preview":"max-video-preview:-1"},"canonical":"https:\/\/psol50.org.br\/luciana-boiteux-porque-precisamos-tanto-legalizar-o-aborto-a-adpf-442\/","og_locale":"pt_BR","og_type":"article","og_title":"Porque precisamos tanto legalizar o aborto: a ADPF 442","og_description":"A advogada Luciana Boiteux destaca a import\u00e2ncia da mobiliza\u00e7\u00e3o em defesa da a\u00e7\u00e3o do PSOL, que ser\u00e1 debatida em audi\u00eancias no STF","og_url":"https:\/\/psol50.org.br\/luciana-boiteux-porque-precisamos-tanto-legalizar-o-aborto-a-adpf-442\/","og_site_name":"PSOL 50","article_publisher":"https:\/\/www.facebook.com\/psol50","article_published_time":"2018-07-31T19:00:52+00:00","og_image":[{"width":1350,"height":1012,"url":"https:\/\/psol50.org.br\/inc\/uploads\/2018\/05\/Irlandesas_Legalizacao_Aborto_Reproducao_Twitter.jpg","type":"image\/jpeg"}],"author":"Comunica\u00e7\u00e3o PSOL","twitter_card":"summary_large_image","twitter_creator":"@psol50","twitter_site":"@psol50","twitter_misc":{"Escrito por":"Comunica\u00e7\u00e3o PSOL","Est. tempo de leitura":"3 minutos"},"schema":{"@context":"https:\/\/schema.org","@graph":[{"@type":"Article","@id":"https:\/\/psol50.org.br\/luciana-boiteux-porque-precisamos-tanto-legalizar-o-aborto-a-adpf-442\/#article","isPartOf":{"@id":"https:\/\/psol50.org.br\/luciana-boiteux-porque-precisamos-tanto-legalizar-o-aborto-a-adpf-442\/"},"author":{"name":"Comunica\u00e7\u00e3o PSOL","@id":"https:\/\/psol50.org.br\/#\/schema\/person\/475dfa57d0b815993c714c2e96491fcd"},"headline":"Luciana Boiteux | Porque precisamos tanto legalizar o aborto: a ADPF 442","datePublished":"2018-07-31T19:00:52+00:00","mainEntityOfPage":{"@id":"https:\/\/psol50.org.br\/luciana-boiteux-porque-precisamos-tanto-legalizar-o-aborto-a-adpf-442\/"},"wordCount":657,"commentCount":0,"publisher":{"@id":"https:\/\/psol50.org.br\/#organization"},"image":{"@id":"https:\/\/psol50.org.br\/luciana-boiteux-porque-precisamos-tanto-legalizar-o-aborto-a-adpf-442\/#primaryimage"},"thumbnailUrl":"https:\/\/psol50.org.br\/inc\/uploads\/2018\/05\/Irlandesas_Legalizacao_Aborto_Reproducao_Twitter.jpg","keywords":["aborto","ADPF 442","audi\u00eancias p\u00fablicas","descriminaliza\u00e7\u00e3o","gravidez indesejada","Luciana Boiteux","STF"],"articleSection":["Brasil","Movimento","Mulheres"],"inLanguage":"pt-BR","potentialAction":[{"@type":"CommentAction","name":"Comment","target":["https:\/\/psol50.org.br\/luciana-boiteux-porque-precisamos-tanto-legalizar-o-aborto-a-adpf-442\/#respond"]}]},{"@type":"WebPage","@id":"https:\/\/psol50.org.br\/luciana-boiteux-porque-precisamos-tanto-legalizar-o-aborto-a-adpf-442\/","url":"https:\/\/psol50.org.br\/luciana-boiteux-porque-precisamos-tanto-legalizar-o-aborto-a-adpf-442\/","name":"Luciana Boiteux | Porque precisamos tanto legalizar o aborto: a ADPF 442 - PSOL 50","isPartOf":{"@id":"https:\/\/psol50.org.br\/#website"},"primaryImageOfPage":{"@id":"https:\/\/psol50.org.br\/luciana-boiteux-porque-precisamos-tanto-legalizar-o-aborto-a-adpf-442\/#primaryimage"},"image":{"@id":"https:\/\/psol50.org.br\/luciana-boiteux-porque-precisamos-tanto-legalizar-o-aborto-a-adpf-442\/#primaryimage"},"thumbnailUrl":"https:\/\/psol50.org.br\/inc\/uploads\/2018\/05\/Irlandesas_Legalizacao_Aborto_Reproducao_Twitter.jpg","datePublished":"2018-07-31T19:00:52+00:00","breadcrumb":{"@id":"https:\/\/psol50.org.br\/luciana-boiteux-porque-precisamos-tanto-legalizar-o-aborto-a-adpf-442\/#breadcrumb"},"inLanguage":"pt-BR","potentialAction":[{"@type":"ReadAction","target":["https:\/\/psol50.org.br\/luciana-boiteux-porque-precisamos-tanto-legalizar-o-aborto-a-adpf-442\/"]}]},{"@type":"ImageObject","inLanguage":"pt-BR","@id":"https:\/\/psol50.org.br\/luciana-boiteux-porque-precisamos-tanto-legalizar-o-aborto-a-adpf-442\/#primaryimage","url":"https:\/\/psol50.org.br\/inc\/uploads\/2018\/05\/Irlandesas_Legalizacao_Aborto_Reproducao_Twitter.jpg","contentUrl":"https:\/\/psol50.org.br\/inc\/uploads\/2018\/05\/Irlandesas_Legalizacao_Aborto_Reproducao_Twitter.jpg","width":1350,"height":1012,"caption":"Irlandesas_Legalizacao_Aborto_Reprodu\u00e7\u00e3o_Twitter"},{"@type":"BreadcrumbList","@id":"https:\/\/psol50.org.br\/luciana-boiteux-porque-precisamos-tanto-legalizar-o-aborto-a-adpf-442\/#breadcrumb","itemListElement":[{"@type":"ListItem","position":1,"name":"In\u00edcio","item":"https:\/\/psol50.org.br\/"},{"@type":"ListItem","position":2,"name":"Luciana Boiteux | Porque precisamos tanto legalizar o aborto: a ADPF 442"}]},{"@type":"WebSite","@id":"https:\/\/psol50.org.br\/#website","url":"https:\/\/psol50.org.br\/","name":"PSOL 50","description":"Site oficial do Partido Socialismo e Liberdade","publisher":{"@id":"https:\/\/psol50.org.br\/#organization"},"alternateName":"PSOL50","potentialAction":[{"@type":"SearchAction","target":{"@type":"EntryPoint","urlTemplate":"https:\/\/psol50.org.br\/?s={search_term_string}"},"query-input":{"@type":"PropertyValueSpecification","valueRequired":true,"valueName":"search_term_string"}}],"inLanguage":"pt-BR"},{"@type":"Organization","@id":"https:\/\/psol50.org.br\/#organization","name":"PSOL 50","alternateName":"PSOL 50","url":"https:\/\/psol50.org.br\/","logo":{"@type":"ImageObject","inLanguage":"pt-BR","@id":"https:\/\/psol50.org.br\/#\/schema\/logo\/image\/","url":"https:\/\/psol50.org.br\/inc\/uploads\/2018\/07\/capa.png","contentUrl":"https:\/\/psol50.org.br\/inc\/uploads\/2018\/07\/capa.png","width":1350,"height":900,"caption":"PSOL 50"},"image":{"@id":"https:\/\/psol50.org.br\/#\/schema\/logo\/image\/"},"sameAs":["https:\/\/www.facebook.com\/psol50","https:\/\/x.com\/psol50","https:\/\/www.instagram.com\/psol50\/","https:\/\/www.youtube.com\/channel\/UC7SnJS5o1os7a6CaiNabzcg"]},{"@type":"Person","@id":"https:\/\/psol50.org.br\/#\/schema\/person\/475dfa57d0b815993c714c2e96491fcd","name":"Comunica\u00e7\u00e3o PSOL","image":{"@type":"ImageObject","inLanguage":"pt-BR","@id":"https:\/\/psol50.org.br\/#\/schema\/person\/image\/","url":"https:\/\/secure.gravatar.com\/avatar\/b34fc4f4e468a4e51785917065a3db57b841f5c95dba6ad8c73aaf8f66f8f9bf?s=96&d=mm&r=g","contentUrl":"https:\/\/secure.gravatar.com\/avatar\/b34fc4f4e468a4e51785917065a3db57b841f5c95dba6ad8c73aaf8f66f8f9bf?s=96&d=mm&r=g","caption":"Comunica\u00e7\u00e3o PSOL"}}]}},"_links":{"self":[{"href":"https:\/\/psol50.org.br\/rest\/wp\/v2\/posts\/21221","targetHints":{"allow":["GET"]}}],"collection":[{"href":"https:\/\/psol50.org.br\/rest\/wp\/v2\/posts"}],"about":[{"href":"https:\/\/psol50.org.br\/rest\/wp\/v2\/types\/post"}],"author":[{"embeddable":true,"href":"https:\/\/psol50.org.br\/rest\/wp\/v2\/users\/2"}],"replies":[{"embeddable":true,"href":"https:\/\/psol50.org.br\/rest\/wp\/v2\/comments?post=21221"}],"version-history":[{"count":0,"href":"https:\/\/psol50.org.br\/rest\/wp\/v2\/posts\/21221\/revisions"}],"wp:featuredmedia":[{"embeddable":true,"href":"https:\/\/psol50.org.br\/rest\/wp\/v2\/media\/20848"}],"wp:attachment":[{"href":"https:\/\/psol50.org.br\/rest\/wp\/v2\/media?parent=21221"}],"wp:term":[{"taxonomy":"category","embeddable":true,"href":"https:\/\/psol50.org.br\/rest\/wp\/v2\/categories?post=21221"},{"taxonomy":"post_tag","embeddable":true,"href":"https:\/\/psol50.org.br\/rest\/wp\/v2\/tags?post=21221"}],"curies":[{"name":"wp","href":"https:\/\/api.w.org\/{rel}","templated":true}]}}