{"id":2124,"date":"2013-07-12T00:00:00","date_gmt":"2013-07-12T00:00:00","guid":{"rendered":"http:\/\/psol50.org.br\/arquivo\/2013\/07\/12\/para-jean-wyllys-substitutivo-ao-pl-59212001-e-novo-ataque-fundamentalista\/"},"modified":"2013-07-12T00:00:00","modified_gmt":"2013-07-12T00:00:00","slug":"para-jean-wyllys-substitutivo-ao-pl-59212001-e-novo-ataque-fundamentalista","status":"publish","type":"post","link":"https:\/\/psol50.org.br\/para-jean-wyllys-substitutivo-ao-pl-59212001-e-novo-ataque-fundamentalista\/","title":{"rendered":"Para Jean Wyllys, substitutivo ao PL 5921\/2001 \u00e9 novo ataque fundamentalista"},"content":{"rendered":"<p style=\"text-align: justify;\">\n\t<span style=\"font-size: 12px;\">Tramita pela Comiss\u00e3o de Ci\u00eancia e Tecnologia da C\u00e2mara o PL 5921\/2001, que regulamenta a publicidade destinada a produtos infantis. Foi apresentado, pelo Salvador Zimbaldi, um substitutivo ao texto que determina que tipo de fam\u00edlia pode aparecer nos comerciais e que quer excluir da publicidade fam\u00edlias monoparentais (m\u00e3es e filhos, pais e filhos), inclusive as formadas por ado\u00e7\u00e3o, fam\u00edlias homoafetivas, as fam\u00edlias sem filhos, etc.<\/p>\n<p>\tSegundo o deputado do PSOL Jean Wyllys, o projeto quer fazer isto regulando a programa\u00e7\u00e3o de r\u00e1dios e TVs e instituindo multas em caso de descumprimento. \u201cO projeto quer invisibilizar qualquer fam\u00edlia fora do arranjo nuclear, como se elas sequer existissem. Quer transformar voc\u00ea, que n\u00e3o tem uma fam\u00edlia de comercial de margarina, em algu\u00e9m sem fam\u00edlia alguma\u201d, avalia.<\/p>\n<p>\tPara o deputado, o texto diz se apoiar no artigo 226 da Constitui\u00e7\u00e3o, como se ele determinasse um modelo de fam\u00edlia, mas n\u00e3o o faz. \u201cSer\u00e1 que esta \u00e9 a forma de tornar as pessoas mais tolerantes com o pr\u00f3ximo e menos preconceituosas, ou ser\u00e1 que \u00e9 apenas uma forma de refor\u00e7ar os preconceitos e a intoler\u00e2ncia contra crian\u00e7as sem o nome do pai ou da m\u00e3e no documento? Ou \u00e9 uma forma de criar uma consequ\u00eancia futura para crian\u00e7as registradas com o nome de dois pais ou de duas m\u00e3es, amparada em lei?\u201d, questiona Jean, para quem o substitutivo \u00e9 o novo ataque fundamentalista na C\u00e2mara dos Deputados.<\/span><\/p>\n<p>\t<span style=\"font-size: 12px;\">Como coordenador da Frente LGBT, Jean Wyllys pediu que o deputado&nbsp;<\/span><a data-hovercard=\"\/ajax\/hovercard\/page.php?id=123368671040530&amp;extragetparams=%7B%22directed_target_id%22%3A0%7D\" href=\"https:\/\/www.facebook.com\/DeputadoPauloTeixeira?directed_target_id=0\" style=\"font-size: 12px;\">Paulo Teixeira<\/a><span style=\"font-size: 12px;\">&nbsp;se posicione contra o substitutivo, uma vez que Jean n\u00e3o participa da Comiss\u00e3o de Ci\u00eancia e Tecnologia. \u201cTemos que dizer n\u00e3o a este absurdo fundamentalista e totalit\u00e1rio\u201d, enfatiza.<\/span><\/p>\n<p><strong>&nbsp;<\/strong><\/p>\n","protected":false},"excerpt":{"rendered":"<p>Tramita pela Comiss\u00e3o de Ci\u00eancia e Tecnologia da C\u00e2mara o PL 5921\/2001, que regulamenta a publicidade destinada a produtos infantis. Foi apresentado, pelo Salvador Zimbaldi, um substitutivo ao texto que determina que tipo de fam\u00edlia pode aparecer nos comerciais e que quer excluir da publicidade fam\u00edlias monoparentais (m\u00e3es e filhos, pais e filhos), inclusive as [&hellip;]<\/p>\n","protected":false},"author":2,"featured_media":0,"comment_status":"open","ping_status":"open","sticky":false,"template":"","format":"standard","meta":{"_acf_changed":false,"footnotes":""},"categories":[10,4766],"tags":[],"class_list":{"0":"post-2124","1":"post","2":"type-post","3":"status-publish","4":"format-standard","6":"category-acao-parlamentares","7":"category-arquivo"},"acf":[],"yoast_head":"<!-- This site is optimized with the Yoast SEO plugin v26.5 - https:\/\/yoast.com\/wordpress\/plugins\/seo\/ -->\n<title>Para Jean Wyllys, substitutivo ao PL 5921\/2001 \u00e9 novo ataque fundamentalista - PSOL 50<\/title>\n<meta name=\"robots\" content=\"index, follow, max-snippet:-1, max-image-preview:large, max-video-preview:-1\" \/>\n<link rel=\"canonical\" href=\"https:\/\/psol50.org.br\/para-jean-wyllys-substitutivo-ao-pl-59212001-e-novo-ataque-fundamentalista\/\" \/>\n<meta property=\"og:locale\" content=\"pt_BR\" \/>\n<meta property=\"og:type\" content=\"article\" \/>\n<meta property=\"og:title\" content=\"Para Jean Wyllys, substitutivo ao PL 5921\/2001 \u00e9 novo ataque fundamentalista - PSOL 50\" \/>\n<meta property=\"og:description\" content=\"Tramita pela Comiss\u00e3o de Ci\u00eancia e Tecnologia da C\u00e2mara o PL 5921\/2001, que regulamenta a publicidade destinada a produtos infantis. Foi apresentado, pelo Salvador Zimbaldi, um substitutivo ao texto que determina que tipo de fam\u00edlia pode aparecer nos comerciais e que quer excluir da publicidade fam\u00edlias monoparentais (m\u00e3es e filhos, pais e filhos), inclusive as [&hellip;]\" \/>\n<meta property=\"og:url\" content=\"https:\/\/psol50.org.br\/para-jean-wyllys-substitutivo-ao-pl-59212001-e-novo-ataque-fundamentalista\/\" \/>\n<meta property=\"og:site_name\" content=\"PSOL 50\" \/>\n<meta property=\"article:publisher\" content=\"https:\/\/www.facebook.com\/psol50\" \/>\n<meta property=\"article:published_time\" content=\"2013-07-12T00:00:00+00:00\" \/>\n<meta property=\"og:image\" content=\"https:\/\/psol50.org.br\/inc\/uploads\/2018\/07\/capa.png\" \/>\n\t<meta property=\"og:image:width\" content=\"1350\" \/>\n\t<meta property=\"og:image:height\" content=\"900\" \/>\n\t<meta property=\"og:image:type\" content=\"image\/png\" \/>\n<meta name=\"author\" content=\"Comunica\u00e7\u00e3o PSOL\" \/>\n<meta name=\"twitter:card\" content=\"summary_large_image\" \/>\n<meta name=\"twitter:creator\" content=\"@psol50\" \/>\n<meta name=\"twitter:site\" content=\"@psol50\" \/>\n<meta name=\"twitter:label1\" content=\"Escrito por\" \/>\n\t<meta name=\"twitter:data1\" content=\"Comunica\u00e7\u00e3o PSOL\" \/>\n\t<meta name=\"twitter:label2\" content=\"Est. tempo de leitura\" \/>\n\t<meta name=\"twitter:data2\" content=\"2 minutos\" \/>\n<script type=\"application\/ld+json\" class=\"yoast-schema-graph\">{\"@context\":\"https:\/\/schema.org\",\"@graph\":[{\"@type\":\"Article\",\"@id\":\"https:\/\/psol50.org.br\/para-jean-wyllys-substitutivo-ao-pl-59212001-e-novo-ataque-fundamentalista\/#article\",\"isPartOf\":{\"@id\":\"https:\/\/psol50.org.br\/para-jean-wyllys-substitutivo-ao-pl-59212001-e-novo-ataque-fundamentalista\/\"},\"author\":{\"name\":\"Comunica\u00e7\u00e3o PSOL\",\"@id\":\"https:\/\/psol50.org.br\/#\/schema\/person\/475dfa57d0b815993c714c2e96491fcd\"},\"headline\":\"Para Jean Wyllys, substitutivo ao PL 5921\/2001 \u00e9 novo ataque fundamentalista\",\"datePublished\":\"2013-07-12T00:00:00+00:00\",\"mainEntityOfPage\":{\"@id\":\"https:\/\/psol50.org.br\/para-jean-wyllys-substitutivo-ao-pl-59212001-e-novo-ataque-fundamentalista\/\"},\"wordCount\":313,\"commentCount\":0,\"publisher\":{\"@id\":\"https:\/\/psol50.org.br\/#organization\"},\"articleSection\":[\"A\u00e7\u00e3o Parlamentar\",\"Arquivo\"],\"inLanguage\":\"pt-BR\",\"potentialAction\":[{\"@type\":\"CommentAction\",\"name\":\"Comment\",\"target\":[\"https:\/\/psol50.org.br\/para-jean-wyllys-substitutivo-ao-pl-59212001-e-novo-ataque-fundamentalista\/#respond\"]}]},{\"@type\":\"WebPage\",\"@id\":\"https:\/\/psol50.org.br\/para-jean-wyllys-substitutivo-ao-pl-59212001-e-novo-ataque-fundamentalista\/\",\"url\":\"https:\/\/psol50.org.br\/para-jean-wyllys-substitutivo-ao-pl-59212001-e-novo-ataque-fundamentalista\/\",\"name\":\"Para Jean Wyllys, substitutivo ao PL 5921\/2001 \u00e9 novo ataque fundamentalista - PSOL 50\",\"isPartOf\":{\"@id\":\"https:\/\/psol50.org.br\/#website\"},\"datePublished\":\"2013-07-12T00:00:00+00:00\",\"breadcrumb\":{\"@id\":\"https:\/\/psol50.org.br\/para-jean-wyllys-substitutivo-ao-pl-59212001-e-novo-ataque-fundamentalista\/#breadcrumb\"},\"inLanguage\":\"pt-BR\",\"potentialAction\":[{\"@type\":\"ReadAction\",\"target\":[\"https:\/\/psol50.org.br\/para-jean-wyllys-substitutivo-ao-pl-59212001-e-novo-ataque-fundamentalista\/\"]}]},{\"@type\":\"BreadcrumbList\",\"@id\":\"https:\/\/psol50.org.br\/para-jean-wyllys-substitutivo-ao-pl-59212001-e-novo-ataque-fundamentalista\/#breadcrumb\",\"itemListElement\":[{\"@type\":\"ListItem\",\"position\":1,\"name\":\"In\u00edcio\",\"item\":\"https:\/\/psol50.org.br\/\"},{\"@type\":\"ListItem\",\"position\":2,\"name\":\"Para Jean Wyllys, substitutivo ao PL 5921\/2001 \u00e9 novo ataque fundamentalista\"}]},{\"@type\":\"WebSite\",\"@id\":\"https:\/\/psol50.org.br\/#website\",\"url\":\"https:\/\/psol50.org.br\/\",\"name\":\"PSOL 50\",\"description\":\"Site oficial do Partido Socialismo e Liberdade\",\"publisher\":{\"@id\":\"https:\/\/psol50.org.br\/#organization\"},\"alternateName\":\"PSOL50\",\"potentialAction\":[{\"@type\":\"SearchAction\",\"target\":{\"@type\":\"EntryPoint\",\"urlTemplate\":\"https:\/\/psol50.org.br\/?s={search_term_string}\"},\"query-input\":{\"@type\":\"PropertyValueSpecification\",\"valueRequired\":true,\"valueName\":\"search_term_string\"}}],\"inLanguage\":\"pt-BR\"},{\"@type\":\"Organization\",\"@id\":\"https:\/\/psol50.org.br\/#organization\",\"name\":\"PSOL 50\",\"alternateName\":\"PSOL 50\",\"url\":\"https:\/\/psol50.org.br\/\",\"logo\":{\"@type\":\"ImageObject\",\"inLanguage\":\"pt-BR\",\"@id\":\"https:\/\/psol50.org.br\/#\/schema\/logo\/image\/\",\"url\":\"https:\/\/psol50.org.br\/inc\/uploads\/2018\/07\/capa.png\",\"contentUrl\":\"https:\/\/psol50.org.br\/inc\/uploads\/2018\/07\/capa.png\",\"width\":1350,\"height\":900,\"caption\":\"PSOL 50\"},\"image\":{\"@id\":\"https:\/\/psol50.org.br\/#\/schema\/logo\/image\/\"},\"sameAs\":[\"https:\/\/www.facebook.com\/psol50\",\"https:\/\/x.com\/psol50\",\"https:\/\/www.instagram.com\/psol50\/\",\"https:\/\/www.youtube.com\/channel\/UC7SnJS5o1os7a6CaiNabzcg\"]},{\"@type\":\"Person\",\"@id\":\"https:\/\/psol50.org.br\/#\/schema\/person\/475dfa57d0b815993c714c2e96491fcd\",\"name\":\"Comunica\u00e7\u00e3o PSOL\",\"image\":{\"@type\":\"ImageObject\",\"inLanguage\":\"pt-BR\",\"@id\":\"https:\/\/psol50.org.br\/#\/schema\/person\/image\/\",\"url\":\"https:\/\/secure.gravatar.com\/avatar\/b34fc4f4e468a4e51785917065a3db57b841f5c95dba6ad8c73aaf8f66f8f9bf?s=96&d=mm&r=g\",\"contentUrl\":\"https:\/\/secure.gravatar.com\/avatar\/b34fc4f4e468a4e51785917065a3db57b841f5c95dba6ad8c73aaf8f66f8f9bf?s=96&d=mm&r=g\",\"caption\":\"Comunica\u00e7\u00e3o PSOL\"}}]}<\/script>\n<!-- \/ Yoast SEO plugin. -->","yoast_head_json":{"title":"Para Jean Wyllys, substitutivo ao PL 5921\/2001 \u00e9 novo ataque fundamentalista - PSOL 50","robots":{"index":"index","follow":"follow","max-snippet":"max-snippet:-1","max-image-preview":"max-image-preview:large","max-video-preview":"max-video-preview:-1"},"canonical":"https:\/\/psol50.org.br\/para-jean-wyllys-substitutivo-ao-pl-59212001-e-novo-ataque-fundamentalista\/","og_locale":"pt_BR","og_type":"article","og_title":"Para Jean Wyllys, substitutivo ao PL 5921\/2001 \u00e9 novo ataque fundamentalista - PSOL 50","og_description":"Tramita pela Comiss\u00e3o de Ci\u00eancia e Tecnologia da C\u00e2mara o PL 5921\/2001, que regulamenta a publicidade destinada a produtos infantis. Foi apresentado, pelo Salvador Zimbaldi, um substitutivo ao texto que determina que tipo de fam\u00edlia pode aparecer nos comerciais e que quer excluir da publicidade fam\u00edlias monoparentais (m\u00e3es e filhos, pais e filhos), inclusive as [&hellip;]","og_url":"https:\/\/psol50.org.br\/para-jean-wyllys-substitutivo-ao-pl-59212001-e-novo-ataque-fundamentalista\/","og_site_name":"PSOL 50","article_publisher":"https:\/\/www.facebook.com\/psol50","article_published_time":"2013-07-12T00:00:00+00:00","og_image":[{"width":1350,"height":900,"url":"https:\/\/psol50.org.br\/inc\/uploads\/2018\/07\/capa.png","type":"image\/png"}],"author":"Comunica\u00e7\u00e3o PSOL","twitter_card":"summary_large_image","twitter_creator":"@psol50","twitter_site":"@psol50","twitter_misc":{"Escrito por":"Comunica\u00e7\u00e3o PSOL","Est. tempo de leitura":"2 minutos"},"schema":{"@context":"https:\/\/schema.org","@graph":[{"@type":"Article","@id":"https:\/\/psol50.org.br\/para-jean-wyllys-substitutivo-ao-pl-59212001-e-novo-ataque-fundamentalista\/#article","isPartOf":{"@id":"https:\/\/psol50.org.br\/para-jean-wyllys-substitutivo-ao-pl-59212001-e-novo-ataque-fundamentalista\/"},"author":{"name":"Comunica\u00e7\u00e3o PSOL","@id":"https:\/\/psol50.org.br\/#\/schema\/person\/475dfa57d0b815993c714c2e96491fcd"},"headline":"Para Jean Wyllys, substitutivo ao PL 5921\/2001 \u00e9 novo ataque fundamentalista","datePublished":"2013-07-12T00:00:00+00:00","mainEntityOfPage":{"@id":"https:\/\/psol50.org.br\/para-jean-wyllys-substitutivo-ao-pl-59212001-e-novo-ataque-fundamentalista\/"},"wordCount":313,"commentCount":0,"publisher":{"@id":"https:\/\/psol50.org.br\/#organization"},"articleSection":["A\u00e7\u00e3o Parlamentar","Arquivo"],"inLanguage":"pt-BR","potentialAction":[{"@type":"CommentAction","name":"Comment","target":["https:\/\/psol50.org.br\/para-jean-wyllys-substitutivo-ao-pl-59212001-e-novo-ataque-fundamentalista\/#respond"]}]},{"@type":"WebPage","@id":"https:\/\/psol50.org.br\/para-jean-wyllys-substitutivo-ao-pl-59212001-e-novo-ataque-fundamentalista\/","url":"https:\/\/psol50.org.br\/para-jean-wyllys-substitutivo-ao-pl-59212001-e-novo-ataque-fundamentalista\/","name":"Para Jean Wyllys, substitutivo ao PL 5921\/2001 \u00e9 novo ataque fundamentalista - PSOL 50","isPartOf":{"@id":"https:\/\/psol50.org.br\/#website"},"datePublished":"2013-07-12T00:00:00+00:00","breadcrumb":{"@id":"https:\/\/psol50.org.br\/para-jean-wyllys-substitutivo-ao-pl-59212001-e-novo-ataque-fundamentalista\/#breadcrumb"},"inLanguage":"pt-BR","potentialAction":[{"@type":"ReadAction","target":["https:\/\/psol50.org.br\/para-jean-wyllys-substitutivo-ao-pl-59212001-e-novo-ataque-fundamentalista\/"]}]},{"@type":"BreadcrumbList","@id":"https:\/\/psol50.org.br\/para-jean-wyllys-substitutivo-ao-pl-59212001-e-novo-ataque-fundamentalista\/#breadcrumb","itemListElement":[{"@type":"ListItem","position":1,"name":"In\u00edcio","item":"https:\/\/psol50.org.br\/"},{"@type":"ListItem","position":2,"name":"Para Jean Wyllys, substitutivo ao PL 5921\/2001 \u00e9 novo ataque fundamentalista"}]},{"@type":"WebSite","@id":"https:\/\/psol50.org.br\/#website","url":"https:\/\/psol50.org.br\/","name":"PSOL 50","description":"Site oficial do Partido Socialismo e Liberdade","publisher":{"@id":"https:\/\/psol50.org.br\/#organization"},"alternateName":"PSOL50","potentialAction":[{"@type":"SearchAction","target":{"@type":"EntryPoint","urlTemplate":"https:\/\/psol50.org.br\/?s={search_term_string}"},"query-input":{"@type":"PropertyValueSpecification","valueRequired":true,"valueName":"search_term_string"}}],"inLanguage":"pt-BR"},{"@type":"Organization","@id":"https:\/\/psol50.org.br\/#organization","name":"PSOL 50","alternateName":"PSOL 50","url":"https:\/\/psol50.org.br\/","logo":{"@type":"ImageObject","inLanguage":"pt-BR","@id":"https:\/\/psol50.org.br\/#\/schema\/logo\/image\/","url":"https:\/\/psol50.org.br\/inc\/uploads\/2018\/07\/capa.png","contentUrl":"https:\/\/psol50.org.br\/inc\/uploads\/2018\/07\/capa.png","width":1350,"height":900,"caption":"PSOL 50"},"image":{"@id":"https:\/\/psol50.org.br\/#\/schema\/logo\/image\/"},"sameAs":["https:\/\/www.facebook.com\/psol50","https:\/\/x.com\/psol50","https:\/\/www.instagram.com\/psol50\/","https:\/\/www.youtube.com\/channel\/UC7SnJS5o1os7a6CaiNabzcg"]},{"@type":"Person","@id":"https:\/\/psol50.org.br\/#\/schema\/person\/475dfa57d0b815993c714c2e96491fcd","name":"Comunica\u00e7\u00e3o PSOL","image":{"@type":"ImageObject","inLanguage":"pt-BR","@id":"https:\/\/psol50.org.br\/#\/schema\/person\/image\/","url":"https:\/\/secure.gravatar.com\/avatar\/b34fc4f4e468a4e51785917065a3db57b841f5c95dba6ad8c73aaf8f66f8f9bf?s=96&d=mm&r=g","contentUrl":"https:\/\/secure.gravatar.com\/avatar\/b34fc4f4e468a4e51785917065a3db57b841f5c95dba6ad8c73aaf8f66f8f9bf?s=96&d=mm&r=g","caption":"Comunica\u00e7\u00e3o PSOL"}}]}},"_links":{"self":[{"href":"https:\/\/psol50.org.br\/rest\/wp\/v2\/posts\/2124","targetHints":{"allow":["GET"]}}],"collection":[{"href":"https:\/\/psol50.org.br\/rest\/wp\/v2\/posts"}],"about":[{"href":"https:\/\/psol50.org.br\/rest\/wp\/v2\/types\/post"}],"author":[{"embeddable":true,"href":"https:\/\/psol50.org.br\/rest\/wp\/v2\/users\/2"}],"replies":[{"embeddable":true,"href":"https:\/\/psol50.org.br\/rest\/wp\/v2\/comments?post=2124"}],"version-history":[{"count":0,"href":"https:\/\/psol50.org.br\/rest\/wp\/v2\/posts\/2124\/revisions"}],"wp:attachment":[{"href":"https:\/\/psol50.org.br\/rest\/wp\/v2\/media?parent=2124"}],"wp:term":[{"taxonomy":"category","embeddable":true,"href":"https:\/\/psol50.org.br\/rest\/wp\/v2\/categories?post=2124"},{"taxonomy":"post_tag","embeddable":true,"href":"https:\/\/psol50.org.br\/rest\/wp\/v2\/tags?post=2124"}],"curies":[{"name":"wp","href":"https:\/\/api.w.org\/{rel}","templated":true}]}}