{"id":21259,"date":"2018-08-02T17:54:53","date_gmt":"2018-08-02T20:54:53","guid":{"rendered":"https:\/\/www.psol50.org.br\/?p=21259"},"modified":"2018-08-02T17:54:53","modified_gmt":"2018-08-02T20:54:53","slug":"daniel-cara-cortes-na-ciencia-temer-quer-afundar-o-brasil-no-obscurantismo","status":"publish","type":"post","link":"https:\/\/psol50.org.br\/daniel-cara-cortes-na-ciencia-temer-quer-afundar-o-brasil-no-obscurantismo\/","title":{"rendered":"Daniel Cara | Cortes na Ci\u00eancia: Temer quer afundar o Brasil no obscurantismo"},"content":{"rendered":"<p>Definitivamente, Temer quer afundar o Brasil no obscurantismo. Em nota publicada nesta quarta-feira (01\/08), o Conselho Superior da Capes (<span class=\"ILfuVd yZ8quc\">Coordena\u00e7\u00e3o de Aperfei\u00e7oamento de Pessoal de N\u00edvel Superior<\/span>) anunciou que devido aos cortes or\u00e7ament\u00e1rios do governo, consolidados na Lei de Diretrizes Or\u00e7ament\u00e1rias (LDO), todas as bolsas de mestrado, doutorado e p\u00f3s-doutorado correm o risco de serem suspensas a partir de agosto de 2019, impactando mais de 93 mil pesquisadores. Mais de 105 mil bolsistas de PIBID (Programa Institucional de Bolas de Inicia\u00e7\u00e3o \u00e0 Doc\u00eancias) e Parfor (<span class=\"tag-body\">Plano Nacional de Forma\u00e7\u00e3o de Professores da Educa\u00e7\u00e3o B\u00e1sica)<\/span> tamb\u00e9m ter\u00e3o suas bolsas suspensas, e 245 mil estudantes e equipes da Universidade Aberta do Brasil ser\u00e3o impactados com a interrup\u00e7\u00e3o do sistema da universidade, al\u00e9m da sens\u00edvel diminui\u00e7\u00e3o \u00e0s atividades de coopera\u00e7\u00e3o internacional.<\/p>\n<p>O retrocesso \u00e9 absurdo, o impacto sobre a produ\u00e7\u00e3o cient\u00edfica ser\u00e1 enorme e \u00e9 FUNDAMENTAL reverter os cortes or\u00e7ament\u00e1rios com urg\u00eancia. Sempre \u00e9 necess\u00e1rio lembrar que os cortes na LDO s\u00e3o fruto da Emenda \u00e0 Constitui\u00e7\u00e3o 95\/2016, que estabeleceu uma esp\u00e9cie teto declinante (e asfixiante) aos investimentos p\u00fablicos federais.<\/p>\n<p>Por\u00e9m, h\u00e1 uma outra quest\u00e3o de fundo: o ataque do governo Temer \u00e0 Educa\u00e7\u00e3o, Ci\u00eancia, Tecnologia e Inova\u00e7\u00e3o n\u00e3o \u00e9 consequ\u00eancia de uma simples decis\u00e3o econ\u00f4mica, oriunda da chamada pol\u00edtica de austeridade. \u00c9, na verdade, a express\u00e3o de um projeto que vai lan\u00e7ar o Brasil em uma posi\u00e7\u00e3o subalterna no cen\u00e1rio internacional, em nome dos interesses exclusivos do mercado financeiro global.<\/p>\n<p>Mas h\u00e1 sa\u00edda e ela come\u00e7a por um exame detalhado do or\u00e7amento p\u00fablico nacional, enfrentando suas contradi\u00e7\u00f5es.<\/p>\n<p>Segundo a Nota da Capes, para que TODAS as bolsas de p\u00f3s-gradua\u00e7\u00e3o n\u00e3o sejam cortadas em agosto de 2019, a Capes precisa de cerca de R$ 300 milh\u00f5es. Isso representa 0,08% do or\u00e7amento da Uni\u00e3o (Governo Federal). A pergunta que fica \u00e9: pesquisa \u00e9 importante para o pa\u00eds ou n\u00e3o \u00e9? Temer, seus aliados e c\u00famplices dizem que n\u00e3o.<\/p>\n<p>A bancada federal do PSOL j\u00e1 est\u00e1 mobilizada para enfrentar esse disparate. E vai ser preciso contar com todo nossa aguerrida milit\u00e2ncia nessa luta.<\/p>\n","protected":false},"excerpt":{"rendered":"<p>Definitivamente, Temer quer afundar o Brasil no obscurantismo. Em nota publicada nesta quarta-feira (01\/08), o Conselho Superior da Capes (Coordena\u00e7\u00e3o de Aperfei\u00e7oamento de Pessoal de N\u00edvel Superior) anunciou que devido aos cortes or\u00e7ament\u00e1rios do governo, consolidados na Lei de Diretrizes Or\u00e7ament\u00e1rias (LDO), todas as bolsas de mestrado, doutorado e p\u00f3s-doutorado correm o risco de serem [&hellip;]<\/p>\n","protected":false},"author":2,"featured_media":19638,"comment_status":"open","ping_status":"open","sticky":false,"template":"","format":"standard","meta":{"_acf_changed":false,"footnotes":""},"categories":[3,1882,2208],"tags":[2673,402,2273,164,2674,2675,2676,1748,403,408,22],"class_list":{"0":"post-21259","1":"post","2":"type-post","3":"status-publish","4":"format-standard","5":"has-post-thumbnail","7":"category-artigos-e-entrevistas","8":"category-brasil","9":"category-educacao","10":"tag-bolsa","11":"tag-capes","12":"tag-daniel-cara","13":"tag-educacao","14":"tag-ensino","15":"tag-ensino-superior","16":"tag-extensao","17":"tag-michel-temer","18":"tag-pesquisa","19":"tag-pos-graduacao","20":"tag-psol"},"acf":[],"yoast_head":"<!-- This site is optimized with the Yoast SEO plugin v26.5 - https:\/\/yoast.com\/wordpress\/plugins\/seo\/ -->\n<title>Daniel Cara | Cortes na Ci\u00eancia: Temer quer afundar o Brasil no obscurantismo - PSOL 50<\/title>\n<meta name=\"robots\" content=\"index, follow, max-snippet:-1, max-image-preview:large, max-video-preview:-1\" \/>\n<link rel=\"canonical\" href=\"https:\/\/psol50.org.br\/daniel-cara-cortes-na-ciencia-temer-quer-afundar-o-brasil-no-obscurantismo\/\" \/>\n<meta property=\"og:locale\" content=\"pt_BR\" \/>\n<meta property=\"og:type\" content=\"article\" \/>\n<meta property=\"og:title\" content=\"Cortes na Ci\u00eancia: Temer quer afundar o Brasil no obscurantismo\" \/>\n<meta property=\"og:description\" content=\"Daniel Cara, candidato ao Senado pelo PSOL-SP, analisa a recente decis\u00e3o do governo de cortar verbas para bolsas de p\u00f3s-gradua\u00e7\u00e3o\" \/>\n<meta property=\"og:url\" content=\"https:\/\/psol50.org.br\/daniel-cara-cortes-na-ciencia-temer-quer-afundar-o-brasil-no-obscurantismo\/\" \/>\n<meta property=\"og:site_name\" content=\"PSOL 50\" \/>\n<meta property=\"article:publisher\" content=\"https:\/\/www.facebook.com\/psol50\" \/>\n<meta property=\"article:published_time\" content=\"2018-08-02T20:54:53+00:00\" \/>\n<meta property=\"og:image\" content=\"https:\/\/psol50.org.br\/inc\/uploads\/2018\/01\/UnB-Minhocao-Agencia-UnB.jpg\" \/>\n\t<meta property=\"og:image:width\" content=\"1350\" \/>\n\t<meta property=\"og:image:height\" content=\"900\" \/>\n\t<meta property=\"og:image:type\" content=\"image\/jpeg\" \/>\n<meta name=\"author\" content=\"Comunica\u00e7\u00e3o PSOL\" \/>\n<meta name=\"twitter:card\" content=\"summary_large_image\" \/>\n<meta name=\"twitter:creator\" content=\"@psol50\" \/>\n<meta name=\"twitter:site\" content=\"@psol50\" \/>\n<meta name=\"twitter:label1\" content=\"Escrito por\" \/>\n\t<meta name=\"twitter:data1\" content=\"Comunica\u00e7\u00e3o PSOL\" \/>\n\t<meta name=\"twitter:label2\" content=\"Est. tempo de leitura\" \/>\n\t<meta name=\"twitter:data2\" content=\"2 minutos\" \/>\n<script type=\"application\/ld+json\" class=\"yoast-schema-graph\">{\"@context\":\"https:\/\/schema.org\",\"@graph\":[{\"@type\":\"Article\",\"@id\":\"https:\/\/psol50.org.br\/daniel-cara-cortes-na-ciencia-temer-quer-afundar-o-brasil-no-obscurantismo\/#article\",\"isPartOf\":{\"@id\":\"https:\/\/psol50.org.br\/daniel-cara-cortes-na-ciencia-temer-quer-afundar-o-brasil-no-obscurantismo\/\"},\"author\":{\"name\":\"Comunica\u00e7\u00e3o PSOL\",\"@id\":\"https:\/\/psol50.org.br\/#\/schema\/person\/475dfa57d0b815993c714c2e96491fcd\"},\"headline\":\"Daniel Cara | Cortes na Ci\u00eancia: Temer quer afundar o Brasil no obscurantismo\",\"datePublished\":\"2018-08-02T20:54:53+00:00\",\"mainEntityOfPage\":{\"@id\":\"https:\/\/psol50.org.br\/daniel-cara-cortes-na-ciencia-temer-quer-afundar-o-brasil-no-obscurantismo\/\"},\"wordCount\":392,\"commentCount\":0,\"publisher\":{\"@id\":\"https:\/\/psol50.org.br\/#organization\"},\"image\":{\"@id\":\"https:\/\/psol50.org.br\/daniel-cara-cortes-na-ciencia-temer-quer-afundar-o-brasil-no-obscurantismo\/#primaryimage\"},\"thumbnailUrl\":\"https:\/\/psol50.org.br\/inc\/uploads\/2018\/01\/UnB-Minhocao-Agencia-UnB.jpg\",\"keywords\":[\"bolsa\",\"Capes\",\"Daniel Cara\",\"Educa\u00e7\u00e3o\",\"ensino\",\"ensino superior\",\"extens\u00e3o\",\"Michel Temer\",\"pesquisa\",\"p\u00f3s-gradua\u00e7\u00e3o\",\"PSOL\"],\"articleSection\":[\"Artigos\",\"Brasil\",\"Educa\u00e7\u00e3o\"],\"inLanguage\":\"pt-BR\",\"potentialAction\":[{\"@type\":\"CommentAction\",\"name\":\"Comment\",\"target\":[\"https:\/\/psol50.org.br\/daniel-cara-cortes-na-ciencia-temer-quer-afundar-o-brasil-no-obscurantismo\/#respond\"]}]},{\"@type\":\"WebPage\",\"@id\":\"https:\/\/psol50.org.br\/daniel-cara-cortes-na-ciencia-temer-quer-afundar-o-brasil-no-obscurantismo\/\",\"url\":\"https:\/\/psol50.org.br\/daniel-cara-cortes-na-ciencia-temer-quer-afundar-o-brasil-no-obscurantismo\/\",\"name\":\"Daniel Cara | Cortes na Ci\u00eancia: Temer quer afundar o Brasil no obscurantismo - PSOL 50\",\"isPartOf\":{\"@id\":\"https:\/\/psol50.org.br\/#website\"},\"primaryImageOfPage\":{\"@id\":\"https:\/\/psol50.org.br\/daniel-cara-cortes-na-ciencia-temer-quer-afundar-o-brasil-no-obscurantismo\/#primaryimage\"},\"image\":{\"@id\":\"https:\/\/psol50.org.br\/daniel-cara-cortes-na-ciencia-temer-quer-afundar-o-brasil-no-obscurantismo\/#primaryimage\"},\"thumbnailUrl\":\"https:\/\/psol50.org.br\/inc\/uploads\/2018\/01\/UnB-Minhocao-Agencia-UnB.jpg\",\"datePublished\":\"2018-08-02T20:54:53+00:00\",\"breadcrumb\":{\"@id\":\"https:\/\/psol50.org.br\/daniel-cara-cortes-na-ciencia-temer-quer-afundar-o-brasil-no-obscurantismo\/#breadcrumb\"},\"inLanguage\":\"pt-BR\",\"potentialAction\":[{\"@type\":\"ReadAction\",\"target\":[\"https:\/\/psol50.org.br\/daniel-cara-cortes-na-ciencia-temer-quer-afundar-o-brasil-no-obscurantismo\/\"]}]},{\"@type\":\"ImageObject\",\"inLanguage\":\"pt-BR\",\"@id\":\"https:\/\/psol50.org.br\/daniel-cara-cortes-na-ciencia-temer-quer-afundar-o-brasil-no-obscurantismo\/#primaryimage\",\"url\":\"https:\/\/psol50.org.br\/inc\/uploads\/2018\/01\/UnB-Minhocao-Agencia-UnB.jpg\",\"contentUrl\":\"https:\/\/psol50.org.br\/inc\/uploads\/2018\/01\/UnB-Minhocao-Agencia-UnB.jpg\",\"width\":1350,\"height\":900},{\"@type\":\"BreadcrumbList\",\"@id\":\"https:\/\/psol50.org.br\/daniel-cara-cortes-na-ciencia-temer-quer-afundar-o-brasil-no-obscurantismo\/#breadcrumb\",\"itemListElement\":[{\"@type\":\"ListItem\",\"position\":1,\"name\":\"In\u00edcio\",\"item\":\"https:\/\/psol50.org.br\/\"},{\"@type\":\"ListItem\",\"position\":2,\"name\":\"Daniel Cara | Cortes na Ci\u00eancia: Temer quer afundar o Brasil no obscurantismo\"}]},{\"@type\":\"WebSite\",\"@id\":\"https:\/\/psol50.org.br\/#website\",\"url\":\"https:\/\/psol50.org.br\/\",\"name\":\"PSOL 50\",\"description\":\"Site oficial do Partido Socialismo e Liberdade\",\"publisher\":{\"@id\":\"https:\/\/psol50.org.br\/#organization\"},\"alternateName\":\"PSOL50\",\"potentialAction\":[{\"@type\":\"SearchAction\",\"target\":{\"@type\":\"EntryPoint\",\"urlTemplate\":\"https:\/\/psol50.org.br\/?s={search_term_string}\"},\"query-input\":{\"@type\":\"PropertyValueSpecification\",\"valueRequired\":true,\"valueName\":\"search_term_string\"}}],\"inLanguage\":\"pt-BR\"},{\"@type\":\"Organization\",\"@id\":\"https:\/\/psol50.org.br\/#organization\",\"name\":\"PSOL 50\",\"alternateName\":\"PSOL 50\",\"url\":\"https:\/\/psol50.org.br\/\",\"logo\":{\"@type\":\"ImageObject\",\"inLanguage\":\"pt-BR\",\"@id\":\"https:\/\/psol50.org.br\/#\/schema\/logo\/image\/\",\"url\":\"https:\/\/psol50.org.br\/inc\/uploads\/2018\/07\/capa.png\",\"contentUrl\":\"https:\/\/psol50.org.br\/inc\/uploads\/2018\/07\/capa.png\",\"width\":1350,\"height\":900,\"caption\":\"PSOL 50\"},\"image\":{\"@id\":\"https:\/\/psol50.org.br\/#\/schema\/logo\/image\/\"},\"sameAs\":[\"https:\/\/www.facebook.com\/psol50\",\"https:\/\/x.com\/psol50\",\"https:\/\/www.instagram.com\/psol50\/\",\"https:\/\/www.youtube.com\/channel\/UC7SnJS5o1os7a6CaiNabzcg\"]},{\"@type\":\"Person\",\"@id\":\"https:\/\/psol50.org.br\/#\/schema\/person\/475dfa57d0b815993c714c2e96491fcd\",\"name\":\"Comunica\u00e7\u00e3o PSOL\",\"image\":{\"@type\":\"ImageObject\",\"inLanguage\":\"pt-BR\",\"@id\":\"https:\/\/psol50.org.br\/#\/schema\/person\/image\/\",\"url\":\"https:\/\/secure.gravatar.com\/avatar\/b34fc4f4e468a4e51785917065a3db57b841f5c95dba6ad8c73aaf8f66f8f9bf?s=96&d=mm&r=g\",\"contentUrl\":\"https:\/\/secure.gravatar.com\/avatar\/b34fc4f4e468a4e51785917065a3db57b841f5c95dba6ad8c73aaf8f66f8f9bf?s=96&d=mm&r=g\",\"caption\":\"Comunica\u00e7\u00e3o PSOL\"}}]}<\/script>\n<!-- \/ Yoast SEO plugin. -->","yoast_head_json":{"title":"Daniel Cara | Cortes na Ci\u00eancia: Temer quer afundar o Brasil no obscurantismo - PSOL 50","robots":{"index":"index","follow":"follow","max-snippet":"max-snippet:-1","max-image-preview":"max-image-preview:large","max-video-preview":"max-video-preview:-1"},"canonical":"https:\/\/psol50.org.br\/daniel-cara-cortes-na-ciencia-temer-quer-afundar-o-brasil-no-obscurantismo\/","og_locale":"pt_BR","og_type":"article","og_title":"Cortes na Ci\u00eancia: Temer quer afundar o Brasil no obscurantismo","og_description":"Daniel Cara, candidato ao Senado pelo PSOL-SP, analisa a recente decis\u00e3o do governo de cortar verbas para bolsas de p\u00f3s-gradua\u00e7\u00e3o","og_url":"https:\/\/psol50.org.br\/daniel-cara-cortes-na-ciencia-temer-quer-afundar-o-brasil-no-obscurantismo\/","og_site_name":"PSOL 50","article_publisher":"https:\/\/www.facebook.com\/psol50","article_published_time":"2018-08-02T20:54:53+00:00","og_image":[{"width":1350,"height":900,"url":"https:\/\/psol50.org.br\/inc\/uploads\/2018\/01\/UnB-Minhocao-Agencia-UnB.jpg","type":"image\/jpeg"}],"author":"Comunica\u00e7\u00e3o PSOL","twitter_card":"summary_large_image","twitter_creator":"@psol50","twitter_site":"@psol50","twitter_misc":{"Escrito por":"Comunica\u00e7\u00e3o PSOL","Est. tempo de leitura":"2 minutos"},"schema":{"@context":"https:\/\/schema.org","@graph":[{"@type":"Article","@id":"https:\/\/psol50.org.br\/daniel-cara-cortes-na-ciencia-temer-quer-afundar-o-brasil-no-obscurantismo\/#article","isPartOf":{"@id":"https:\/\/psol50.org.br\/daniel-cara-cortes-na-ciencia-temer-quer-afundar-o-brasil-no-obscurantismo\/"},"author":{"name":"Comunica\u00e7\u00e3o PSOL","@id":"https:\/\/psol50.org.br\/#\/schema\/person\/475dfa57d0b815993c714c2e96491fcd"},"headline":"Daniel Cara | Cortes na Ci\u00eancia: Temer quer afundar o Brasil no obscurantismo","datePublished":"2018-08-02T20:54:53+00:00","mainEntityOfPage":{"@id":"https:\/\/psol50.org.br\/daniel-cara-cortes-na-ciencia-temer-quer-afundar-o-brasil-no-obscurantismo\/"},"wordCount":392,"commentCount":0,"publisher":{"@id":"https:\/\/psol50.org.br\/#organization"},"image":{"@id":"https:\/\/psol50.org.br\/daniel-cara-cortes-na-ciencia-temer-quer-afundar-o-brasil-no-obscurantismo\/#primaryimage"},"thumbnailUrl":"https:\/\/psol50.org.br\/inc\/uploads\/2018\/01\/UnB-Minhocao-Agencia-UnB.jpg","keywords":["bolsa","Capes","Daniel Cara","Educa\u00e7\u00e3o","ensino","ensino superior","extens\u00e3o","Michel Temer","pesquisa","p\u00f3s-gradua\u00e7\u00e3o","PSOL"],"articleSection":["Artigos","Brasil","Educa\u00e7\u00e3o"],"inLanguage":"pt-BR","potentialAction":[{"@type":"CommentAction","name":"Comment","target":["https:\/\/psol50.org.br\/daniel-cara-cortes-na-ciencia-temer-quer-afundar-o-brasil-no-obscurantismo\/#respond"]}]},{"@type":"WebPage","@id":"https:\/\/psol50.org.br\/daniel-cara-cortes-na-ciencia-temer-quer-afundar-o-brasil-no-obscurantismo\/","url":"https:\/\/psol50.org.br\/daniel-cara-cortes-na-ciencia-temer-quer-afundar-o-brasil-no-obscurantismo\/","name":"Daniel Cara | Cortes na Ci\u00eancia: Temer quer afundar o Brasil no obscurantismo - PSOL 50","isPartOf":{"@id":"https:\/\/psol50.org.br\/#website"},"primaryImageOfPage":{"@id":"https:\/\/psol50.org.br\/daniel-cara-cortes-na-ciencia-temer-quer-afundar-o-brasil-no-obscurantismo\/#primaryimage"},"image":{"@id":"https:\/\/psol50.org.br\/daniel-cara-cortes-na-ciencia-temer-quer-afundar-o-brasil-no-obscurantismo\/#primaryimage"},"thumbnailUrl":"https:\/\/psol50.org.br\/inc\/uploads\/2018\/01\/UnB-Minhocao-Agencia-UnB.jpg","datePublished":"2018-08-02T20:54:53+00:00","breadcrumb":{"@id":"https:\/\/psol50.org.br\/daniel-cara-cortes-na-ciencia-temer-quer-afundar-o-brasil-no-obscurantismo\/#breadcrumb"},"inLanguage":"pt-BR","potentialAction":[{"@type":"ReadAction","target":["https:\/\/psol50.org.br\/daniel-cara-cortes-na-ciencia-temer-quer-afundar-o-brasil-no-obscurantismo\/"]}]},{"@type":"ImageObject","inLanguage":"pt-BR","@id":"https:\/\/psol50.org.br\/daniel-cara-cortes-na-ciencia-temer-quer-afundar-o-brasil-no-obscurantismo\/#primaryimage","url":"https:\/\/psol50.org.br\/inc\/uploads\/2018\/01\/UnB-Minhocao-Agencia-UnB.jpg","contentUrl":"https:\/\/psol50.org.br\/inc\/uploads\/2018\/01\/UnB-Minhocao-Agencia-UnB.jpg","width":1350,"height":900},{"@type":"BreadcrumbList","@id":"https:\/\/psol50.org.br\/daniel-cara-cortes-na-ciencia-temer-quer-afundar-o-brasil-no-obscurantismo\/#breadcrumb","itemListElement":[{"@type":"ListItem","position":1,"name":"In\u00edcio","item":"https:\/\/psol50.org.br\/"},{"@type":"ListItem","position":2,"name":"Daniel Cara | Cortes na Ci\u00eancia: Temer quer afundar o Brasil no obscurantismo"}]},{"@type":"WebSite","@id":"https:\/\/psol50.org.br\/#website","url":"https:\/\/psol50.org.br\/","name":"PSOL 50","description":"Site oficial do Partido Socialismo e Liberdade","publisher":{"@id":"https:\/\/psol50.org.br\/#organization"},"alternateName":"PSOL50","potentialAction":[{"@type":"SearchAction","target":{"@type":"EntryPoint","urlTemplate":"https:\/\/psol50.org.br\/?s={search_term_string}"},"query-input":{"@type":"PropertyValueSpecification","valueRequired":true,"valueName":"search_term_string"}}],"inLanguage":"pt-BR"},{"@type":"Organization","@id":"https:\/\/psol50.org.br\/#organization","name":"PSOL 50","alternateName":"PSOL 50","url":"https:\/\/psol50.org.br\/","logo":{"@type":"ImageObject","inLanguage":"pt-BR","@id":"https:\/\/psol50.org.br\/#\/schema\/logo\/image\/","url":"https:\/\/psol50.org.br\/inc\/uploads\/2018\/07\/capa.png","contentUrl":"https:\/\/psol50.org.br\/inc\/uploads\/2018\/07\/capa.png","width":1350,"height":900,"caption":"PSOL 50"},"image":{"@id":"https:\/\/psol50.org.br\/#\/schema\/logo\/image\/"},"sameAs":["https:\/\/www.facebook.com\/psol50","https:\/\/x.com\/psol50","https:\/\/www.instagram.com\/psol50\/","https:\/\/www.youtube.com\/channel\/UC7SnJS5o1os7a6CaiNabzcg"]},{"@type":"Person","@id":"https:\/\/psol50.org.br\/#\/schema\/person\/475dfa57d0b815993c714c2e96491fcd","name":"Comunica\u00e7\u00e3o PSOL","image":{"@type":"ImageObject","inLanguage":"pt-BR","@id":"https:\/\/psol50.org.br\/#\/schema\/person\/image\/","url":"https:\/\/secure.gravatar.com\/avatar\/b34fc4f4e468a4e51785917065a3db57b841f5c95dba6ad8c73aaf8f66f8f9bf?s=96&d=mm&r=g","contentUrl":"https:\/\/secure.gravatar.com\/avatar\/b34fc4f4e468a4e51785917065a3db57b841f5c95dba6ad8c73aaf8f66f8f9bf?s=96&d=mm&r=g","caption":"Comunica\u00e7\u00e3o PSOL"}}]}},"_links":{"self":[{"href":"https:\/\/psol50.org.br\/rest\/wp\/v2\/posts\/21259","targetHints":{"allow":["GET"]}}],"collection":[{"href":"https:\/\/psol50.org.br\/rest\/wp\/v2\/posts"}],"about":[{"href":"https:\/\/psol50.org.br\/rest\/wp\/v2\/types\/post"}],"author":[{"embeddable":true,"href":"https:\/\/psol50.org.br\/rest\/wp\/v2\/users\/2"}],"replies":[{"embeddable":true,"href":"https:\/\/psol50.org.br\/rest\/wp\/v2\/comments?post=21259"}],"version-history":[{"count":0,"href":"https:\/\/psol50.org.br\/rest\/wp\/v2\/posts\/21259\/revisions"}],"wp:featuredmedia":[{"embeddable":true,"href":"https:\/\/psol50.org.br\/rest\/wp\/v2\/media\/19638"}],"wp:attachment":[{"href":"https:\/\/psol50.org.br\/rest\/wp\/v2\/media?parent=21259"}],"wp:term":[{"taxonomy":"category","embeddable":true,"href":"https:\/\/psol50.org.br\/rest\/wp\/v2\/categories?post=21259"},{"taxonomy":"post_tag","embeddable":true,"href":"https:\/\/psol50.org.br\/rest\/wp\/v2\/tags?post=21259"}],"curies":[{"name":"wp","href":"https:\/\/api.w.org\/{rel}","templated":true}]}}