{"id":2126,"date":"2013-07-15T00:00:00","date_gmt":"2013-07-15T00:00:00","guid":{"rendered":"http:\/\/psol50.org.br\/arquivo\/2013\/07\/15\/randolfe-critica-mafia-dos-transportes-durante-audiencia-publica-no-senado\/"},"modified":"2013-07-15T00:00:00","modified_gmt":"2013-07-15T00:00:00","slug":"randolfe-critica-mafia-dos-transportes-durante-audiencia-publica-no-senado","status":"publish","type":"post","link":"https:\/\/psol50.org.br\/randolfe-critica-mafia-dos-transportes-durante-audiencia-publica-no-senado\/","title":{"rendered":"Randolfe critica &#8216;m\u00e1fia dos transportes&#8217;, durante audi\u00eancia p\u00fablica no Senado"},"content":{"rendered":"<div style=\"text-align: justify;\">\n\tO senador Randolfe Rodrigues (PSOL-AP) disse, na manh\u00e3 desta segunda-feira (15), que derrubar &#8220;a m\u00e1fia&#8221; que toma conta do transporte p\u00fablico ser\u00e1 um avan\u00e7o civilizat\u00f3rio para o Brasil. A afirma\u00e7\u00e3o foi feita pelo parlamentar durante a audi\u00eancia p\u00fablica realizada pela Comiss\u00e3o de Direitos Humanos (CDH) para debater solu\u00e7\u00f5es para os problemas de mobilidade urbana nas grandes cidades brasileiras.<br \/>\n\t&nbsp;<br \/>\n\t\u201cN\u00e3o tem m\u00e1fia maior neste pa\u00eds do que a do transporte coletivo. Enfrentar e derrubar essa m\u00e1fia ser\u00e1 um avan\u00e7o civilizat\u00f3rio\u201d, disse.<br \/>\n\t&nbsp;<br \/>\n\tRandolfe defendeu a aprova\u00e7\u00e3o de algumas proposi\u00e7\u00f5es em tramita\u00e7\u00e3o na C\u00e2mara e no Senado, entre elas a Proposta de Emenda \u00e0 Constitui\u00e7\u00e3o (PEC)&nbsp;<a href=\"http:\/\/www.senado.gov.br\/atividade\/materia\/detalhes.asp?p_cod_mate=102299\">90\/11<\/a>, que inclui o transporte entre os direitos sociais; o&nbsp;<a href=\"http:\/\/www.senado.gov.br\/atividade\/materia\/detalhes.asp?p_cod_mate=102725\">PLC 50\/13<\/a>, que determina a transpar\u00eancia nas tarifas; e o&nbsp;<a href=\"http:\/\/www.senado.gov.br\/atividade\/materia\/detalhes.asp?p_cod_mate=94361\">PLC 310\/09<\/a>, que institui o Regime Especial de Incentivos para o Transporte Coletivo Urbano de Passageiros (Reitup).<br \/>\n\t&nbsp;<br \/>\n\tA especialista em transporte e professora da UnB (Universidade de Bras\u00edlia), Maria Rosa Ravelli ressaltou que o transporte p\u00fablico deve deixar de ser neg\u00f3cio para ser uma presta\u00e7\u00e3o de servi\u00e7os. Na opini\u00e3o dela, a primeira a ganhar com isso seria a sociedade.<br \/>\n\t&nbsp;<br \/>\n\tA audi\u00eancia da CDH, presidida pelo senador Paulo Paim (PT-RS), contou com a participa\u00e7\u00e3o do p\u00fablico, que enviou perguntas&nbsp;aos senadores e palestrantes por meio do portal&nbsp;<a href=\"http:\/\/www12.senado.gov.br\/noticias\/materias\/ecidadania\" target=\"_blank\" rel=\"noopener\">e-Cidadania<\/a>, pelo&nbsp;<a href=\"http:\/\/www.facebook.com\/eCidadaniaSF\">Facebook<\/a>, pelo&nbsp;<a href=\"http:\/\/www.twitter.com\/e_cidadania\">Twitter<\/a>&nbsp;e pelo Al\u00f4 Senado (0800-612211).<\/div>\n<p>&nbsp;<br \/>\n&nbsp;<\/p>\n","protected":false},"excerpt":{"rendered":"<p>O senador Randolfe Rodrigues (PSOL-AP) disse, na manh\u00e3 desta segunda-feira (15), que derrubar &#8220;a m\u00e1fia&#8221; que toma conta do transporte p\u00fablico ser\u00e1 um avan\u00e7o civilizat\u00f3rio para o Brasil. A afirma\u00e7\u00e3o foi feita pelo parlamentar durante a audi\u00eancia p\u00fablica realizada pela Comiss\u00e3o de Direitos Humanos (CDH) para debater solu\u00e7\u00f5es para os problemas de mobilidade urbana nas [&hellip;]<\/p>\n","protected":false},"author":2,"featured_media":0,"comment_status":"open","ping_status":"open","sticky":false,"template":"","format":"standard","meta":{"_acf_changed":false,"footnotes":""},"categories":[4766],"tags":[],"class_list":{"0":"post-2126","1":"post","2":"type-post","3":"status-publish","4":"format-standard","6":"category-arquivo"},"acf":[],"yoast_head":"<!-- This site is optimized with the Yoast SEO plugin v26.5 - https:\/\/yoast.com\/wordpress\/plugins\/seo\/ -->\n<title>Randolfe critica &#039;m\u00e1fia dos transportes&#039;, durante audi\u00eancia p\u00fablica no Senado - PSOL 50<\/title>\n<meta name=\"robots\" content=\"index, follow, max-snippet:-1, max-image-preview:large, max-video-preview:-1\" \/>\n<link rel=\"canonical\" href=\"https:\/\/psol50.org.br\/randolfe-critica-mafia-dos-transportes-durante-audiencia-publica-no-senado\/\" \/>\n<meta property=\"og:locale\" content=\"pt_BR\" \/>\n<meta property=\"og:type\" content=\"article\" \/>\n<meta property=\"og:title\" content=\"Randolfe critica &#039;m\u00e1fia dos transportes&#039;, durante audi\u00eancia p\u00fablica no Senado - PSOL 50\" \/>\n<meta property=\"og:description\" content=\"O senador Randolfe Rodrigues (PSOL-AP) disse, na manh\u00e3 desta segunda-feira (15), que derrubar &#8220;a m\u00e1fia&#8221; que toma conta do transporte p\u00fablico ser\u00e1 um avan\u00e7o civilizat\u00f3rio para o Brasil. A afirma\u00e7\u00e3o foi feita pelo parlamentar durante a audi\u00eancia p\u00fablica realizada pela Comiss\u00e3o de Direitos Humanos (CDH) para debater solu\u00e7\u00f5es para os problemas de mobilidade urbana nas [&hellip;]\" \/>\n<meta property=\"og:url\" content=\"https:\/\/psol50.org.br\/randolfe-critica-mafia-dos-transportes-durante-audiencia-publica-no-senado\/\" \/>\n<meta property=\"og:site_name\" content=\"PSOL 50\" \/>\n<meta property=\"article:publisher\" content=\"https:\/\/www.facebook.com\/psol50\" \/>\n<meta property=\"article:published_time\" content=\"2013-07-15T00:00:00+00:00\" \/>\n<meta property=\"og:image\" content=\"https:\/\/psol50.org.br\/inc\/uploads\/2018\/07\/capa.png\" \/>\n\t<meta property=\"og:image:width\" content=\"1350\" \/>\n\t<meta property=\"og:image:height\" content=\"900\" \/>\n\t<meta property=\"og:image:type\" content=\"image\/png\" \/>\n<meta name=\"author\" content=\"Comunica\u00e7\u00e3o PSOL\" \/>\n<meta name=\"twitter:card\" content=\"summary_large_image\" \/>\n<meta name=\"twitter:creator\" content=\"@psol50\" \/>\n<meta name=\"twitter:site\" content=\"@psol50\" \/>\n<meta name=\"twitter:label1\" content=\"Escrito por\" \/>\n\t<meta name=\"twitter:data1\" content=\"Comunica\u00e7\u00e3o PSOL\" \/>\n\t<meta name=\"twitter:label2\" content=\"Est. tempo de leitura\" \/>\n\t<meta name=\"twitter:data2\" content=\"1 minuto\" \/>\n<script type=\"application\/ld+json\" class=\"yoast-schema-graph\">{\"@context\":\"https:\/\/schema.org\",\"@graph\":[{\"@type\":\"Article\",\"@id\":\"https:\/\/psol50.org.br\/randolfe-critica-mafia-dos-transportes-durante-audiencia-publica-no-senado\/#article\",\"isPartOf\":{\"@id\":\"https:\/\/psol50.org.br\/randolfe-critica-mafia-dos-transportes-durante-audiencia-publica-no-senado\/\"},\"author\":{\"name\":\"Comunica\u00e7\u00e3o PSOL\",\"@id\":\"https:\/\/psol50.org.br\/#\/schema\/person\/475dfa57d0b815993c714c2e96491fcd\"},\"headline\":\"Randolfe critica &#8216;m\u00e1fia dos transportes&#8217;, durante audi\u00eancia p\u00fablica no Senado\",\"datePublished\":\"2013-07-15T00:00:00+00:00\",\"mainEntityOfPage\":{\"@id\":\"https:\/\/psol50.org.br\/randolfe-critica-mafia-dos-transportes-durante-audiencia-publica-no-senado\/\"},\"wordCount\":271,\"commentCount\":0,\"publisher\":{\"@id\":\"https:\/\/psol50.org.br\/#organization\"},\"articleSection\":[\"Arquivo\"],\"inLanguage\":\"pt-BR\",\"potentialAction\":[{\"@type\":\"CommentAction\",\"name\":\"Comment\",\"target\":[\"https:\/\/psol50.org.br\/randolfe-critica-mafia-dos-transportes-durante-audiencia-publica-no-senado\/#respond\"]}]},{\"@type\":\"WebPage\",\"@id\":\"https:\/\/psol50.org.br\/randolfe-critica-mafia-dos-transportes-durante-audiencia-publica-no-senado\/\",\"url\":\"https:\/\/psol50.org.br\/randolfe-critica-mafia-dos-transportes-durante-audiencia-publica-no-senado\/\",\"name\":\"Randolfe critica 'm\u00e1fia dos transportes', durante audi\u00eancia p\u00fablica no Senado - PSOL 50\",\"isPartOf\":{\"@id\":\"https:\/\/psol50.org.br\/#website\"},\"datePublished\":\"2013-07-15T00:00:00+00:00\",\"breadcrumb\":{\"@id\":\"https:\/\/psol50.org.br\/randolfe-critica-mafia-dos-transportes-durante-audiencia-publica-no-senado\/#breadcrumb\"},\"inLanguage\":\"pt-BR\",\"potentialAction\":[{\"@type\":\"ReadAction\",\"target\":[\"https:\/\/psol50.org.br\/randolfe-critica-mafia-dos-transportes-durante-audiencia-publica-no-senado\/\"]}]},{\"@type\":\"BreadcrumbList\",\"@id\":\"https:\/\/psol50.org.br\/randolfe-critica-mafia-dos-transportes-durante-audiencia-publica-no-senado\/#breadcrumb\",\"itemListElement\":[{\"@type\":\"ListItem\",\"position\":1,\"name\":\"In\u00edcio\",\"item\":\"https:\/\/psol50.org.br\/\"},{\"@type\":\"ListItem\",\"position\":2,\"name\":\"Randolfe critica &#8216;m\u00e1fia dos transportes&#8217;, durante audi\u00eancia p\u00fablica no Senado\"}]},{\"@type\":\"WebSite\",\"@id\":\"https:\/\/psol50.org.br\/#website\",\"url\":\"https:\/\/psol50.org.br\/\",\"name\":\"PSOL 50\",\"description\":\"Site oficial do Partido Socialismo e Liberdade\",\"publisher\":{\"@id\":\"https:\/\/psol50.org.br\/#organization\"},\"alternateName\":\"PSOL50\",\"potentialAction\":[{\"@type\":\"SearchAction\",\"target\":{\"@type\":\"EntryPoint\",\"urlTemplate\":\"https:\/\/psol50.org.br\/?s={search_term_string}\"},\"query-input\":{\"@type\":\"PropertyValueSpecification\",\"valueRequired\":true,\"valueName\":\"search_term_string\"}}],\"inLanguage\":\"pt-BR\"},{\"@type\":\"Organization\",\"@id\":\"https:\/\/psol50.org.br\/#organization\",\"name\":\"PSOL 50\",\"alternateName\":\"PSOL 50\",\"url\":\"https:\/\/psol50.org.br\/\",\"logo\":{\"@type\":\"ImageObject\",\"inLanguage\":\"pt-BR\",\"@id\":\"https:\/\/psol50.org.br\/#\/schema\/logo\/image\/\",\"url\":\"https:\/\/psol50.org.br\/inc\/uploads\/2018\/07\/capa.png\",\"contentUrl\":\"https:\/\/psol50.org.br\/inc\/uploads\/2018\/07\/capa.png\",\"width\":1350,\"height\":900,\"caption\":\"PSOL 50\"},\"image\":{\"@id\":\"https:\/\/psol50.org.br\/#\/schema\/logo\/image\/\"},\"sameAs\":[\"https:\/\/www.facebook.com\/psol50\",\"https:\/\/x.com\/psol50\",\"https:\/\/www.instagram.com\/psol50\/\",\"https:\/\/www.youtube.com\/channel\/UC7SnJS5o1os7a6CaiNabzcg\"]},{\"@type\":\"Person\",\"@id\":\"https:\/\/psol50.org.br\/#\/schema\/person\/475dfa57d0b815993c714c2e96491fcd\",\"name\":\"Comunica\u00e7\u00e3o PSOL\",\"image\":{\"@type\":\"ImageObject\",\"inLanguage\":\"pt-BR\",\"@id\":\"https:\/\/psol50.org.br\/#\/schema\/person\/image\/\",\"url\":\"https:\/\/secure.gravatar.com\/avatar\/b34fc4f4e468a4e51785917065a3db57b841f5c95dba6ad8c73aaf8f66f8f9bf?s=96&d=mm&r=g\",\"contentUrl\":\"https:\/\/secure.gravatar.com\/avatar\/b34fc4f4e468a4e51785917065a3db57b841f5c95dba6ad8c73aaf8f66f8f9bf?s=96&d=mm&r=g\",\"caption\":\"Comunica\u00e7\u00e3o PSOL\"}}]}<\/script>\n<!-- \/ Yoast SEO plugin. -->","yoast_head_json":{"title":"Randolfe critica 'm\u00e1fia dos transportes', durante audi\u00eancia p\u00fablica no Senado - PSOL 50","robots":{"index":"index","follow":"follow","max-snippet":"max-snippet:-1","max-image-preview":"max-image-preview:large","max-video-preview":"max-video-preview:-1"},"canonical":"https:\/\/psol50.org.br\/randolfe-critica-mafia-dos-transportes-durante-audiencia-publica-no-senado\/","og_locale":"pt_BR","og_type":"article","og_title":"Randolfe critica 'm\u00e1fia dos transportes', durante audi\u00eancia p\u00fablica no Senado - PSOL 50","og_description":"O senador Randolfe Rodrigues (PSOL-AP) disse, na manh\u00e3 desta segunda-feira (15), que derrubar &#8220;a m\u00e1fia&#8221; que toma conta do transporte p\u00fablico ser\u00e1 um avan\u00e7o civilizat\u00f3rio para o Brasil. A afirma\u00e7\u00e3o foi feita pelo parlamentar durante a audi\u00eancia p\u00fablica realizada pela Comiss\u00e3o de Direitos Humanos (CDH) para debater solu\u00e7\u00f5es para os problemas de mobilidade urbana nas [&hellip;]","og_url":"https:\/\/psol50.org.br\/randolfe-critica-mafia-dos-transportes-durante-audiencia-publica-no-senado\/","og_site_name":"PSOL 50","article_publisher":"https:\/\/www.facebook.com\/psol50","article_published_time":"2013-07-15T00:00:00+00:00","og_image":[{"width":1350,"height":900,"url":"https:\/\/psol50.org.br\/inc\/uploads\/2018\/07\/capa.png","type":"image\/png"}],"author":"Comunica\u00e7\u00e3o PSOL","twitter_card":"summary_large_image","twitter_creator":"@psol50","twitter_site":"@psol50","twitter_misc":{"Escrito por":"Comunica\u00e7\u00e3o PSOL","Est. tempo de leitura":"1 minuto"},"schema":{"@context":"https:\/\/schema.org","@graph":[{"@type":"Article","@id":"https:\/\/psol50.org.br\/randolfe-critica-mafia-dos-transportes-durante-audiencia-publica-no-senado\/#article","isPartOf":{"@id":"https:\/\/psol50.org.br\/randolfe-critica-mafia-dos-transportes-durante-audiencia-publica-no-senado\/"},"author":{"name":"Comunica\u00e7\u00e3o PSOL","@id":"https:\/\/psol50.org.br\/#\/schema\/person\/475dfa57d0b815993c714c2e96491fcd"},"headline":"Randolfe critica &#8216;m\u00e1fia dos transportes&#8217;, durante audi\u00eancia p\u00fablica no Senado","datePublished":"2013-07-15T00:00:00+00:00","mainEntityOfPage":{"@id":"https:\/\/psol50.org.br\/randolfe-critica-mafia-dos-transportes-durante-audiencia-publica-no-senado\/"},"wordCount":271,"commentCount":0,"publisher":{"@id":"https:\/\/psol50.org.br\/#organization"},"articleSection":["Arquivo"],"inLanguage":"pt-BR","potentialAction":[{"@type":"CommentAction","name":"Comment","target":["https:\/\/psol50.org.br\/randolfe-critica-mafia-dos-transportes-durante-audiencia-publica-no-senado\/#respond"]}]},{"@type":"WebPage","@id":"https:\/\/psol50.org.br\/randolfe-critica-mafia-dos-transportes-durante-audiencia-publica-no-senado\/","url":"https:\/\/psol50.org.br\/randolfe-critica-mafia-dos-transportes-durante-audiencia-publica-no-senado\/","name":"Randolfe critica 'm\u00e1fia dos transportes', durante audi\u00eancia p\u00fablica no Senado - PSOL 50","isPartOf":{"@id":"https:\/\/psol50.org.br\/#website"},"datePublished":"2013-07-15T00:00:00+00:00","breadcrumb":{"@id":"https:\/\/psol50.org.br\/randolfe-critica-mafia-dos-transportes-durante-audiencia-publica-no-senado\/#breadcrumb"},"inLanguage":"pt-BR","potentialAction":[{"@type":"ReadAction","target":["https:\/\/psol50.org.br\/randolfe-critica-mafia-dos-transportes-durante-audiencia-publica-no-senado\/"]}]},{"@type":"BreadcrumbList","@id":"https:\/\/psol50.org.br\/randolfe-critica-mafia-dos-transportes-durante-audiencia-publica-no-senado\/#breadcrumb","itemListElement":[{"@type":"ListItem","position":1,"name":"In\u00edcio","item":"https:\/\/psol50.org.br\/"},{"@type":"ListItem","position":2,"name":"Randolfe critica &#8216;m\u00e1fia dos transportes&#8217;, durante audi\u00eancia p\u00fablica no Senado"}]},{"@type":"WebSite","@id":"https:\/\/psol50.org.br\/#website","url":"https:\/\/psol50.org.br\/","name":"PSOL 50","description":"Site oficial do Partido Socialismo e Liberdade","publisher":{"@id":"https:\/\/psol50.org.br\/#organization"},"alternateName":"PSOL50","potentialAction":[{"@type":"SearchAction","target":{"@type":"EntryPoint","urlTemplate":"https:\/\/psol50.org.br\/?s={search_term_string}"},"query-input":{"@type":"PropertyValueSpecification","valueRequired":true,"valueName":"search_term_string"}}],"inLanguage":"pt-BR"},{"@type":"Organization","@id":"https:\/\/psol50.org.br\/#organization","name":"PSOL 50","alternateName":"PSOL 50","url":"https:\/\/psol50.org.br\/","logo":{"@type":"ImageObject","inLanguage":"pt-BR","@id":"https:\/\/psol50.org.br\/#\/schema\/logo\/image\/","url":"https:\/\/psol50.org.br\/inc\/uploads\/2018\/07\/capa.png","contentUrl":"https:\/\/psol50.org.br\/inc\/uploads\/2018\/07\/capa.png","width":1350,"height":900,"caption":"PSOL 50"},"image":{"@id":"https:\/\/psol50.org.br\/#\/schema\/logo\/image\/"},"sameAs":["https:\/\/www.facebook.com\/psol50","https:\/\/x.com\/psol50","https:\/\/www.instagram.com\/psol50\/","https:\/\/www.youtube.com\/channel\/UC7SnJS5o1os7a6CaiNabzcg"]},{"@type":"Person","@id":"https:\/\/psol50.org.br\/#\/schema\/person\/475dfa57d0b815993c714c2e96491fcd","name":"Comunica\u00e7\u00e3o PSOL","image":{"@type":"ImageObject","inLanguage":"pt-BR","@id":"https:\/\/psol50.org.br\/#\/schema\/person\/image\/","url":"https:\/\/secure.gravatar.com\/avatar\/b34fc4f4e468a4e51785917065a3db57b841f5c95dba6ad8c73aaf8f66f8f9bf?s=96&d=mm&r=g","contentUrl":"https:\/\/secure.gravatar.com\/avatar\/b34fc4f4e468a4e51785917065a3db57b841f5c95dba6ad8c73aaf8f66f8f9bf?s=96&d=mm&r=g","caption":"Comunica\u00e7\u00e3o PSOL"}}]}},"_links":{"self":[{"href":"https:\/\/psol50.org.br\/rest\/wp\/v2\/posts\/2126","targetHints":{"allow":["GET"]}}],"collection":[{"href":"https:\/\/psol50.org.br\/rest\/wp\/v2\/posts"}],"about":[{"href":"https:\/\/psol50.org.br\/rest\/wp\/v2\/types\/post"}],"author":[{"embeddable":true,"href":"https:\/\/psol50.org.br\/rest\/wp\/v2\/users\/2"}],"replies":[{"embeddable":true,"href":"https:\/\/psol50.org.br\/rest\/wp\/v2\/comments?post=2126"}],"version-history":[{"count":0,"href":"https:\/\/psol50.org.br\/rest\/wp\/v2\/posts\/2126\/revisions"}],"wp:attachment":[{"href":"https:\/\/psol50.org.br\/rest\/wp\/v2\/media?parent=2126"}],"wp:term":[{"taxonomy":"category","embeddable":true,"href":"https:\/\/psol50.org.br\/rest\/wp\/v2\/categories?post=2126"},{"taxonomy":"post_tag","embeddable":true,"href":"https:\/\/psol50.org.br\/rest\/wp\/v2\/tags?post=2126"}],"curies":[{"name":"wp","href":"https:\/\/api.w.org\/{rel}","templated":true}]}}