{"id":21289,"date":"2018-08-08T11:51:50","date_gmt":"2018-08-08T14:51:50","guid":{"rendered":"https:\/\/www.psol50.org.br\/?p=21289"},"modified":"2018-08-08T11:51:50","modified_gmt":"2018-08-08T14:51:50","slug":"israel-dutra-em-teu-nome-ahed-tamimi-o-direito-ao-sorriso","status":"publish","type":"post","link":"https:\/\/psol50.org.br\/israel-dutra-em-teu-nome-ahed-tamimi-o-direito-ao-sorriso\/","title":{"rendered":"Israel Dutra | Em teu nome, Ahed Tamimi, o direito ao sorriso!"},"content":{"rendered":"<p>Um fio de esperan\u00e7a se levantou. Por todo planeta, a cena da liberta\u00e7\u00e3o da jovem Ahed Tamimi, com um sorriso aberto e combativo, levou uma mensagem de triunfo, combate e solidariedade. Depois de oito meses encarcerada na pris\u00e3o de Even Hyuda, Tamimi chegou a Ramalah anunciando que seu combate n\u00e3o termina, ao contr\u00e1rio, a resist\u00eancia seguir\u00e1 at\u00e9 \u201ca ocupa\u00e7\u00e3o acabar\u201d. Assim foram as suas primeiras palavras, portando a bandeira palestina e o len\u00e7o Kefiah.<\/p>\n<p>Tamimi foi recebida como hero\u00edna pelo presidente palestino, Abbas, que afirmou: \u201ca jovem simboliza a revolu\u00e7\u00e3o popular como via para resistir \u00e0 ocupa\u00e7\u00e3o\u201d. Em seguida, depositou flores no t\u00famulo de Yasser Arafat.<\/p>\n<p>Ahed Tamimi, de apenas 17 anos \u00e9 um s\u00edmbolo da nova etapa da resist\u00eancia palestina, protagonizado por jovens e mulheres. Parte de sua fam\u00edlia foi presa e morta. Com apenas 12 anos, Ahed foi filmada enfrentando apenas com as m\u00e3os e palavras, os soldados israelenses que agrediam e buscavam deter seu irm\u00e3o. O motivo alegado para sua deten\u00e7\u00e3o ocorreu no final do ano passado, quando ela resistiu \u00e0 ofensiva de um soldado, momentos depois dos militares dispararem contra a cabe\u00e7a de seu primo, que teve o cr\u00e2nio deformado pelas balas do ex\u00e9rcito de ocupa\u00e7\u00e3o.<\/p>\n<p>O atual momento \u00e9 de ofensiva da ocupa\u00e7\u00e3o sobre todo territ\u00f3rio palestino. Os gestos de Trump com o deslocamento da embaixada foram a senha para a ofensiva sobre Jerusal\u00e9m. Junto a isso, na passagem dos 70 anos do Nakba, a escalada de viol\u00eancia cresceu. Come\u00e7ando com a grande Marcha do Retorno, no 30 de mar\u00e7o, a repress\u00e3o israelense n\u00e3o deu tr\u00e9guas. O saldo da temporada de protestos, at\u00e9 o dia 15 de maio, tinha sido de quase 13 mil feridos e 116 mortos.<\/p>\n<p>H\u00e1 uma polariza\u00e7\u00e3o aguda dentro da quest\u00e3o palestina. O Estado de Israel, chefiado pela direita do Likud, promulga leis ainda mais restritivas, enquanto se escuda na \u201cdoutrina Trump\u201d para ampliar o dom\u00ednio dos territ\u00f3rios ocupados. Sua estrat\u00e9gia \u00e9 asfixiar pol\u00edtica e militarmente a Faixa de Gaza. A recente lei votada no parlamento israelense \u00e9 um passo adiante. Com um status de nova constitui\u00e7\u00e3o, a lei define que o \u00e1rabe ser\u00e1 uma l\u00edngua secund\u00e1ria, al\u00e9m de atentar contra outras minorias como os drusos. Um protesto, no s\u00e1bado, 4 de agosto, levou dezenas de milhares pessoas \u00e0s ruas de Tel Aviv, marcou a contrariedade desses setores com a nova lei constitucional, tida como um aprofundamento do \u201cApartheid\u201d.<\/p>\n<p>Outro questionamento crescente veio da comunidade LGBT, um dos pilares da propaganda externa do sionismo. A nova lei sobre maternidades aprovada pelo Likud restringe os direitos de ado\u00e7\u00e3o dos LGBTs.<\/p>\n<p>Se a frente interna est\u00e1 complicada para o Estado de Israel, justificando seu giro mais guerreirista, no \u00e2mbito internacional, o isolamento volta a crescer. A campanha BDS conseguiu importantes vit\u00f3rias no \u00faltimo per\u00edodo como o cancelamento do show de Gilberto Gil e do amistoso da sele\u00e7\u00e3o argentina antes da copa.<\/p>\n<p>A luta de Ahed representa a luta das crian\u00e7as palestinas. Sua fam\u00edlia vem denunciando a situa\u00e7\u00e3o de in\u00fameras crian\u00e7as, detidas, feridas ou separadas dos pais. Sua m\u00e3e, Narimam Tamimi declarou em entrevista que &#8216;todas as crian\u00e7as palestinas s\u00e3o Ahed Tamimi\u201d. Informa\u00e7\u00f5es d\u00e3o conta que todos os anos 700 crian\u00e7as palestinas s\u00e3o processadas nos tribunais israelenses por \u201cagredirem soldados\u201d. Segundo a organiza\u00e7\u00e3o Save The Children, ao redor de 10 mil crian\u00e7as e adolescentes j\u00e1 foram detidas nas Cisjord\u00e2nia. Algumas com idade de 5\/6 anos.<\/p>\n<p>Diante desse quadro, a liberta\u00e7\u00e3o de Ahed impulsiona a sua for\u00e7a simb\u00f3lica para ampliar a resist\u00eancia palestina.<\/p>\n<p>No campo das organiza\u00e7\u00f5es palestinas \u00e9 um sintoma que a nova gera\u00e7\u00e3o j\u00e1 nasce adotando m\u00e9todos radicalizados, lutando por uma nova dire\u00e7\u00e3o unit\u00e1ria para a luta em defesa dos direitos dos palestinos e contra a ocupa\u00e7\u00e3o.<\/p>\n<p>No terreno internacional, simboliza tamb\u00e9m essa nova gera\u00e7\u00e3o, que tem muitos rostos, como a das paquistanesas em luta, ou mesmo de Marielle Franco, vereadora da negritude assassinada por lutar por suas ideias. A fibra de Ahed \u00e9 uma pot\u00eancia que nos leva a um compromisso ainda maior para ampliar \u00e0 solidariedade com a causa palestina. O fio de esperan\u00e7a conduz a novos levantes. Pelo direito \u00e0 vida, \u00e0 terra e, porque n\u00e3o, aos sorrisos!<\/p>\n","protected":false},"excerpt":{"rendered":"<p>Um fio de esperan\u00e7a se levantou. Por todo planeta, a cena da liberta\u00e7\u00e3o da jovem Ahed Tamimi, com um sorriso aberto e combativo, levou uma mensagem de triunfo, combate e solidariedade. Depois de oito meses encarcerada na pris\u00e3o de Even Hyuda, Tamimi chegou a Ramalah anunciando que seu combate n\u00e3o termina, ao contr\u00e1rio, a resist\u00eancia [&hellip;]<\/p>\n","protected":false},"author":2,"featured_media":21290,"comment_status":"open","ping_status":"open","sticky":false,"template":"","format":"standard","meta":{"_acf_changed":false,"footnotes":""},"categories":[707],"tags":[2677,2678,1454,2679,190],"class_list":{"0":"post-21289","1":"post","2":"type-post","3":"status-publish","4":"format-standard","5":"has-post-thumbnail","7":"category-secr-ri","8":"tag-ahed-tamimi","9":"tag-estado-de-israel","10":"tag-israel-dutra","11":"tag-jovem-palestina","12":"tag-palestina"},"acf":[],"yoast_head":"<!-- This site is optimized with the Yoast SEO plugin v26.5 - https:\/\/yoast.com\/wordpress\/plugins\/seo\/ -->\n<title>Israel Dutra | Em teu nome, Ahed Tamimi, o direito ao sorriso! - PSOL 50<\/title>\n<meta name=\"robots\" content=\"index, follow, max-snippet:-1, max-image-preview:large, max-video-preview:-1\" \/>\n<link rel=\"canonical\" href=\"https:\/\/psol50.org.br\/israel-dutra-em-teu-nome-ahed-tamimi-o-direito-ao-sorriso\/\" \/>\n<meta property=\"og:locale\" content=\"pt_BR\" \/>\n<meta property=\"og:type\" content=\"article\" \/>\n<meta property=\"og:title\" content=\"Em teu nome, Ahed Tamimi, o direito ao sorriso!\" \/>\n<meta property=\"og:description\" content=\"Israel Dutra, secret\u00e1rio de Rela\u00e7\u00f5es Internacionais do PSOL, analisa a liberta\u00e7\u00e3o da jovem palestina, presa por for\u00e7as israelenses.\" \/>\n<meta property=\"og:url\" content=\"https:\/\/psol50.org.br\/israel-dutra-em-teu-nome-ahed-tamimi-o-direito-ao-sorriso\/\" \/>\n<meta property=\"og:site_name\" content=\"PSOL 50\" \/>\n<meta property=\"article:publisher\" content=\"https:\/\/www.facebook.com\/psol50\" \/>\n<meta property=\"article:published_time\" content=\"2018-08-08T14:51:50+00:00\" \/>\n<meta property=\"og:image\" content=\"https:\/\/psol50.org.br\/inc\/uploads\/2018\/08\/AhedTamimi_Reproducao.jpg\" \/>\n\t<meta property=\"og:image:width\" content=\"1350\" \/>\n\t<meta property=\"og:image:height\" content=\"898\" \/>\n\t<meta property=\"og:image:type\" content=\"image\/jpeg\" \/>\n<meta name=\"author\" content=\"Comunica\u00e7\u00e3o PSOL\" \/>\n<meta name=\"twitter:card\" content=\"summary_large_image\" \/>\n<meta name=\"twitter:title\" content=\"Em teu nome, Ahed Tamimi, o direito ao sorriso!\" \/>\n<meta name=\"twitter:description\" content=\"Israel Dutra, secret\u00e1rio de Rela\u00e7\u00f5es Internacionais, analisa a liberta\u00e7\u00e3o da jovem palestina.\" \/>\n<meta name=\"twitter:creator\" content=\"@psol50\" \/>\n<meta name=\"twitter:site\" content=\"@psol50\" \/>\n<meta name=\"twitter:label1\" content=\"Escrito por\" \/>\n\t<meta name=\"twitter:data1\" content=\"Comunica\u00e7\u00e3o PSOL\" \/>\n\t<meta name=\"twitter:label2\" content=\"Est. tempo de leitura\" \/>\n\t<meta name=\"twitter:data2\" content=\"4 minutos\" \/>\n<script type=\"application\/ld+json\" class=\"yoast-schema-graph\">{\"@context\":\"https:\/\/schema.org\",\"@graph\":[{\"@type\":\"Article\",\"@id\":\"https:\/\/psol50.org.br\/israel-dutra-em-teu-nome-ahed-tamimi-o-direito-ao-sorriso\/#article\",\"isPartOf\":{\"@id\":\"https:\/\/psol50.org.br\/israel-dutra-em-teu-nome-ahed-tamimi-o-direito-ao-sorriso\/\"},\"author\":{\"name\":\"Comunica\u00e7\u00e3o PSOL\",\"@id\":\"https:\/\/psol50.org.br\/#\/schema\/person\/475dfa57d0b815993c714c2e96491fcd\"},\"headline\":\"Israel Dutra | Em teu nome, Ahed Tamimi, o direito ao sorriso!\",\"datePublished\":\"2018-08-08T14:51:50+00:00\",\"mainEntityOfPage\":{\"@id\":\"https:\/\/psol50.org.br\/israel-dutra-em-teu-nome-ahed-tamimi-o-direito-ao-sorriso\/\"},\"wordCount\":753,\"commentCount\":0,\"publisher\":{\"@id\":\"https:\/\/psol50.org.br\/#organization\"},\"image\":{\"@id\":\"https:\/\/psol50.org.br\/israel-dutra-em-teu-nome-ahed-tamimi-o-direito-ao-sorriso\/#primaryimage\"},\"thumbnailUrl\":\"https:\/\/psol50.org.br\/inc\/uploads\/2018\/08\/AhedTamimi_Reproducao.jpg\",\"keywords\":[\"Ahed Tamimi\",\"Estado de Israel\",\"Israel Dutra\",\"jovem palestina\",\"Palestina\"],\"articleSection\":[\"Secr. de RI\"],\"inLanguage\":\"pt-BR\",\"potentialAction\":[{\"@type\":\"CommentAction\",\"name\":\"Comment\",\"target\":[\"https:\/\/psol50.org.br\/israel-dutra-em-teu-nome-ahed-tamimi-o-direito-ao-sorriso\/#respond\"]}]},{\"@type\":\"WebPage\",\"@id\":\"https:\/\/psol50.org.br\/israel-dutra-em-teu-nome-ahed-tamimi-o-direito-ao-sorriso\/\",\"url\":\"https:\/\/psol50.org.br\/israel-dutra-em-teu-nome-ahed-tamimi-o-direito-ao-sorriso\/\",\"name\":\"Israel Dutra | Em teu nome, Ahed Tamimi, o direito ao sorriso! - PSOL 50\",\"isPartOf\":{\"@id\":\"https:\/\/psol50.org.br\/#website\"},\"primaryImageOfPage\":{\"@id\":\"https:\/\/psol50.org.br\/israel-dutra-em-teu-nome-ahed-tamimi-o-direito-ao-sorriso\/#primaryimage\"},\"image\":{\"@id\":\"https:\/\/psol50.org.br\/israel-dutra-em-teu-nome-ahed-tamimi-o-direito-ao-sorriso\/#primaryimage\"},\"thumbnailUrl\":\"https:\/\/psol50.org.br\/inc\/uploads\/2018\/08\/AhedTamimi_Reproducao.jpg\",\"datePublished\":\"2018-08-08T14:51:50+00:00\",\"breadcrumb\":{\"@id\":\"https:\/\/psol50.org.br\/israel-dutra-em-teu-nome-ahed-tamimi-o-direito-ao-sorriso\/#breadcrumb\"},\"inLanguage\":\"pt-BR\",\"potentialAction\":[{\"@type\":\"ReadAction\",\"target\":[\"https:\/\/psol50.org.br\/israel-dutra-em-teu-nome-ahed-tamimi-o-direito-ao-sorriso\/\"]}]},{\"@type\":\"ImageObject\",\"inLanguage\":\"pt-BR\",\"@id\":\"https:\/\/psol50.org.br\/israel-dutra-em-teu-nome-ahed-tamimi-o-direito-ao-sorriso\/#primaryimage\",\"url\":\"https:\/\/psol50.org.br\/inc\/uploads\/2018\/08\/AhedTamimi_Reproducao.jpg\",\"contentUrl\":\"https:\/\/psol50.org.br\/inc\/uploads\/2018\/08\/AhedTamimi_Reproducao.jpg\",\"width\":1350,\"height\":898},{\"@type\":\"BreadcrumbList\",\"@id\":\"https:\/\/psol50.org.br\/israel-dutra-em-teu-nome-ahed-tamimi-o-direito-ao-sorriso\/#breadcrumb\",\"itemListElement\":[{\"@type\":\"ListItem\",\"position\":1,\"name\":\"In\u00edcio\",\"item\":\"https:\/\/psol50.org.br\/\"},{\"@type\":\"ListItem\",\"position\":2,\"name\":\"Israel Dutra | Em teu nome, Ahed Tamimi, o direito ao sorriso!\"}]},{\"@type\":\"WebSite\",\"@id\":\"https:\/\/psol50.org.br\/#website\",\"url\":\"https:\/\/psol50.org.br\/\",\"name\":\"PSOL 50\",\"description\":\"Site oficial do Partido Socialismo e Liberdade\",\"publisher\":{\"@id\":\"https:\/\/psol50.org.br\/#organization\"},\"alternateName\":\"PSOL50\",\"potentialAction\":[{\"@type\":\"SearchAction\",\"target\":{\"@type\":\"EntryPoint\",\"urlTemplate\":\"https:\/\/psol50.org.br\/?s={search_term_string}\"},\"query-input\":{\"@type\":\"PropertyValueSpecification\",\"valueRequired\":true,\"valueName\":\"search_term_string\"}}],\"inLanguage\":\"pt-BR\"},{\"@type\":\"Organization\",\"@id\":\"https:\/\/psol50.org.br\/#organization\",\"name\":\"PSOL 50\",\"alternateName\":\"PSOL 50\",\"url\":\"https:\/\/psol50.org.br\/\",\"logo\":{\"@type\":\"ImageObject\",\"inLanguage\":\"pt-BR\",\"@id\":\"https:\/\/psol50.org.br\/#\/schema\/logo\/image\/\",\"url\":\"https:\/\/psol50.org.br\/inc\/uploads\/2018\/07\/capa.png\",\"contentUrl\":\"https:\/\/psol50.org.br\/inc\/uploads\/2018\/07\/capa.png\",\"width\":1350,\"height\":900,\"caption\":\"PSOL 50\"},\"image\":{\"@id\":\"https:\/\/psol50.org.br\/#\/schema\/logo\/image\/\"},\"sameAs\":[\"https:\/\/www.facebook.com\/psol50\",\"https:\/\/x.com\/psol50\",\"https:\/\/www.instagram.com\/psol50\/\",\"https:\/\/www.youtube.com\/channel\/UC7SnJS5o1os7a6CaiNabzcg\"]},{\"@type\":\"Person\",\"@id\":\"https:\/\/psol50.org.br\/#\/schema\/person\/475dfa57d0b815993c714c2e96491fcd\",\"name\":\"Comunica\u00e7\u00e3o PSOL\",\"image\":{\"@type\":\"ImageObject\",\"inLanguage\":\"pt-BR\",\"@id\":\"https:\/\/psol50.org.br\/#\/schema\/person\/image\/\",\"url\":\"https:\/\/secure.gravatar.com\/avatar\/b34fc4f4e468a4e51785917065a3db57b841f5c95dba6ad8c73aaf8f66f8f9bf?s=96&d=mm&r=g\",\"contentUrl\":\"https:\/\/secure.gravatar.com\/avatar\/b34fc4f4e468a4e51785917065a3db57b841f5c95dba6ad8c73aaf8f66f8f9bf?s=96&d=mm&r=g\",\"caption\":\"Comunica\u00e7\u00e3o PSOL\"}}]}<\/script>\n<!-- \/ Yoast SEO plugin. -->","yoast_head_json":{"title":"Israel Dutra | Em teu nome, Ahed Tamimi, o direito ao sorriso! - PSOL 50","robots":{"index":"index","follow":"follow","max-snippet":"max-snippet:-1","max-image-preview":"max-image-preview:large","max-video-preview":"max-video-preview:-1"},"canonical":"https:\/\/psol50.org.br\/israel-dutra-em-teu-nome-ahed-tamimi-o-direito-ao-sorriso\/","og_locale":"pt_BR","og_type":"article","og_title":"Em teu nome, Ahed Tamimi, o direito ao sorriso!","og_description":"Israel Dutra, secret\u00e1rio de Rela\u00e7\u00f5es Internacionais do PSOL, analisa a liberta\u00e7\u00e3o da jovem palestina, presa por for\u00e7as israelenses.","og_url":"https:\/\/psol50.org.br\/israel-dutra-em-teu-nome-ahed-tamimi-o-direito-ao-sorriso\/","og_site_name":"PSOL 50","article_publisher":"https:\/\/www.facebook.com\/psol50","article_published_time":"2018-08-08T14:51:50+00:00","og_image":[{"width":1350,"height":898,"url":"https:\/\/psol50.org.br\/inc\/uploads\/2018\/08\/AhedTamimi_Reproducao.jpg","type":"image\/jpeg"}],"author":"Comunica\u00e7\u00e3o PSOL","twitter_card":"summary_large_image","twitter_title":"Em teu nome, Ahed Tamimi, o direito ao sorriso!","twitter_description":"Israel Dutra, secret\u00e1rio de Rela\u00e7\u00f5es Internacionais, analisa a liberta\u00e7\u00e3o da jovem palestina.","twitter_creator":"@psol50","twitter_site":"@psol50","twitter_misc":{"Escrito por":"Comunica\u00e7\u00e3o PSOL","Est. tempo de leitura":"4 minutos"},"schema":{"@context":"https:\/\/schema.org","@graph":[{"@type":"Article","@id":"https:\/\/psol50.org.br\/israel-dutra-em-teu-nome-ahed-tamimi-o-direito-ao-sorriso\/#article","isPartOf":{"@id":"https:\/\/psol50.org.br\/israel-dutra-em-teu-nome-ahed-tamimi-o-direito-ao-sorriso\/"},"author":{"name":"Comunica\u00e7\u00e3o PSOL","@id":"https:\/\/psol50.org.br\/#\/schema\/person\/475dfa57d0b815993c714c2e96491fcd"},"headline":"Israel Dutra | Em teu nome, Ahed Tamimi, o direito ao sorriso!","datePublished":"2018-08-08T14:51:50+00:00","mainEntityOfPage":{"@id":"https:\/\/psol50.org.br\/israel-dutra-em-teu-nome-ahed-tamimi-o-direito-ao-sorriso\/"},"wordCount":753,"commentCount":0,"publisher":{"@id":"https:\/\/psol50.org.br\/#organization"},"image":{"@id":"https:\/\/psol50.org.br\/israel-dutra-em-teu-nome-ahed-tamimi-o-direito-ao-sorriso\/#primaryimage"},"thumbnailUrl":"https:\/\/psol50.org.br\/inc\/uploads\/2018\/08\/AhedTamimi_Reproducao.jpg","keywords":["Ahed Tamimi","Estado de Israel","Israel Dutra","jovem palestina","Palestina"],"articleSection":["Secr. de RI"],"inLanguage":"pt-BR","potentialAction":[{"@type":"CommentAction","name":"Comment","target":["https:\/\/psol50.org.br\/israel-dutra-em-teu-nome-ahed-tamimi-o-direito-ao-sorriso\/#respond"]}]},{"@type":"WebPage","@id":"https:\/\/psol50.org.br\/israel-dutra-em-teu-nome-ahed-tamimi-o-direito-ao-sorriso\/","url":"https:\/\/psol50.org.br\/israel-dutra-em-teu-nome-ahed-tamimi-o-direito-ao-sorriso\/","name":"Israel Dutra | Em teu nome, Ahed Tamimi, o direito ao sorriso! - PSOL 50","isPartOf":{"@id":"https:\/\/psol50.org.br\/#website"},"primaryImageOfPage":{"@id":"https:\/\/psol50.org.br\/israel-dutra-em-teu-nome-ahed-tamimi-o-direito-ao-sorriso\/#primaryimage"},"image":{"@id":"https:\/\/psol50.org.br\/israel-dutra-em-teu-nome-ahed-tamimi-o-direito-ao-sorriso\/#primaryimage"},"thumbnailUrl":"https:\/\/psol50.org.br\/inc\/uploads\/2018\/08\/AhedTamimi_Reproducao.jpg","datePublished":"2018-08-08T14:51:50+00:00","breadcrumb":{"@id":"https:\/\/psol50.org.br\/israel-dutra-em-teu-nome-ahed-tamimi-o-direito-ao-sorriso\/#breadcrumb"},"inLanguage":"pt-BR","potentialAction":[{"@type":"ReadAction","target":["https:\/\/psol50.org.br\/israel-dutra-em-teu-nome-ahed-tamimi-o-direito-ao-sorriso\/"]}]},{"@type":"ImageObject","inLanguage":"pt-BR","@id":"https:\/\/psol50.org.br\/israel-dutra-em-teu-nome-ahed-tamimi-o-direito-ao-sorriso\/#primaryimage","url":"https:\/\/psol50.org.br\/inc\/uploads\/2018\/08\/AhedTamimi_Reproducao.jpg","contentUrl":"https:\/\/psol50.org.br\/inc\/uploads\/2018\/08\/AhedTamimi_Reproducao.jpg","width":1350,"height":898},{"@type":"BreadcrumbList","@id":"https:\/\/psol50.org.br\/israel-dutra-em-teu-nome-ahed-tamimi-o-direito-ao-sorriso\/#breadcrumb","itemListElement":[{"@type":"ListItem","position":1,"name":"In\u00edcio","item":"https:\/\/psol50.org.br\/"},{"@type":"ListItem","position":2,"name":"Israel Dutra | Em teu nome, Ahed Tamimi, o direito ao sorriso!"}]},{"@type":"WebSite","@id":"https:\/\/psol50.org.br\/#website","url":"https:\/\/psol50.org.br\/","name":"PSOL 50","description":"Site oficial do Partido Socialismo e Liberdade","publisher":{"@id":"https:\/\/psol50.org.br\/#organization"},"alternateName":"PSOL50","potentialAction":[{"@type":"SearchAction","target":{"@type":"EntryPoint","urlTemplate":"https:\/\/psol50.org.br\/?s={search_term_string}"},"query-input":{"@type":"PropertyValueSpecification","valueRequired":true,"valueName":"search_term_string"}}],"inLanguage":"pt-BR"},{"@type":"Organization","@id":"https:\/\/psol50.org.br\/#organization","name":"PSOL 50","alternateName":"PSOL 50","url":"https:\/\/psol50.org.br\/","logo":{"@type":"ImageObject","inLanguage":"pt-BR","@id":"https:\/\/psol50.org.br\/#\/schema\/logo\/image\/","url":"https:\/\/psol50.org.br\/inc\/uploads\/2018\/07\/capa.png","contentUrl":"https:\/\/psol50.org.br\/inc\/uploads\/2018\/07\/capa.png","width":1350,"height":900,"caption":"PSOL 50"},"image":{"@id":"https:\/\/psol50.org.br\/#\/schema\/logo\/image\/"},"sameAs":["https:\/\/www.facebook.com\/psol50","https:\/\/x.com\/psol50","https:\/\/www.instagram.com\/psol50\/","https:\/\/www.youtube.com\/channel\/UC7SnJS5o1os7a6CaiNabzcg"]},{"@type":"Person","@id":"https:\/\/psol50.org.br\/#\/schema\/person\/475dfa57d0b815993c714c2e96491fcd","name":"Comunica\u00e7\u00e3o PSOL","image":{"@type":"ImageObject","inLanguage":"pt-BR","@id":"https:\/\/psol50.org.br\/#\/schema\/person\/image\/","url":"https:\/\/secure.gravatar.com\/avatar\/b34fc4f4e468a4e51785917065a3db57b841f5c95dba6ad8c73aaf8f66f8f9bf?s=96&d=mm&r=g","contentUrl":"https:\/\/secure.gravatar.com\/avatar\/b34fc4f4e468a4e51785917065a3db57b841f5c95dba6ad8c73aaf8f66f8f9bf?s=96&d=mm&r=g","caption":"Comunica\u00e7\u00e3o PSOL"}}]}},"_links":{"self":[{"href":"https:\/\/psol50.org.br\/rest\/wp\/v2\/posts\/21289","targetHints":{"allow":["GET"]}}],"collection":[{"href":"https:\/\/psol50.org.br\/rest\/wp\/v2\/posts"}],"about":[{"href":"https:\/\/psol50.org.br\/rest\/wp\/v2\/types\/post"}],"author":[{"embeddable":true,"href":"https:\/\/psol50.org.br\/rest\/wp\/v2\/users\/2"}],"replies":[{"embeddable":true,"href":"https:\/\/psol50.org.br\/rest\/wp\/v2\/comments?post=21289"}],"version-history":[{"count":0,"href":"https:\/\/psol50.org.br\/rest\/wp\/v2\/posts\/21289\/revisions"}],"wp:featuredmedia":[{"embeddable":true,"href":"https:\/\/psol50.org.br\/rest\/wp\/v2\/media\/21290"}],"wp:attachment":[{"href":"https:\/\/psol50.org.br\/rest\/wp\/v2\/media?parent=21289"}],"wp:term":[{"taxonomy":"category","embeddable":true,"href":"https:\/\/psol50.org.br\/rest\/wp\/v2\/categories?post=21289"},{"taxonomy":"post_tag","embeddable":true,"href":"https:\/\/psol50.org.br\/rest\/wp\/v2\/tags?post=21289"}],"curies":[{"name":"wp","href":"https:\/\/api.w.org\/{rel}","templated":true}]}}