{"id":2129,"date":"2013-07-16T00:00:00","date_gmt":"2013-07-16T00:00:00","guid":{"rendered":"http:\/\/psol50.org.br\/arquivo\/2013\/07\/16\/executiva-do-psol-aprova-resolucao-sobre-reforma-politica-defendendo-a-democratizacao-da-participacao-popular-nas-decisoes-do-pais-2\/"},"modified":"2013-07-16T00:00:00","modified_gmt":"2013-07-16T00:00:00","slug":"executiva-do-psol-aprova-resolucao-sobre-reforma-politica-defendendo-a-democratizacao-da-participacao-popular-nas-decisoes-do-pais-2","status":"publish","type":"post","link":"https:\/\/psol50.org.br\/executiva-do-psol-aprova-resolucao-sobre-reforma-politica-defendendo-a-democratizacao-da-participacao-popular-nas-decisoes-do-pais-2\/","title":{"rendered":"Executiva do PSOL aprova resolu\u00e7\u00e3o sobre reforma pol\u00edtica, defendendo a &#8220;democratiza\u00e7\u00e3o da participa\u00e7\u00e3o popular nas decis\u00f5es do pa\u00eds&#8221;"},"content":{"rendered":"<div style=\"text-align: justify;\">\n\t<em>Do PSOL Nacional, Leonor Costa<\/em><\/p>\n<p>\tNa \u00faltima sexta-feira (12), os integrantes da Executiva Nacional do PSOL, em reuni\u00e3o na sede do diret\u00f3rio, em S\u00e3o Paulo, aprovaram por unanimidade uma resolu\u00e7\u00e3o sobre Reforma Pol\u00edtica, que aponta a necessidade de uma radical democratiza\u00e7\u00e3o da participa\u00e7\u00e3o popular nas decis\u00f5es do pa\u00eds. No texto, o partido reafirma sua cr\u00edtica \u00e0 pol\u00edtica econ\u00f4mica do governo da presidente Dilma Rousseff, destacando a proposta de pacto em que deixa claro que o seu governo &#8220;n\u00e3o se prop\u00f4s a romper com a pol\u00edtica econ\u00f4mica conservadora vigente desde o per\u00edodo de FHC&#8221;.<br \/>\n\t&nbsp;<br \/>\n\tO PSOL tamb\u00e9m se coloca favor\u00e1vel \u00e0 realiza\u00e7\u00e3o de um plebiscito, mas contesta o modelo apresentado por Dilma. &#8220;Queremos que o povo tenha o direito de escolher entre pagar metade do or\u00e7amento para os credores da d\u00edvida ou se prefere que este recurso seja utilizado para melhorar a sa\u00fade, educa\u00e7\u00e3o e transporte p\u00fablico de qualidade. Queremos consultar o povo para que se ponha fim ao financiamento privado de campanhas eleitorais em nosso pa\u00eds, uma das principais fontes de corrup\u00e7\u00e3o, e reafirmamos nossa plataforma para a reforma pol\u00edtica, incluindo o voto aberto para todas as decis\u00f5es do parlamento, revogabilidade dos mandatos, fim de todos os privil\u00e9gios financeiros e jur\u00eddicos dos pol\u00edticos, acabando com o foro privilegiado para autoridades, e financiamento p\u00fablico, exclusivo e austero das campanhas&#8221;, defende o partido. Ao final da resolu\u00e7\u00e3o, o PSOL ressalta a defesa ao projeto de iniciativa popular para a Reforma Pol\u00edtica.<br \/>\n\t&nbsp;<br \/>\n\tPara o presidente nacional do PSOL, deputado Ivan Valente,&nbsp;o cidad\u00e3o tem o direito de se manifestar sobre as altera\u00e7\u00f5es no sistema pol\u00edtico do pa\u00eds e a consulta popular \u00e9 o melhor mecanismo.&nbsp;Por isso, o PSOL est\u00e1 engajado na campanha pela coleta de assinaturas ao projeto de iniciativa popular.&nbsp;&#8220;O PSOL est\u00e1 totalmente engajado na realiza\u00e7\u00e3o de uma profunda reforma pol\u00edtica. Mas devemos ter claro que isso n\u00e3o basta. \u00c9 preciso questionar o modelo de &#8216;governabilidade&#8217; que mant\u00e9m as pol\u00edticas de Estado subordinadas a acordos esp\u00farios e faz da pol\u00edtica um jogo de interesses privados. Por isso queremos um plebiscito mais amplo, que dialogue com aquilo que as ruas demonstraram ser a sua insatisfa\u00e7\u00e3o: o sistema pol\u00edtico e os limites do modelo econ\u00f4mico&#8221;, ressalta Ivan Valente.<br \/>\n\t&nbsp;<br \/>\n\tLeia abaixo o inteiro teor da resolu\u00e7\u00e3o.<br \/>\n\t&nbsp;<br \/>\n\t<strong>Resolu\u00e7\u00e3o sobre Reforma Pol\u00edtica<\/strong><br \/>\n\t&nbsp;<br \/>\n\tO PSOL apresentou uma resposta \u00e0 proposta de &#8220;pacto&#8221; apresentado pela presidenta Dilma, deixando claro que, em s\u00edntese, ela mant\u00e9m o seu principal pacto, ou seja, n\u00e3o se prop\u00f4s a romper com a pol\u00edtica econ\u00f4mica conservadora vigente desde o per\u00edodo de FHC.<br \/>\n\t&nbsp;<br \/>\n\tSobre a reforma pol\u00edtica e a proposta de plebiscito, o PSOL deixa claro que defende a mais completa e radical democratiza\u00e7\u00e3o da participa\u00e7\u00e3o popular nas decis\u00f5es do pa\u00eds, dentre estes canais o plebiscito tem destaque. Por\u00e9m, o plebiscito que precisamos n\u00e3o \u00e9 o apresentado por Dilma. N\u00e3o queremos uma cortina de fuma\u00e7a, queremos solu\u00e7\u00f5es concretas \u00e0s demandas reclamadas pela popula\u00e7\u00e3o que marchou pelas ruas do pa\u00eds.<br \/>\n\t&nbsp;<br \/>\n\tAssim, somos favor\u00e1veis a realiza\u00e7\u00e3o de um plebiscito, mas n\u00e3o este apresentado por Dilma. Queremos que o povo tenha o direito de escolher entre pagar metade do or\u00e7amento para os credores da d\u00edvida ou se prefere que este recurso seja utilizado para melhorar a sa\u00fade, educa\u00e7\u00e3o e transporte p\u00fablico de qualidade. Queremos consultar o povo para que se ponha fim ao financiamento privado de campanhas eleitorais em nosso pa\u00eds, uma das principais fontes de corrup\u00e7\u00e3o, e reafirmamos nossa plataforma para a reforma pol\u00edtica, incluindo o voto aberto para todas as decis\u00f5es do parlamento, revogabilidade dos mandatos, fim de todos os privil\u00e9gios financeiros e jur\u00eddicos dos pol\u00edticos, acabando com o foro privilegiado para autoridades, e financiamento p\u00fablico, exclusivo e austero das campanhas. O PSOL est\u00e1 engajado na coleta de assinaturas para o projeto de iniciativa popular que estabelece uma profunda Reforma Pol\u00edtica no pa\u00eds, eliminando a influ\u00eancia direta do poder econ\u00f4mico e incrementando os mecanismos de controle e participa\u00e7\u00e3o popular.<br \/>\n\t&nbsp;<br \/>\n\tS\u00e3o Paulo, 12 de julho de 2013<br \/>\n\tExecutiva Nacional do PSOL<br \/>\n\t&nbsp;<\/div>\n","protected":false},"excerpt":{"rendered":"<p>Do PSOL Nacional, Leonor Costa Na \u00faltima sexta-feira (12), os integrantes da Executiva Nacional do PSOL, em reuni\u00e3o na sede do diret\u00f3rio, em S\u00e3o Paulo, aprovaram por unanimidade uma resolu\u00e7\u00e3o sobre Reforma Pol\u00edtica, que aponta a necessidade de uma radical democratiza\u00e7\u00e3o da participa\u00e7\u00e3o popular nas decis\u00f5es do pa\u00eds. No texto, o partido reafirma sua cr\u00edtica [&hellip;]<\/p>\n","protected":false},"author":2,"featured_media":0,"comment_status":"open","ping_status":"open","sticky":false,"template":"","format":"standard","meta":{"_acf_changed":false,"footnotes":""},"categories":[4766],"tags":[22],"class_list":{"0":"post-2129","1":"post","2":"type-post","3":"status-publish","4":"format-standard","6":"category-arquivo","7":"tag-psol"},"acf":[],"yoast_head":"<!-- This site is optimized with the Yoast SEO plugin v26.5 - https:\/\/yoast.com\/wordpress\/plugins\/seo\/ -->\n<title>Executiva do PSOL aprova resolu\u00e7\u00e3o sobre reforma pol\u00edtica, defendendo a &quot;democratiza\u00e7\u00e3o da participa\u00e7\u00e3o popular nas decis\u00f5es do pa\u00eds&quot; - PSOL 50<\/title>\n<meta name=\"robots\" content=\"index, follow, max-snippet:-1, max-image-preview:large, max-video-preview:-1\" \/>\n<link rel=\"canonical\" href=\"https:\/\/psol50.org.br\/executiva-do-psol-aprova-resolucao-sobre-reforma-politica-defendendo-a-democratizacao-da-participacao-popular-nas-decisoes-do-pais-2\/\" \/>\n<meta property=\"og:locale\" content=\"pt_BR\" \/>\n<meta property=\"og:type\" content=\"article\" \/>\n<meta property=\"og:title\" content=\"Executiva do PSOL aprova resolu\u00e7\u00e3o sobre reforma pol\u00edtica, defendendo a &quot;democratiza\u00e7\u00e3o da participa\u00e7\u00e3o popular nas decis\u00f5es do pa\u00eds&quot; - PSOL 50\" \/>\n<meta property=\"og:description\" content=\"Do PSOL Nacional, Leonor Costa Na \u00faltima sexta-feira (12), os integrantes da Executiva Nacional do PSOL, em reuni\u00e3o na sede do diret\u00f3rio, em S\u00e3o Paulo, aprovaram por unanimidade uma resolu\u00e7\u00e3o sobre Reforma Pol\u00edtica, que aponta a necessidade de uma radical democratiza\u00e7\u00e3o da participa\u00e7\u00e3o popular nas decis\u00f5es do pa\u00eds. No texto, o partido reafirma sua cr\u00edtica [&hellip;]\" \/>\n<meta property=\"og:url\" content=\"https:\/\/psol50.org.br\/executiva-do-psol-aprova-resolucao-sobre-reforma-politica-defendendo-a-democratizacao-da-participacao-popular-nas-decisoes-do-pais-2\/\" \/>\n<meta property=\"og:site_name\" content=\"PSOL 50\" \/>\n<meta property=\"article:publisher\" content=\"https:\/\/www.facebook.com\/psol50\" \/>\n<meta property=\"article:published_time\" content=\"2013-07-16T00:00:00+00:00\" \/>\n<meta property=\"og:image\" content=\"https:\/\/psol50.org.br\/inc\/uploads\/2018\/07\/capa.png\" \/>\n\t<meta property=\"og:image:width\" content=\"1350\" \/>\n\t<meta property=\"og:image:height\" content=\"900\" \/>\n\t<meta property=\"og:image:type\" content=\"image\/png\" \/>\n<meta name=\"author\" content=\"Comunica\u00e7\u00e3o PSOL\" \/>\n<meta name=\"twitter:card\" content=\"summary_large_image\" \/>\n<meta name=\"twitter:creator\" content=\"@psol50\" \/>\n<meta name=\"twitter:site\" content=\"@psol50\" \/>\n<meta name=\"twitter:label1\" content=\"Escrito por\" \/>\n\t<meta name=\"twitter:data1\" content=\"Comunica\u00e7\u00e3o PSOL\" \/>\n\t<meta name=\"twitter:label2\" content=\"Est. tempo de leitura\" \/>\n\t<meta name=\"twitter:data2\" content=\"4 minutos\" \/>\n<script type=\"application\/ld+json\" class=\"yoast-schema-graph\">{\"@context\":\"https:\/\/schema.org\",\"@graph\":[{\"@type\":\"Article\",\"@id\":\"https:\/\/psol50.org.br\/executiva-do-psol-aprova-resolucao-sobre-reforma-politica-defendendo-a-democratizacao-da-participacao-popular-nas-decisoes-do-pais-2\/#article\",\"isPartOf\":{\"@id\":\"https:\/\/psol50.org.br\/executiva-do-psol-aprova-resolucao-sobre-reforma-politica-defendendo-a-democratizacao-da-participacao-popular-nas-decisoes-do-pais-2\/\"},\"author\":{\"name\":\"Comunica\u00e7\u00e3o PSOL\",\"@id\":\"https:\/\/psol50.org.br\/#\/schema\/person\/475dfa57d0b815993c714c2e96491fcd\"},\"headline\":\"Executiva do PSOL aprova resolu\u00e7\u00e3o sobre reforma pol\u00edtica, defendendo a &#8220;democratiza\u00e7\u00e3o da participa\u00e7\u00e3o popular nas decis\u00f5es do pa\u00eds&#8221;\",\"datePublished\":\"2013-07-16T00:00:00+00:00\",\"mainEntityOfPage\":{\"@id\":\"https:\/\/psol50.org.br\/executiva-do-psol-aprova-resolucao-sobre-reforma-politica-defendendo-a-democratizacao-da-participacao-popular-nas-decisoes-do-pais-2\/\"},\"wordCount\":775,\"commentCount\":0,\"publisher\":{\"@id\":\"https:\/\/psol50.org.br\/#organization\"},\"keywords\":[\"PSOL\"],\"articleSection\":[\"Arquivo\"],\"inLanguage\":\"pt-BR\",\"potentialAction\":[{\"@type\":\"CommentAction\",\"name\":\"Comment\",\"target\":[\"https:\/\/psol50.org.br\/executiva-do-psol-aprova-resolucao-sobre-reforma-politica-defendendo-a-democratizacao-da-participacao-popular-nas-decisoes-do-pais-2\/#respond\"]}]},{\"@type\":\"WebPage\",\"@id\":\"https:\/\/psol50.org.br\/executiva-do-psol-aprova-resolucao-sobre-reforma-politica-defendendo-a-democratizacao-da-participacao-popular-nas-decisoes-do-pais-2\/\",\"url\":\"https:\/\/psol50.org.br\/executiva-do-psol-aprova-resolucao-sobre-reforma-politica-defendendo-a-democratizacao-da-participacao-popular-nas-decisoes-do-pais-2\/\",\"name\":\"Executiva do PSOL aprova resolu\u00e7\u00e3o sobre reforma pol\u00edtica, defendendo a \\\"democratiza\u00e7\u00e3o da participa\u00e7\u00e3o popular nas decis\u00f5es do pa\u00eds\\\" - PSOL 50\",\"isPartOf\":{\"@id\":\"https:\/\/psol50.org.br\/#website\"},\"datePublished\":\"2013-07-16T00:00:00+00:00\",\"breadcrumb\":{\"@id\":\"https:\/\/psol50.org.br\/executiva-do-psol-aprova-resolucao-sobre-reforma-politica-defendendo-a-democratizacao-da-participacao-popular-nas-decisoes-do-pais-2\/#breadcrumb\"},\"inLanguage\":\"pt-BR\",\"potentialAction\":[{\"@type\":\"ReadAction\",\"target\":[\"https:\/\/psol50.org.br\/executiva-do-psol-aprova-resolucao-sobre-reforma-politica-defendendo-a-democratizacao-da-participacao-popular-nas-decisoes-do-pais-2\/\"]}]},{\"@type\":\"BreadcrumbList\",\"@id\":\"https:\/\/psol50.org.br\/executiva-do-psol-aprova-resolucao-sobre-reforma-politica-defendendo-a-democratizacao-da-participacao-popular-nas-decisoes-do-pais-2\/#breadcrumb\",\"itemListElement\":[{\"@type\":\"ListItem\",\"position\":1,\"name\":\"In\u00edcio\",\"item\":\"https:\/\/psol50.org.br\/\"},{\"@type\":\"ListItem\",\"position\":2,\"name\":\"Executiva do PSOL aprova resolu\u00e7\u00e3o sobre reforma pol\u00edtica, defendendo a &#8220;democratiza\u00e7\u00e3o da participa\u00e7\u00e3o popular nas decis\u00f5es do pa\u00eds&#8221;\"}]},{\"@type\":\"WebSite\",\"@id\":\"https:\/\/psol50.org.br\/#website\",\"url\":\"https:\/\/psol50.org.br\/\",\"name\":\"PSOL 50\",\"description\":\"Site oficial do Partido Socialismo e Liberdade\",\"publisher\":{\"@id\":\"https:\/\/psol50.org.br\/#organization\"},\"alternateName\":\"PSOL50\",\"potentialAction\":[{\"@type\":\"SearchAction\",\"target\":{\"@type\":\"EntryPoint\",\"urlTemplate\":\"https:\/\/psol50.org.br\/?s={search_term_string}\"},\"query-input\":{\"@type\":\"PropertyValueSpecification\",\"valueRequired\":true,\"valueName\":\"search_term_string\"}}],\"inLanguage\":\"pt-BR\"},{\"@type\":\"Organization\",\"@id\":\"https:\/\/psol50.org.br\/#organization\",\"name\":\"PSOL 50\",\"alternateName\":\"PSOL 50\",\"url\":\"https:\/\/psol50.org.br\/\",\"logo\":{\"@type\":\"ImageObject\",\"inLanguage\":\"pt-BR\",\"@id\":\"https:\/\/psol50.org.br\/#\/schema\/logo\/image\/\",\"url\":\"https:\/\/psol50.org.br\/inc\/uploads\/2018\/07\/capa.png\",\"contentUrl\":\"https:\/\/psol50.org.br\/inc\/uploads\/2018\/07\/capa.png\",\"width\":1350,\"height\":900,\"caption\":\"PSOL 50\"},\"image\":{\"@id\":\"https:\/\/psol50.org.br\/#\/schema\/logo\/image\/\"},\"sameAs\":[\"https:\/\/www.facebook.com\/psol50\",\"https:\/\/x.com\/psol50\",\"https:\/\/www.instagram.com\/psol50\/\",\"https:\/\/www.youtube.com\/channel\/UC7SnJS5o1os7a6CaiNabzcg\"]},{\"@type\":\"Person\",\"@id\":\"https:\/\/psol50.org.br\/#\/schema\/person\/475dfa57d0b815993c714c2e96491fcd\",\"name\":\"Comunica\u00e7\u00e3o PSOL\",\"image\":{\"@type\":\"ImageObject\",\"inLanguage\":\"pt-BR\",\"@id\":\"https:\/\/psol50.org.br\/#\/schema\/person\/image\/\",\"url\":\"https:\/\/secure.gravatar.com\/avatar\/b34fc4f4e468a4e51785917065a3db57b841f5c95dba6ad8c73aaf8f66f8f9bf?s=96&d=mm&r=g\",\"contentUrl\":\"https:\/\/secure.gravatar.com\/avatar\/b34fc4f4e468a4e51785917065a3db57b841f5c95dba6ad8c73aaf8f66f8f9bf?s=96&d=mm&r=g\",\"caption\":\"Comunica\u00e7\u00e3o PSOL\"}}]}<\/script>\n<!-- \/ Yoast SEO plugin. -->","yoast_head_json":{"title":"Executiva do PSOL aprova resolu\u00e7\u00e3o sobre reforma pol\u00edtica, defendendo a \"democratiza\u00e7\u00e3o da participa\u00e7\u00e3o popular nas decis\u00f5es do pa\u00eds\" - PSOL 50","robots":{"index":"index","follow":"follow","max-snippet":"max-snippet:-1","max-image-preview":"max-image-preview:large","max-video-preview":"max-video-preview:-1"},"canonical":"https:\/\/psol50.org.br\/executiva-do-psol-aprova-resolucao-sobre-reforma-politica-defendendo-a-democratizacao-da-participacao-popular-nas-decisoes-do-pais-2\/","og_locale":"pt_BR","og_type":"article","og_title":"Executiva do PSOL aprova resolu\u00e7\u00e3o sobre reforma pol\u00edtica, defendendo a \"democratiza\u00e7\u00e3o da participa\u00e7\u00e3o popular nas decis\u00f5es do pa\u00eds\" - PSOL 50","og_description":"Do PSOL Nacional, Leonor Costa Na \u00faltima sexta-feira (12), os integrantes da Executiva Nacional do PSOL, em reuni\u00e3o na sede do diret\u00f3rio, em S\u00e3o Paulo, aprovaram por unanimidade uma resolu\u00e7\u00e3o sobre Reforma Pol\u00edtica, que aponta a necessidade de uma radical democratiza\u00e7\u00e3o da participa\u00e7\u00e3o popular nas decis\u00f5es do pa\u00eds. No texto, o partido reafirma sua cr\u00edtica [&hellip;]","og_url":"https:\/\/psol50.org.br\/executiva-do-psol-aprova-resolucao-sobre-reforma-politica-defendendo-a-democratizacao-da-participacao-popular-nas-decisoes-do-pais-2\/","og_site_name":"PSOL 50","article_publisher":"https:\/\/www.facebook.com\/psol50","article_published_time":"2013-07-16T00:00:00+00:00","og_image":[{"width":1350,"height":900,"url":"https:\/\/psol50.org.br\/inc\/uploads\/2018\/07\/capa.png","type":"image\/png"}],"author":"Comunica\u00e7\u00e3o PSOL","twitter_card":"summary_large_image","twitter_creator":"@psol50","twitter_site":"@psol50","twitter_misc":{"Escrito por":"Comunica\u00e7\u00e3o PSOL","Est. tempo de leitura":"4 minutos"},"schema":{"@context":"https:\/\/schema.org","@graph":[{"@type":"Article","@id":"https:\/\/psol50.org.br\/executiva-do-psol-aprova-resolucao-sobre-reforma-politica-defendendo-a-democratizacao-da-participacao-popular-nas-decisoes-do-pais-2\/#article","isPartOf":{"@id":"https:\/\/psol50.org.br\/executiva-do-psol-aprova-resolucao-sobre-reforma-politica-defendendo-a-democratizacao-da-participacao-popular-nas-decisoes-do-pais-2\/"},"author":{"name":"Comunica\u00e7\u00e3o PSOL","@id":"https:\/\/psol50.org.br\/#\/schema\/person\/475dfa57d0b815993c714c2e96491fcd"},"headline":"Executiva do PSOL aprova resolu\u00e7\u00e3o sobre reforma pol\u00edtica, defendendo a &#8220;democratiza\u00e7\u00e3o da participa\u00e7\u00e3o popular nas decis\u00f5es do pa\u00eds&#8221;","datePublished":"2013-07-16T00:00:00+00:00","mainEntityOfPage":{"@id":"https:\/\/psol50.org.br\/executiva-do-psol-aprova-resolucao-sobre-reforma-politica-defendendo-a-democratizacao-da-participacao-popular-nas-decisoes-do-pais-2\/"},"wordCount":775,"commentCount":0,"publisher":{"@id":"https:\/\/psol50.org.br\/#organization"},"keywords":["PSOL"],"articleSection":["Arquivo"],"inLanguage":"pt-BR","potentialAction":[{"@type":"CommentAction","name":"Comment","target":["https:\/\/psol50.org.br\/executiva-do-psol-aprova-resolucao-sobre-reforma-politica-defendendo-a-democratizacao-da-participacao-popular-nas-decisoes-do-pais-2\/#respond"]}]},{"@type":"WebPage","@id":"https:\/\/psol50.org.br\/executiva-do-psol-aprova-resolucao-sobre-reforma-politica-defendendo-a-democratizacao-da-participacao-popular-nas-decisoes-do-pais-2\/","url":"https:\/\/psol50.org.br\/executiva-do-psol-aprova-resolucao-sobre-reforma-politica-defendendo-a-democratizacao-da-participacao-popular-nas-decisoes-do-pais-2\/","name":"Executiva do PSOL aprova resolu\u00e7\u00e3o sobre reforma pol\u00edtica, defendendo a \"democratiza\u00e7\u00e3o da participa\u00e7\u00e3o popular nas decis\u00f5es do pa\u00eds\" - PSOL 50","isPartOf":{"@id":"https:\/\/psol50.org.br\/#website"},"datePublished":"2013-07-16T00:00:00+00:00","breadcrumb":{"@id":"https:\/\/psol50.org.br\/executiva-do-psol-aprova-resolucao-sobre-reforma-politica-defendendo-a-democratizacao-da-participacao-popular-nas-decisoes-do-pais-2\/#breadcrumb"},"inLanguage":"pt-BR","potentialAction":[{"@type":"ReadAction","target":["https:\/\/psol50.org.br\/executiva-do-psol-aprova-resolucao-sobre-reforma-politica-defendendo-a-democratizacao-da-participacao-popular-nas-decisoes-do-pais-2\/"]}]},{"@type":"BreadcrumbList","@id":"https:\/\/psol50.org.br\/executiva-do-psol-aprova-resolucao-sobre-reforma-politica-defendendo-a-democratizacao-da-participacao-popular-nas-decisoes-do-pais-2\/#breadcrumb","itemListElement":[{"@type":"ListItem","position":1,"name":"In\u00edcio","item":"https:\/\/psol50.org.br\/"},{"@type":"ListItem","position":2,"name":"Executiva do PSOL aprova resolu\u00e7\u00e3o sobre reforma pol\u00edtica, defendendo a &#8220;democratiza\u00e7\u00e3o da participa\u00e7\u00e3o popular nas decis\u00f5es do pa\u00eds&#8221;"}]},{"@type":"WebSite","@id":"https:\/\/psol50.org.br\/#website","url":"https:\/\/psol50.org.br\/","name":"PSOL 50","description":"Site oficial do Partido Socialismo e Liberdade","publisher":{"@id":"https:\/\/psol50.org.br\/#organization"},"alternateName":"PSOL50","potentialAction":[{"@type":"SearchAction","target":{"@type":"EntryPoint","urlTemplate":"https:\/\/psol50.org.br\/?s={search_term_string}"},"query-input":{"@type":"PropertyValueSpecification","valueRequired":true,"valueName":"search_term_string"}}],"inLanguage":"pt-BR"},{"@type":"Organization","@id":"https:\/\/psol50.org.br\/#organization","name":"PSOL 50","alternateName":"PSOL 50","url":"https:\/\/psol50.org.br\/","logo":{"@type":"ImageObject","inLanguage":"pt-BR","@id":"https:\/\/psol50.org.br\/#\/schema\/logo\/image\/","url":"https:\/\/psol50.org.br\/inc\/uploads\/2018\/07\/capa.png","contentUrl":"https:\/\/psol50.org.br\/inc\/uploads\/2018\/07\/capa.png","width":1350,"height":900,"caption":"PSOL 50"},"image":{"@id":"https:\/\/psol50.org.br\/#\/schema\/logo\/image\/"},"sameAs":["https:\/\/www.facebook.com\/psol50","https:\/\/x.com\/psol50","https:\/\/www.instagram.com\/psol50\/","https:\/\/www.youtube.com\/channel\/UC7SnJS5o1os7a6CaiNabzcg"]},{"@type":"Person","@id":"https:\/\/psol50.org.br\/#\/schema\/person\/475dfa57d0b815993c714c2e96491fcd","name":"Comunica\u00e7\u00e3o PSOL","image":{"@type":"ImageObject","inLanguage":"pt-BR","@id":"https:\/\/psol50.org.br\/#\/schema\/person\/image\/","url":"https:\/\/secure.gravatar.com\/avatar\/b34fc4f4e468a4e51785917065a3db57b841f5c95dba6ad8c73aaf8f66f8f9bf?s=96&d=mm&r=g","contentUrl":"https:\/\/secure.gravatar.com\/avatar\/b34fc4f4e468a4e51785917065a3db57b841f5c95dba6ad8c73aaf8f66f8f9bf?s=96&d=mm&r=g","caption":"Comunica\u00e7\u00e3o PSOL"}}]}},"_links":{"self":[{"href":"https:\/\/psol50.org.br\/rest\/wp\/v2\/posts\/2129","targetHints":{"allow":["GET"]}}],"collection":[{"href":"https:\/\/psol50.org.br\/rest\/wp\/v2\/posts"}],"about":[{"href":"https:\/\/psol50.org.br\/rest\/wp\/v2\/types\/post"}],"author":[{"embeddable":true,"href":"https:\/\/psol50.org.br\/rest\/wp\/v2\/users\/2"}],"replies":[{"embeddable":true,"href":"https:\/\/psol50.org.br\/rest\/wp\/v2\/comments?post=2129"}],"version-history":[{"count":0,"href":"https:\/\/psol50.org.br\/rest\/wp\/v2\/posts\/2129\/revisions"}],"wp:attachment":[{"href":"https:\/\/psol50.org.br\/rest\/wp\/v2\/media?parent=2129"}],"wp:term":[{"taxonomy":"category","embeddable":true,"href":"https:\/\/psol50.org.br\/rest\/wp\/v2\/categories?post=2129"},{"taxonomy":"post_tag","embeddable":true,"href":"https:\/\/psol50.org.br\/rest\/wp\/v2\/tags?post=2129"}],"curies":[{"name":"wp","href":"https:\/\/api.w.org\/{rel}","templated":true}]}}