{"id":21293,"date":"2018-08-08T12:25:00","date_gmt":"2018-08-08T15:25:00","guid":{"rendered":"https:\/\/www.psol50.org.br\/?p=21293"},"modified":"2018-08-08T12:25:00","modified_gmt":"2018-08-08T15:25:00","slug":"psol-es-repudia-declaracoes-de-dom-luiz-manchilha-vilela-arcebispo-de-vitoria","status":"publish","type":"post","link":"https:\/\/psol50.org.br\/psol-es-repudia-declaracoes-de-dom-luiz-manchilha-vilela-arcebispo-de-vitoria\/","title":{"rendered":"PSOL-ES repudia declara\u00e7\u00f5es de Dom Luiz Manchilha Vilela, arcebispo de Vit\u00f3ria"},"content":{"rendered":"<p>O PSOL-ES vem a p\u00fablico manifestar seu rep\u00fadio \u00e0 manifesta\u00e7\u00e3o do arcebispo de Vit\u00f3ria, Dom Luiz Mancilha Vilela (foto), que, em v\u00eddeo divulgado nas redes sociais no \u00faltimo dia 31 de julho, utilizando-se da Institui\u00e7\u00e3o Igreja Cat\u00f3lica para fazer pol\u00edtica partid\u00e1ria &#8211; o que \u00e9 proibido pela Lei Eleitoral &#8211; acusa o PSOL de ser \u201ccriminoso\u201d e \u201ca favor da morte\u201d.<\/p>\n<p>Diante dessa afirma\u00e7\u00e3o falaciosa, de quem deveria ter compromisso com a verdade, o PSOL expressa com veem\u00eancia seu total rep\u00fadio \u00e0 tal declara\u00e7\u00e3o e reitera sua posi\u00e7\u00e3o em defesa da vida, dos direitos humanos, da diversidade, da democracia e do Estado Laico.<\/p>\n<p>As acusa\u00e7\u00f5es s\u00e3o grav\u00edssimas, especialmente partindo de um l\u00edder religioso, que, ao nos acusar publicamente de defensores da morte, d\u00e1 falso testemunhos das nossas a\u00e7\u00f5es em defesa da vida das mulheres, da negritude, da popula\u00e7\u00e3o LGBT, que s\u00e3o as v\u00edtimas preferenciais da viol\u00eancia praticada em nosso estado. N\u00e3o por acaso o PSOL \u00e9 o \u00fanico partido que n\u00e3o possui den\u00fancias de corrup\u00e7\u00e3o, n\u00e3o est\u00e1 envolvido na Opera\u00e7\u00e3o Lava Jato e tem reconhecidamente a melhor bancada no Congresso Nacional.<\/p>\n<p>\u00c9 lament\u00e1vel que na atual conjuntura a principal pauta do l\u00edder religioso seja o controle sobre o corpo das mulheres e n\u00e3o a cr\u00edtica ao processo violento de retirada de direitos dos (das) trabalhadores (as), como a reforma trabalhista e da previd\u00eancia, ou o aumento da desigualdade social e da viol\u00eancia no pa\u00eds.<\/p>\n<p>Cabe elucidar que a ADPF (Argui\u00e7\u00e3o de Preceito Fundamental) n. 442, movida pelo PSOL e a Anis \u2013 Instituto de Bio\u00e9tica, prev\u00ea a altera\u00e7\u00e3o dos artigos 124 e 126 do C\u00f3digo Penal para descriminalizar o aborto, com vistas a preservar a vidas das mulheres, especialmente as mulheres negras e pobres, sejam elas casadas, solteiras, evang\u00e9licas, cat\u00f3licas, agn\u00f3sticas etc. pois, segundo dados do Minist\u00e9rio da Sa\u00fade, o Brasil registra uma m\u00e9dia de quatro mortes por dia de mulheres que buscam socorro nos hospitais por complica\u00e7\u00f5es de aborto.<\/p>\n<p>Somente em 2015, foram registradas 1.664 mortes de mulheres em hospitais brasileiros. Na opini\u00e3o do PSOL-ES, criminalizar o aborto \u00e9 lavar as m\u00e3os para essa realidade, j\u00e1 que somente a descriminaliza\u00e7\u00e3o pode contribuir para que o aborto seja tratado como quest\u00e3o de sa\u00fade p\u00fablica, o que possibilitar\u00e1 acolher e salvar a vida de milhares de mulheres brasileiras que hoje correm risco de vida ao se submeterem \u00e0 procedimentos inseguros.<\/p>\n<p><em><strong>Vit\u00f3ria\/ES, 1\u00ba de agosto de 2018<\/strong><\/em><br \/>\n<em><strong>Dire\u00e7\u00e3o Estadual do PSOL-ES<\/strong><\/em><\/p>\n","protected":false},"excerpt":{"rendered":"<p>O PSOL-ES vem a p\u00fablico manifestar seu rep\u00fadio \u00e0 manifesta\u00e7\u00e3o do arcebispo de Vit\u00f3ria, Dom Luiz Mancilha Vilela (foto), que, em v\u00eddeo divulgado nas redes sociais no \u00faltimo dia 31 de julho, utilizando-se da Institui\u00e7\u00e3o Igreja Cat\u00f3lica para fazer pol\u00edtica partid\u00e1ria &#8211; o que \u00e9 proibido pela Lei Eleitoral &#8211; acusa o PSOL de ser [&hellip;]<\/p>\n","protected":false},"author":2,"featured_media":21294,"comment_status":"open","ping_status":"open","sticky":false,"template":"","format":"standard","meta":{"_acf_changed":false,"footnotes":""},"categories":[654,6],"tags":[824,2384,2680,979,2681,2682,1508,2683],"class_list":{"0":"post-21293","1":"post","2":"type-post","3":"status-publish","4":"format-standard","5":"has-post-thumbnail","7":"category-estados","8":"category-noticias","9":"tag-aborto","10":"tag-adpf-442","11":"tag-arcebispo","12":"tag-descriminalizacao","13":"tag-dom-luiz-mancilha-vilela","14":"tag-psol-es","15":"tag-repudio","16":"tag-vitoria"},"acf":[],"yoast_head":"<!-- This site is optimized with the Yoast SEO plugin v26.5 - https:\/\/yoast.com\/wordpress\/plugins\/seo\/ -->\n<title>PSOL-ES repudia declara\u00e7\u00f5es de Dom Luiz Manchilha Vilela, arcebispo de Vit\u00f3ria - PSOL 50<\/title>\n<meta name=\"robots\" content=\"index, follow, max-snippet:-1, max-image-preview:large, max-video-preview:-1\" \/>\n<link rel=\"canonical\" href=\"https:\/\/psol50.org.br\/psol-es-repudia-declaracoes-de-dom-luiz-manchilha-vilela-arcebispo-de-vitoria\/\" \/>\n<meta property=\"og:locale\" content=\"pt_BR\" \/>\n<meta property=\"og:type\" content=\"article\" \/>\n<meta property=\"og:title\" content=\"PSOL-ES repudia declara\u00e7\u00f5es de Dom Luiz Manchilha Vilela, arcebispo de Vit\u00f3ria - PSOL 50\" \/>\n<meta property=\"og:description\" content=\"O PSOL-ES vem a p\u00fablico manifestar seu rep\u00fadio \u00e0 manifesta\u00e7\u00e3o do arcebispo de Vit\u00f3ria, Dom Luiz Mancilha Vilela (foto), que, em v\u00eddeo divulgado nas redes sociais no \u00faltimo dia 31 de julho, utilizando-se da Institui\u00e7\u00e3o Igreja Cat\u00f3lica para fazer pol\u00edtica partid\u00e1ria &#8211; o que \u00e9 proibido pela Lei Eleitoral &#8211; acusa o PSOL de ser [&hellip;]\" \/>\n<meta property=\"og:url\" content=\"https:\/\/psol50.org.br\/psol-es-repudia-declaracoes-de-dom-luiz-manchilha-vilela-arcebispo-de-vitoria\/\" \/>\n<meta property=\"og:site_name\" content=\"PSOL 50\" \/>\n<meta property=\"article:publisher\" content=\"https:\/\/www.facebook.com\/psol50\" \/>\n<meta property=\"article:published_time\" content=\"2018-08-08T15:25:00+00:00\" \/>\n<meta property=\"og:image\" content=\"https:\/\/psol50.org.br\/inc\/uploads\/2018\/08\/Arcebispo_Vitoria_DioceseCachoeiro.jpg\" \/>\n\t<meta property=\"og:image:width\" content=\"1350\" \/>\n\t<meta property=\"og:image:height\" content=\"870\" \/>\n\t<meta property=\"og:image:type\" content=\"image\/jpeg\" \/>\n<meta name=\"author\" content=\"Comunica\u00e7\u00e3o PSOL\" \/>\n<meta name=\"twitter:card\" content=\"summary_large_image\" \/>\n<meta name=\"twitter:creator\" content=\"@psol50\" \/>\n<meta name=\"twitter:site\" content=\"@psol50\" \/>\n<meta name=\"twitter:label1\" content=\"Escrito por\" \/>\n\t<meta name=\"twitter:data1\" content=\"Comunica\u00e7\u00e3o PSOL\" \/>\n\t<meta name=\"twitter:label2\" content=\"Est. tempo de leitura\" \/>\n\t<meta name=\"twitter:data2\" content=\"2 minutos\" \/>\n<script type=\"application\/ld+json\" class=\"yoast-schema-graph\">{\"@context\":\"https:\/\/schema.org\",\"@graph\":[{\"@type\":\"Article\",\"@id\":\"https:\/\/psol50.org.br\/psol-es-repudia-declaracoes-de-dom-luiz-manchilha-vilela-arcebispo-de-vitoria\/#article\",\"isPartOf\":{\"@id\":\"https:\/\/psol50.org.br\/psol-es-repudia-declaracoes-de-dom-luiz-manchilha-vilela-arcebispo-de-vitoria\/\"},\"author\":{\"name\":\"Comunica\u00e7\u00e3o PSOL\",\"@id\":\"https:\/\/psol50.org.br\/#\/schema\/person\/475dfa57d0b815993c714c2e96491fcd\"},\"headline\":\"PSOL-ES repudia declara\u00e7\u00f5es de Dom Luiz Manchilha Vilela, arcebispo de Vit\u00f3ria\",\"datePublished\":\"2018-08-08T15:25:00+00:00\",\"mainEntityOfPage\":{\"@id\":\"https:\/\/psol50.org.br\/psol-es-repudia-declaracoes-de-dom-luiz-manchilha-vilela-arcebispo-de-vitoria\/\"},\"wordCount\":452,\"commentCount\":0,\"publisher\":{\"@id\":\"https:\/\/psol50.org.br\/#organization\"},\"image\":{\"@id\":\"https:\/\/psol50.org.br\/psol-es-repudia-declaracoes-de-dom-luiz-manchilha-vilela-arcebispo-de-vitoria\/#primaryimage\"},\"thumbnailUrl\":\"https:\/\/psol50.org.br\/inc\/uploads\/2018\/08\/Arcebispo_Vitoria_DioceseCachoeiro.jpg\",\"keywords\":[\"aborto\",\"ADPF 442\",\"arcebispo\",\"descriminaliza\u00e7\u00e3o\",\"Dom Luiz Mancilha Vilela\",\"PSOL-ES\",\"rep\u00fadio\",\"vit\u00f3ria\"],\"articleSection\":[\"Estados\",\"Not\u00edcias\"],\"inLanguage\":\"pt-BR\",\"potentialAction\":[{\"@type\":\"CommentAction\",\"name\":\"Comment\",\"target\":[\"https:\/\/psol50.org.br\/psol-es-repudia-declaracoes-de-dom-luiz-manchilha-vilela-arcebispo-de-vitoria\/#respond\"]}]},{\"@type\":\"WebPage\",\"@id\":\"https:\/\/psol50.org.br\/psol-es-repudia-declaracoes-de-dom-luiz-manchilha-vilela-arcebispo-de-vitoria\/\",\"url\":\"https:\/\/psol50.org.br\/psol-es-repudia-declaracoes-de-dom-luiz-manchilha-vilela-arcebispo-de-vitoria\/\",\"name\":\"PSOL-ES repudia declara\u00e7\u00f5es de Dom Luiz Manchilha Vilela, arcebispo de Vit\u00f3ria - PSOL 50\",\"isPartOf\":{\"@id\":\"https:\/\/psol50.org.br\/#website\"},\"primaryImageOfPage\":{\"@id\":\"https:\/\/psol50.org.br\/psol-es-repudia-declaracoes-de-dom-luiz-manchilha-vilela-arcebispo-de-vitoria\/#primaryimage\"},\"image\":{\"@id\":\"https:\/\/psol50.org.br\/psol-es-repudia-declaracoes-de-dom-luiz-manchilha-vilela-arcebispo-de-vitoria\/#primaryimage\"},\"thumbnailUrl\":\"https:\/\/psol50.org.br\/inc\/uploads\/2018\/08\/Arcebispo_Vitoria_DioceseCachoeiro.jpg\",\"datePublished\":\"2018-08-08T15:25:00+00:00\",\"breadcrumb\":{\"@id\":\"https:\/\/psol50.org.br\/psol-es-repudia-declaracoes-de-dom-luiz-manchilha-vilela-arcebispo-de-vitoria\/#breadcrumb\"},\"inLanguage\":\"pt-BR\",\"potentialAction\":[{\"@type\":\"ReadAction\",\"target\":[\"https:\/\/psol50.org.br\/psol-es-repudia-declaracoes-de-dom-luiz-manchilha-vilela-arcebispo-de-vitoria\/\"]}]},{\"@type\":\"ImageObject\",\"inLanguage\":\"pt-BR\",\"@id\":\"https:\/\/psol50.org.br\/psol-es-repudia-declaracoes-de-dom-luiz-manchilha-vilela-arcebispo-de-vitoria\/#primaryimage\",\"url\":\"https:\/\/psol50.org.br\/inc\/uploads\/2018\/08\/Arcebispo_Vitoria_DioceseCachoeiro.jpg\",\"contentUrl\":\"https:\/\/psol50.org.br\/inc\/uploads\/2018\/08\/Arcebispo_Vitoria_DioceseCachoeiro.jpg\",\"width\":1350,\"height\":870},{\"@type\":\"BreadcrumbList\",\"@id\":\"https:\/\/psol50.org.br\/psol-es-repudia-declaracoes-de-dom-luiz-manchilha-vilela-arcebispo-de-vitoria\/#breadcrumb\",\"itemListElement\":[{\"@type\":\"ListItem\",\"position\":1,\"name\":\"In\u00edcio\",\"item\":\"https:\/\/psol50.org.br\/\"},{\"@type\":\"ListItem\",\"position\":2,\"name\":\"PSOL-ES repudia declara\u00e7\u00f5es de Dom Luiz Manchilha Vilela, arcebispo de Vit\u00f3ria\"}]},{\"@type\":\"WebSite\",\"@id\":\"https:\/\/psol50.org.br\/#website\",\"url\":\"https:\/\/psol50.org.br\/\",\"name\":\"PSOL 50\",\"description\":\"Site oficial do Partido Socialismo e Liberdade\",\"publisher\":{\"@id\":\"https:\/\/psol50.org.br\/#organization\"},\"alternateName\":\"PSOL50\",\"potentialAction\":[{\"@type\":\"SearchAction\",\"target\":{\"@type\":\"EntryPoint\",\"urlTemplate\":\"https:\/\/psol50.org.br\/?s={search_term_string}\"},\"query-input\":{\"@type\":\"PropertyValueSpecification\",\"valueRequired\":true,\"valueName\":\"search_term_string\"}}],\"inLanguage\":\"pt-BR\"},{\"@type\":\"Organization\",\"@id\":\"https:\/\/psol50.org.br\/#organization\",\"name\":\"PSOL 50\",\"alternateName\":\"PSOL 50\",\"url\":\"https:\/\/psol50.org.br\/\",\"logo\":{\"@type\":\"ImageObject\",\"inLanguage\":\"pt-BR\",\"@id\":\"https:\/\/psol50.org.br\/#\/schema\/logo\/image\/\",\"url\":\"https:\/\/psol50.org.br\/inc\/uploads\/2018\/07\/capa.png\",\"contentUrl\":\"https:\/\/psol50.org.br\/inc\/uploads\/2018\/07\/capa.png\",\"width\":1350,\"height\":900,\"caption\":\"PSOL 50\"},\"image\":{\"@id\":\"https:\/\/psol50.org.br\/#\/schema\/logo\/image\/\"},\"sameAs\":[\"https:\/\/www.facebook.com\/psol50\",\"https:\/\/x.com\/psol50\",\"https:\/\/www.instagram.com\/psol50\/\",\"https:\/\/www.youtube.com\/channel\/UC7SnJS5o1os7a6CaiNabzcg\"]},{\"@type\":\"Person\",\"@id\":\"https:\/\/psol50.org.br\/#\/schema\/person\/475dfa57d0b815993c714c2e96491fcd\",\"name\":\"Comunica\u00e7\u00e3o PSOL\",\"image\":{\"@type\":\"ImageObject\",\"inLanguage\":\"pt-BR\",\"@id\":\"https:\/\/psol50.org.br\/#\/schema\/person\/image\/\",\"url\":\"https:\/\/secure.gravatar.com\/avatar\/b34fc4f4e468a4e51785917065a3db57b841f5c95dba6ad8c73aaf8f66f8f9bf?s=96&d=mm&r=g\",\"contentUrl\":\"https:\/\/secure.gravatar.com\/avatar\/b34fc4f4e468a4e51785917065a3db57b841f5c95dba6ad8c73aaf8f66f8f9bf?s=96&d=mm&r=g\",\"caption\":\"Comunica\u00e7\u00e3o PSOL\"}}]}<\/script>\n<!-- \/ Yoast SEO plugin. -->","yoast_head_json":{"title":"PSOL-ES repudia declara\u00e7\u00f5es de Dom Luiz Manchilha Vilela, arcebispo de Vit\u00f3ria - PSOL 50","robots":{"index":"index","follow":"follow","max-snippet":"max-snippet:-1","max-image-preview":"max-image-preview:large","max-video-preview":"max-video-preview:-1"},"canonical":"https:\/\/psol50.org.br\/psol-es-repudia-declaracoes-de-dom-luiz-manchilha-vilela-arcebispo-de-vitoria\/","og_locale":"pt_BR","og_type":"article","og_title":"PSOL-ES repudia declara\u00e7\u00f5es de Dom Luiz Manchilha Vilela, arcebispo de Vit\u00f3ria - PSOL 50","og_description":"O PSOL-ES vem a p\u00fablico manifestar seu rep\u00fadio \u00e0 manifesta\u00e7\u00e3o do arcebispo de Vit\u00f3ria, Dom Luiz Mancilha Vilela (foto), que, em v\u00eddeo divulgado nas redes sociais no \u00faltimo dia 31 de julho, utilizando-se da Institui\u00e7\u00e3o Igreja Cat\u00f3lica para fazer pol\u00edtica partid\u00e1ria &#8211; o que \u00e9 proibido pela Lei Eleitoral &#8211; acusa o PSOL de ser [&hellip;]","og_url":"https:\/\/psol50.org.br\/psol-es-repudia-declaracoes-de-dom-luiz-manchilha-vilela-arcebispo-de-vitoria\/","og_site_name":"PSOL 50","article_publisher":"https:\/\/www.facebook.com\/psol50","article_published_time":"2018-08-08T15:25:00+00:00","og_image":[{"width":1350,"height":870,"url":"https:\/\/psol50.org.br\/inc\/uploads\/2018\/08\/Arcebispo_Vitoria_DioceseCachoeiro.jpg","type":"image\/jpeg"}],"author":"Comunica\u00e7\u00e3o PSOL","twitter_card":"summary_large_image","twitter_creator":"@psol50","twitter_site":"@psol50","twitter_misc":{"Escrito por":"Comunica\u00e7\u00e3o PSOL","Est. tempo de leitura":"2 minutos"},"schema":{"@context":"https:\/\/schema.org","@graph":[{"@type":"Article","@id":"https:\/\/psol50.org.br\/psol-es-repudia-declaracoes-de-dom-luiz-manchilha-vilela-arcebispo-de-vitoria\/#article","isPartOf":{"@id":"https:\/\/psol50.org.br\/psol-es-repudia-declaracoes-de-dom-luiz-manchilha-vilela-arcebispo-de-vitoria\/"},"author":{"name":"Comunica\u00e7\u00e3o PSOL","@id":"https:\/\/psol50.org.br\/#\/schema\/person\/475dfa57d0b815993c714c2e96491fcd"},"headline":"PSOL-ES repudia declara\u00e7\u00f5es de Dom Luiz Manchilha Vilela, arcebispo de Vit\u00f3ria","datePublished":"2018-08-08T15:25:00+00:00","mainEntityOfPage":{"@id":"https:\/\/psol50.org.br\/psol-es-repudia-declaracoes-de-dom-luiz-manchilha-vilela-arcebispo-de-vitoria\/"},"wordCount":452,"commentCount":0,"publisher":{"@id":"https:\/\/psol50.org.br\/#organization"},"image":{"@id":"https:\/\/psol50.org.br\/psol-es-repudia-declaracoes-de-dom-luiz-manchilha-vilela-arcebispo-de-vitoria\/#primaryimage"},"thumbnailUrl":"https:\/\/psol50.org.br\/inc\/uploads\/2018\/08\/Arcebispo_Vitoria_DioceseCachoeiro.jpg","keywords":["aborto","ADPF 442","arcebispo","descriminaliza\u00e7\u00e3o","Dom Luiz Mancilha Vilela","PSOL-ES","rep\u00fadio","vit\u00f3ria"],"articleSection":["Estados","Not\u00edcias"],"inLanguage":"pt-BR","potentialAction":[{"@type":"CommentAction","name":"Comment","target":["https:\/\/psol50.org.br\/psol-es-repudia-declaracoes-de-dom-luiz-manchilha-vilela-arcebispo-de-vitoria\/#respond"]}]},{"@type":"WebPage","@id":"https:\/\/psol50.org.br\/psol-es-repudia-declaracoes-de-dom-luiz-manchilha-vilela-arcebispo-de-vitoria\/","url":"https:\/\/psol50.org.br\/psol-es-repudia-declaracoes-de-dom-luiz-manchilha-vilela-arcebispo-de-vitoria\/","name":"PSOL-ES repudia declara\u00e7\u00f5es de Dom Luiz Manchilha Vilela, arcebispo de Vit\u00f3ria - PSOL 50","isPartOf":{"@id":"https:\/\/psol50.org.br\/#website"},"primaryImageOfPage":{"@id":"https:\/\/psol50.org.br\/psol-es-repudia-declaracoes-de-dom-luiz-manchilha-vilela-arcebispo-de-vitoria\/#primaryimage"},"image":{"@id":"https:\/\/psol50.org.br\/psol-es-repudia-declaracoes-de-dom-luiz-manchilha-vilela-arcebispo-de-vitoria\/#primaryimage"},"thumbnailUrl":"https:\/\/psol50.org.br\/inc\/uploads\/2018\/08\/Arcebispo_Vitoria_DioceseCachoeiro.jpg","datePublished":"2018-08-08T15:25:00+00:00","breadcrumb":{"@id":"https:\/\/psol50.org.br\/psol-es-repudia-declaracoes-de-dom-luiz-manchilha-vilela-arcebispo-de-vitoria\/#breadcrumb"},"inLanguage":"pt-BR","potentialAction":[{"@type":"ReadAction","target":["https:\/\/psol50.org.br\/psol-es-repudia-declaracoes-de-dom-luiz-manchilha-vilela-arcebispo-de-vitoria\/"]}]},{"@type":"ImageObject","inLanguage":"pt-BR","@id":"https:\/\/psol50.org.br\/psol-es-repudia-declaracoes-de-dom-luiz-manchilha-vilela-arcebispo-de-vitoria\/#primaryimage","url":"https:\/\/psol50.org.br\/inc\/uploads\/2018\/08\/Arcebispo_Vitoria_DioceseCachoeiro.jpg","contentUrl":"https:\/\/psol50.org.br\/inc\/uploads\/2018\/08\/Arcebispo_Vitoria_DioceseCachoeiro.jpg","width":1350,"height":870},{"@type":"BreadcrumbList","@id":"https:\/\/psol50.org.br\/psol-es-repudia-declaracoes-de-dom-luiz-manchilha-vilela-arcebispo-de-vitoria\/#breadcrumb","itemListElement":[{"@type":"ListItem","position":1,"name":"In\u00edcio","item":"https:\/\/psol50.org.br\/"},{"@type":"ListItem","position":2,"name":"PSOL-ES repudia declara\u00e7\u00f5es de Dom Luiz Manchilha Vilela, arcebispo de Vit\u00f3ria"}]},{"@type":"WebSite","@id":"https:\/\/psol50.org.br\/#website","url":"https:\/\/psol50.org.br\/","name":"PSOL 50","description":"Site oficial do Partido Socialismo e Liberdade","publisher":{"@id":"https:\/\/psol50.org.br\/#organization"},"alternateName":"PSOL50","potentialAction":[{"@type":"SearchAction","target":{"@type":"EntryPoint","urlTemplate":"https:\/\/psol50.org.br\/?s={search_term_string}"},"query-input":{"@type":"PropertyValueSpecification","valueRequired":true,"valueName":"search_term_string"}}],"inLanguage":"pt-BR"},{"@type":"Organization","@id":"https:\/\/psol50.org.br\/#organization","name":"PSOL 50","alternateName":"PSOL 50","url":"https:\/\/psol50.org.br\/","logo":{"@type":"ImageObject","inLanguage":"pt-BR","@id":"https:\/\/psol50.org.br\/#\/schema\/logo\/image\/","url":"https:\/\/psol50.org.br\/inc\/uploads\/2018\/07\/capa.png","contentUrl":"https:\/\/psol50.org.br\/inc\/uploads\/2018\/07\/capa.png","width":1350,"height":900,"caption":"PSOL 50"},"image":{"@id":"https:\/\/psol50.org.br\/#\/schema\/logo\/image\/"},"sameAs":["https:\/\/www.facebook.com\/psol50","https:\/\/x.com\/psol50","https:\/\/www.instagram.com\/psol50\/","https:\/\/www.youtube.com\/channel\/UC7SnJS5o1os7a6CaiNabzcg"]},{"@type":"Person","@id":"https:\/\/psol50.org.br\/#\/schema\/person\/475dfa57d0b815993c714c2e96491fcd","name":"Comunica\u00e7\u00e3o PSOL","image":{"@type":"ImageObject","inLanguage":"pt-BR","@id":"https:\/\/psol50.org.br\/#\/schema\/person\/image\/","url":"https:\/\/secure.gravatar.com\/avatar\/b34fc4f4e468a4e51785917065a3db57b841f5c95dba6ad8c73aaf8f66f8f9bf?s=96&d=mm&r=g","contentUrl":"https:\/\/secure.gravatar.com\/avatar\/b34fc4f4e468a4e51785917065a3db57b841f5c95dba6ad8c73aaf8f66f8f9bf?s=96&d=mm&r=g","caption":"Comunica\u00e7\u00e3o PSOL"}}]}},"_links":{"self":[{"href":"https:\/\/psol50.org.br\/rest\/wp\/v2\/posts\/21293","targetHints":{"allow":["GET"]}}],"collection":[{"href":"https:\/\/psol50.org.br\/rest\/wp\/v2\/posts"}],"about":[{"href":"https:\/\/psol50.org.br\/rest\/wp\/v2\/types\/post"}],"author":[{"embeddable":true,"href":"https:\/\/psol50.org.br\/rest\/wp\/v2\/users\/2"}],"replies":[{"embeddable":true,"href":"https:\/\/psol50.org.br\/rest\/wp\/v2\/comments?post=21293"}],"version-history":[{"count":0,"href":"https:\/\/psol50.org.br\/rest\/wp\/v2\/posts\/21293\/revisions"}],"wp:featuredmedia":[{"embeddable":true,"href":"https:\/\/psol50.org.br\/rest\/wp\/v2\/media\/21294"}],"wp:attachment":[{"href":"https:\/\/psol50.org.br\/rest\/wp\/v2\/media?parent=21293"}],"wp:term":[{"taxonomy":"category","embeddable":true,"href":"https:\/\/psol50.org.br\/rest\/wp\/v2\/categories?post=21293"},{"taxonomy":"post_tag","embeddable":true,"href":"https:\/\/psol50.org.br\/rest\/wp\/v2\/tags?post=21293"}],"curies":[{"name":"wp","href":"https:\/\/api.w.org\/{rel}","templated":true}]}}