{"id":2130,"date":"2013-07-16T00:00:00","date_gmt":"2013-07-16T00:00:00","guid":{"rendered":"http:\/\/psol50.org.br\/arquivo\/2013\/07\/16\/com-suspensao-da-reintegracao-de-posse-manifestantes-permanecem-na-camara-de-porto-alegre\/"},"modified":"2013-07-16T00:00:00","modified_gmt":"2013-07-16T00:00:00","slug":"com-suspensao-da-reintegracao-de-posse-manifestantes-permanecem-na-camara-de-porto-alegre","status":"publish","type":"post","link":"https:\/\/psol50.org.br\/com-suspensao-da-reintegracao-de-posse-manifestantes-permanecem-na-camara-de-porto-alegre\/","title":{"rendered":"Com suspens\u00e3o da reintegra\u00e7\u00e3o de posse, manifestantes permanecem na C\u00e2mara de Porto Alegre"},"content":{"rendered":"<div style=\"text-align: justify;\">\n\tNesta segunda-feira (15) a ju\u00edza Cristina Luisa Marquesan da Silva emitiu despacho suspendendo o cumprimento da medida liminar e designando audi\u00eancia de concilia\u00e7\u00e3o para esta quarta-fera (17), \u00e0s 15 horas, entre vereadores e manifestantes que ocupam a C\u00e2mara Municipal de Porto Alegre reivindicando passe-livre para estudantes e desempregados, a divulga\u00e7\u00e3o das planilhas de custo das empresas de transporte coletivo e a reformula\u00e7\u00e3o do Conselho Municipal de Tr\u00e2nsito. Na decis\u00e3o, ela observa o car\u00e1ter pac\u00edfico da ocupa\u00e7\u00e3o e considera que \u201ca medida dr\u00e1stica de retirada for\u00e7ada desses cidad\u00e3os n\u00e3o \u00e9 o melhor caminho, neste momento\u201d.<br \/>\n\t&nbsp;<br \/>\n\tA reintegra\u00e7\u00e3o de posse estava marcada para esta segunda-feira, que era tamb\u00e9m a data planejada pelos integrantes do Bloco de Luta para se retirarem. No entanto, devido \u00e0 suspens\u00e3o das atividades da C\u00e2mara, n\u00e3o foi poss\u00edvel entregar as reivindica\u00e7\u00f5es para a presid\u00eancia, o que fez com que os manifestantes optassem por n\u00e3o se retirar do local.<br \/>\n\t&nbsp;<br \/>\n\tSegundo informa\u00e7\u00f5es do site Sul 21, dois oficiais de Justi\u00e7a foram at\u00e9 o local na tarde desta segunda, mas n\u00e3o realizaram a reintegra\u00e7\u00e3o de posse. De acordo com a vereadora do PSOL Fernanda Melchionna, que estava presente na C\u00e2mara, os oficiais perceberam que se trata de um movimento \u201cdemocr\u00e1tico e pac\u00edfico\u201d e, devido \u00e0 quantidade enorme de pessoas, n\u00e3o teriam como cumprir a ordem.<br \/>\n\t&nbsp;<br \/>\n\t\u201cEsperamos que o presidente (<em>da C\u00e2mara<\/em>) cumpra suas fun\u00e7\u00f5es e venha mediar com o movimento social, para que a gente resolva isso da melhor maneira poss\u00edvel\u201d, disse a vereadora. Ela afirmou que o movimento segue na C\u00e2mara exatamente pela aus\u00eancia de Thiago Duarte (PDT), que rompeu o di\u00e1logo de forma \u201cunilateral\u201d e suspendeu o processo de negocia\u00e7\u00e3o.<br \/>\n\t&nbsp;<br \/>\n\tDurante assembleia realizada pelos membros do Bloco de Luta pelo Transporte P\u00fablico ontem \u00e0 noite, um integrante disse que o adiamento da reintegra\u00e7\u00e3o de posse significa que a luta \u00e9 \u201cjusta e vitoriosa\u201d. Outro membro garantiu que o di\u00e1logo seria retomado se Thiago Duarte e os demais vereadores tivessem cumprido com o que prometeram, que ontem aprovariam o protocolo do projeto de abertura de contas e o enviariam para o prefeito Jos\u00e9 Fortunati.<br \/>\n\t&nbsp;<br \/>\n\tEle informou que na quinta-feira (18), \u00e0s 18h, ser\u00e1 realizado um grande ato em frente \u00e0 Prefeitura para pedir que o prefeito de Porto Alegre apresenta \u00e0 C\u00e2mara Municipal um projeto de passe livre.<br \/>\n\t&nbsp;<br \/>\n\t<strong>Ocupa\u00e7\u00e3o<\/strong><br \/>\n\tA ocupa\u00e7\u00e3o j\u00e1 dura cinco dias e conta com a participa\u00e7\u00e3o de mais de cem pessoas. No \u00faltimo final de semana, duas propostas de lei surgiram ap\u00f3s a realiza\u00e7\u00e3o de um semin\u00e1rio. O primeiro projeto prev\u00ea passe livre para estudantes e desempregados, em todas as linhas de \u00f4nibus e hor\u00e1rios; a segunda proposta prop\u00f5e a abertura completa das contas das empresas que administram o transporte na cidade.<br \/>\n\t&nbsp;<br \/>\n\tHavia a expectativa de apresentar ainda ontem os projetos para os vereadores. No entanto, segundo informa\u00e7\u00f5es do site Sul 21, o plano acabou frustrado pelo cancelamento do expediente desta segunda-feira. A decis\u00e3o foi tomada no encontro em que treze vereadores se fizeram presentes, fora dos limites do Legislativo municipal.<br \/>\n\t&nbsp;<br \/>\n\tA vereadora Fernanda Melchionna (PSOL), por exemplo, disse n\u00e3o ter sido sequer avisada do encontro entre os legisladores que decidiu pelo cancelamento do expediente.<\/div>\n<p>&nbsp;<br \/>\n&nbsp;<\/p>\n","protected":false},"excerpt":{"rendered":"<p>Nesta segunda-feira (15) a ju\u00edza Cristina Luisa Marquesan da Silva emitiu despacho suspendendo o cumprimento da medida liminar e designando audi\u00eancia de concilia\u00e7\u00e3o para esta quarta-fera (17), \u00e0s 15 horas, entre vereadores e manifestantes que ocupam a C\u00e2mara Municipal de Porto Alegre reivindicando passe-livre para estudantes e desempregados, a divulga\u00e7\u00e3o das planilhas de custo das [&hellip;]<\/p>\n","protected":false},"author":2,"featured_media":0,"comment_status":"open","ping_status":"open","sticky":false,"template":"","format":"standard","meta":{"_acf_changed":false,"footnotes":""},"categories":[4766],"tags":[],"class_list":{"0":"post-2130","1":"post","2":"type-post","3":"status-publish","4":"format-standard","6":"category-arquivo"},"acf":[],"yoast_head":"<!-- This site is optimized with the Yoast SEO plugin v26.5 - https:\/\/yoast.com\/wordpress\/plugins\/seo\/ -->\n<title>Com suspens\u00e3o da reintegra\u00e7\u00e3o de posse, manifestantes permanecem na C\u00e2mara de Porto Alegre - PSOL 50<\/title>\n<meta name=\"robots\" content=\"index, follow, max-snippet:-1, max-image-preview:large, max-video-preview:-1\" \/>\n<link rel=\"canonical\" href=\"https:\/\/psol50.org.br\/com-suspensao-da-reintegracao-de-posse-manifestantes-permanecem-na-camara-de-porto-alegre\/\" \/>\n<meta property=\"og:locale\" content=\"pt_BR\" \/>\n<meta property=\"og:type\" content=\"article\" \/>\n<meta property=\"og:title\" content=\"Com suspens\u00e3o da reintegra\u00e7\u00e3o de posse, manifestantes permanecem na C\u00e2mara de Porto Alegre - PSOL 50\" \/>\n<meta property=\"og:description\" content=\"Nesta segunda-feira (15) a ju\u00edza Cristina Luisa Marquesan da Silva emitiu despacho suspendendo o cumprimento da medida liminar e designando audi\u00eancia de concilia\u00e7\u00e3o para esta quarta-fera (17), \u00e0s 15 horas, entre vereadores e manifestantes que ocupam a C\u00e2mara Municipal de Porto Alegre reivindicando passe-livre para estudantes e desempregados, a divulga\u00e7\u00e3o das planilhas de custo das [&hellip;]\" \/>\n<meta property=\"og:url\" content=\"https:\/\/psol50.org.br\/com-suspensao-da-reintegracao-de-posse-manifestantes-permanecem-na-camara-de-porto-alegre\/\" \/>\n<meta property=\"og:site_name\" content=\"PSOL 50\" \/>\n<meta property=\"article:publisher\" content=\"https:\/\/www.facebook.com\/psol50\" \/>\n<meta property=\"article:published_time\" content=\"2013-07-16T00:00:00+00:00\" \/>\n<meta property=\"og:image\" content=\"https:\/\/psol50.org.br\/inc\/uploads\/2018\/07\/capa.png\" \/>\n\t<meta property=\"og:image:width\" content=\"1350\" \/>\n\t<meta property=\"og:image:height\" content=\"900\" \/>\n\t<meta property=\"og:image:type\" content=\"image\/png\" \/>\n<meta name=\"author\" content=\"Comunica\u00e7\u00e3o PSOL\" \/>\n<meta name=\"twitter:card\" content=\"summary_large_image\" \/>\n<meta name=\"twitter:creator\" content=\"@psol50\" \/>\n<meta name=\"twitter:site\" content=\"@psol50\" \/>\n<meta name=\"twitter:label1\" content=\"Escrito por\" \/>\n\t<meta name=\"twitter:data1\" content=\"Comunica\u00e7\u00e3o PSOL\" \/>\n\t<meta name=\"twitter:label2\" content=\"Est. tempo de leitura\" \/>\n\t<meta name=\"twitter:data2\" content=\"3 minutos\" \/>\n<script type=\"application\/ld+json\" class=\"yoast-schema-graph\">{\"@context\":\"https:\/\/schema.org\",\"@graph\":[{\"@type\":\"Article\",\"@id\":\"https:\/\/psol50.org.br\/com-suspensao-da-reintegracao-de-posse-manifestantes-permanecem-na-camara-de-porto-alegre\/#article\",\"isPartOf\":{\"@id\":\"https:\/\/psol50.org.br\/com-suspensao-da-reintegracao-de-posse-manifestantes-permanecem-na-camara-de-porto-alegre\/\"},\"author\":{\"name\":\"Comunica\u00e7\u00e3o PSOL\",\"@id\":\"https:\/\/psol50.org.br\/#\/schema\/person\/475dfa57d0b815993c714c2e96491fcd\"},\"headline\":\"Com suspens\u00e3o da reintegra\u00e7\u00e3o de posse, manifestantes permanecem na C\u00e2mara de Porto Alegre\",\"datePublished\":\"2013-07-16T00:00:00+00:00\",\"mainEntityOfPage\":{\"@id\":\"https:\/\/psol50.org.br\/com-suspensao-da-reintegracao-de-posse-manifestantes-permanecem-na-camara-de-porto-alegre\/\"},\"wordCount\":586,\"commentCount\":0,\"publisher\":{\"@id\":\"https:\/\/psol50.org.br\/#organization\"},\"articleSection\":[\"Arquivo\"],\"inLanguage\":\"pt-BR\",\"potentialAction\":[{\"@type\":\"CommentAction\",\"name\":\"Comment\",\"target\":[\"https:\/\/psol50.org.br\/com-suspensao-da-reintegracao-de-posse-manifestantes-permanecem-na-camara-de-porto-alegre\/#respond\"]}]},{\"@type\":\"WebPage\",\"@id\":\"https:\/\/psol50.org.br\/com-suspensao-da-reintegracao-de-posse-manifestantes-permanecem-na-camara-de-porto-alegre\/\",\"url\":\"https:\/\/psol50.org.br\/com-suspensao-da-reintegracao-de-posse-manifestantes-permanecem-na-camara-de-porto-alegre\/\",\"name\":\"Com suspens\u00e3o da reintegra\u00e7\u00e3o de posse, manifestantes permanecem na C\u00e2mara de Porto Alegre - PSOL 50\",\"isPartOf\":{\"@id\":\"https:\/\/psol50.org.br\/#website\"},\"datePublished\":\"2013-07-16T00:00:00+00:00\",\"breadcrumb\":{\"@id\":\"https:\/\/psol50.org.br\/com-suspensao-da-reintegracao-de-posse-manifestantes-permanecem-na-camara-de-porto-alegre\/#breadcrumb\"},\"inLanguage\":\"pt-BR\",\"potentialAction\":[{\"@type\":\"ReadAction\",\"target\":[\"https:\/\/psol50.org.br\/com-suspensao-da-reintegracao-de-posse-manifestantes-permanecem-na-camara-de-porto-alegre\/\"]}]},{\"@type\":\"BreadcrumbList\",\"@id\":\"https:\/\/psol50.org.br\/com-suspensao-da-reintegracao-de-posse-manifestantes-permanecem-na-camara-de-porto-alegre\/#breadcrumb\",\"itemListElement\":[{\"@type\":\"ListItem\",\"position\":1,\"name\":\"In\u00edcio\",\"item\":\"https:\/\/psol50.org.br\/\"},{\"@type\":\"ListItem\",\"position\":2,\"name\":\"Com suspens\u00e3o da reintegra\u00e7\u00e3o de posse, manifestantes permanecem na C\u00e2mara de Porto Alegre\"}]},{\"@type\":\"WebSite\",\"@id\":\"https:\/\/psol50.org.br\/#website\",\"url\":\"https:\/\/psol50.org.br\/\",\"name\":\"PSOL 50\",\"description\":\"Site oficial do Partido Socialismo e Liberdade\",\"publisher\":{\"@id\":\"https:\/\/psol50.org.br\/#organization\"},\"alternateName\":\"PSOL50\",\"potentialAction\":[{\"@type\":\"SearchAction\",\"target\":{\"@type\":\"EntryPoint\",\"urlTemplate\":\"https:\/\/psol50.org.br\/?s={search_term_string}\"},\"query-input\":{\"@type\":\"PropertyValueSpecification\",\"valueRequired\":true,\"valueName\":\"search_term_string\"}}],\"inLanguage\":\"pt-BR\"},{\"@type\":\"Organization\",\"@id\":\"https:\/\/psol50.org.br\/#organization\",\"name\":\"PSOL 50\",\"alternateName\":\"PSOL 50\",\"url\":\"https:\/\/psol50.org.br\/\",\"logo\":{\"@type\":\"ImageObject\",\"inLanguage\":\"pt-BR\",\"@id\":\"https:\/\/psol50.org.br\/#\/schema\/logo\/image\/\",\"url\":\"https:\/\/psol50.org.br\/inc\/uploads\/2018\/07\/capa.png\",\"contentUrl\":\"https:\/\/psol50.org.br\/inc\/uploads\/2018\/07\/capa.png\",\"width\":1350,\"height\":900,\"caption\":\"PSOL 50\"},\"image\":{\"@id\":\"https:\/\/psol50.org.br\/#\/schema\/logo\/image\/\"},\"sameAs\":[\"https:\/\/www.facebook.com\/psol50\",\"https:\/\/x.com\/psol50\",\"https:\/\/www.instagram.com\/psol50\/\",\"https:\/\/www.youtube.com\/channel\/UC7SnJS5o1os7a6CaiNabzcg\"]},{\"@type\":\"Person\",\"@id\":\"https:\/\/psol50.org.br\/#\/schema\/person\/475dfa57d0b815993c714c2e96491fcd\",\"name\":\"Comunica\u00e7\u00e3o PSOL\",\"image\":{\"@type\":\"ImageObject\",\"inLanguage\":\"pt-BR\",\"@id\":\"https:\/\/psol50.org.br\/#\/schema\/person\/image\/\",\"url\":\"https:\/\/secure.gravatar.com\/avatar\/b34fc4f4e468a4e51785917065a3db57b841f5c95dba6ad8c73aaf8f66f8f9bf?s=96&d=mm&r=g\",\"contentUrl\":\"https:\/\/secure.gravatar.com\/avatar\/b34fc4f4e468a4e51785917065a3db57b841f5c95dba6ad8c73aaf8f66f8f9bf?s=96&d=mm&r=g\",\"caption\":\"Comunica\u00e7\u00e3o PSOL\"}}]}<\/script>\n<!-- \/ Yoast SEO plugin. -->","yoast_head_json":{"title":"Com suspens\u00e3o da reintegra\u00e7\u00e3o de posse, manifestantes permanecem na C\u00e2mara de Porto Alegre - PSOL 50","robots":{"index":"index","follow":"follow","max-snippet":"max-snippet:-1","max-image-preview":"max-image-preview:large","max-video-preview":"max-video-preview:-1"},"canonical":"https:\/\/psol50.org.br\/com-suspensao-da-reintegracao-de-posse-manifestantes-permanecem-na-camara-de-porto-alegre\/","og_locale":"pt_BR","og_type":"article","og_title":"Com suspens\u00e3o da reintegra\u00e7\u00e3o de posse, manifestantes permanecem na C\u00e2mara de Porto Alegre - PSOL 50","og_description":"Nesta segunda-feira (15) a ju\u00edza Cristina Luisa Marquesan da Silva emitiu despacho suspendendo o cumprimento da medida liminar e designando audi\u00eancia de concilia\u00e7\u00e3o para esta quarta-fera (17), \u00e0s 15 horas, entre vereadores e manifestantes que ocupam a C\u00e2mara Municipal de Porto Alegre reivindicando passe-livre para estudantes e desempregados, a divulga\u00e7\u00e3o das planilhas de custo das [&hellip;]","og_url":"https:\/\/psol50.org.br\/com-suspensao-da-reintegracao-de-posse-manifestantes-permanecem-na-camara-de-porto-alegre\/","og_site_name":"PSOL 50","article_publisher":"https:\/\/www.facebook.com\/psol50","article_published_time":"2013-07-16T00:00:00+00:00","og_image":[{"width":1350,"height":900,"url":"https:\/\/psol50.org.br\/inc\/uploads\/2018\/07\/capa.png","type":"image\/png"}],"author":"Comunica\u00e7\u00e3o PSOL","twitter_card":"summary_large_image","twitter_creator":"@psol50","twitter_site":"@psol50","twitter_misc":{"Escrito por":"Comunica\u00e7\u00e3o PSOL","Est. tempo de leitura":"3 minutos"},"schema":{"@context":"https:\/\/schema.org","@graph":[{"@type":"Article","@id":"https:\/\/psol50.org.br\/com-suspensao-da-reintegracao-de-posse-manifestantes-permanecem-na-camara-de-porto-alegre\/#article","isPartOf":{"@id":"https:\/\/psol50.org.br\/com-suspensao-da-reintegracao-de-posse-manifestantes-permanecem-na-camara-de-porto-alegre\/"},"author":{"name":"Comunica\u00e7\u00e3o PSOL","@id":"https:\/\/psol50.org.br\/#\/schema\/person\/475dfa57d0b815993c714c2e96491fcd"},"headline":"Com suspens\u00e3o da reintegra\u00e7\u00e3o de posse, manifestantes permanecem na C\u00e2mara de Porto Alegre","datePublished":"2013-07-16T00:00:00+00:00","mainEntityOfPage":{"@id":"https:\/\/psol50.org.br\/com-suspensao-da-reintegracao-de-posse-manifestantes-permanecem-na-camara-de-porto-alegre\/"},"wordCount":586,"commentCount":0,"publisher":{"@id":"https:\/\/psol50.org.br\/#organization"},"articleSection":["Arquivo"],"inLanguage":"pt-BR","potentialAction":[{"@type":"CommentAction","name":"Comment","target":["https:\/\/psol50.org.br\/com-suspensao-da-reintegracao-de-posse-manifestantes-permanecem-na-camara-de-porto-alegre\/#respond"]}]},{"@type":"WebPage","@id":"https:\/\/psol50.org.br\/com-suspensao-da-reintegracao-de-posse-manifestantes-permanecem-na-camara-de-porto-alegre\/","url":"https:\/\/psol50.org.br\/com-suspensao-da-reintegracao-de-posse-manifestantes-permanecem-na-camara-de-porto-alegre\/","name":"Com suspens\u00e3o da reintegra\u00e7\u00e3o de posse, manifestantes permanecem na C\u00e2mara de Porto Alegre - PSOL 50","isPartOf":{"@id":"https:\/\/psol50.org.br\/#website"},"datePublished":"2013-07-16T00:00:00+00:00","breadcrumb":{"@id":"https:\/\/psol50.org.br\/com-suspensao-da-reintegracao-de-posse-manifestantes-permanecem-na-camara-de-porto-alegre\/#breadcrumb"},"inLanguage":"pt-BR","potentialAction":[{"@type":"ReadAction","target":["https:\/\/psol50.org.br\/com-suspensao-da-reintegracao-de-posse-manifestantes-permanecem-na-camara-de-porto-alegre\/"]}]},{"@type":"BreadcrumbList","@id":"https:\/\/psol50.org.br\/com-suspensao-da-reintegracao-de-posse-manifestantes-permanecem-na-camara-de-porto-alegre\/#breadcrumb","itemListElement":[{"@type":"ListItem","position":1,"name":"In\u00edcio","item":"https:\/\/psol50.org.br\/"},{"@type":"ListItem","position":2,"name":"Com suspens\u00e3o da reintegra\u00e7\u00e3o de posse, manifestantes permanecem na C\u00e2mara de Porto Alegre"}]},{"@type":"WebSite","@id":"https:\/\/psol50.org.br\/#website","url":"https:\/\/psol50.org.br\/","name":"PSOL 50","description":"Site oficial do Partido Socialismo e Liberdade","publisher":{"@id":"https:\/\/psol50.org.br\/#organization"},"alternateName":"PSOL50","potentialAction":[{"@type":"SearchAction","target":{"@type":"EntryPoint","urlTemplate":"https:\/\/psol50.org.br\/?s={search_term_string}"},"query-input":{"@type":"PropertyValueSpecification","valueRequired":true,"valueName":"search_term_string"}}],"inLanguage":"pt-BR"},{"@type":"Organization","@id":"https:\/\/psol50.org.br\/#organization","name":"PSOL 50","alternateName":"PSOL 50","url":"https:\/\/psol50.org.br\/","logo":{"@type":"ImageObject","inLanguage":"pt-BR","@id":"https:\/\/psol50.org.br\/#\/schema\/logo\/image\/","url":"https:\/\/psol50.org.br\/inc\/uploads\/2018\/07\/capa.png","contentUrl":"https:\/\/psol50.org.br\/inc\/uploads\/2018\/07\/capa.png","width":1350,"height":900,"caption":"PSOL 50"},"image":{"@id":"https:\/\/psol50.org.br\/#\/schema\/logo\/image\/"},"sameAs":["https:\/\/www.facebook.com\/psol50","https:\/\/x.com\/psol50","https:\/\/www.instagram.com\/psol50\/","https:\/\/www.youtube.com\/channel\/UC7SnJS5o1os7a6CaiNabzcg"]},{"@type":"Person","@id":"https:\/\/psol50.org.br\/#\/schema\/person\/475dfa57d0b815993c714c2e96491fcd","name":"Comunica\u00e7\u00e3o PSOL","image":{"@type":"ImageObject","inLanguage":"pt-BR","@id":"https:\/\/psol50.org.br\/#\/schema\/person\/image\/","url":"https:\/\/secure.gravatar.com\/avatar\/b34fc4f4e468a4e51785917065a3db57b841f5c95dba6ad8c73aaf8f66f8f9bf?s=96&d=mm&r=g","contentUrl":"https:\/\/secure.gravatar.com\/avatar\/b34fc4f4e468a4e51785917065a3db57b841f5c95dba6ad8c73aaf8f66f8f9bf?s=96&d=mm&r=g","caption":"Comunica\u00e7\u00e3o PSOL"}}]}},"_links":{"self":[{"href":"https:\/\/psol50.org.br\/rest\/wp\/v2\/posts\/2130","targetHints":{"allow":["GET"]}}],"collection":[{"href":"https:\/\/psol50.org.br\/rest\/wp\/v2\/posts"}],"about":[{"href":"https:\/\/psol50.org.br\/rest\/wp\/v2\/types\/post"}],"author":[{"embeddable":true,"href":"https:\/\/psol50.org.br\/rest\/wp\/v2\/users\/2"}],"replies":[{"embeddable":true,"href":"https:\/\/psol50.org.br\/rest\/wp\/v2\/comments?post=2130"}],"version-history":[{"count":0,"href":"https:\/\/psol50.org.br\/rest\/wp\/v2\/posts\/2130\/revisions"}],"wp:attachment":[{"href":"https:\/\/psol50.org.br\/rest\/wp\/v2\/media?parent=2130"}],"wp:term":[{"taxonomy":"category","embeddable":true,"href":"https:\/\/psol50.org.br\/rest\/wp\/v2\/categories?post=2130"},{"taxonomy":"post_tag","embeddable":true,"href":"https:\/\/psol50.org.br\/rest\/wp\/v2\/tags?post=2130"}],"curies":[{"name":"wp","href":"https:\/\/api.w.org\/{rel}","templated":true}]}}