{"id":2131,"date":"2013-07-17T00:00:00","date_gmt":"2013-07-17T00:00:00","guid":{"rendered":"http:\/\/psol50.org.br\/arquivo\/2013\/07\/17\/mesmo-sem-candidato-definido-a-presidencia-da-republica-psol-e-citado-em-pesquisa-espontanea\/"},"modified":"2013-07-17T00:00:00","modified_gmt":"2013-07-17T00:00:00","slug":"mesmo-sem-candidato-definido-a-presidencia-da-republica-psol-e-citado-em-pesquisa-espontanea","status":"publish","type":"post","link":"https:\/\/psol50.org.br\/mesmo-sem-candidato-definido-a-presidencia-da-republica-psol-e-citado-em-pesquisa-espontanea\/","title":{"rendered":"Mesmo sem candidato definido \u00e0 Presid\u00eancia da Rep\u00fablica, PSOL \u00e9 citado em pesquisa espont\u00e2nea"},"content":{"rendered":"<div style=\"text-align: justify;\">\n\t<em>Do site do PSOL Nacional, Leonor Costa<\/em><\/p>\n<p>\tEm pesquisa promovida pela CNT (Confedera\u00e7\u00e3o Nacional dos Transportes), no per\u00edodo de 7 a 10 de julho, o PSOL aparece em quinto lugar na pergunta espont\u00e2nea sobre qual o partido pol\u00edtico o entrevistado quer ver na Presid\u00eancia da Rep\u00fablica. Os quatro primeiros partidos citados foram PT, PSDB, PMDB e PSB. O PSOL ficou na frente de partidos tradicionais, como PDT, PCdoB e PTB.<br \/>\n\t&nbsp;<br \/>\n\tEmbora ainda n\u00e3o tenha definido o seu candidato que vai concorrer \u00e0s elei\u00e7\u00f5es ao Pal\u00e1cio do Planalto em 2014, na entrevista espont\u00e2nea &#8211; quando n\u00e3o h\u00e1 uma lista indicando as op\u00e7\u00f5es &#8211; o PSOL \u00e9 citado entre os partidos preferidos pelos entrevistados, o que demonstra que, pela sua atua\u00e7\u00e3o no Congresso Nacional e tamb\u00e9m pelo seu posicionamento incisivo sobre quest\u00f5es de grande relev\u00e2ncia nacional, ele j\u00e1 est\u00e1 no imagin\u00e1rio das pessoas como uma op\u00e7\u00e3o para governar o pa\u00eds.<br \/>\n\t&nbsp;<br \/>\n\tNa avalia\u00e7\u00e3o de Luiz Ara\u00fajo, membro do Diret\u00f3rio Nacional, a cita\u00e7\u00e3o do PSOL, ainda que atr\u00e1s de siglas \u00e0s quais o partido faz oposi\u00e7\u00e3o pela esquerda, aponta que as a\u00e7\u00f5es feitas ao longo desses anos t\u00eam alguma refer\u00eancia entre as pessoas, considerando que o PSOL \u00e9 um partido novo e com poucos parlamentares no Congresso Nacional, se comparado com outras bancadas maiores. &#8220;O resultado da pesquisa mostra, ao mesmo tempo, uma grande insatisfa\u00e7\u00e3o com os partidos da ordem e um aumento da referencia do PSOL no meio do povo brasileiro. Certamente isso \u00e9 fruto do trabalho parlamentar de nossa bancada e do aumento da inser\u00e7\u00e3o social partid\u00e1ria&#8221;.<br \/>\n\t&nbsp;<br \/>\n\tA pesquisa da CNT foi feita em 134 munic\u00edpios, distribu\u00eddos em 20 estados nas 5 regi\u00f5es do pa\u00eds. Ao todo, foram ouvidas 2.002 pessoas e a margem de erro \u00e9 de 2,2 pontos percentuais.<br \/>\n\t&nbsp;<\/div>\n","protected":false},"excerpt":{"rendered":"<p>Do site do PSOL Nacional, Leonor Costa Em pesquisa promovida pela CNT (Confedera\u00e7\u00e3o Nacional dos Transportes), no per\u00edodo de 7 a 10 de julho, o PSOL aparece em quinto lugar na pergunta espont\u00e2nea sobre qual o partido pol\u00edtico o entrevistado quer ver na Presid\u00eancia da Rep\u00fablica. Os quatro primeiros partidos citados foram PT, PSDB, PMDB [&hellip;]<\/p>\n","protected":false},"author":2,"featured_media":0,"comment_status":"open","ping_status":"open","sticky":false,"template":"","format":"standard","meta":{"_acf_changed":false,"footnotes":""},"categories":[4766],"tags":[22],"class_list":{"0":"post-2131","1":"post","2":"type-post","3":"status-publish","4":"format-standard","6":"category-arquivo","7":"tag-psol"},"acf":[],"yoast_head":"<!-- This site is optimized with the Yoast SEO plugin v26.5 - https:\/\/yoast.com\/wordpress\/plugins\/seo\/ -->\n<title>Mesmo sem candidato definido \u00e0 Presid\u00eancia da Rep\u00fablica, PSOL \u00e9 citado em pesquisa espont\u00e2nea - PSOL 50<\/title>\n<meta name=\"robots\" content=\"index, follow, max-snippet:-1, max-image-preview:large, max-video-preview:-1\" \/>\n<link rel=\"canonical\" href=\"https:\/\/psol50.org.br\/mesmo-sem-candidato-definido-a-presidencia-da-republica-psol-e-citado-em-pesquisa-espontanea\/\" \/>\n<meta property=\"og:locale\" content=\"pt_BR\" \/>\n<meta property=\"og:type\" content=\"article\" \/>\n<meta property=\"og:title\" content=\"Mesmo sem candidato definido \u00e0 Presid\u00eancia da Rep\u00fablica, PSOL \u00e9 citado em pesquisa espont\u00e2nea - PSOL 50\" \/>\n<meta property=\"og:description\" content=\"Do site do PSOL Nacional, Leonor Costa Em pesquisa promovida pela CNT (Confedera\u00e7\u00e3o Nacional dos Transportes), no per\u00edodo de 7 a 10 de julho, o PSOL aparece em quinto lugar na pergunta espont\u00e2nea sobre qual o partido pol\u00edtico o entrevistado quer ver na Presid\u00eancia da Rep\u00fablica. Os quatro primeiros partidos citados foram PT, PSDB, PMDB [&hellip;]\" \/>\n<meta property=\"og:url\" content=\"https:\/\/psol50.org.br\/mesmo-sem-candidato-definido-a-presidencia-da-republica-psol-e-citado-em-pesquisa-espontanea\/\" \/>\n<meta property=\"og:site_name\" content=\"PSOL 50\" \/>\n<meta property=\"article:publisher\" content=\"https:\/\/www.facebook.com\/psol50\" \/>\n<meta property=\"article:published_time\" content=\"2013-07-17T00:00:00+00:00\" \/>\n<meta property=\"og:image\" content=\"https:\/\/psol50.org.br\/inc\/uploads\/2018\/07\/capa.png\" \/>\n\t<meta property=\"og:image:width\" content=\"1350\" \/>\n\t<meta property=\"og:image:height\" content=\"900\" \/>\n\t<meta property=\"og:image:type\" content=\"image\/png\" \/>\n<meta name=\"author\" content=\"Comunica\u00e7\u00e3o PSOL\" \/>\n<meta name=\"twitter:card\" content=\"summary_large_image\" \/>\n<meta name=\"twitter:creator\" content=\"@psol50\" \/>\n<meta name=\"twitter:site\" content=\"@psol50\" \/>\n<meta name=\"twitter:label1\" content=\"Escrito por\" \/>\n\t<meta name=\"twitter:data1\" content=\"Comunica\u00e7\u00e3o PSOL\" \/>\n\t<meta name=\"twitter:label2\" content=\"Est. tempo de leitura\" \/>\n\t<meta name=\"twitter:data2\" content=\"2 minutos\" \/>\n<script type=\"application\/ld+json\" class=\"yoast-schema-graph\">{\"@context\":\"https:\/\/schema.org\",\"@graph\":[{\"@type\":\"Article\",\"@id\":\"https:\/\/psol50.org.br\/mesmo-sem-candidato-definido-a-presidencia-da-republica-psol-e-citado-em-pesquisa-espontanea\/#article\",\"isPartOf\":{\"@id\":\"https:\/\/psol50.org.br\/mesmo-sem-candidato-definido-a-presidencia-da-republica-psol-e-citado-em-pesquisa-espontanea\/\"},\"author\":{\"name\":\"Comunica\u00e7\u00e3o PSOL\",\"@id\":\"https:\/\/psol50.org.br\/#\/schema\/person\/475dfa57d0b815993c714c2e96491fcd\"},\"headline\":\"Mesmo sem candidato definido \u00e0 Presid\u00eancia da Rep\u00fablica, PSOL \u00e9 citado em pesquisa espont\u00e2nea\",\"datePublished\":\"2013-07-17T00:00:00+00:00\",\"mainEntityOfPage\":{\"@id\":\"https:\/\/psol50.org.br\/mesmo-sem-candidato-definido-a-presidencia-da-republica-psol-e-citado-em-pesquisa-espontanea\/\"},\"wordCount\":331,\"commentCount\":0,\"publisher\":{\"@id\":\"https:\/\/psol50.org.br\/#organization\"},\"keywords\":[\"PSOL\"],\"articleSection\":[\"Arquivo\"],\"inLanguage\":\"pt-BR\",\"potentialAction\":[{\"@type\":\"CommentAction\",\"name\":\"Comment\",\"target\":[\"https:\/\/psol50.org.br\/mesmo-sem-candidato-definido-a-presidencia-da-republica-psol-e-citado-em-pesquisa-espontanea\/#respond\"]}]},{\"@type\":\"WebPage\",\"@id\":\"https:\/\/psol50.org.br\/mesmo-sem-candidato-definido-a-presidencia-da-republica-psol-e-citado-em-pesquisa-espontanea\/\",\"url\":\"https:\/\/psol50.org.br\/mesmo-sem-candidato-definido-a-presidencia-da-republica-psol-e-citado-em-pesquisa-espontanea\/\",\"name\":\"Mesmo sem candidato definido \u00e0 Presid\u00eancia da Rep\u00fablica, PSOL \u00e9 citado em pesquisa espont\u00e2nea - PSOL 50\",\"isPartOf\":{\"@id\":\"https:\/\/psol50.org.br\/#website\"},\"datePublished\":\"2013-07-17T00:00:00+00:00\",\"breadcrumb\":{\"@id\":\"https:\/\/psol50.org.br\/mesmo-sem-candidato-definido-a-presidencia-da-republica-psol-e-citado-em-pesquisa-espontanea\/#breadcrumb\"},\"inLanguage\":\"pt-BR\",\"potentialAction\":[{\"@type\":\"ReadAction\",\"target\":[\"https:\/\/psol50.org.br\/mesmo-sem-candidato-definido-a-presidencia-da-republica-psol-e-citado-em-pesquisa-espontanea\/\"]}]},{\"@type\":\"BreadcrumbList\",\"@id\":\"https:\/\/psol50.org.br\/mesmo-sem-candidato-definido-a-presidencia-da-republica-psol-e-citado-em-pesquisa-espontanea\/#breadcrumb\",\"itemListElement\":[{\"@type\":\"ListItem\",\"position\":1,\"name\":\"In\u00edcio\",\"item\":\"https:\/\/psol50.org.br\/\"},{\"@type\":\"ListItem\",\"position\":2,\"name\":\"Mesmo sem candidato definido \u00e0 Presid\u00eancia da Rep\u00fablica, PSOL \u00e9 citado em pesquisa espont\u00e2nea\"}]},{\"@type\":\"WebSite\",\"@id\":\"https:\/\/psol50.org.br\/#website\",\"url\":\"https:\/\/psol50.org.br\/\",\"name\":\"PSOL 50\",\"description\":\"Site oficial do Partido Socialismo e Liberdade\",\"publisher\":{\"@id\":\"https:\/\/psol50.org.br\/#organization\"},\"alternateName\":\"PSOL50\",\"potentialAction\":[{\"@type\":\"SearchAction\",\"target\":{\"@type\":\"EntryPoint\",\"urlTemplate\":\"https:\/\/psol50.org.br\/?s={search_term_string}\"},\"query-input\":{\"@type\":\"PropertyValueSpecification\",\"valueRequired\":true,\"valueName\":\"search_term_string\"}}],\"inLanguage\":\"pt-BR\"},{\"@type\":\"Organization\",\"@id\":\"https:\/\/psol50.org.br\/#organization\",\"name\":\"PSOL 50\",\"alternateName\":\"PSOL 50\",\"url\":\"https:\/\/psol50.org.br\/\",\"logo\":{\"@type\":\"ImageObject\",\"inLanguage\":\"pt-BR\",\"@id\":\"https:\/\/psol50.org.br\/#\/schema\/logo\/image\/\",\"url\":\"https:\/\/psol50.org.br\/inc\/uploads\/2018\/07\/capa.png\",\"contentUrl\":\"https:\/\/psol50.org.br\/inc\/uploads\/2018\/07\/capa.png\",\"width\":1350,\"height\":900,\"caption\":\"PSOL 50\"},\"image\":{\"@id\":\"https:\/\/psol50.org.br\/#\/schema\/logo\/image\/\"},\"sameAs\":[\"https:\/\/www.facebook.com\/psol50\",\"https:\/\/x.com\/psol50\",\"https:\/\/www.instagram.com\/psol50\/\",\"https:\/\/www.youtube.com\/channel\/UC7SnJS5o1os7a6CaiNabzcg\"]},{\"@type\":\"Person\",\"@id\":\"https:\/\/psol50.org.br\/#\/schema\/person\/475dfa57d0b815993c714c2e96491fcd\",\"name\":\"Comunica\u00e7\u00e3o PSOL\",\"image\":{\"@type\":\"ImageObject\",\"inLanguage\":\"pt-BR\",\"@id\":\"https:\/\/psol50.org.br\/#\/schema\/person\/image\/\",\"url\":\"https:\/\/secure.gravatar.com\/avatar\/b34fc4f4e468a4e51785917065a3db57b841f5c95dba6ad8c73aaf8f66f8f9bf?s=96&d=mm&r=g\",\"contentUrl\":\"https:\/\/secure.gravatar.com\/avatar\/b34fc4f4e468a4e51785917065a3db57b841f5c95dba6ad8c73aaf8f66f8f9bf?s=96&d=mm&r=g\",\"caption\":\"Comunica\u00e7\u00e3o PSOL\"}}]}<\/script>\n<!-- \/ Yoast SEO plugin. -->","yoast_head_json":{"title":"Mesmo sem candidato definido \u00e0 Presid\u00eancia da Rep\u00fablica, PSOL \u00e9 citado em pesquisa espont\u00e2nea - PSOL 50","robots":{"index":"index","follow":"follow","max-snippet":"max-snippet:-1","max-image-preview":"max-image-preview:large","max-video-preview":"max-video-preview:-1"},"canonical":"https:\/\/psol50.org.br\/mesmo-sem-candidato-definido-a-presidencia-da-republica-psol-e-citado-em-pesquisa-espontanea\/","og_locale":"pt_BR","og_type":"article","og_title":"Mesmo sem candidato definido \u00e0 Presid\u00eancia da Rep\u00fablica, PSOL \u00e9 citado em pesquisa espont\u00e2nea - PSOL 50","og_description":"Do site do PSOL Nacional, Leonor Costa Em pesquisa promovida pela CNT (Confedera\u00e7\u00e3o Nacional dos Transportes), no per\u00edodo de 7 a 10 de julho, o PSOL aparece em quinto lugar na pergunta espont\u00e2nea sobre qual o partido pol\u00edtico o entrevistado quer ver na Presid\u00eancia da Rep\u00fablica. Os quatro primeiros partidos citados foram PT, PSDB, PMDB [&hellip;]","og_url":"https:\/\/psol50.org.br\/mesmo-sem-candidato-definido-a-presidencia-da-republica-psol-e-citado-em-pesquisa-espontanea\/","og_site_name":"PSOL 50","article_publisher":"https:\/\/www.facebook.com\/psol50","article_published_time":"2013-07-17T00:00:00+00:00","og_image":[{"width":1350,"height":900,"url":"https:\/\/psol50.org.br\/inc\/uploads\/2018\/07\/capa.png","type":"image\/png"}],"author":"Comunica\u00e7\u00e3o PSOL","twitter_card":"summary_large_image","twitter_creator":"@psol50","twitter_site":"@psol50","twitter_misc":{"Escrito por":"Comunica\u00e7\u00e3o PSOL","Est. tempo de leitura":"2 minutos"},"schema":{"@context":"https:\/\/schema.org","@graph":[{"@type":"Article","@id":"https:\/\/psol50.org.br\/mesmo-sem-candidato-definido-a-presidencia-da-republica-psol-e-citado-em-pesquisa-espontanea\/#article","isPartOf":{"@id":"https:\/\/psol50.org.br\/mesmo-sem-candidato-definido-a-presidencia-da-republica-psol-e-citado-em-pesquisa-espontanea\/"},"author":{"name":"Comunica\u00e7\u00e3o PSOL","@id":"https:\/\/psol50.org.br\/#\/schema\/person\/475dfa57d0b815993c714c2e96491fcd"},"headline":"Mesmo sem candidato definido \u00e0 Presid\u00eancia da Rep\u00fablica, PSOL \u00e9 citado em pesquisa espont\u00e2nea","datePublished":"2013-07-17T00:00:00+00:00","mainEntityOfPage":{"@id":"https:\/\/psol50.org.br\/mesmo-sem-candidato-definido-a-presidencia-da-republica-psol-e-citado-em-pesquisa-espontanea\/"},"wordCount":331,"commentCount":0,"publisher":{"@id":"https:\/\/psol50.org.br\/#organization"},"keywords":["PSOL"],"articleSection":["Arquivo"],"inLanguage":"pt-BR","potentialAction":[{"@type":"CommentAction","name":"Comment","target":["https:\/\/psol50.org.br\/mesmo-sem-candidato-definido-a-presidencia-da-republica-psol-e-citado-em-pesquisa-espontanea\/#respond"]}]},{"@type":"WebPage","@id":"https:\/\/psol50.org.br\/mesmo-sem-candidato-definido-a-presidencia-da-republica-psol-e-citado-em-pesquisa-espontanea\/","url":"https:\/\/psol50.org.br\/mesmo-sem-candidato-definido-a-presidencia-da-republica-psol-e-citado-em-pesquisa-espontanea\/","name":"Mesmo sem candidato definido \u00e0 Presid\u00eancia da Rep\u00fablica, PSOL \u00e9 citado em pesquisa espont\u00e2nea - PSOL 50","isPartOf":{"@id":"https:\/\/psol50.org.br\/#website"},"datePublished":"2013-07-17T00:00:00+00:00","breadcrumb":{"@id":"https:\/\/psol50.org.br\/mesmo-sem-candidato-definido-a-presidencia-da-republica-psol-e-citado-em-pesquisa-espontanea\/#breadcrumb"},"inLanguage":"pt-BR","potentialAction":[{"@type":"ReadAction","target":["https:\/\/psol50.org.br\/mesmo-sem-candidato-definido-a-presidencia-da-republica-psol-e-citado-em-pesquisa-espontanea\/"]}]},{"@type":"BreadcrumbList","@id":"https:\/\/psol50.org.br\/mesmo-sem-candidato-definido-a-presidencia-da-republica-psol-e-citado-em-pesquisa-espontanea\/#breadcrumb","itemListElement":[{"@type":"ListItem","position":1,"name":"In\u00edcio","item":"https:\/\/psol50.org.br\/"},{"@type":"ListItem","position":2,"name":"Mesmo sem candidato definido \u00e0 Presid\u00eancia da Rep\u00fablica, PSOL \u00e9 citado em pesquisa espont\u00e2nea"}]},{"@type":"WebSite","@id":"https:\/\/psol50.org.br\/#website","url":"https:\/\/psol50.org.br\/","name":"PSOL 50","description":"Site oficial do Partido Socialismo e Liberdade","publisher":{"@id":"https:\/\/psol50.org.br\/#organization"},"alternateName":"PSOL50","potentialAction":[{"@type":"SearchAction","target":{"@type":"EntryPoint","urlTemplate":"https:\/\/psol50.org.br\/?s={search_term_string}"},"query-input":{"@type":"PropertyValueSpecification","valueRequired":true,"valueName":"search_term_string"}}],"inLanguage":"pt-BR"},{"@type":"Organization","@id":"https:\/\/psol50.org.br\/#organization","name":"PSOL 50","alternateName":"PSOL 50","url":"https:\/\/psol50.org.br\/","logo":{"@type":"ImageObject","inLanguage":"pt-BR","@id":"https:\/\/psol50.org.br\/#\/schema\/logo\/image\/","url":"https:\/\/psol50.org.br\/inc\/uploads\/2018\/07\/capa.png","contentUrl":"https:\/\/psol50.org.br\/inc\/uploads\/2018\/07\/capa.png","width":1350,"height":900,"caption":"PSOL 50"},"image":{"@id":"https:\/\/psol50.org.br\/#\/schema\/logo\/image\/"},"sameAs":["https:\/\/www.facebook.com\/psol50","https:\/\/x.com\/psol50","https:\/\/www.instagram.com\/psol50\/","https:\/\/www.youtube.com\/channel\/UC7SnJS5o1os7a6CaiNabzcg"]},{"@type":"Person","@id":"https:\/\/psol50.org.br\/#\/schema\/person\/475dfa57d0b815993c714c2e96491fcd","name":"Comunica\u00e7\u00e3o PSOL","image":{"@type":"ImageObject","inLanguage":"pt-BR","@id":"https:\/\/psol50.org.br\/#\/schema\/person\/image\/","url":"https:\/\/secure.gravatar.com\/avatar\/b34fc4f4e468a4e51785917065a3db57b841f5c95dba6ad8c73aaf8f66f8f9bf?s=96&d=mm&r=g","contentUrl":"https:\/\/secure.gravatar.com\/avatar\/b34fc4f4e468a4e51785917065a3db57b841f5c95dba6ad8c73aaf8f66f8f9bf?s=96&d=mm&r=g","caption":"Comunica\u00e7\u00e3o PSOL"}}]}},"_links":{"self":[{"href":"https:\/\/psol50.org.br\/rest\/wp\/v2\/posts\/2131","targetHints":{"allow":["GET"]}}],"collection":[{"href":"https:\/\/psol50.org.br\/rest\/wp\/v2\/posts"}],"about":[{"href":"https:\/\/psol50.org.br\/rest\/wp\/v2\/types\/post"}],"author":[{"embeddable":true,"href":"https:\/\/psol50.org.br\/rest\/wp\/v2\/users\/2"}],"replies":[{"embeddable":true,"href":"https:\/\/psol50.org.br\/rest\/wp\/v2\/comments?post=2131"}],"version-history":[{"count":0,"href":"https:\/\/psol50.org.br\/rest\/wp\/v2\/posts\/2131\/revisions"}],"wp:attachment":[{"href":"https:\/\/psol50.org.br\/rest\/wp\/v2\/media?parent=2131"}],"wp:term":[{"taxonomy":"category","embeddable":true,"href":"https:\/\/psol50.org.br\/rest\/wp\/v2\/categories?post=2131"},{"taxonomy":"post_tag","embeddable":true,"href":"https:\/\/psol50.org.br\/rest\/wp\/v2\/tags?post=2131"}],"curies":[{"name":"wp","href":"https:\/\/api.w.org\/{rel}","templated":true}]}}