{"id":2133,"date":"2013-07-18T00:00:00","date_gmt":"2013-07-18T00:00:00","guid":{"rendered":"http:\/\/psol50.org.br\/arquivo\/2013\/07\/18\/texto-final-do-plano-plurianual-de-macapa-sera-aprovado-no-domingo-pelos-700-delegados-representantes-do-povo\/"},"modified":"2013-07-18T00:00:00","modified_gmt":"2013-07-18T00:00:00","slug":"texto-final-do-plano-plurianual-de-macapa-sera-aprovado-no-domingo-pelos-700-delegados-representantes-do-povo","status":"publish","type":"post","link":"https:\/\/psol50.org.br\/texto-final-do-plano-plurianual-de-macapa-sera-aprovado-no-domingo-pelos-700-delegados-representantes-do-povo\/","title":{"rendered":"Texto final do Plano Plurianual de Macap\u00e1 ser\u00e1 aprovado no domingo pelos 700 delegados representantes do Povo"},"content":{"rendered":"<div style=\"text-align: justify;\">\n\tPela primeira vez nos 255 anos de Macap\u00e1 a popula\u00e7\u00e3o da cidade e de todos os distritos foi convocada para expor e discutir seus problemas, apresentar propostas e solu\u00e7\u00f5es. Mais de sete mil moradores participaram deste processo que vai resultar na constru\u00e7\u00e3o do Plano Plurianual Participativo (PPA), o documento que vai&nbsp;direcionar a forma de investimento dos recursos da Prefeitura Municipal de Macap\u00e1 pelos pr\u00f3ximos quatro anos (2014 a 2017). O Plano, que detalha as metas f\u00edsicas e financeiras, o p\u00fablico-alvo das a\u00e7\u00f5es e os produtos que devem resultar delas, ter\u00e1 o texto aprovado no domingo (21), na Assembleia Final.<br \/>\n\t&nbsp;<br \/>\n\tO projeto come\u00e7ou a ser executado no dia 12 abril, com o in\u00edcio das Assembleias Populares que percorreram todos os bairros e distritos. O prefeito Cl\u00e9cio Lu\u00eds, do PSOL, e a equipe de sua gest\u00e3o escutaram as necessidades e peculiaridades de cada localidade. O povo foi a pe\u00e7a chave para constru\u00e7\u00e3o do instrumento de planejamento da administra\u00e7\u00e3o p\u00fablica. Ao longo desses quatro meses foram eleitos&nbsp;700 delegados (391 homens e 309 mulheres) representantes do povo de Macap\u00e1, e realizadas 18 assembleias, sendo 17 territoriais e uma setorial.<br \/>\n\t&nbsp;<br \/>\n\tTodos foram ouvidos: trabalhadores, estudantes, jovens, negros, mulheres, pessoas com defici\u00eancia, empreendedores, ribeirinhos, quilombolas, artistas, idosos, agricultores, pescadores, moradores do centro e das ressacas.&nbsp; Se somadas todas as interven\u00e7\u00f5es nas assembleias chega-se ao total de mais de trinta horas, tempo em que o povo falou livremente de suas ang\u00fastias, dores, esperan\u00e7as, recomenda\u00e7\u00f5es ao poder p\u00fablico.<br \/>\n\t&nbsp;<br \/>\n\tA delegada do Brasil Novo, Eliana Costa, fala da experi\u00eancia de participar do PPA. \u201cS\u00e3o vinte mil moradores que eu represento e que esperam por uma resposta positiva da constru\u00e7\u00e3o desse plano. E ver que a Prefeitura est\u00e1 integrada e disposta em fazer diferente \u00e9 acreditar que teremos nossa cidade reconstru\u00edda\u201d, diz.<br \/>\n\t&nbsp;<br \/>\n\tAgora, na segunda fase da constru\u00e7\u00e3o do PPA &#8211; a etapa de nivelamento dos delegados (realizada de 12 a 19 de julho) &#8211; chega-se cada vez mais pr\u00f3ximo do momento culminante, no qual os delegados eleitos pelos seus bairros e comunidades ir\u00e3o aprovar o conte\u00fado do Plano Plurianual de Macap\u00e1. O que ser\u00e1 feito na sa\u00fade, na educa\u00e7\u00e3o, no transporte p\u00fablico, na habita\u00e7\u00e3o, na cultura, na garantia dos direitos e na defesa dos interesses da cidade, tudo que diz respeito ao trabalho da Prefeitura vai estar escrito neste documento que vai refletir a vontade dos cidad\u00e3os.<br \/>\n\t&nbsp;<br \/>\n\tOs debates acontecem no s\u00e1bado (20) e no domingo (21) em escolas municipais. E ainda na tarde de domingo o Texto Final ser\u00e1 aprovado, para ent\u00e3o ser encaminhado \u00e0 Secretaria Municipal de Planejamento (Sempla), respons\u00e1vel em estrutur\u00e1-lo tecnicamente e, finalmente, encaminhado para avalia\u00e7\u00e3o e aprova\u00e7\u00e3o dos 23 vereadores do munic\u00edpio de Macap\u00e1, na C\u00e2mara.<br \/>\n\t&nbsp;<br \/>\n\t\u201cEncaramos uma maratona do bem, com tr\u00eas meses de trabalho gratificante. N\u00e3o vamos parar, esse \u00e9 apenas o in\u00edcio do que permanecer\u00e1 por quatro anos da nossa gest\u00e3o. Construir, reconstruir e estar presente na vida da popula\u00e7\u00e3o, assim que se faz uma gest\u00e3o democr\u00e1tica\u201d, avalia o secret\u00e1rio municipal de Assuntos Extraordin\u00e1rios, Claudiomar Rosa.<br \/>\n\t&nbsp;<br \/>\n\t<strong>Conhecendo o or\u00e7amento e a gest\u00e3o<\/strong><br \/>\n\tOs 700 delegados participaram das oficinas de nivelamento para entenderem a engrenagem dos investimentos, que envolve o or\u00e7amento, e este, por sua vez, \u00e9 dividido em tr\u00eas pe\u00e7as de planejamento: o PPA (Plano Plurianual), a LDO (Lei de Diretrizes Or\u00e7ament\u00e1rias) e a LOA (Lei Or\u00e7ament\u00e1ria Anual), respons\u00e1veis pelas previs\u00f5es de utiliza\u00e7\u00e3o do recurso p\u00fablico, elencando as prioridades a curto, m\u00e9dio e longo prazo. Todo processo de treinamento dos delegados contou com a participa\u00e7\u00e3o do Tribunal de Contas do Estado (TCE), no per\u00edodo de 12 a 19 de junho.<br \/>\n\t&nbsp;<br \/>\n\t\u201cA dire\u00e7\u00e3o que devemos seguir foi apontada pelo povo, o trabalho come\u00e7a agora! Planejamos, e agora chegou a hora de executar\u201d, fala a secret\u00e1ria municipal de Planejamento e Coordena\u00e7\u00e3o Geral, Sheila Tr\u00edcia Guedes Pastana.<br \/>\n\t&nbsp;<br \/>\n\t<strong>Elei\u00e7\u00e3o das prioridades<\/strong><br \/>\n\tAp\u00f3s o treinamento, os 700 delegados ser\u00e3o divididos em quatro grupos que debater\u00e3o temas como saneamento, pavimenta\u00e7\u00e3o, limpeza urbana, ilumina\u00e7\u00e3o p\u00fablica, pol\u00edtica ambiental, transporte, trabalho e renda, habita\u00e7\u00e3o, educa\u00e7\u00e3o, esporte, turismo, cultura, seguran\u00e7a, assist\u00eancia e sa\u00fade. E s\u00e3o esses os temas que v\u00e3o integrar o texto final do Plano Plurianual.<br \/>\n\t&nbsp;<br \/>\n\tA partir da\u00ed, a popula\u00e7\u00e3o que j\u00e1 planeja e decide se ir\u00e1 controlar e administrar diretamente, de forma progressiva, as obras e servi\u00e7os que a Prefeitura presta \u00e0 popula\u00e7\u00e3o. Ser\u00e3o implantadas as&nbsp;Comiss\u00f5es Populares de Fiscaliza\u00e7\u00e3o&nbsp;nas unidades municipais de sa\u00fade, controlando e melhorando a qualidade do atendimento \u00e0 popula\u00e7\u00e3o. Ser\u00e1 criado tamb\u00e9m o&nbsp;Programa Povo no Comando, dotando as subprefeituras e administra\u00e7\u00f5es distritais de equipe e equipamentos para servi\u00e7os emergenciais de melhoria das vias p\u00fablicas. Tanto as Comiss\u00f5es Populares de Fiscaliza\u00e7\u00e3o quanto o&nbsp;Povo no Comando&nbsp;ser\u00e3o atribui\u00e7\u00f5es dos delegados de cada \u00e1rea, exercidas em conjunto com os profissionais da sa\u00fade e os administradores distritais e das regi\u00f5es Sul e Norte da cidade, transformando Macap\u00e1 na cidade onde o povo governa e melhorando a qualidade de vida de todos os moradores.<br \/>\n\t&nbsp;<br \/>\n\t\u201cEstamos apenas come\u00e7ando. O caminho \u00e9 longo, por\u00e9m maior \u00e9 a nossa vontade de construir uma Macap\u00e1 com justi\u00e7a e igualdade. Vamos em frente. Agora \u00e9 a vez do povo\u201d, declara o prefeito de Macap\u00e1, Cl\u00e9cio Lu\u00eds.<\/div>\n<p>&nbsp;<\/p>\n","protected":false},"excerpt":{"rendered":"<p>Pela primeira vez nos 255 anos de Macap\u00e1 a popula\u00e7\u00e3o da cidade e de todos os distritos foi convocada para expor e discutir seus problemas, apresentar propostas e solu\u00e7\u00f5es. Mais de sete mil moradores participaram deste processo que vai resultar na constru\u00e7\u00e3o do Plano Plurianual Participativo (PPA), o documento que vai&nbsp;direcionar a forma de investimento [&hellip;]<\/p>\n","protected":false},"author":2,"featured_media":0,"comment_status":"open","ping_status":"open","sticky":false,"template":"","format":"standard","meta":{"_acf_changed":false,"footnotes":""},"categories":[4766],"tags":[],"class_list":{"0":"post-2133","1":"post","2":"type-post","3":"status-publish","4":"format-standard","6":"category-arquivo"},"acf":[],"yoast_head":"<!-- This site is optimized with the Yoast SEO plugin v26.5 - https:\/\/yoast.com\/wordpress\/plugins\/seo\/ -->\n<title>Texto final do Plano Plurianual de Macap\u00e1 ser\u00e1 aprovado no domingo pelos 700 delegados representantes do Povo - PSOL 50<\/title>\n<meta name=\"robots\" content=\"index, follow, max-snippet:-1, max-image-preview:large, max-video-preview:-1\" \/>\n<link rel=\"canonical\" href=\"https:\/\/psol50.org.br\/texto-final-do-plano-plurianual-de-macapa-sera-aprovado-no-domingo-pelos-700-delegados-representantes-do-povo\/\" \/>\n<meta property=\"og:locale\" content=\"pt_BR\" \/>\n<meta property=\"og:type\" content=\"article\" \/>\n<meta property=\"og:title\" content=\"Texto final do Plano Plurianual de Macap\u00e1 ser\u00e1 aprovado no domingo pelos 700 delegados representantes do Povo - PSOL 50\" \/>\n<meta property=\"og:description\" content=\"Pela primeira vez nos 255 anos de Macap\u00e1 a popula\u00e7\u00e3o da cidade e de todos os distritos foi convocada para expor e discutir seus problemas, apresentar propostas e solu\u00e7\u00f5es. Mais de sete mil moradores participaram deste processo que vai resultar na constru\u00e7\u00e3o do Plano Plurianual Participativo (PPA), o documento que vai&nbsp;direcionar a forma de investimento [&hellip;]\" \/>\n<meta property=\"og:url\" content=\"https:\/\/psol50.org.br\/texto-final-do-plano-plurianual-de-macapa-sera-aprovado-no-domingo-pelos-700-delegados-representantes-do-povo\/\" \/>\n<meta property=\"og:site_name\" content=\"PSOL 50\" \/>\n<meta property=\"article:publisher\" content=\"https:\/\/www.facebook.com\/psol50\" \/>\n<meta property=\"article:published_time\" content=\"2013-07-18T00:00:00+00:00\" \/>\n<meta property=\"og:image\" content=\"https:\/\/psol50.org.br\/inc\/uploads\/2018\/07\/capa.png\" \/>\n\t<meta property=\"og:image:width\" content=\"1350\" \/>\n\t<meta property=\"og:image:height\" content=\"900\" \/>\n\t<meta property=\"og:image:type\" content=\"image\/png\" \/>\n<meta name=\"author\" content=\"Comunica\u00e7\u00e3o PSOL\" \/>\n<meta name=\"twitter:card\" content=\"summary_large_image\" \/>\n<meta name=\"twitter:creator\" content=\"@psol50\" \/>\n<meta name=\"twitter:site\" content=\"@psol50\" \/>\n<meta name=\"twitter:label1\" content=\"Escrito por\" \/>\n\t<meta name=\"twitter:data1\" content=\"Comunica\u00e7\u00e3o PSOL\" \/>\n\t<meta name=\"twitter:label2\" content=\"Est. tempo de leitura\" \/>\n\t<meta name=\"twitter:data2\" content=\"5 minutos\" \/>\n<script type=\"application\/ld+json\" class=\"yoast-schema-graph\">{\"@context\":\"https:\/\/schema.org\",\"@graph\":[{\"@type\":\"Article\",\"@id\":\"https:\/\/psol50.org.br\/texto-final-do-plano-plurianual-de-macapa-sera-aprovado-no-domingo-pelos-700-delegados-representantes-do-povo\/#article\",\"isPartOf\":{\"@id\":\"https:\/\/psol50.org.br\/texto-final-do-plano-plurianual-de-macapa-sera-aprovado-no-domingo-pelos-700-delegados-representantes-do-povo\/\"},\"author\":{\"name\":\"Comunica\u00e7\u00e3o PSOL\",\"@id\":\"https:\/\/psol50.org.br\/#\/schema\/person\/475dfa57d0b815993c714c2e96491fcd\"},\"headline\":\"Texto final do Plano Plurianual de Macap\u00e1 ser\u00e1 aprovado no domingo pelos 700 delegados representantes do Povo\",\"datePublished\":\"2013-07-18T00:00:00+00:00\",\"mainEntityOfPage\":{\"@id\":\"https:\/\/psol50.org.br\/texto-final-do-plano-plurianual-de-macapa-sera-aprovado-no-domingo-pelos-700-delegados-representantes-do-povo\/\"},\"wordCount\":966,\"commentCount\":0,\"publisher\":{\"@id\":\"https:\/\/psol50.org.br\/#organization\"},\"articleSection\":[\"Arquivo\"],\"inLanguage\":\"pt-BR\",\"potentialAction\":[{\"@type\":\"CommentAction\",\"name\":\"Comment\",\"target\":[\"https:\/\/psol50.org.br\/texto-final-do-plano-plurianual-de-macapa-sera-aprovado-no-domingo-pelos-700-delegados-representantes-do-povo\/#respond\"]}]},{\"@type\":\"WebPage\",\"@id\":\"https:\/\/psol50.org.br\/texto-final-do-plano-plurianual-de-macapa-sera-aprovado-no-domingo-pelos-700-delegados-representantes-do-povo\/\",\"url\":\"https:\/\/psol50.org.br\/texto-final-do-plano-plurianual-de-macapa-sera-aprovado-no-domingo-pelos-700-delegados-representantes-do-povo\/\",\"name\":\"Texto final do Plano Plurianual de Macap\u00e1 ser\u00e1 aprovado no domingo pelos 700 delegados representantes do Povo - PSOL 50\",\"isPartOf\":{\"@id\":\"https:\/\/psol50.org.br\/#website\"},\"datePublished\":\"2013-07-18T00:00:00+00:00\",\"breadcrumb\":{\"@id\":\"https:\/\/psol50.org.br\/texto-final-do-plano-plurianual-de-macapa-sera-aprovado-no-domingo-pelos-700-delegados-representantes-do-povo\/#breadcrumb\"},\"inLanguage\":\"pt-BR\",\"potentialAction\":[{\"@type\":\"ReadAction\",\"target\":[\"https:\/\/psol50.org.br\/texto-final-do-plano-plurianual-de-macapa-sera-aprovado-no-domingo-pelos-700-delegados-representantes-do-povo\/\"]}]},{\"@type\":\"BreadcrumbList\",\"@id\":\"https:\/\/psol50.org.br\/texto-final-do-plano-plurianual-de-macapa-sera-aprovado-no-domingo-pelos-700-delegados-representantes-do-povo\/#breadcrumb\",\"itemListElement\":[{\"@type\":\"ListItem\",\"position\":1,\"name\":\"In\u00edcio\",\"item\":\"https:\/\/psol50.org.br\/\"},{\"@type\":\"ListItem\",\"position\":2,\"name\":\"Texto final do Plano Plurianual de Macap\u00e1 ser\u00e1 aprovado no domingo pelos 700 delegados representantes do Povo\"}]},{\"@type\":\"WebSite\",\"@id\":\"https:\/\/psol50.org.br\/#website\",\"url\":\"https:\/\/psol50.org.br\/\",\"name\":\"PSOL 50\",\"description\":\"Site oficial do Partido Socialismo e Liberdade\",\"publisher\":{\"@id\":\"https:\/\/psol50.org.br\/#organization\"},\"alternateName\":\"PSOL50\",\"potentialAction\":[{\"@type\":\"SearchAction\",\"target\":{\"@type\":\"EntryPoint\",\"urlTemplate\":\"https:\/\/psol50.org.br\/?s={search_term_string}\"},\"query-input\":{\"@type\":\"PropertyValueSpecification\",\"valueRequired\":true,\"valueName\":\"search_term_string\"}}],\"inLanguage\":\"pt-BR\"},{\"@type\":\"Organization\",\"@id\":\"https:\/\/psol50.org.br\/#organization\",\"name\":\"PSOL 50\",\"alternateName\":\"PSOL 50\",\"url\":\"https:\/\/psol50.org.br\/\",\"logo\":{\"@type\":\"ImageObject\",\"inLanguage\":\"pt-BR\",\"@id\":\"https:\/\/psol50.org.br\/#\/schema\/logo\/image\/\",\"url\":\"https:\/\/psol50.org.br\/inc\/uploads\/2018\/07\/capa.png\",\"contentUrl\":\"https:\/\/psol50.org.br\/inc\/uploads\/2018\/07\/capa.png\",\"width\":1350,\"height\":900,\"caption\":\"PSOL 50\"},\"image\":{\"@id\":\"https:\/\/psol50.org.br\/#\/schema\/logo\/image\/\"},\"sameAs\":[\"https:\/\/www.facebook.com\/psol50\",\"https:\/\/x.com\/psol50\",\"https:\/\/www.instagram.com\/psol50\/\",\"https:\/\/www.youtube.com\/channel\/UC7SnJS5o1os7a6CaiNabzcg\"]},{\"@type\":\"Person\",\"@id\":\"https:\/\/psol50.org.br\/#\/schema\/person\/475dfa57d0b815993c714c2e96491fcd\",\"name\":\"Comunica\u00e7\u00e3o PSOL\",\"image\":{\"@type\":\"ImageObject\",\"inLanguage\":\"pt-BR\",\"@id\":\"https:\/\/psol50.org.br\/#\/schema\/person\/image\/\",\"url\":\"https:\/\/secure.gravatar.com\/avatar\/b34fc4f4e468a4e51785917065a3db57b841f5c95dba6ad8c73aaf8f66f8f9bf?s=96&d=mm&r=g\",\"contentUrl\":\"https:\/\/secure.gravatar.com\/avatar\/b34fc4f4e468a4e51785917065a3db57b841f5c95dba6ad8c73aaf8f66f8f9bf?s=96&d=mm&r=g\",\"caption\":\"Comunica\u00e7\u00e3o PSOL\"}}]}<\/script>\n<!-- \/ Yoast SEO plugin. -->","yoast_head_json":{"title":"Texto final do Plano Plurianual de Macap\u00e1 ser\u00e1 aprovado no domingo pelos 700 delegados representantes do Povo - PSOL 50","robots":{"index":"index","follow":"follow","max-snippet":"max-snippet:-1","max-image-preview":"max-image-preview:large","max-video-preview":"max-video-preview:-1"},"canonical":"https:\/\/psol50.org.br\/texto-final-do-plano-plurianual-de-macapa-sera-aprovado-no-domingo-pelos-700-delegados-representantes-do-povo\/","og_locale":"pt_BR","og_type":"article","og_title":"Texto final do Plano Plurianual de Macap\u00e1 ser\u00e1 aprovado no domingo pelos 700 delegados representantes do Povo - PSOL 50","og_description":"Pela primeira vez nos 255 anos de Macap\u00e1 a popula\u00e7\u00e3o da cidade e de todos os distritos foi convocada para expor e discutir seus problemas, apresentar propostas e solu\u00e7\u00f5es. Mais de sete mil moradores participaram deste processo que vai resultar na constru\u00e7\u00e3o do Plano Plurianual Participativo (PPA), o documento que vai&nbsp;direcionar a forma de investimento [&hellip;]","og_url":"https:\/\/psol50.org.br\/texto-final-do-plano-plurianual-de-macapa-sera-aprovado-no-domingo-pelos-700-delegados-representantes-do-povo\/","og_site_name":"PSOL 50","article_publisher":"https:\/\/www.facebook.com\/psol50","article_published_time":"2013-07-18T00:00:00+00:00","og_image":[{"width":1350,"height":900,"url":"https:\/\/psol50.org.br\/inc\/uploads\/2018\/07\/capa.png","type":"image\/png"}],"author":"Comunica\u00e7\u00e3o PSOL","twitter_card":"summary_large_image","twitter_creator":"@psol50","twitter_site":"@psol50","twitter_misc":{"Escrito por":"Comunica\u00e7\u00e3o PSOL","Est. tempo de leitura":"5 minutos"},"schema":{"@context":"https:\/\/schema.org","@graph":[{"@type":"Article","@id":"https:\/\/psol50.org.br\/texto-final-do-plano-plurianual-de-macapa-sera-aprovado-no-domingo-pelos-700-delegados-representantes-do-povo\/#article","isPartOf":{"@id":"https:\/\/psol50.org.br\/texto-final-do-plano-plurianual-de-macapa-sera-aprovado-no-domingo-pelos-700-delegados-representantes-do-povo\/"},"author":{"name":"Comunica\u00e7\u00e3o PSOL","@id":"https:\/\/psol50.org.br\/#\/schema\/person\/475dfa57d0b815993c714c2e96491fcd"},"headline":"Texto final do Plano Plurianual de Macap\u00e1 ser\u00e1 aprovado no domingo pelos 700 delegados representantes do Povo","datePublished":"2013-07-18T00:00:00+00:00","mainEntityOfPage":{"@id":"https:\/\/psol50.org.br\/texto-final-do-plano-plurianual-de-macapa-sera-aprovado-no-domingo-pelos-700-delegados-representantes-do-povo\/"},"wordCount":966,"commentCount":0,"publisher":{"@id":"https:\/\/psol50.org.br\/#organization"},"articleSection":["Arquivo"],"inLanguage":"pt-BR","potentialAction":[{"@type":"CommentAction","name":"Comment","target":["https:\/\/psol50.org.br\/texto-final-do-plano-plurianual-de-macapa-sera-aprovado-no-domingo-pelos-700-delegados-representantes-do-povo\/#respond"]}]},{"@type":"WebPage","@id":"https:\/\/psol50.org.br\/texto-final-do-plano-plurianual-de-macapa-sera-aprovado-no-domingo-pelos-700-delegados-representantes-do-povo\/","url":"https:\/\/psol50.org.br\/texto-final-do-plano-plurianual-de-macapa-sera-aprovado-no-domingo-pelos-700-delegados-representantes-do-povo\/","name":"Texto final do Plano Plurianual de Macap\u00e1 ser\u00e1 aprovado no domingo pelos 700 delegados representantes do Povo - PSOL 50","isPartOf":{"@id":"https:\/\/psol50.org.br\/#website"},"datePublished":"2013-07-18T00:00:00+00:00","breadcrumb":{"@id":"https:\/\/psol50.org.br\/texto-final-do-plano-plurianual-de-macapa-sera-aprovado-no-domingo-pelos-700-delegados-representantes-do-povo\/#breadcrumb"},"inLanguage":"pt-BR","potentialAction":[{"@type":"ReadAction","target":["https:\/\/psol50.org.br\/texto-final-do-plano-plurianual-de-macapa-sera-aprovado-no-domingo-pelos-700-delegados-representantes-do-povo\/"]}]},{"@type":"BreadcrumbList","@id":"https:\/\/psol50.org.br\/texto-final-do-plano-plurianual-de-macapa-sera-aprovado-no-domingo-pelos-700-delegados-representantes-do-povo\/#breadcrumb","itemListElement":[{"@type":"ListItem","position":1,"name":"In\u00edcio","item":"https:\/\/psol50.org.br\/"},{"@type":"ListItem","position":2,"name":"Texto final do Plano Plurianual de Macap\u00e1 ser\u00e1 aprovado no domingo pelos 700 delegados representantes do Povo"}]},{"@type":"WebSite","@id":"https:\/\/psol50.org.br\/#website","url":"https:\/\/psol50.org.br\/","name":"PSOL 50","description":"Site oficial do Partido Socialismo e Liberdade","publisher":{"@id":"https:\/\/psol50.org.br\/#organization"},"alternateName":"PSOL50","potentialAction":[{"@type":"SearchAction","target":{"@type":"EntryPoint","urlTemplate":"https:\/\/psol50.org.br\/?s={search_term_string}"},"query-input":{"@type":"PropertyValueSpecification","valueRequired":true,"valueName":"search_term_string"}}],"inLanguage":"pt-BR"},{"@type":"Organization","@id":"https:\/\/psol50.org.br\/#organization","name":"PSOL 50","alternateName":"PSOL 50","url":"https:\/\/psol50.org.br\/","logo":{"@type":"ImageObject","inLanguage":"pt-BR","@id":"https:\/\/psol50.org.br\/#\/schema\/logo\/image\/","url":"https:\/\/psol50.org.br\/inc\/uploads\/2018\/07\/capa.png","contentUrl":"https:\/\/psol50.org.br\/inc\/uploads\/2018\/07\/capa.png","width":1350,"height":900,"caption":"PSOL 50"},"image":{"@id":"https:\/\/psol50.org.br\/#\/schema\/logo\/image\/"},"sameAs":["https:\/\/www.facebook.com\/psol50","https:\/\/x.com\/psol50","https:\/\/www.instagram.com\/psol50\/","https:\/\/www.youtube.com\/channel\/UC7SnJS5o1os7a6CaiNabzcg"]},{"@type":"Person","@id":"https:\/\/psol50.org.br\/#\/schema\/person\/475dfa57d0b815993c714c2e96491fcd","name":"Comunica\u00e7\u00e3o PSOL","image":{"@type":"ImageObject","inLanguage":"pt-BR","@id":"https:\/\/psol50.org.br\/#\/schema\/person\/image\/","url":"https:\/\/secure.gravatar.com\/avatar\/b34fc4f4e468a4e51785917065a3db57b841f5c95dba6ad8c73aaf8f66f8f9bf?s=96&d=mm&r=g","contentUrl":"https:\/\/secure.gravatar.com\/avatar\/b34fc4f4e468a4e51785917065a3db57b841f5c95dba6ad8c73aaf8f66f8f9bf?s=96&d=mm&r=g","caption":"Comunica\u00e7\u00e3o PSOL"}}]}},"_links":{"self":[{"href":"https:\/\/psol50.org.br\/rest\/wp\/v2\/posts\/2133","targetHints":{"allow":["GET"]}}],"collection":[{"href":"https:\/\/psol50.org.br\/rest\/wp\/v2\/posts"}],"about":[{"href":"https:\/\/psol50.org.br\/rest\/wp\/v2\/types\/post"}],"author":[{"embeddable":true,"href":"https:\/\/psol50.org.br\/rest\/wp\/v2\/users\/2"}],"replies":[{"embeddable":true,"href":"https:\/\/psol50.org.br\/rest\/wp\/v2\/comments?post=2133"}],"version-history":[{"count":0,"href":"https:\/\/psol50.org.br\/rest\/wp\/v2\/posts\/2133\/revisions"}],"wp:attachment":[{"href":"https:\/\/psol50.org.br\/rest\/wp\/v2\/media?parent=2133"}],"wp:term":[{"taxonomy":"category","embeddable":true,"href":"https:\/\/psol50.org.br\/rest\/wp\/v2\/categories?post=2133"},{"taxonomy":"post_tag","embeddable":true,"href":"https:\/\/psol50.org.br\/rest\/wp\/v2\/tags?post=2133"}],"curies":[{"name":"wp","href":"https:\/\/api.w.org\/{rel}","templated":true}]}}